{"id":13849,"date":"2016-10-17T15:51:53","date_gmt":"2016-10-17T15:51:53","guid":{"rendered":"http:\/\/www.civiltalaica.it\/cms\/?p=13849"},"modified":"2016-10-17T15:51:54","modified_gmt":"2016-10-17T15:51:54","slug":"about-la-verita-sta-cielo","status":"publish","type":"post","link":"https:\/\/www.civiltalaica.it\/cms\/about-la-verita-sta-cielo\/","title":{"rendered":"about: la verit\u00e0 sta in cielo"},"content":{"rendered":"<p><a href=\"http:\/\/www.civiltalaica.it\/cms\/index.php\/about-la-verita-sta-cielo.html\/emanuela_orlandi_manifesto_2008\" rel=\"attachment wp-att-13850\"><img loading=\"lazy\" decoding=\"async\" class=\"alignleft size-full wp-image-13850\" src=\"http:\/\/www.civiltalaica.it\/cms\/wp-content\/uploads\/2016\/10\/Emanuela_Orlandi_manifesto_2008.jpg\" alt=\"emanuela_orlandi_manifesto_2008\" width=\"501\" height=\"737\" srcset=\"https:\/\/www.civiltalaica.it\/cms\/wp-content\/uploads\/2016\/10\/Emanuela_Orlandi_manifesto_2008.jpg 501w, https:\/\/www.civiltalaica.it\/cms\/wp-content\/uploads\/2016\/10\/Emanuela_Orlandi_manifesto_2008-204x300.jpg 204w, https:\/\/www.civiltalaica.it\/cms\/wp-content\/uploads\/2016\/10\/Emanuela_Orlandi_manifesto_2008-109x160.jpg 109w\" sizes=\"auto, (max-width: 501px) 100vw, 501px\" \/><\/a><\/p>\n<p>Parlare dell&#8217;ultimo lavoro di Roberto Faenza \u00e8 molto, molto difficile.<\/p>\n<p>Se si considera come film allora \u00e8 quasi inevitabile dargli un voto negativo. Al di l\u00e0 della quasi totale assenza di ritmo narrativo l&#8217;interpretazione degli attori secondari \u00e8 davvero discutibile; spesso forzata a volte scolastica quasi mai credibile. Certo quelli principali: Scamarcio, Sansa, Scarano e Lodovini sono bravi ma proprio per questo si vede ancora maggiormente il gap con gli altri.<\/p>\n<p>Ma se parliamo del valore del film come denuncia allora il discorso cambia rapidamente.<\/p>\n<p>Di Emanuela Orlandi oggi si sono tutti dimenticati nonostante la perenne richiesta di giustizia e informazioni da parte della famiglia. E neanche il nuovo scandalo di Mafia capitale ha rinfrescato la memoria su chi comandava la malavita romana negli anni settanta e ottanta e in quanti \u201cmisteri d&#8217;Italia\u201d fosse implicata la Banda della Magliana.<\/p>\n<p>Oltre al caso Moro, la strage di Bologna, l&#8217;omicidio Pecorelli e chi pi\u00f9 ne ha pi\u00f9 ne metta, c&#8217;\u00e8 anche il caso di Emanuela Orlandi, scomparsa e mai pi\u00f9 ritrovata il giugno del 1983 a Roma.<\/p>\n<p>La sparizione di una cittadina vaticana figlia di un commesso della Prefettura della Casa Pontificia (che in poche parole sarebbe l&#8217;insieme delle persone che svolgono un servizio diretto alla persona del Papa) \u00e8 stato probabilmente, un tentativo delle organizzazioni malavitose di farsi ridare dal Vaticano i soldi che erano stati dirottati in Polonia per sostenere la ribellione al comunismo attraverso il crack del banco Ambrosiano di Calvi passando per lo Ior del \u201cgorilla di Dio\u201d ovvero Mons. Marcinkus. Ovviamente all&#8217;insaputa di queste organizzazioni.<\/p>\n<p>Questa, che l&#8217;Osservatore Romano definisce leggenda urbana, \u00e8 probabilmente quanto di pi\u00f9 vicino alla verit\u00e0 sapremo mai sul caso di Emanuela Orlandi.<br \/>\nDepistaggi, segnalazioni con Emanuela ancora viva, piste bulgare, lupi grigi e prima o poi alieni e warmhole spazi temporali non potranno mai cambiare le ricostruzioni dei fatti supportate peraltro dalla testimonianza di Sabrina Minardi che era la compagna del capo della Banda della Magliana in quegli anni, ovvero Renatino De Pedis (il \u201cdandy\u201d sull&#8217;ormai famoso \u201cRomanzo Criminale\u201d libro \u2013 film &#8211; serie tv).<\/p>\n<p>Il fatto che poi i giudici abbiano giudicato la testimonianza di costei inattendibile per alcune cose e attendibile per altre rientra nella tradizione italica, insomma senza farla troppo lunga, \u201cda noi si ustica cos\u00ec\u201d lo sappiamo.<\/p>\n<p>Ma tant&#8217;\u00e8, cosa c&#8217;\u00e8 tanto da cercare la verit\u00e0 ci chiediamo, se \u00e8 ormai assodato che la salma di suddetto Renatino De Pedis ucciso nel 1990 in una delle varie faide della malavita romana ha riposato nella Basilica per ventidue anni, fino a che lo scandalo della presenza del boss della Magliana a fianco di santi e papi non era troppo grosso anche per il Vaticano?<\/p>\n<p>\u201c<i>Il problema dell&#8217;Italia non \u00e8 mai stato tanto quello di sapere la verit\u00e0, ma quanto che una volta saputala tutto resti immutato<\/i>\u201d diceva Corrado Guzzanti aka gerarca Barbagli in \u201cFascisti su Marte\u201d.<\/p>\n<p>Ci sembra pleonastico aggiungere altro.<\/p>\n<p><strong>J. Mnemonic<\/strong><\/p>\n","protected":false},"excerpt":{"rendered":"<p>Parlare dell&#8217;ultimo lavoro di Roberto Faenza \u00e8 molto, molto difficile. Se si considera come film allora \u00e8 quasi inevitabile dargli un voto negativo. Al di l\u00e0 della quasi totale assenza di ritmo narrativo l&#8217;interpretazione degli attori secondari \u00e8 davvero discutibile; spesso forzata a volte scolastica quasi mai credibile. Certo quelli principali: Scamarcio, Sansa, Scarano e [&hellip;]<\/p>\n","protected":false},"author":7,"featured_media":0,"comment_status":"closed","ping_status":"closed","sticky":false,"template":"","format":"standard","meta":{"footnotes":""},"categories":[238,231],"tags":[681,1616,10,71,201],"class_list":["post-13849","post","type-post","status-publish","format-standard","hentry","category-articoli","category-recensioni","tag-banda-della-magliana","tag-emanuela-orlandii","tag-film","tag-j-mnemonic","tag-vaticano"],"yoast_head":"<!-- This site is optimized with the Yoast SEO plugin v27.1.1 - https:\/\/yoast.com\/product\/yoast-seo-wordpress\/ -->\n<title>about: la verit\u00e0 sta in cielo - Associazione Culturale Civilt\u00e0 Laica<\/title>\n<meta name=\"description\" content=\"Il problema dell&#039;Italia non \u00e8 mai stato tanto quello di sapere la verit\u00e0, ma quanto che una volta saputala tutto resti immutato\" \/>\n<meta name=\"robots\" content=\"index, follow, max-snippet:-1, max-image-preview:large, max-video-preview:-1\" \/>\n<link rel=\"canonical\" href=\"https:\/\/www.civiltalaica.it\/cms\/about-la-verita-sta-cielo\/\" \/>\n<meta property=\"og:locale\" content=\"it_IT\" \/>\n<meta property=\"og:type\" content=\"article\" \/>\n<meta property=\"og:title\" content=\"about: la verit\u00e0 sta in cielo - Associazione Culturale Civilt\u00e0 Laica\" \/>\n<meta property=\"og:description\" content=\"Il problema dell&#039;Italia non \u00e8 mai stato tanto quello di sapere la verit\u00e0, ma quanto che una volta saputala tutto resti immutato\" \/>\n<meta property=\"og:url\" content=\"https:\/\/www.civiltalaica.it\/cms\/about-la-verita-sta-cielo\/\" \/>\n<meta property=\"og:site_name\" content=\"Associazione Culturale Civilt\u00e0 Laica\" \/>\n<meta property=\"article:publisher\" content=\"https:\/\/www.facebook.com\/civiltalaica\" \/>\n<meta property=\"article:published_time\" content=\"2016-10-17T15:51:53+00:00\" \/>\n<meta property=\"article:modified_time\" content=\"2016-10-17T15:51:54+00:00\" \/>\n<meta property=\"og:image\" content=\"http:\/\/www.civiltalaica.it\/cms\/wp-content\/uploads\/2016\/10\/Emanuela_Orlandi_manifesto_2008.jpg\" \/>\n<meta name=\"author\" content=\"alexjc\" \/>\n<meta name=\"twitter:card\" content=\"summary_large_image\" \/>\n<meta name=\"twitter:label1\" content=\"Scritto da\" \/>\n\t<meta name=\"twitter:data1\" content=\"alexjc\" \/>\n\t<meta name=\"twitter:label2\" content=\"Tempo di lettura stimato\" \/>\n\t<meta name=\"twitter:data2\" content=\"2 minuti\" \/>\n<script type=\"application\/ld+json\" class=\"yoast-schema-graph\">{\"@context\":\"https:\/\/schema.org\",\"@graph\":[{\"@type\":\"Article\",\"@id\":\"https:\/\/www.civiltalaica.it\/cms\/about-la-verita-sta-cielo\/#article\",\"isPartOf\":{\"@id\":\"https:\/\/www.civiltalaica.it\/cms\/about-la-verita-sta-cielo\/\"},\"author\":{\"name\":\"alexjc\",\"@id\":\"https:\/\/www.civiltalaica.it\/cms\/#\/schema\/person\/4efef56f866329a1e0943eb27336df1d\"},\"headline\":\"about: la verit\u00e0 sta in cielo\",\"datePublished\":\"2016-10-17T15:51:53+00:00\",\"dateModified\":\"2016-10-17T15:51:54+00:00\",\"mainEntityOfPage\":{\"@id\":\"https:\/\/www.civiltalaica.it\/cms\/about-la-verita-sta-cielo\/\"},\"wordCount\":480,\"image\":{\"@id\":\"https:\/\/www.civiltalaica.it\/cms\/about-la-verita-sta-cielo\/#primaryimage\"},\"thumbnailUrl\":\"http:\/\/www.civiltalaica.it\/cms\/wp-content\/uploads\/2016\/10\/Emanuela_Orlandi_manifesto_2008.jpg\",\"keywords\":[\"banda della magliana\",\"emanuela orlandii\",\"Film\",\"j mnemonic\",\"vaticano\"],\"articleSection\":[\"articoli\",\"recensioni\"],\"inLanguage\":\"it-IT\"},{\"@type\":\"WebPage\",\"@id\":\"https:\/\/www.civiltalaica.it\/cms\/about-la-verita-sta-cielo\/\",\"url\":\"https:\/\/www.civiltalaica.it\/cms\/about-la-verita-sta-cielo\/\",\"name\":\"about: la verit\u00e0 sta in cielo - Associazione Culturale Civilt\u00e0 Laica\",\"isPartOf\":{\"@id\":\"https:\/\/www.civiltalaica.it\/cms\/#website\"},\"primaryImageOfPage\":{\"@id\":\"https:\/\/www.civiltalaica.it\/cms\/about-la-verita-sta-cielo\/#primaryimage\"},\"image\":{\"@id\":\"https:\/\/www.civiltalaica.it\/cms\/about-la-verita-sta-cielo\/#primaryimage\"},\"thumbnailUrl\":\"http:\/\/www.civiltalaica.it\/cms\/wp-content\/uploads\/2016\/10\/Emanuela_Orlandi_manifesto_2008.jpg\",\"datePublished\":\"2016-10-17T15:51:53+00:00\",\"dateModified\":\"2016-10-17T15:51:54+00:00\",\"author\":{\"@id\":\"https:\/\/www.civiltalaica.it\/cms\/#\/schema\/person\/4efef56f866329a1e0943eb27336df1d\"},\"description\":\"Il problema dell'Italia non \u00e8 mai stato tanto quello di sapere la verit\u00e0, ma quanto che una volta saputala tutto resti immutato\",\"breadcrumb\":{\"@id\":\"https:\/\/www.civiltalaica.it\/cms\/about-la-verita-sta-cielo\/#breadcrumb\"},\"inLanguage\":\"it-IT\",\"potentialAction\":[{\"@type\":\"ReadAction\",\"target\":[\"https:\/\/www.civiltalaica.it\/cms\/about-la-verita-sta-cielo\/\"]}]},{\"@type\":\"ImageObject\",\"inLanguage\":\"it-IT\",\"@id\":\"https:\/\/www.civiltalaica.it\/cms\/about-la-verita-sta-cielo\/#primaryimage\",\"url\":\"http:\/\/www.civiltalaica.it\/cms\/wp-content\/uploads\/2016\/10\/Emanuela_Orlandi_manifesto_2008.jpg\",\"contentUrl\":\"http:\/\/www.civiltalaica.it\/cms\/wp-content\/uploads\/2016\/10\/Emanuela_Orlandi_manifesto_2008.jpg\"},{\"@type\":\"BreadcrumbList\",\"@id\":\"https:\/\/www.civiltalaica.it\/cms\/about-la-verita-sta-cielo\/#breadcrumb\",\"itemListElement\":[{\"@type\":\"ListItem\",\"position\":1,\"name\":\"Home\",\"item\":\"https:\/\/www.civiltalaica.it\/cms\/\"},{\"@type\":\"ListItem\",\"position\":2,\"name\":\"about: la verit\u00e0 sta in cielo\"}]},{\"@type\":\"WebSite\",\"@id\":\"https:\/\/www.civiltalaica.it\/cms\/#website\",\"url\":\"https:\/\/www.civiltalaica.it\/cms\/\",\"name\":\"Associazione Culturale Civilt\u00e0 Laica\",\"description\":\"Per un movimento culturale volto a difendere la Laicit\u00e0 dello Stato.\",\"potentialAction\":[{\"@type\":\"SearchAction\",\"target\":{\"@type\":\"EntryPoint\",\"urlTemplate\":\"https:\/\/www.civiltalaica.it\/cms\/?s={search_term_string}\"},\"query-input\":{\"@type\":\"PropertyValueSpecification\",\"valueRequired\":true,\"valueName\":\"search_term_string\"}}],\"inLanguage\":\"it-IT\"},{\"@type\":\"Person\",\"@id\":\"https:\/\/www.civiltalaica.it\/cms\/#\/schema\/person\/4efef56f866329a1e0943eb27336df1d\",\"name\":\"alexjc\",\"url\":\"https:\/\/www.civiltalaica.it\/cms\/author\/alexjc\/\"}]}<\/script>\n<!-- \/ Yoast SEO plugin. -->","yoast_head_json":{"title":"about: la verit\u00e0 sta in cielo - Associazione Culturale Civilt\u00e0 Laica","description":"Il problema dell'Italia non \u00e8 mai stato tanto quello di sapere la verit\u00e0, ma quanto che una volta saputala tutto resti immutato","robots":{"index":"index","follow":"follow","max-snippet":"max-snippet:-1","max-image-preview":"max-image-preview:large","max-video-preview":"max-video-preview:-1"},"canonical":"https:\/\/www.civiltalaica.it\/cms\/about-la-verita-sta-cielo\/","og_locale":"it_IT","og_type":"article","og_title":"about: la verit\u00e0 sta in cielo - Associazione Culturale Civilt\u00e0 Laica","og_description":"Il problema dell'Italia non \u00e8 mai stato tanto quello di sapere la verit\u00e0, ma quanto che una volta saputala tutto resti immutato","og_url":"https:\/\/www.civiltalaica.it\/cms\/about-la-verita-sta-cielo\/","og_site_name":"Associazione Culturale Civilt\u00e0 Laica","article_publisher":"https:\/\/www.facebook.com\/civiltalaica","article_published_time":"2016-10-17T15:51:53+00:00","article_modified_time":"2016-10-17T15:51:54+00:00","og_image":[{"url":"http:\/\/www.civiltalaica.it\/cms\/wp-content\/uploads\/2016\/10\/Emanuela_Orlandi_manifesto_2008.jpg","type":"","width":"","height":""}],"author":"alexjc","twitter_card":"summary_large_image","twitter_misc":{"Scritto da":"alexjc","Tempo di lettura stimato":"2 minuti"},"schema":{"@context":"https:\/\/schema.org","@graph":[{"@type":"Article","@id":"https:\/\/www.civiltalaica.it\/cms\/about-la-verita-sta-cielo\/#article","isPartOf":{"@id":"https:\/\/www.civiltalaica.it\/cms\/about-la-verita-sta-cielo\/"},"author":{"name":"alexjc","@id":"https:\/\/www.civiltalaica.it\/cms\/#\/schema\/person\/4efef56f866329a1e0943eb27336df1d"},"headline":"about: la verit\u00e0 sta in cielo","datePublished":"2016-10-17T15:51:53+00:00","dateModified":"2016-10-17T15:51:54+00:00","mainEntityOfPage":{"@id":"https:\/\/www.civiltalaica.it\/cms\/about-la-verita-sta-cielo\/"},"wordCount":480,"image":{"@id":"https:\/\/www.civiltalaica.it\/cms\/about-la-verita-sta-cielo\/#primaryimage"},"thumbnailUrl":"http:\/\/www.civiltalaica.it\/cms\/wp-content\/uploads\/2016\/10\/Emanuela_Orlandi_manifesto_2008.jpg","keywords":["banda della magliana","emanuela orlandii","Film","j mnemonic","vaticano"],"articleSection":["articoli","recensioni"],"inLanguage":"it-IT"},{"@type":"WebPage","@id":"https:\/\/www.civiltalaica.it\/cms\/about-la-verita-sta-cielo\/","url":"https:\/\/www.civiltalaica.it\/cms\/about-la-verita-sta-cielo\/","name":"about: la verit\u00e0 sta in cielo - Associazione Culturale Civilt\u00e0 Laica","isPartOf":{"@id":"https:\/\/www.civiltalaica.it\/cms\/#website"},"primaryImageOfPage":{"@id":"https:\/\/www.civiltalaica.it\/cms\/about-la-verita-sta-cielo\/#primaryimage"},"image":{"@id":"https:\/\/www.civiltalaica.it\/cms\/about-la-verita-sta-cielo\/#primaryimage"},"thumbnailUrl":"http:\/\/www.civiltalaica.it\/cms\/wp-content\/uploads\/2016\/10\/Emanuela_Orlandi_manifesto_2008.jpg","datePublished":"2016-10-17T15:51:53+00:00","dateModified":"2016-10-17T15:51:54+00:00","author":{"@id":"https:\/\/www.civiltalaica.it\/cms\/#\/schema\/person\/4efef56f866329a1e0943eb27336df1d"},"description":"Il problema dell'Italia non \u00e8 mai stato tanto quello di sapere la verit\u00e0, ma quanto che una volta saputala tutto resti immutato","breadcrumb":{"@id":"https:\/\/www.civiltalaica.it\/cms\/about-la-verita-sta-cielo\/#breadcrumb"},"inLanguage":"it-IT","potentialAction":[{"@type":"ReadAction","target":["https:\/\/www.civiltalaica.it\/cms\/about-la-verita-sta-cielo\/"]}]},{"@type":"ImageObject","inLanguage":"it-IT","@id":"https:\/\/www.civiltalaica.it\/cms\/about-la-verita-sta-cielo\/#primaryimage","url":"http:\/\/www.civiltalaica.it\/cms\/wp-content\/uploads\/2016\/10\/Emanuela_Orlandi_manifesto_2008.jpg","contentUrl":"http:\/\/www.civiltalaica.it\/cms\/wp-content\/uploads\/2016\/10\/Emanuela_Orlandi_manifesto_2008.jpg"},{"@type":"BreadcrumbList","@id":"https:\/\/www.civiltalaica.it\/cms\/about-la-verita-sta-cielo\/#breadcrumb","itemListElement":[{"@type":"ListItem","position":1,"name":"Home","item":"https:\/\/www.civiltalaica.it\/cms\/"},{"@type":"ListItem","position":2,"name":"about: la verit\u00e0 sta in cielo"}]},{"@type":"WebSite","@id":"https:\/\/www.civiltalaica.it\/cms\/#website","url":"https:\/\/www.civiltalaica.it\/cms\/","name":"Associazione Culturale Civilt\u00e0 Laica","description":"Per un movimento culturale volto a difendere la Laicit\u00e0 dello Stato.","potentialAction":[{"@type":"SearchAction","target":{"@type":"EntryPoint","urlTemplate":"https:\/\/www.civiltalaica.it\/cms\/?s={search_term_string}"},"query-input":{"@type":"PropertyValueSpecification","valueRequired":true,"valueName":"search_term_string"}}],"inLanguage":"it-IT"},{"@type":"Person","@id":"https:\/\/www.civiltalaica.it\/cms\/#\/schema\/person\/4efef56f866329a1e0943eb27336df1d","name":"alexjc","url":"https:\/\/www.civiltalaica.it\/cms\/author\/alexjc\/"}]}},"_links":{"self":[{"href":"https:\/\/www.civiltalaica.it\/cms\/wp-json\/wp\/v2\/posts\/13849","targetHints":{"allow":["GET"]}}],"collection":[{"href":"https:\/\/www.civiltalaica.it\/cms\/wp-json\/wp\/v2\/posts"}],"about":[{"href":"https:\/\/www.civiltalaica.it\/cms\/wp-json\/wp\/v2\/types\/post"}],"author":[{"embeddable":true,"href":"https:\/\/www.civiltalaica.it\/cms\/wp-json\/wp\/v2\/users\/7"}],"replies":[{"embeddable":true,"href":"https:\/\/www.civiltalaica.it\/cms\/wp-json\/wp\/v2\/comments?post=13849"}],"version-history":[{"count":2,"href":"https:\/\/www.civiltalaica.it\/cms\/wp-json\/wp\/v2\/posts\/13849\/revisions"}],"predecessor-version":[{"id":13852,"href":"https:\/\/www.civiltalaica.it\/cms\/wp-json\/wp\/v2\/posts\/13849\/revisions\/13852"}],"wp:attachment":[{"href":"https:\/\/www.civiltalaica.it\/cms\/wp-json\/wp\/v2\/media?parent=13849"}],"wp:term":[{"taxonomy":"category","embeddable":true,"href":"https:\/\/www.civiltalaica.it\/cms\/wp-json\/wp\/v2\/categories?post=13849"},{"taxonomy":"post_tag","embeddable":true,"href":"https:\/\/www.civiltalaica.it\/cms\/wp-json\/wp\/v2\/tags?post=13849"}],"curies":[{"name":"wp","href":"https:\/\/api.w.org\/{rel}","templated":true}]}}