{"id":13839,"date":"2016-10-07T06:05:00","date_gmt":"2016-10-07T06:05:00","guid":{"rendered":"http:\/\/www.civiltalaica.it\/cms\/?p=13839"},"modified":"2016-10-07T06:05:02","modified_gmt":"2016-10-07T06:05:02","slug":"13839","status":"publish","type":"post","link":"https:\/\/www.civiltalaica.it\/cms\/13839\/","title":{"rendered":"Attaccare Darwin da sinistra? Segno dei nostri miseri tempi"},"content":{"rendered":"<p><a href=\"http:\/\/www.civiltalaica.it\/cms\/index.php\/13839.html\/dsc_7833-2\" rel=\"attachment wp-att-13841\"><img loading=\"lazy\" decoding=\"async\" class=\"alignleft  wp-image-13841\" src=\"http:\/\/www.civiltalaica.it\/cms\/wp-content\/uploads\/2016\/10\/DSC_7833-1024x685.jpg\" alt=\"dsc_7833\" width=\"608\" height=\"407\" srcset=\"https:\/\/www.civiltalaica.it\/cms\/wp-content\/uploads\/2016\/10\/DSC_7833-1024x685.jpg 1024w, https:\/\/www.civiltalaica.it\/cms\/wp-content\/uploads\/2016\/10\/DSC_7833-300x201.jpg 300w, https:\/\/www.civiltalaica.it\/cms\/wp-content\/uploads\/2016\/10\/DSC_7833-768x514.jpg 768w, https:\/\/www.civiltalaica.it\/cms\/wp-content\/uploads\/2016\/10\/DSC_7833-239x160.jpg 239w\" sizes=\"auto, (max-width: 608px) 100vw, 608px\" \/><\/a><\/p>\n<p><span style=\"font-family: 'Times New Roman', serif;\"><span style=\"font-size: medium;\">E pensare che Karl Marx, uno che non dovrebbe aver bisogno di presentazioni, voleva dedicargli \u201cIl Capitale\u201d a Sir Charles Darwin. <\/span><\/span><\/p>\n<p><span style=\"font-family: 'Times New Roman', serif;\"><span style=\"font-size: medium;\">Chiss\u00e0 cosa penserebbe oggi dei sedicenti anticapitalisti che accusano l\u2019evoluzione biologica di aver promosso il progresso incontrollato e la distruzione ambientale. <\/span><\/span><\/p>\n<p><span style=\"font-family: 'Times New Roman', serif;\"><span style=\"font-size: medium;\">Lo scriviamo da uomini di sinistra quali siamo sempre stati, i sedicenti intellettuali di oggi che giocano a fare gli anticapitalisti da comodino (ovvero quelli a cui fa comodo dar spazio sui mass media) sono caduti con scarpe, pantaloni e camicia dentro la trappola della Chiesa Cattolica in cerca di nuova verginit\u00e0<\/span><\/span><\/p>\n<p><span style=\"font-family: 'Times New Roman', serif;\"><span style=\"font-size: medium;\">\u00c8 bastata una enciclica di Papa Francesco I, che nella storia verr\u00e0 ricordata come la fiera della banalit\u00e0, per fargli buttare via la ragione e correre con il cilicio verso la luce. In cerca non del paradiso ovviamente, a quello non ci crede pi\u00f9 nessuno, ma di una nuova possibilit\u00e0 di arrivare al potere. <\/span><\/span><\/p>\n<p><span style=\"font-family: 'Times New Roman', serif;\"><span style=\"font-size: medium;\">Il mantra dell\u2019intellettuale cristiano (non quello demenzial-integralista dei vari movimenti pro life fortunatamente in estinzione) oggi \u00e8: \u201cla modernit\u00e0 ha rovinato il rapporto fra ambiente e natura, riscopriamo le origini felici dell\u2019uomo quando comandava la religione\u201d. <\/span><\/span><\/p>\n<p><span style=\"font-family: 'Times New Roman', serif;\"><span style=\"font-size: medium;\">Comodo. Davvero troppo comodo. <\/span><\/span><\/p>\n<p><span style=\"font-family: 'Times New Roman', serif;\"><span style=\"font-size: medium;\">Le cose ovviamente non stanno cos\u00ec, i danni colossali all\u2019ambiente non derivano certo dalla modernit\u00e0 ma dalla gestione capitalistica della tecnologia e sappiamo bene cosa ha prodotto il capitalismo. L\u2019etica protestante della doppia predestinazione come spiega Max Weber. E la mancanza di rispetto per la natura non deriva certo dalla modernit\u00e0 (che anzi l\u2019ha rivalutata grazie alle rivoluzioni scientifiche di Galileo e Darwin) ma dalla concezione antropocentrica che ha portato l\u2019uomo a ritenersi padrone indiscusso della Terra. Tutti sappiamo bene da dove deriva ma \u00e8 sempre opportuno ricordarlo.<\/span><\/span><\/p>\n<p><span style=\"font-family: 'Times New Roman', serif;\"><span style=\"font-size: medium;\"><i>E Dio disse: \u00abFacciamo l&#8217;uomo a nostra immagine, a nostra somiglianza, e domini sui pesci del mare e sugli uccelli del cielo, sul bestiame, su tutte le bestie selvatiche e su tutti i rettili che strisciano sulla terra\u00bb.<\/i><\/span><\/span><\/p>\n<p>\u201c<span style=\"font-family: 'Times New Roman', serif;\"><span style=\"font-size: medium;\"><i>Dio cre\u00f2 l&#8217;uomo a sua immagine; a immagine di Dio lo cre\u00f2; maschio e femmina li cre\u00f2.<\/i><\/span><\/span><\/p>\n<p><span style=\"font-family: 'Times New Roman', serif;\"><span style=\"font-size: medium;\"><i>Dio li benedisse e disse loro: \u00abSiate fecondi e moltiplicatevi, riempite la terra; soggiogatela e dominate sui pesci del mare e sugli uccelli del cielo e su ogni essere vivente, che striscia sulla terra\u00bb. Genesi 1, 26-28<\/i><\/span><\/span><\/p>\n<p><span style=\"font-family: 'Times New Roman', serif;\"><span style=\"font-size: medium;\">Qualcuno oggi ha il coraggio persino di dire, il cattolicesimo non \u00e8 antropocentrico ma teocentrico. Evidentemente gli piace nascondersi nella speranza di sfuggire dalle responsabilit\u00e0, \u00e8 inutile scendere al suo livello.<\/span><\/span><\/p>\n<p><span style=\"font-family: 'Times New Roman', serif;\"><span style=\"font-size: medium;\">Tornando a Darwin e agli pseudo intellettuali di oggi che cavalcando la popolarit\u00e0 del papa comunista sperano di riconquistare un po\u2019 di credibilit\u00e0 politica dopo aver distrutto il movimento altermondialista in Italia, la situazione \u00e8 questa. Dopo aver lottato per anni contro i reazionari clericali di destra (ricordiamo che la Moratti ha cancellato l\u2019evoluzione biologica dalle scuole nel 2004) e averli in qualche maniera ridimensionati, o per lo meno ridicolizzati ad ogni dibattito intellettuale (basta dire che almeno gli ultimi due presidenti della Pontificia Accademia delle Scienze sono convinti evoluzionisti per dare la dimensione della debacle dei creazionisti), oggi l\u2019attacco viene da quei marxisti 2.0 alla Diego Fusaro che ancora associano l\u2019evoluzione biologica con l\u2019immagine della \u201cmarcia del progresso\u201d tristemente nota. <\/span><\/span><\/p>\n<p><span style=\"font-family: 'Times New Roman', serif;\"><span style=\"font-size: medium;\">Basta farsi un giro su <\/span><\/span><span style=\"font-family: 'Times New Roman', serif;\"><span style=\"font-size: medium;\"><i>you tube<\/i><\/span><\/span><span style=\"font-family: 'Times New Roman', serif;\"><span style=\"font-size: medium;\"> per vedere il giovane filosofo piacione attaccare Darwin e l\u2019evoluzione blaterando argomentazioni meno che ridicole, scientificamente parlando. Argomentazioni che per\u00f2 possono far presa su quelle persone per cui tutto \u00e8 bene ci\u00f2 che parla male delle banche, dell\u2019euro e del club Bildenberg.<\/span><\/span><\/p>\n<p><span style=\"font-family: 'Times New Roman', serif;\"><span style=\"font-size: medium;\">Inutile ricordare la percentuale di analfabetismo funzionale del nostro paese, diciamo solo che non ci meravigliamo che questa gente non sia in grado di comprendere che \u00e8 proprio la mancanza di un senso finalista nell\u2019evoluzione biologica la cosa che ha dato pi\u00f9 fastidio alla Chiesa e al potere in questi ultimi due secoli. <\/span><\/span><\/p>\n<p><span style=\"font-family: 'Times New Roman', serif;\"><span style=\"font-size: medium;\">Delle rivoluzioni anti-antropocentriche (e quindi anticristiane) infatti quella che ancora da\u2019 pi\u00f9 fastidio \u00e8 proprio quella di Darwin. <\/span><\/span><\/p>\n<p><span style=\"font-family: 'Times New Roman', serif;\"><span style=\"font-size: medium;\">Come perch\u00e9? Pensateci. <\/span><\/span><\/p>\n<p><span style=\"font-family: 'Times New Roman', serif;\"><span style=\"font-size: medium;\">Galileo Galilei \u00e8 ormai dato per assunto. La Terra non \u00e8 al centro dell\u2019universo, attorno ai cieli della Terra non si vede nessun dio. Per\u00f2 chi se ne frega, teologicamente parlando? Si sposta il buon signore di qualche miliardo di <\/span><\/span><span style=\"font-family: 'Times New Roman', serif;\"><span style=\"font-size: medium;\"><i>parsec<\/i><\/span><\/span><span style=\"font-family: 'Times New Roman', serif;\"><span style=\"font-size: medium;\"> et voil\u00e0, non \u00e8 pi\u00f9 creatore della Terra ma dell\u2019Universo, e la mina \u00e8 disinnescata.<\/span><\/span><\/p>\n<p><span style=\"font-family: 'Times New Roman', serif;\"><span style=\"font-size: medium;\">C\u2019\u00e8 Giordano Bruno certo, ma li si parla di libert\u00e0 di pensiero non di esistenza e onnipotenza di dio. \u00c8 una cosa diversa.<\/span><\/span><\/p>\n<p><span style=\"font-family: 'Times New Roman', serif;\"><span style=\"font-size: medium;\">Freud\u2026 si Freud ha fatto effettivamente maluccio al cristianesimo\u2026 per\u00f2, via! Jung ci ha messo una pezza e si \u00e8 riassorbita parzialmente la botta\u2026 almeno fino a che la gente non legger\u00e0 veramente Freud.<\/span><\/span><\/p>\n<p><span style=\"font-family: 'Times New Roman', serif;\"><span style=\"font-size: medium;\">Einstein con la sua teoria della relativit\u00e0, Heisemberg e Schroedinger con le loro indeterminazioni quantistiche e con questi gatti vivi e morti o morti e vivi\u2026 e poi Hawking oggi con questa dualit\u00e0 energia\/materia immanente nell\u2019eternit\u00e0\u2026 ma diciamo la verit\u00e0, ma chi volete che ci capisca niente di queste cose parlando di uomini comuni?<\/span><\/span><\/p>\n<p><span style=\"font-family: 'Times New Roman', serif;\"><span style=\"font-size: medium;\">Ma Darwin no. Con un poco di buona volont\u00e0 Darwin si capisce anche se, come buona parte della scienza, la teoria dell\u2019evoluzione \u00e8 controintuitiva. Ma anche sbalorditiva e illuminante. <\/span><\/span><\/p>\n<p><span style=\"font-family: 'Times New Roman', serif;\"><span style=\"font-size: medium;\">E allora quando si studia Darwin e il neo-darwinismo si capisce che non serve a niente porre il problema della teodicea ai religiosi. Perch\u00e9 non ti potranno mai rispondere. <\/span><\/span><\/p>\n<p><span style=\"font-family: 'Times New Roman', serif;\"><span style=\"font-size: medium;\">Per risponderti in modo convincente dovrebbero accettare che dio non interviene nelle cose di questo mondo, cos\u00ec come ha fatto Vito Mancuso. Cercando di riassumere il pensiero di quest\u2019ultimo: \u201cDio \u00e8 buono e creatore ma non governa l\u2019universo. L\u2019universo \u00e8 governato dalle leggi naturali fra cui quelle di Darwin\u201d. <\/span><\/span><\/p>\n<p><span style=\"font-family: 'Times New Roman', serif;\"><span style=\"font-size: medium;\">E pensare che c\u2019\u00e8 stato chi \u00e8 bruciato sul rogo per molto meno.<\/span><\/span><\/p>\n<p><span style=\"font-family: 'Times New Roman', serif;\"><span style=\"font-size: medium;\"><b>Alessandro Chiometti<\/b><\/span><\/span><\/p>\n","protected":false},"excerpt":{"rendered":"<p>E pensare che Karl Marx, uno che non dovrebbe aver bisogno di presentazioni, voleva dedicargli \u201cIl Capitale\u201d a Sir Charles Darwin. Chiss\u00e0 cosa penserebbe oggi dei sedicenti anticapitalisti che accusano l\u2019evoluzione biologica di aver promosso il progresso incontrollato e la distruzione ambientale. Lo scriviamo da uomini di sinistra quali siamo sempre stati, i sedicenti intellettuali [&hellip;]<\/p>\n","protected":false},"author":7,"featured_media":0,"comment_status":"closed","ping_status":"closed","sticky":false,"template":"","format":"standard","meta":{"footnotes":""},"categories":[238,233],"tags":[79,409,1615,507,1614,51,398],"class_list":["post-13839","post","type-post","status-publish","format-standard","hentry","category-articoli","category-filosofia-2","tag-alessandro-chiometti","tag-darwin","tag-darwinismo","tag-evoluzione-biologica","tag-marx","tag-politica","tag-sinistra"],"yoast_head":"<!-- This site is optimized with the Yoast SEO plugin v27.1.1 - https:\/\/yoast.com\/product\/yoast-seo-wordpress\/ -->\n<title>Attaccare Darwin da sinistra? Segno dei nostri miseri tempi - Associazione Culturale Civilt\u00e0 Laica<\/title>\n<meta name=\"description\" content=\"Finita forse la battaglia con i reazionari clericali di destra l&#039;evoluzione biologica trova nuovi nemici in pseudo intellettuali sinistroidi.\" \/>\n<meta name=\"robots\" content=\"index, follow, max-snippet:-1, max-image-preview:large, max-video-preview:-1\" \/>\n<link rel=\"canonical\" href=\"https:\/\/www.civiltalaica.it\/cms\/13839\/\" \/>\n<meta property=\"og:locale\" content=\"it_IT\" \/>\n<meta property=\"og:type\" content=\"article\" \/>\n<meta property=\"og:title\" content=\"Attaccare Darwin da sinistra? Segno dei nostri miseri tempi - Associazione Culturale Civilt\u00e0 Laica\" \/>\n<meta property=\"og:description\" content=\"Finita forse la battaglia con i reazionari clericali di destra l&#039;evoluzione biologica trova nuovi nemici in pseudo intellettuali sinistroidi.\" \/>\n<meta property=\"og:url\" content=\"https:\/\/www.civiltalaica.it\/cms\/13839\/\" \/>\n<meta property=\"og:site_name\" content=\"Associazione Culturale Civilt\u00e0 Laica\" \/>\n<meta property=\"article:publisher\" content=\"https:\/\/www.facebook.com\/civiltalaica\" \/>\n<meta property=\"article:published_time\" content=\"2016-10-07T06:05:00+00:00\" \/>\n<meta property=\"article:modified_time\" content=\"2016-10-07T06:05:02+00:00\" \/>\n<meta property=\"og:image\" content=\"http:\/\/www.civiltalaica.it\/cms\/wp-content\/uploads\/2016\/10\/DSC_7833-1024x685.jpg\" \/>\n<meta name=\"author\" content=\"alexjc\" \/>\n<meta name=\"twitter:card\" content=\"summary_large_image\" \/>\n<meta name=\"twitter:label1\" content=\"Scritto da\" \/>\n\t<meta name=\"twitter:data1\" content=\"alexjc\" \/>\n\t<meta name=\"twitter:label2\" content=\"Tempo di lettura stimato\" \/>\n\t<meta name=\"twitter:data2\" content=\"5 minuti\" \/>\n<script type=\"application\/ld+json\" class=\"yoast-schema-graph\">{\"@context\":\"https:\/\/schema.org\",\"@graph\":[{\"@type\":\"Article\",\"@id\":\"https:\/\/www.civiltalaica.it\/cms\/13839\/#article\",\"isPartOf\":{\"@id\":\"https:\/\/www.civiltalaica.it\/cms\/13839\/\"},\"author\":{\"name\":\"alexjc\",\"@id\":\"https:\/\/www.civiltalaica.it\/cms\/#\/schema\/person\/4efef56f866329a1e0943eb27336df1d\"},\"headline\":\"Attaccare Darwin da sinistra? Segno dei nostri miseri tempi\",\"datePublished\":\"2016-10-07T06:05:00+00:00\",\"dateModified\":\"2016-10-07T06:05:02+00:00\",\"mainEntityOfPage\":{\"@id\":\"https:\/\/www.civiltalaica.it\/cms\/13839\/\"},\"wordCount\":941,\"image\":{\"@id\":\"https:\/\/www.civiltalaica.it\/cms\/13839\/#primaryimage\"},\"thumbnailUrl\":\"http:\/\/www.civiltalaica.it\/cms\/wp-content\/uploads\/2016\/10\/DSC_7833-1024x685.jpg\",\"keywords\":[\"alessandro chiometti\",\"darwin\",\"darwinismo\",\"evoluzione biologica\",\"marx\",\"Politica\",\"sinistra\"],\"articleSection\":[\"articoli\",\"filosofia e scienza\"],\"inLanguage\":\"it-IT\"},{\"@type\":\"WebPage\",\"@id\":\"https:\/\/www.civiltalaica.it\/cms\/13839\/\",\"url\":\"https:\/\/www.civiltalaica.it\/cms\/13839\/\",\"name\":\"Attaccare Darwin da sinistra? Segno dei nostri miseri tempi - Associazione Culturale Civilt\u00e0 Laica\",\"isPartOf\":{\"@id\":\"https:\/\/www.civiltalaica.it\/cms\/#website\"},\"primaryImageOfPage\":{\"@id\":\"https:\/\/www.civiltalaica.it\/cms\/13839\/#primaryimage\"},\"image\":{\"@id\":\"https:\/\/www.civiltalaica.it\/cms\/13839\/#primaryimage\"},\"thumbnailUrl\":\"http:\/\/www.civiltalaica.it\/cms\/wp-content\/uploads\/2016\/10\/DSC_7833-1024x685.jpg\",\"datePublished\":\"2016-10-07T06:05:00+00:00\",\"dateModified\":\"2016-10-07T06:05:02+00:00\",\"author\":{\"@id\":\"https:\/\/www.civiltalaica.it\/cms\/#\/schema\/person\/4efef56f866329a1e0943eb27336df1d\"},\"description\":\"Finita forse la battaglia con i reazionari clericali di destra l'evoluzione biologica trova nuovi nemici in pseudo intellettuali sinistroidi.\",\"breadcrumb\":{\"@id\":\"https:\/\/www.civiltalaica.it\/cms\/13839\/#breadcrumb\"},\"inLanguage\":\"it-IT\",\"potentialAction\":[{\"@type\":\"ReadAction\",\"target\":[\"https:\/\/www.civiltalaica.it\/cms\/13839\/\"]}]},{\"@type\":\"ImageObject\",\"inLanguage\":\"it-IT\",\"@id\":\"https:\/\/www.civiltalaica.it\/cms\/13839\/#primaryimage\",\"url\":\"http:\/\/www.civiltalaica.it\/cms\/wp-content\/uploads\/2016\/10\/DSC_7833-1024x685.jpg\",\"contentUrl\":\"http:\/\/www.civiltalaica.it\/cms\/wp-content\/uploads\/2016\/10\/DSC_7833-1024x685.jpg\"},{\"@type\":\"BreadcrumbList\",\"@id\":\"https:\/\/www.civiltalaica.it\/cms\/13839\/#breadcrumb\",\"itemListElement\":[{\"@type\":\"ListItem\",\"position\":1,\"name\":\"Home\",\"item\":\"https:\/\/www.civiltalaica.it\/cms\/\"},{\"@type\":\"ListItem\",\"position\":2,\"name\":\"Attaccare Darwin da sinistra? Segno dei nostri miseri tempi\"}]},{\"@type\":\"WebSite\",\"@id\":\"https:\/\/www.civiltalaica.it\/cms\/#website\",\"url\":\"https:\/\/www.civiltalaica.it\/cms\/\",\"name\":\"Associazione Culturale Civilt\u00e0 Laica\",\"description\":\"Per un movimento culturale volto a difendere la Laicit\u00e0 dello Stato.\",\"potentialAction\":[{\"@type\":\"SearchAction\",\"target\":{\"@type\":\"EntryPoint\",\"urlTemplate\":\"https:\/\/www.civiltalaica.it\/cms\/?s={search_term_string}\"},\"query-input\":{\"@type\":\"PropertyValueSpecification\",\"valueRequired\":true,\"valueName\":\"search_term_string\"}}],\"inLanguage\":\"it-IT\"},{\"@type\":\"Person\",\"@id\":\"https:\/\/www.civiltalaica.it\/cms\/#\/schema\/person\/4efef56f866329a1e0943eb27336df1d\",\"name\":\"alexjc\",\"url\":\"https:\/\/www.civiltalaica.it\/cms\/author\/alexjc\/\"}]}<\/script>\n<!-- \/ Yoast SEO plugin. -->","yoast_head_json":{"title":"Attaccare Darwin da sinistra? Segno dei nostri miseri tempi - Associazione Culturale Civilt\u00e0 Laica","description":"Finita forse la battaglia con i reazionari clericali di destra l'evoluzione biologica trova nuovi nemici in pseudo intellettuali sinistroidi.","robots":{"index":"index","follow":"follow","max-snippet":"max-snippet:-1","max-image-preview":"max-image-preview:large","max-video-preview":"max-video-preview:-1"},"canonical":"https:\/\/www.civiltalaica.it\/cms\/13839\/","og_locale":"it_IT","og_type":"article","og_title":"Attaccare Darwin da sinistra? Segno dei nostri miseri tempi - Associazione Culturale Civilt\u00e0 Laica","og_description":"Finita forse la battaglia con i reazionari clericali di destra l'evoluzione biologica trova nuovi nemici in pseudo intellettuali sinistroidi.","og_url":"https:\/\/www.civiltalaica.it\/cms\/13839\/","og_site_name":"Associazione Culturale Civilt\u00e0 Laica","article_publisher":"https:\/\/www.facebook.com\/civiltalaica","article_published_time":"2016-10-07T06:05:00+00:00","article_modified_time":"2016-10-07T06:05:02+00:00","og_image":[{"url":"http:\/\/www.civiltalaica.it\/cms\/wp-content\/uploads\/2016\/10\/DSC_7833-1024x685.jpg","type":"","width":"","height":""}],"author":"alexjc","twitter_card":"summary_large_image","twitter_misc":{"Scritto da":"alexjc","Tempo di lettura stimato":"5 minuti"},"schema":{"@context":"https:\/\/schema.org","@graph":[{"@type":"Article","@id":"https:\/\/www.civiltalaica.it\/cms\/13839\/#article","isPartOf":{"@id":"https:\/\/www.civiltalaica.it\/cms\/13839\/"},"author":{"name":"alexjc","@id":"https:\/\/www.civiltalaica.it\/cms\/#\/schema\/person\/4efef56f866329a1e0943eb27336df1d"},"headline":"Attaccare Darwin da sinistra? Segno dei nostri miseri tempi","datePublished":"2016-10-07T06:05:00+00:00","dateModified":"2016-10-07T06:05:02+00:00","mainEntityOfPage":{"@id":"https:\/\/www.civiltalaica.it\/cms\/13839\/"},"wordCount":941,"image":{"@id":"https:\/\/www.civiltalaica.it\/cms\/13839\/#primaryimage"},"thumbnailUrl":"http:\/\/www.civiltalaica.it\/cms\/wp-content\/uploads\/2016\/10\/DSC_7833-1024x685.jpg","keywords":["alessandro chiometti","darwin","darwinismo","evoluzione biologica","marx","Politica","sinistra"],"articleSection":["articoli","filosofia e scienza"],"inLanguage":"it-IT"},{"@type":"WebPage","@id":"https:\/\/www.civiltalaica.it\/cms\/13839\/","url":"https:\/\/www.civiltalaica.it\/cms\/13839\/","name":"Attaccare Darwin da sinistra? Segno dei nostri miseri tempi - Associazione Culturale Civilt\u00e0 Laica","isPartOf":{"@id":"https:\/\/www.civiltalaica.it\/cms\/#website"},"primaryImageOfPage":{"@id":"https:\/\/www.civiltalaica.it\/cms\/13839\/#primaryimage"},"image":{"@id":"https:\/\/www.civiltalaica.it\/cms\/13839\/#primaryimage"},"thumbnailUrl":"http:\/\/www.civiltalaica.it\/cms\/wp-content\/uploads\/2016\/10\/DSC_7833-1024x685.jpg","datePublished":"2016-10-07T06:05:00+00:00","dateModified":"2016-10-07T06:05:02+00:00","author":{"@id":"https:\/\/www.civiltalaica.it\/cms\/#\/schema\/person\/4efef56f866329a1e0943eb27336df1d"},"description":"Finita forse la battaglia con i reazionari clericali di destra l'evoluzione biologica trova nuovi nemici in pseudo intellettuali sinistroidi.","breadcrumb":{"@id":"https:\/\/www.civiltalaica.it\/cms\/13839\/#breadcrumb"},"inLanguage":"it-IT","potentialAction":[{"@type":"ReadAction","target":["https:\/\/www.civiltalaica.it\/cms\/13839\/"]}]},{"@type":"ImageObject","inLanguage":"it-IT","@id":"https:\/\/www.civiltalaica.it\/cms\/13839\/#primaryimage","url":"http:\/\/www.civiltalaica.it\/cms\/wp-content\/uploads\/2016\/10\/DSC_7833-1024x685.jpg","contentUrl":"http:\/\/www.civiltalaica.it\/cms\/wp-content\/uploads\/2016\/10\/DSC_7833-1024x685.jpg"},{"@type":"BreadcrumbList","@id":"https:\/\/www.civiltalaica.it\/cms\/13839\/#breadcrumb","itemListElement":[{"@type":"ListItem","position":1,"name":"Home","item":"https:\/\/www.civiltalaica.it\/cms\/"},{"@type":"ListItem","position":2,"name":"Attaccare Darwin da sinistra? Segno dei nostri miseri tempi"}]},{"@type":"WebSite","@id":"https:\/\/www.civiltalaica.it\/cms\/#website","url":"https:\/\/www.civiltalaica.it\/cms\/","name":"Associazione Culturale Civilt\u00e0 Laica","description":"Per un movimento culturale volto a difendere la Laicit\u00e0 dello Stato.","potentialAction":[{"@type":"SearchAction","target":{"@type":"EntryPoint","urlTemplate":"https:\/\/www.civiltalaica.it\/cms\/?s={search_term_string}"},"query-input":{"@type":"PropertyValueSpecification","valueRequired":true,"valueName":"search_term_string"}}],"inLanguage":"it-IT"},{"@type":"Person","@id":"https:\/\/www.civiltalaica.it\/cms\/#\/schema\/person\/4efef56f866329a1e0943eb27336df1d","name":"alexjc","url":"https:\/\/www.civiltalaica.it\/cms\/author\/alexjc\/"}]}},"_links":{"self":[{"href":"https:\/\/www.civiltalaica.it\/cms\/wp-json\/wp\/v2\/posts\/13839","targetHints":{"allow":["GET"]}}],"collection":[{"href":"https:\/\/www.civiltalaica.it\/cms\/wp-json\/wp\/v2\/posts"}],"about":[{"href":"https:\/\/www.civiltalaica.it\/cms\/wp-json\/wp\/v2\/types\/post"}],"author":[{"embeddable":true,"href":"https:\/\/www.civiltalaica.it\/cms\/wp-json\/wp\/v2\/users\/7"}],"replies":[{"embeddable":true,"href":"https:\/\/www.civiltalaica.it\/cms\/wp-json\/wp\/v2\/comments?post=13839"}],"version-history":[{"count":2,"href":"https:\/\/www.civiltalaica.it\/cms\/wp-json\/wp\/v2\/posts\/13839\/revisions"}],"predecessor-version":[{"id":13843,"href":"https:\/\/www.civiltalaica.it\/cms\/wp-json\/wp\/v2\/posts\/13839\/revisions\/13843"}],"wp:attachment":[{"href":"https:\/\/www.civiltalaica.it\/cms\/wp-json\/wp\/v2\/media?parent=13839"}],"wp:term":[{"taxonomy":"category","embeddable":true,"href":"https:\/\/www.civiltalaica.it\/cms\/wp-json\/wp\/v2\/categories?post=13839"},{"taxonomy":"post_tag","embeddable":true,"href":"https:\/\/www.civiltalaica.it\/cms\/wp-json\/wp\/v2\/tags?post=13839"}],"curies":[{"name":"wp","href":"https:\/\/api.w.org\/{rel}","templated":true}]}}