{"id":13799,"date":"2016-09-13T19:45:13","date_gmt":"2016-09-13T19:45:13","guid":{"rendered":"http:\/\/www.civiltalaica.it\/cms\/?p=13799"},"modified":"2016-09-13T19:45:15","modified_gmt":"2016-09-13T19:45:15","slug":"la-laicita-al-festivaletteratura-mantova","status":"publish","type":"post","link":"https:\/\/www.civiltalaica.it\/cms\/la-laicita-al-festivaletteratura-mantova\/","title":{"rendered":"La laicit\u00e0 al Festivaletteratura di Mantova"},"content":{"rendered":"<p><a href=\"http:\/\/www.civiltalaica.it\/cms\/index.php\/la-laicita-al-festivaletteratura-mantova.html\/mantova-2016-779\" rel=\"attachment wp-att-13800\"><img loading=\"lazy\" decoding=\"async\" class=\"alignleft  wp-image-13800\" src=\"http:\/\/www.civiltalaica.it\/cms\/wp-content\/uploads\/2016\/09\/mantova-2016-779-1024x685.jpg\" alt=\"mantova-2016-779\" width=\"571\" height=\"382\" srcset=\"https:\/\/www.civiltalaica.it\/cms\/wp-content\/uploads\/2016\/09\/mantova-2016-779-1024x685.jpg 1024w, https:\/\/www.civiltalaica.it\/cms\/wp-content\/uploads\/2016\/09\/mantova-2016-779-300x201.jpg 300w, https:\/\/www.civiltalaica.it\/cms\/wp-content\/uploads\/2016\/09\/mantova-2016-779-768x514.jpg 768w, https:\/\/www.civiltalaica.it\/cms\/wp-content\/uploads\/2016\/09\/mantova-2016-779-239x160.jpg 239w\" sizes=\"auto, (max-width: 571px) 100vw, 571px\" \/><\/a><\/p>\n<p>&nbsp;<\/p>\n<p>&nbsp;<\/p>\n<p><span style=\"font-family: 'Times New Roman', serif;\"><span style=\"font-size: medium;\">La kermesse mantovana arrivata alla ventesima edizione si conferma come il festival culturale pi\u00f9 interessante d\u2019Italia per ci\u00f2 che riguarda la letteratura. <\/span><\/span><\/p>\n<p><span style=\"font-family: 'Times New Roman', serif;\"><span style=\"font-size: medium;\">L\u2019idea geniale, e vincente, degli organizzatori \u00e8 stata quella di trasformare la citt\u00e0, gi\u00e0 di per se stupenda, in un vero e proprio <\/span><\/span><span style=\"font-family: 'Times New Roman', serif;\"><span style=\"font-size: medium;\"><i>think tank<\/i><\/span><\/span><span style=\"font-family: 'Times New Roman', serif;\"><span style=\"font-size: medium;\"> a cielo aperto in cui si incontrano i lettori con gli autori famosi e meno famosi. Uno scambio di idee continuo e incessante che non ci risulta avere uguali, per qualit\u00e0 e dimensioni da nessuna altra parte. Non \u00e8 un caso se i maggiori autori nazionali e internazionali ormai fanno tappa fissa a Mantova nei giorni del festival. <\/span><\/span><\/p>\n<p><span style=\"font-family: 'Times New Roman', serif;\"><span style=\"font-size: medium;\">Altre idee vincenti, a nostro avviso, sono state quella di riservare ampio spazio alla letteratura per bambini ed ospitare autori anche fuori dai canoni stretti dello scrittore o del saggista, come ad esempio Ivano Fossati, Vicino Capossela e anche gli autori di graphic novel come Zerocalcare e Leo Ortolani.<\/span><\/span><\/p>\n<p><span style=\"font-family: 'Times New Roman', serif;\"><span style=\"font-size: medium;\">Insomma scelte sempre inclusive e mai esclusive che hanno permesso a Mantova di diventare per una settimana all\u2019anno non la citt\u00e0 dello snobbismo letterario bens\u00ec un posto dove si respira la letteratura a 360\u00b0. <\/span><\/span><\/p>\n<p><span style=\"font-family: 'Times New Roman', serif;\"><span style=\"font-size: medium;\">Anche in questo ventesimo anniversario c&#8217;erano diversi incontri riguardanti la laicit\u00e0, abbiamo cercato di ricostruire per voi il nostro piccolo percorso.<\/span><\/span><\/p>\n<p><span style=\"font-family: 'Times New Roman', serif;\"><span style=\"font-size: medium;\">Cominciamo con una nostra vecchia conoscenza (come spettatori alle sue conferenze), uno dei teologi della liberazione pi\u00f9 influenti nel mondo, ovvero <\/span><\/span><span style=\"font-family: 'Times New Roman', serif;\"><span style=\"font-size: medium;\"><b>Frei Betto<\/b><\/span><\/span><span style=\"font-family: 'Times New Roman', serif;\"><span style=\"font-size: medium;\"> che da sempre \u00e8 in prima linea per la modernizzazione della Chiesa Cattolica. L\u2019ultima volta che l\u2019avevamo visto era stato appena eletto Papa Francesco I e lui dichiarava di avere molta fiducia in questo papa. La fiducia \u00e8 sicuramente confermata e approva alcune sue mosse politiche come i Sinodi sulla famiglia, per\u00f2 aggiunge che sta ancora aspettando i cambiamenti della Dottrina Cattolica su cose fondamentali come la sessualit\u00e0, l\u2019omosessualit\u00e0 e il celibato dei preti. Alla nostra domanda \u201cQuanta pazienza avete ancora?\u201d risponde in modo sornione: \u201cl\u2019unica pazienza infinita \u00e8 quella di Dio\u201d. In quest\u2019occasione oltre a ricordare le questioni poste da tempo dalla TdL aggiunge un\u2019ulteriore provocazione: sarebbe ora di cambiare il crocifisso come simbolo cristiano perch\u00e9 quello \u00e8 un simbolo di morte mentre il simbolo di Dio (se \u00e8 vero che questo \u00e8 amore) dovrebbe essere la vita. Lui propone il pane come simbolo della sua religione. Noi, da atei irriverenti quali siamo sorridiamo, sinceramente al di l\u00e0 della bellissima poesia insita nella sua proposta riteniamo molto pi\u00f9 probabile che la CCAR, semmai dovesse cambiare simbolo, opterebbe molto pi\u00f9 probabilmente per il \u201cGes\u00f9 compagnone\u201d mostrato dal film Dogma.<\/span><\/span><\/p>\n<p><span style=\"font-family: 'Times New Roman', serif;\"><span style=\"font-size: medium;\">Del Papa e di altre religioni si \u00e8 molto parlato anche negli incontri con <\/span><\/span><span style=\"font-family: 'Times New Roman', serif;\"><span style=\"font-size: medium;\"><b>Franco Cardini<\/b><\/span><\/span><span style=\"font-family: 'Times New Roman', serif;\"><span style=\"font-size: medium;\"> e <\/span><\/span><span style=\"font-family: 'Times New Roman', serif;\"><span style=\"font-size: medium;\"><b>Paco Ignacio Taibo II<\/b><\/span><\/span><span style=\"font-family: 'Times New Roman', serif;\"><span style=\"font-size: medium;\">. Il primo, medievalista e collaboratore dell\u2019Avvenire ha dialogato con Alessandro Vanoli sulla situazione del Mediterraneo e i viaggi dei migranti spesso associati al pericolo dell\u2019Islam. Per Franco Cardini (ex uomo di destra, come lui stesso si definisce) l\u2019Islam \u00e8 una falsa minaccia ed \u00e8 l\u2019islamofobia il vero oppio dei popoli in occidente, anche Vanoli sembra essere della stessa opinione, da entrambi \u00e8 venuta una condanna del pregiudizio occidentale verso le altre sponde del Mediterraneo. Il che di certo ci pu\u00f2 anche stare, per\u00f2 non condividiamo i giudizi riabilitativi del Corano che, con tutta la nostra buona volont\u00e0, non riusciamo proprio a vedere come libro che porti pace e tolleranza.<\/span><\/span><\/p>\n<p><a href=\"http:\/\/www.civiltalaica.it\/cms\/index.php\/la-laicita-al-festivaletteratura-mantova.html\/mantova-2016-017\" rel=\"attachment wp-att-13802\"><img loading=\"lazy\" decoding=\"async\" class=\"alignleft  wp-image-13802\" src=\"http:\/\/www.civiltalaica.it\/cms\/wp-content\/uploads\/2016\/09\/mantova-2016-017-1024x685.jpg\" alt=\"mantova-2016-017\" width=\"567\" height=\"379\" srcset=\"https:\/\/www.civiltalaica.it\/cms\/wp-content\/uploads\/2016\/09\/mantova-2016-017-1024x685.jpg 1024w, https:\/\/www.civiltalaica.it\/cms\/wp-content\/uploads\/2016\/09\/mantova-2016-017-300x201.jpg 300w, https:\/\/www.civiltalaica.it\/cms\/wp-content\/uploads\/2016\/09\/mantova-2016-017-768x514.jpg 768w, https:\/\/www.civiltalaica.it\/cms\/wp-content\/uploads\/2016\/09\/mantova-2016-017-239x160.jpg 239w\" sizes=\"auto, (max-width: 567px) 100vw, 567px\" \/><\/a><\/p>\n<p><span style=\"font-family: 'Times New Roman', serif;\"><span style=\"font-size: medium;\">Da Paco Ignacio Taibo II invece ci aspettavamo la solita vulcanica apologia del sud del mondo che sia il suo Messico, il suo Sud America o uno qualunque di tutti i \u201csud\u201d del mondo e ci aspettavamo anche le invettive contro Donald Trump e i suoi ridicoli muri. Ci aspettavamo anche il consueto elogio del papabbuono, inevitabile per un sudamericano. Quello che non ci aspettavamo invece \u00e8 stato l\u2019attacco al razionalismo colpevole di \u201caver costruito un mondo di merda\u201d. \u00c8 evidente, che se per un messicano socialista il mondo capitalista \u00e8 stato costruito dal razionalismo c\u2019\u00e8 qualcosa che non torna. <\/span><\/span><\/p>\n<p><span style=\"font-family: 'Times New Roman', serif;\"><span style=\"font-size: medium;\">Spazio alla scienza in diversi appuntamenti con il genetista <\/span><\/span><span style=\"font-family: 'Times New Roman', serif;\"><span style=\"font-size: medium;\"><b>Guido Barbujani<\/b><\/span><\/span><span style=\"font-family: 'Times New Roman', serif;\"><span style=\"font-size: medium;\">, che porta avanti da tempo la sua battaglia contro il pregiudizio razzista e il suo impegno divulgativo per la teoria dell\u2019evoluzione biologica. L\u2019appuntamento insieme al filosofo della scienza <\/span><\/span><span style=\"font-family: 'Times New Roman', serif;\"><span style=\"font-size: medium;\"><b>Massimo Pigliucci<\/b><\/span><\/span><span style=\"font-family: 'Times New Roman', serif;\"><span style=\"font-size: medium;\"> si chiamava \u201cDarwinismo in crisi?\u201d e hanno iniziato cos\u00ec: \u201cAbbiamo preparato una versione corta e una lunga di questo incontro. Quella corta \u00e8 questa: Il darwinismo \u00e8 in crisi? No. Domande? \u2013 risate del pubblico \u2013 Nessuna domanda? Bene allora c\u2019\u00e8 tempo per quella lunga\u2026\u201d. Poi i due si sono soffermati soprattutto nel racconto delle loro esperienze nei dibattiti con i creazionisti, particolarmente agguerriti nel Tennesse dove insegna il Prof. Pigliucci.<\/span><\/span><\/p>\n<p><span style=\"font-family: 'Times New Roman', serif;\"><span style=\"font-size: medium;\">Di nuovo scienza, soffermandosi sulla parola ecologia, che compie in questi giorni centocinquanta anni, nel dialogo fra <\/span><\/span><span style=\"font-family: 'Times New Roman', serif;\"><span style=\"font-size: medium;\"><b>Ferdinando Boero<\/b><\/span><\/span><span style=\"font-family: 'Times New Roman', serif;\"><span style=\"font-size: medium;\"> e <\/span><\/span><span style=\"font-family: 'Times New Roman', serif;\"><span style=\"font-size: medium;\"><b>Serenella Iovino<\/b><\/span><\/span><span style=\"font-family: 'Times New Roman', serif;\"><span style=\"font-size: medium;\">. Entrambi sono concordi nel dire che l\u2019enciclica \u201cLaudato si\u201d di Papa Francesco I aveva dato effettivamente un buon impulso alla discussione sull\u2019ambiente, ma la cosa si \u00e8 spenta molto presto e oggi tutti i mass media evitano di parlarne. Il prof. Boero si prende una bella libert\u00e0 teologica nel dire che il divieto di mangiare il frutto proibito nel giardino dell\u2019eden voleva simboleggiare il rispetto che l\u2019uomo doveva avere per la natura. Sinceramente dissentiamo, ci convincono molto di pi\u00f9 altre interpretazioni; del resto negare che l\u2019antropocentrismo deriva dal Vecchio Testamento vuol dire negare l\u2019evidenza. Ad ogni modo vogliamo ripeterlo, nell\u2019enciclica di Papa Francesco I mancano due cose fondamentali: A) l\u2019autocritica, B) far seguire alle parole i fatti e disinvestire i capitali vaticani dalle compagnie petrolifere. Ad ogni modo l\u2019antropocene \u00e8 fuori controllo e si sa, bisogna far presto perch\u00e9 si pu\u00f2 e si deve far qualcosa. Per\u00f2, rispondendo alla nostra domanda su cosa pensino del fatto che quasi tutti gli ecologi hanno virato al catastrofismo, entrambi i relatori fanno pensare di essere ottimisti pi\u00f9 per dovere accademico che per reale convinzione.<\/span><\/span><\/p>\n<p><a href=\"http:\/\/www.civiltalaica.it\/cms\/index.php\/la-laicita-al-festivaletteratura-mantova.html\/mantova-2016-446\" rel=\"attachment wp-att-13803\"><img loading=\"lazy\" decoding=\"async\" class=\"alignleft  wp-image-13803\" src=\"http:\/\/www.civiltalaica.it\/cms\/wp-content\/uploads\/2016\/09\/mantova-2016-446-1024x685.jpg\" alt=\"mantova-2016-446\" width=\"547\" height=\"366\" srcset=\"https:\/\/www.civiltalaica.it\/cms\/wp-content\/uploads\/2016\/09\/mantova-2016-446-1024x685.jpg 1024w, https:\/\/www.civiltalaica.it\/cms\/wp-content\/uploads\/2016\/09\/mantova-2016-446-300x201.jpg 300w, https:\/\/www.civiltalaica.it\/cms\/wp-content\/uploads\/2016\/09\/mantova-2016-446-768x514.jpg 768w, https:\/\/www.civiltalaica.it\/cms\/wp-content\/uploads\/2016\/09\/mantova-2016-446-239x160.jpg 239w\" sizes=\"auto, (max-width: 547px) 100vw, 547px\" \/><\/a><\/p>\n<p><span style=\"font-family: 'Times New Roman', serif;\"><span style=\"font-size: medium;\">Concludiamo ammettendo che non conoscevamo le opere di <\/span><\/span><span style=\"font-family: 'Times New Roman', serif;\"><span style=\"font-size: medium;\"><b>Sarah Walters<\/b><\/span><\/span><span style=\"font-family: 'Times New Roman', serif;\"><span style=\"font-size: medium;\"> che raccontano l\u2019amore lesbico nell\u2019epoca vittoriana. Ce l\u2019ha presentata da una vulcanica <\/span><\/span><span style=\"font-family: 'Times New Roman', serif;\"><span style=\"font-size: medium;\"><b>Chiara Valerio<\/b><\/span><\/span><span style=\"font-family: 'Times New Roman', serif;\"><span style=\"font-size: medium;\"> che \u00e8 riuscita a mascherare dietro un atteggiamento professionale l\u2019ammirazione per i libri della britannica. Il festivaletteratura di Mantova serve a noi lettori anche a conoscere nuovi autori e in questo \u00e8 davvero imbattibile.<\/span><\/span><\/p>\n<p><a href=\"http:\/\/www.civiltalaica.it\/cms\/index.php\/la-laicita-al-festivaletteratura-mantova.html\/mantova-2016-746\" rel=\"attachment wp-att-13801\"><img loading=\"lazy\" decoding=\"async\" class=\"alignleft  wp-image-13801\" src=\"http:\/\/www.civiltalaica.it\/cms\/wp-content\/uploads\/2016\/09\/mantova-2016-746-1024x685.jpg\" alt=\"mantova-2016-746\" width=\"552\" height=\"369\" srcset=\"https:\/\/www.civiltalaica.it\/cms\/wp-content\/uploads\/2016\/09\/mantova-2016-746-1024x685.jpg 1024w, https:\/\/www.civiltalaica.it\/cms\/wp-content\/uploads\/2016\/09\/mantova-2016-746-300x201.jpg 300w, https:\/\/www.civiltalaica.it\/cms\/wp-content\/uploads\/2016\/09\/mantova-2016-746-768x514.jpg 768w, https:\/\/www.civiltalaica.it\/cms\/wp-content\/uploads\/2016\/09\/mantova-2016-746-239x160.jpg 239w\" sizes=\"auto, (max-width: 552px) 100vw, 552px\" \/><\/a><\/p>\n<p><span style=\"font-family: 'Times New Roman', serif;\"><span style=\"font-size: medium;\">L\u2019appuntamento \u00e8 per l\u2019anno prossimo, vi consigliamo di cominciare a prenotare gli alberghi.<\/span><\/span><\/p>\n<p><span style=\"font-family: 'Times New Roman', serif;\"><span style=\"font-size: medium;\"><b>Alessandro Chiometti<\/b><\/span><\/span><\/p>\n","protected":false},"excerpt":{"rendered":"<p>&nbsp; &nbsp; La kermesse mantovana arrivata alla ventesima edizione si conferma come il festival culturale pi\u00f9 interessante d\u2019Italia per ci\u00f2 che riguarda la letteratura. L\u2019idea geniale, e vincente, degli organizzatori \u00e8 stata quella di trasformare la citt\u00e0, gi\u00e0 di per se stupenda, in un vero e proprio think tank a cielo aperto in cui si [&hellip;]<\/p>\n","protected":false},"author":7,"featured_media":0,"comment_status":"closed","ping_status":"closed","sticky":false,"template":"","format":"standard","meta":{"footnotes":""},"categories":[238,230],"tags":[79,1603,1328,1602,1449,1601],"class_list":["post-13799","post","type-post","status-publish","format-standard","hentry","category-articoli","category-attualita","tag-alessandro-chiometti","tag-autori","tag-festival","tag-letteratura","tag-libri","tag-mantova"],"yoast_head":"<!-- This site is optimized with the Yoast SEO plugin v27.1.1 - https:\/\/yoast.com\/product\/yoast-seo-wordpress\/ -->\n<title>La laicit\u00e0 al Festivaletteratura di Mantova - Associazione Culturale Civilt\u00e0 Laica<\/title>\n<meta name=\"description\" content=\"Il Festival della letteratura di Mantova compie venti anni, oltre a portarli benissimo offre sempre molti incontri interessanti per le tematiche laiche.\" \/>\n<meta name=\"robots\" content=\"index, follow, max-snippet:-1, max-image-preview:large, max-video-preview:-1\" \/>\n<link rel=\"canonical\" href=\"https:\/\/www.civiltalaica.it\/cms\/la-laicita-al-festivaletteratura-mantova\/\" \/>\n<meta property=\"og:locale\" content=\"it_IT\" \/>\n<meta property=\"og:type\" content=\"article\" \/>\n<meta property=\"og:title\" content=\"La laicit\u00e0 al Festivaletteratura di Mantova - Associazione Culturale Civilt\u00e0 Laica\" \/>\n<meta property=\"og:description\" content=\"Il Festival della letteratura di Mantova compie venti anni, oltre a portarli benissimo offre sempre molti incontri interessanti per le tematiche laiche.\" \/>\n<meta property=\"og:url\" content=\"https:\/\/www.civiltalaica.it\/cms\/la-laicita-al-festivaletteratura-mantova\/\" \/>\n<meta property=\"og:site_name\" content=\"Associazione Culturale Civilt\u00e0 Laica\" \/>\n<meta property=\"article:publisher\" content=\"https:\/\/www.facebook.com\/civiltalaica\" \/>\n<meta property=\"article:published_time\" content=\"2016-09-13T19:45:13+00:00\" \/>\n<meta property=\"article:modified_time\" content=\"2016-09-13T19:45:15+00:00\" \/>\n<meta property=\"og:image\" content=\"http:\/\/www.civiltalaica.it\/cms\/wp-content\/uploads\/2016\/09\/mantova-2016-779-1024x685.jpg\" \/>\n<meta name=\"author\" content=\"alexjc\" \/>\n<meta name=\"twitter:card\" content=\"summary_large_image\" \/>\n<meta name=\"twitter:label1\" content=\"Scritto da\" \/>\n\t<meta name=\"twitter:data1\" content=\"alexjc\" \/>\n\t<meta name=\"twitter:label2\" content=\"Tempo di lettura stimato\" \/>\n\t<meta name=\"twitter:data2\" content=\"5 minuti\" \/>\n<script type=\"application\/ld+json\" class=\"yoast-schema-graph\">{\"@context\":\"https:\/\/schema.org\",\"@graph\":[{\"@type\":\"Article\",\"@id\":\"https:\/\/www.civiltalaica.it\/cms\/la-laicita-al-festivaletteratura-mantova\/#article\",\"isPartOf\":{\"@id\":\"https:\/\/www.civiltalaica.it\/cms\/la-laicita-al-festivaletteratura-mantova\/\"},\"author\":{\"name\":\"alexjc\",\"@id\":\"https:\/\/www.civiltalaica.it\/cms\/#\/schema\/person\/4efef56f866329a1e0943eb27336df1d\"},\"headline\":\"La laicit\u00e0 al Festivaletteratura di Mantova\",\"datePublished\":\"2016-09-13T19:45:13+00:00\",\"dateModified\":\"2016-09-13T19:45:15+00:00\",\"mainEntityOfPage\":{\"@id\":\"https:\/\/www.civiltalaica.it\/cms\/la-laicita-al-festivaletteratura-mantova\/\"},\"wordCount\":1053,\"image\":{\"@id\":\"https:\/\/www.civiltalaica.it\/cms\/la-laicita-al-festivaletteratura-mantova\/#primaryimage\"},\"thumbnailUrl\":\"http:\/\/www.civiltalaica.it\/cms\/wp-content\/uploads\/2016\/09\/mantova-2016-779-1024x685.jpg\",\"keywords\":[\"alessandro chiometti\",\"autori\",\"festival\",\"letteratura\",\"Libri\",\"mantova\"],\"articleSection\":[\"articoli\",\"attualit\u00e0\"],\"inLanguage\":\"it-IT\"},{\"@type\":\"WebPage\",\"@id\":\"https:\/\/www.civiltalaica.it\/cms\/la-laicita-al-festivaletteratura-mantova\/\",\"url\":\"https:\/\/www.civiltalaica.it\/cms\/la-laicita-al-festivaletteratura-mantova\/\",\"name\":\"La laicit\u00e0 al Festivaletteratura di Mantova - Associazione Culturale Civilt\u00e0 Laica\",\"isPartOf\":{\"@id\":\"https:\/\/www.civiltalaica.it\/cms\/#website\"},\"primaryImageOfPage\":{\"@id\":\"https:\/\/www.civiltalaica.it\/cms\/la-laicita-al-festivaletteratura-mantova\/#primaryimage\"},\"image\":{\"@id\":\"https:\/\/www.civiltalaica.it\/cms\/la-laicita-al-festivaletteratura-mantova\/#primaryimage\"},\"thumbnailUrl\":\"http:\/\/www.civiltalaica.it\/cms\/wp-content\/uploads\/2016\/09\/mantova-2016-779-1024x685.jpg\",\"datePublished\":\"2016-09-13T19:45:13+00:00\",\"dateModified\":\"2016-09-13T19:45:15+00:00\",\"author\":{\"@id\":\"https:\/\/www.civiltalaica.it\/cms\/#\/schema\/person\/4efef56f866329a1e0943eb27336df1d\"},\"description\":\"Il Festival della letteratura di Mantova compie venti anni, oltre a portarli benissimo offre sempre molti incontri interessanti per le tematiche laiche.\",\"breadcrumb\":{\"@id\":\"https:\/\/www.civiltalaica.it\/cms\/la-laicita-al-festivaletteratura-mantova\/#breadcrumb\"},\"inLanguage\":\"it-IT\",\"potentialAction\":[{\"@type\":\"ReadAction\",\"target\":[\"https:\/\/www.civiltalaica.it\/cms\/la-laicita-al-festivaletteratura-mantova\/\"]}]},{\"@type\":\"ImageObject\",\"inLanguage\":\"it-IT\",\"@id\":\"https:\/\/www.civiltalaica.it\/cms\/la-laicita-al-festivaletteratura-mantova\/#primaryimage\",\"url\":\"http:\/\/www.civiltalaica.it\/cms\/wp-content\/uploads\/2016\/09\/mantova-2016-779-1024x685.jpg\",\"contentUrl\":\"http:\/\/www.civiltalaica.it\/cms\/wp-content\/uploads\/2016\/09\/mantova-2016-779-1024x685.jpg\"},{\"@type\":\"BreadcrumbList\",\"@id\":\"https:\/\/www.civiltalaica.it\/cms\/la-laicita-al-festivaletteratura-mantova\/#breadcrumb\",\"itemListElement\":[{\"@type\":\"ListItem\",\"position\":1,\"name\":\"Home\",\"item\":\"https:\/\/www.civiltalaica.it\/cms\/\"},{\"@type\":\"ListItem\",\"position\":2,\"name\":\"La laicit\u00e0 al Festivaletteratura di Mantova\"}]},{\"@type\":\"WebSite\",\"@id\":\"https:\/\/www.civiltalaica.it\/cms\/#website\",\"url\":\"https:\/\/www.civiltalaica.it\/cms\/\",\"name\":\"Associazione Culturale Civilt\u00e0 Laica\",\"description\":\"Per un movimento culturale volto a difendere la Laicit\u00e0 dello Stato.\",\"potentialAction\":[{\"@type\":\"SearchAction\",\"target\":{\"@type\":\"EntryPoint\",\"urlTemplate\":\"https:\/\/www.civiltalaica.it\/cms\/?s={search_term_string}\"},\"query-input\":{\"@type\":\"PropertyValueSpecification\",\"valueRequired\":true,\"valueName\":\"search_term_string\"}}],\"inLanguage\":\"it-IT\"},{\"@type\":\"Person\",\"@id\":\"https:\/\/www.civiltalaica.it\/cms\/#\/schema\/person\/4efef56f866329a1e0943eb27336df1d\",\"name\":\"alexjc\",\"url\":\"https:\/\/www.civiltalaica.it\/cms\/author\/alexjc\/\"}]}<\/script>\n<!-- \/ Yoast SEO plugin. -->","yoast_head_json":{"title":"La laicit\u00e0 al Festivaletteratura di Mantova - Associazione Culturale Civilt\u00e0 Laica","description":"Il Festival della letteratura di Mantova compie venti anni, oltre a portarli benissimo offre sempre molti incontri interessanti per le tematiche laiche.","robots":{"index":"index","follow":"follow","max-snippet":"max-snippet:-1","max-image-preview":"max-image-preview:large","max-video-preview":"max-video-preview:-1"},"canonical":"https:\/\/www.civiltalaica.it\/cms\/la-laicita-al-festivaletteratura-mantova\/","og_locale":"it_IT","og_type":"article","og_title":"La laicit\u00e0 al Festivaletteratura di Mantova - Associazione Culturale Civilt\u00e0 Laica","og_description":"Il Festival della letteratura di Mantova compie venti anni, oltre a portarli benissimo offre sempre molti incontri interessanti per le tematiche laiche.","og_url":"https:\/\/www.civiltalaica.it\/cms\/la-laicita-al-festivaletteratura-mantova\/","og_site_name":"Associazione Culturale Civilt\u00e0 Laica","article_publisher":"https:\/\/www.facebook.com\/civiltalaica","article_published_time":"2016-09-13T19:45:13+00:00","article_modified_time":"2016-09-13T19:45:15+00:00","og_image":[{"url":"http:\/\/www.civiltalaica.it\/cms\/wp-content\/uploads\/2016\/09\/mantova-2016-779-1024x685.jpg","type":"","width":"","height":""}],"author":"alexjc","twitter_card":"summary_large_image","twitter_misc":{"Scritto da":"alexjc","Tempo di lettura stimato":"5 minuti"},"schema":{"@context":"https:\/\/schema.org","@graph":[{"@type":"Article","@id":"https:\/\/www.civiltalaica.it\/cms\/la-laicita-al-festivaletteratura-mantova\/#article","isPartOf":{"@id":"https:\/\/www.civiltalaica.it\/cms\/la-laicita-al-festivaletteratura-mantova\/"},"author":{"name":"alexjc","@id":"https:\/\/www.civiltalaica.it\/cms\/#\/schema\/person\/4efef56f866329a1e0943eb27336df1d"},"headline":"La laicit\u00e0 al Festivaletteratura di Mantova","datePublished":"2016-09-13T19:45:13+00:00","dateModified":"2016-09-13T19:45:15+00:00","mainEntityOfPage":{"@id":"https:\/\/www.civiltalaica.it\/cms\/la-laicita-al-festivaletteratura-mantova\/"},"wordCount":1053,"image":{"@id":"https:\/\/www.civiltalaica.it\/cms\/la-laicita-al-festivaletteratura-mantova\/#primaryimage"},"thumbnailUrl":"http:\/\/www.civiltalaica.it\/cms\/wp-content\/uploads\/2016\/09\/mantova-2016-779-1024x685.jpg","keywords":["alessandro chiometti","autori","festival","letteratura","Libri","mantova"],"articleSection":["articoli","attualit\u00e0"],"inLanguage":"it-IT"},{"@type":"WebPage","@id":"https:\/\/www.civiltalaica.it\/cms\/la-laicita-al-festivaletteratura-mantova\/","url":"https:\/\/www.civiltalaica.it\/cms\/la-laicita-al-festivaletteratura-mantova\/","name":"La laicit\u00e0 al Festivaletteratura di Mantova - Associazione Culturale Civilt\u00e0 Laica","isPartOf":{"@id":"https:\/\/www.civiltalaica.it\/cms\/#website"},"primaryImageOfPage":{"@id":"https:\/\/www.civiltalaica.it\/cms\/la-laicita-al-festivaletteratura-mantova\/#primaryimage"},"image":{"@id":"https:\/\/www.civiltalaica.it\/cms\/la-laicita-al-festivaletteratura-mantova\/#primaryimage"},"thumbnailUrl":"http:\/\/www.civiltalaica.it\/cms\/wp-content\/uploads\/2016\/09\/mantova-2016-779-1024x685.jpg","datePublished":"2016-09-13T19:45:13+00:00","dateModified":"2016-09-13T19:45:15+00:00","author":{"@id":"https:\/\/www.civiltalaica.it\/cms\/#\/schema\/person\/4efef56f866329a1e0943eb27336df1d"},"description":"Il Festival della letteratura di Mantova compie venti anni, oltre a portarli benissimo offre sempre molti incontri interessanti per le tematiche laiche.","breadcrumb":{"@id":"https:\/\/www.civiltalaica.it\/cms\/la-laicita-al-festivaletteratura-mantova\/#breadcrumb"},"inLanguage":"it-IT","potentialAction":[{"@type":"ReadAction","target":["https:\/\/www.civiltalaica.it\/cms\/la-laicita-al-festivaletteratura-mantova\/"]}]},{"@type":"ImageObject","inLanguage":"it-IT","@id":"https:\/\/www.civiltalaica.it\/cms\/la-laicita-al-festivaletteratura-mantova\/#primaryimage","url":"http:\/\/www.civiltalaica.it\/cms\/wp-content\/uploads\/2016\/09\/mantova-2016-779-1024x685.jpg","contentUrl":"http:\/\/www.civiltalaica.it\/cms\/wp-content\/uploads\/2016\/09\/mantova-2016-779-1024x685.jpg"},{"@type":"BreadcrumbList","@id":"https:\/\/www.civiltalaica.it\/cms\/la-laicita-al-festivaletteratura-mantova\/#breadcrumb","itemListElement":[{"@type":"ListItem","position":1,"name":"Home","item":"https:\/\/www.civiltalaica.it\/cms\/"},{"@type":"ListItem","position":2,"name":"La laicit\u00e0 al Festivaletteratura di Mantova"}]},{"@type":"WebSite","@id":"https:\/\/www.civiltalaica.it\/cms\/#website","url":"https:\/\/www.civiltalaica.it\/cms\/","name":"Associazione Culturale Civilt\u00e0 Laica","description":"Per un movimento culturale volto a difendere la Laicit\u00e0 dello Stato.","potentialAction":[{"@type":"SearchAction","target":{"@type":"EntryPoint","urlTemplate":"https:\/\/www.civiltalaica.it\/cms\/?s={search_term_string}"},"query-input":{"@type":"PropertyValueSpecification","valueRequired":true,"valueName":"search_term_string"}}],"inLanguage":"it-IT"},{"@type":"Person","@id":"https:\/\/www.civiltalaica.it\/cms\/#\/schema\/person\/4efef56f866329a1e0943eb27336df1d","name":"alexjc","url":"https:\/\/www.civiltalaica.it\/cms\/author\/alexjc\/"}]}},"_links":{"self":[{"href":"https:\/\/www.civiltalaica.it\/cms\/wp-json\/wp\/v2\/posts\/13799","targetHints":{"allow":["GET"]}}],"collection":[{"href":"https:\/\/www.civiltalaica.it\/cms\/wp-json\/wp\/v2\/posts"}],"about":[{"href":"https:\/\/www.civiltalaica.it\/cms\/wp-json\/wp\/v2\/types\/post"}],"author":[{"embeddable":true,"href":"https:\/\/www.civiltalaica.it\/cms\/wp-json\/wp\/v2\/users\/7"}],"replies":[{"embeddable":true,"href":"https:\/\/www.civiltalaica.it\/cms\/wp-json\/wp\/v2\/comments?post=13799"}],"version-history":[{"count":2,"href":"https:\/\/www.civiltalaica.it\/cms\/wp-json\/wp\/v2\/posts\/13799\/revisions"}],"predecessor-version":[{"id":13805,"href":"https:\/\/www.civiltalaica.it\/cms\/wp-json\/wp\/v2\/posts\/13799\/revisions\/13805"}],"wp:attachment":[{"href":"https:\/\/www.civiltalaica.it\/cms\/wp-json\/wp\/v2\/media?parent=13799"}],"wp:term":[{"taxonomy":"category","embeddable":true,"href":"https:\/\/www.civiltalaica.it\/cms\/wp-json\/wp\/v2\/categories?post=13799"},{"taxonomy":"post_tag","embeddable":true,"href":"https:\/\/www.civiltalaica.it\/cms\/wp-json\/wp\/v2\/tags?post=13799"}],"curies":[{"name":"wp","href":"https:\/\/api.w.org\/{rel}","templated":true}]}}