{"id":13783,"date":"2016-09-03T12:59:37","date_gmt":"2016-09-03T12:59:37","guid":{"rendered":"http:\/\/www.civiltalaica.it\/cms\/?p=13783"},"modified":"2016-09-03T12:59:38","modified_gmt":"2016-09-03T12:59:38","slug":"chiesa-cattolica-la-rompistati","status":"publish","type":"post","link":"https:\/\/www.civiltalaica.it\/cms\/chiesa-cattolica-la-rompistati\/","title":{"rendered":"Chiesa Cattolica: la RompiStati"},"content":{"rendered":"<p><a href=\"http:\/\/www.civiltalaica.it\/cms\/index.php\/chiesa-cattolica-la-rompistati.html\/attachment\/523\" rel=\"attachment wp-att-13784\"><img loading=\"lazy\" decoding=\"async\" class=\"alignleft  wp-image-13784\" src=\"http:\/\/www.civiltalaica.it\/cms\/wp-content\/uploads\/2016\/09\/523-1024x685.jpg\" alt=\"523\" width=\"576\" height=\"385\" srcset=\"https:\/\/www.civiltalaica.it\/cms\/wp-content\/uploads\/2016\/09\/523-1024x685.jpg 1024w, https:\/\/www.civiltalaica.it\/cms\/wp-content\/uploads\/2016\/09\/523-300x201.jpg 300w, https:\/\/www.civiltalaica.it\/cms\/wp-content\/uploads\/2016\/09\/523-768x514.jpg 768w, https:\/\/www.civiltalaica.it\/cms\/wp-content\/uploads\/2016\/09\/523-239x160.jpg 239w\" sizes=\"auto, (max-width: 576px) 100vw, 576px\" \/><\/a><\/p>\n<p>&nbsp;<\/p>\n<p><span style=\"font-family: 'Times New Roman', serif;\"><span style=\"font-size: medium;\">Era il profondo Medioevo, quando gli Stati europei odierni piantavano le loro radici nella Storia politica, economica e sociale. Quest&#8217; affermazione vale per tutti gli Stati tranne per due: l&#8217;Italia e i Paesi Bassi. Il colpevole ? In entrambi i casi la Chiesa Cattolica.<\/span><\/span><\/p>\n<p><span style=\"font-family: 'Times New Roman', serif;\"><span style=\"font-size: medium;\">Infatti, furono i Duchi della Borgogna a realizzare nel Secolo XV l&#8217;unificazione dei numerosi ducati, contee e signorie che fin da allora venivano indicati come i Paesi Bassi. Risult\u00f2 un&#8217; Unit\u00e0 Politica di media grandezza che comprendeva le attuali nazioni dell&#8217;Olanda, del Belgio e del Lussemburgo includendo anche territori nel nord dell&#8217; attuale Francia (Lille, Artois). L&#8217;insieme era un territorio economicamente molto prospero e scientificamente ed artisticamente molto all&#8217;avanguardia. L&#8217;unica macchia di discontinuit\u00e0 territoriale, che ci si piazzava di mezzo come un corpo estraneo (cio\u00e8 fra il ducato del Lussemburgo da una parte e il ducato del Brabante, la Contea di Namur e quella di Hainaut dall&#8217; altra) fu il Principato-Vescovato di Liegi !<\/span><\/span><\/p>\n<p><span style=\"font-family: 'Times New Roman', serif;\"><span style=\"font-size: medium;\">I Paesi Bassi passarono in questa stabile configurazione (per due secoli) dalle mani di Filippo il Buono a quelle di Carlo il Temerario, di Maria di Borgogna, di Massimiliano d&#8217;Austria, di Filippo il Bello e ultimamente a quelle di Carlo V, Sacro Romano Imperatore. <\/span><\/span><\/p>\n<p><span style=\"font-family: 'Times New Roman', serif;\"><span style=\"font-size: medium;\">Fu sotto il regno di quest&#8217;ultimo che scoppiarono nei Paesi Bassi le &#8211; pi\u00f9 che giustificate &#8211; rivolte contro gli abusi spirituali e materiali della Santa Romana Chiesa. Carlo Imperatore, nato e cresciuto nel territorio (Gand, Bruxelles) ed abilissimo uomo politico, riusc\u00ec a contenere la rivoluzione concedendo una certa libert\u00e0 d&#8217;espressione a coloro che protestavano contro gli abusi (chiamati appunto : i &#8220;protestanti&#8221;), salvando in questo modo soprattutto l&#8217;integrit\u00e0 del suo Possesso.<\/span><\/span><\/p>\n<p><span style=\"font-family: 'Times New Roman', serif;\"><span style=\"font-size: medium;\">Diversamente invece fece suo figlio e successore Filippo II, Re spagnolo catolicissimo e un vero pilaarbijter <sup>[1]<\/sup>; inabile, per il suo fondamentalismo religioso, a gestire la libert\u00e0 di culto concessa da suo padre, il grande Carlo V. Un tentativo di riconquista cattolica fin\u00ec per spaccare i Paesi Bassi nettamente in due parti (anno 1585). il Nord proclam\u00f2 la sua indipendenza dalla corona spagnola e difese con tenacia i valori di libert\u00e0 di culto e di pensiero.<\/span><\/span><\/p>\n<p><span style=\"font-family: 'Times New Roman', serif;\"><span style=\"font-size: medium;\">La storica linea di spaccatura \u00e8 tutt&#8217;ora il confine di Stato fra l&#8217;Olanda e il Belgio. <\/span><\/span><\/p>\n<p><span style=\"font-family: 'Times New Roman', serif;\"><span style=\"font-size: medium;\">Il Sud invece fin\u00ec sotto un&#8217; atroce persecuzione da parte dell&#8217; Inquisizione ispano-cattolica di ogni traccia di libero pensiero, provocando un vero maxi-esodo di artisti e scienziati fiamminghi verso il Nord libero (Amsterdam, Leida) dove avrebbero contribuito in seguito alla fioritura culturale settencentesca dell&#8217;Olanda (&#8220;Secolo d&#8217; Oro&#8221;), fra l&#8217;altro accogliendo le idee rivoluzionarie di Galileo Galilei e facendole stampare, quando in Italia venivano censurate dal Papato. Lasciandosi cos\u00ec alle spalle Paesi Bassi Meridionali culturalmente sempre pi\u00f9 arretrati ed economicamente ridotti ed impoveriti. <\/span><\/span><\/p>\n<p><span style=\"font-family: 'Times New Roman', serif;\"><span style=\"font-size: medium;\">Ecco l&#8217;Opera di distruzione di uno Stato prospero eseguita dalla Chiesa Cattolica.<\/span><\/span><\/p>\n<p><span style=\"font-family: 'Times New Roman', serif;\"><span style=\"font-size: medium;\">Ma non pensate che gli Zwartrokken <sup>[2]<\/sup> si limiteranno a questo, nella stessa zona il fenomeno si ripeter\u00e0 due secoli dopo.<\/span><\/span><\/p>\n<p><span style=\"font-family: 'Times New Roman', serif;\"><span style=\"font-size: medium;\"><b>Marc Simons<\/b><\/span><\/span><\/p>\n<p><a name=\"_GoBack\"><\/a><span style=\"font-family: 'Times New Roman', serif;\"><span style=\"font-size: medium;\">[1] chi morde sui pilastri (parolaccia fiamminga per ultra-cattolici) <\/span><\/span><\/p>\n<p><span style=\"font-family: 'Times New Roman', serif;\"><span style=\"font-size: medium;\">[2] sottane nere (parolaccia fiamminga per preti cattolici)<\/span><\/span><\/p>\n","protected":false},"excerpt":{"rendered":"<p>&nbsp; Era il profondo Medioevo, quando gli Stati europei odierni piantavano le loro radici nella Storia politica, economica e sociale. Quest&#8217; affermazione vale per tutti gli Stati tranne per due: l&#8217;Italia e i Paesi Bassi. Il colpevole ? In entrambi i casi la Chiesa Cattolica. Infatti, furono i Duchi della Borgogna a realizzare nel Secolo [&hellip;]<\/p>\n","protected":false},"author":7,"featured_media":0,"comment_status":"closed","ping_status":"closed","sticky":false,"template":"","format":"standard","meta":{"footnotes":""},"categories":[238,234],"tags":[1286,1599,6],"class_list":["post-13783","post","type-post","status-publish","format-standard","hentry","category-articoli","category-storia","tag-marc-simons","tag-paesi-bassi-chiesa-cattolica","tag-storia"],"yoast_head":"<!-- This site is optimized with the Yoast SEO plugin v27.1.1 - https:\/\/yoast.com\/product\/yoast-seo-wordpress\/ -->\n<title>Chiesa Cattolica: la RompiStati - Associazione Culturale Civilt\u00e0 Laica<\/title>\n<meta name=\"description\" content=\"Un po&#039; di storia fa sempre bene. Il contributo ci arriva dal nostro amico Marc Simons dal Belgio, per\u00f2 guardando all&#039;Olanda.\" \/>\n<meta name=\"robots\" content=\"index, follow, max-snippet:-1, max-image-preview:large, max-video-preview:-1\" \/>\n<link rel=\"canonical\" href=\"https:\/\/www.civiltalaica.it\/cms\/chiesa-cattolica-la-rompistati\/\" \/>\n<meta property=\"og:locale\" content=\"it_IT\" \/>\n<meta property=\"og:type\" content=\"article\" \/>\n<meta property=\"og:title\" content=\"Chiesa Cattolica: la RompiStati - Associazione Culturale Civilt\u00e0 Laica\" \/>\n<meta property=\"og:description\" content=\"Un po&#039; di storia fa sempre bene. Il contributo ci arriva dal nostro amico Marc Simons dal Belgio, per\u00f2 guardando all&#039;Olanda.\" \/>\n<meta property=\"og:url\" content=\"https:\/\/www.civiltalaica.it\/cms\/chiesa-cattolica-la-rompistati\/\" \/>\n<meta property=\"og:site_name\" content=\"Associazione Culturale Civilt\u00e0 Laica\" \/>\n<meta property=\"article:publisher\" content=\"https:\/\/www.facebook.com\/civiltalaica\" \/>\n<meta property=\"article:published_time\" content=\"2016-09-03T12:59:37+00:00\" \/>\n<meta property=\"article:modified_time\" content=\"2016-09-03T12:59:38+00:00\" \/>\n<meta property=\"og:image\" content=\"http:\/\/www.civiltalaica.it\/cms\/wp-content\/uploads\/2016\/09\/523-1024x685.jpg\" \/>\n<meta name=\"author\" content=\"alexjc\" \/>\n<meta name=\"twitter:card\" content=\"summary_large_image\" \/>\n<meta name=\"twitter:label1\" content=\"Scritto da\" \/>\n\t<meta name=\"twitter:data1\" content=\"alexjc\" \/>\n\t<meta name=\"twitter:label2\" content=\"Tempo di lettura stimato\" \/>\n\t<meta name=\"twitter:data2\" content=\"2 minuti\" \/>\n<script type=\"application\/ld+json\" class=\"yoast-schema-graph\">{\"@context\":\"https:\/\/schema.org\",\"@graph\":[{\"@type\":\"Article\",\"@id\":\"https:\/\/www.civiltalaica.it\/cms\/chiesa-cattolica-la-rompistati\/#article\",\"isPartOf\":{\"@id\":\"https:\/\/www.civiltalaica.it\/cms\/chiesa-cattolica-la-rompistati\/\"},\"author\":{\"name\":\"alexjc\",\"@id\":\"https:\/\/www.civiltalaica.it\/cms\/#\/schema\/person\/4efef56f866329a1e0943eb27336df1d\"},\"headline\":\"Chiesa Cattolica: la RompiStati\",\"datePublished\":\"2016-09-03T12:59:37+00:00\",\"dateModified\":\"2016-09-03T12:59:38+00:00\",\"mainEntityOfPage\":{\"@id\":\"https:\/\/www.civiltalaica.it\/cms\/chiesa-cattolica-la-rompistati\/\"},\"wordCount\":496,\"image\":{\"@id\":\"https:\/\/www.civiltalaica.it\/cms\/chiesa-cattolica-la-rompistati\/#primaryimage\"},\"thumbnailUrl\":\"http:\/\/www.civiltalaica.it\/cms\/wp-content\/uploads\/2016\/09\/523-1024x685.jpg\",\"keywords\":[\"marc simons\",\"paesi bassi chiesa cattolica\",\"Storia\"],\"articleSection\":[\"articoli\",\"storia\"],\"inLanguage\":\"it-IT\"},{\"@type\":\"WebPage\",\"@id\":\"https:\/\/www.civiltalaica.it\/cms\/chiesa-cattolica-la-rompistati\/\",\"url\":\"https:\/\/www.civiltalaica.it\/cms\/chiesa-cattolica-la-rompistati\/\",\"name\":\"Chiesa Cattolica: la RompiStati - Associazione Culturale Civilt\u00e0 Laica\",\"isPartOf\":{\"@id\":\"https:\/\/www.civiltalaica.it\/cms\/#website\"},\"primaryImageOfPage\":{\"@id\":\"https:\/\/www.civiltalaica.it\/cms\/chiesa-cattolica-la-rompistati\/#primaryimage\"},\"image\":{\"@id\":\"https:\/\/www.civiltalaica.it\/cms\/chiesa-cattolica-la-rompistati\/#primaryimage\"},\"thumbnailUrl\":\"http:\/\/www.civiltalaica.it\/cms\/wp-content\/uploads\/2016\/09\/523-1024x685.jpg\",\"datePublished\":\"2016-09-03T12:59:37+00:00\",\"dateModified\":\"2016-09-03T12:59:38+00:00\",\"author\":{\"@id\":\"https:\/\/www.civiltalaica.it\/cms\/#\/schema\/person\/4efef56f866329a1e0943eb27336df1d\"},\"description\":\"Un po' di storia fa sempre bene. Il contributo ci arriva dal nostro amico Marc Simons dal Belgio, per\u00f2 guardando all'Olanda.\",\"breadcrumb\":{\"@id\":\"https:\/\/www.civiltalaica.it\/cms\/chiesa-cattolica-la-rompistati\/#breadcrumb\"},\"inLanguage\":\"it-IT\",\"potentialAction\":[{\"@type\":\"ReadAction\",\"target\":[\"https:\/\/www.civiltalaica.it\/cms\/chiesa-cattolica-la-rompistati\/\"]}]},{\"@type\":\"ImageObject\",\"inLanguage\":\"it-IT\",\"@id\":\"https:\/\/www.civiltalaica.it\/cms\/chiesa-cattolica-la-rompistati\/#primaryimage\",\"url\":\"http:\/\/www.civiltalaica.it\/cms\/wp-content\/uploads\/2016\/09\/523-1024x685.jpg\",\"contentUrl\":\"http:\/\/www.civiltalaica.it\/cms\/wp-content\/uploads\/2016\/09\/523-1024x685.jpg\"},{\"@type\":\"BreadcrumbList\",\"@id\":\"https:\/\/www.civiltalaica.it\/cms\/chiesa-cattolica-la-rompistati\/#breadcrumb\",\"itemListElement\":[{\"@type\":\"ListItem\",\"position\":1,\"name\":\"Home\",\"item\":\"https:\/\/www.civiltalaica.it\/cms\/\"},{\"@type\":\"ListItem\",\"position\":2,\"name\":\"Chiesa Cattolica: la RompiStati\"}]},{\"@type\":\"WebSite\",\"@id\":\"https:\/\/www.civiltalaica.it\/cms\/#website\",\"url\":\"https:\/\/www.civiltalaica.it\/cms\/\",\"name\":\"Associazione Culturale Civilt\u00e0 Laica\",\"description\":\"Per un movimento culturale volto a difendere la Laicit\u00e0 dello Stato.\",\"potentialAction\":[{\"@type\":\"SearchAction\",\"target\":{\"@type\":\"EntryPoint\",\"urlTemplate\":\"https:\/\/www.civiltalaica.it\/cms\/?s={search_term_string}\"},\"query-input\":{\"@type\":\"PropertyValueSpecification\",\"valueRequired\":true,\"valueName\":\"search_term_string\"}}],\"inLanguage\":\"it-IT\"},{\"@type\":\"Person\",\"@id\":\"https:\/\/www.civiltalaica.it\/cms\/#\/schema\/person\/4efef56f866329a1e0943eb27336df1d\",\"name\":\"alexjc\",\"url\":\"https:\/\/www.civiltalaica.it\/cms\/author\/alexjc\/\"}]}<\/script>\n<!-- \/ Yoast SEO plugin. -->","yoast_head_json":{"title":"Chiesa Cattolica: la RompiStati - Associazione Culturale Civilt\u00e0 Laica","description":"Un po' di storia fa sempre bene. Il contributo ci arriva dal nostro amico Marc Simons dal Belgio, per\u00f2 guardando all'Olanda.","robots":{"index":"index","follow":"follow","max-snippet":"max-snippet:-1","max-image-preview":"max-image-preview:large","max-video-preview":"max-video-preview:-1"},"canonical":"https:\/\/www.civiltalaica.it\/cms\/chiesa-cattolica-la-rompistati\/","og_locale":"it_IT","og_type":"article","og_title":"Chiesa Cattolica: la RompiStati - Associazione Culturale Civilt\u00e0 Laica","og_description":"Un po' di storia fa sempre bene. Il contributo ci arriva dal nostro amico Marc Simons dal Belgio, per\u00f2 guardando all'Olanda.","og_url":"https:\/\/www.civiltalaica.it\/cms\/chiesa-cattolica-la-rompistati\/","og_site_name":"Associazione Culturale Civilt\u00e0 Laica","article_publisher":"https:\/\/www.facebook.com\/civiltalaica","article_published_time":"2016-09-03T12:59:37+00:00","article_modified_time":"2016-09-03T12:59:38+00:00","og_image":[{"url":"http:\/\/www.civiltalaica.it\/cms\/wp-content\/uploads\/2016\/09\/523-1024x685.jpg","type":"","width":"","height":""}],"author":"alexjc","twitter_card":"summary_large_image","twitter_misc":{"Scritto da":"alexjc","Tempo di lettura stimato":"2 minuti"},"schema":{"@context":"https:\/\/schema.org","@graph":[{"@type":"Article","@id":"https:\/\/www.civiltalaica.it\/cms\/chiesa-cattolica-la-rompistati\/#article","isPartOf":{"@id":"https:\/\/www.civiltalaica.it\/cms\/chiesa-cattolica-la-rompistati\/"},"author":{"name":"alexjc","@id":"https:\/\/www.civiltalaica.it\/cms\/#\/schema\/person\/4efef56f866329a1e0943eb27336df1d"},"headline":"Chiesa Cattolica: la RompiStati","datePublished":"2016-09-03T12:59:37+00:00","dateModified":"2016-09-03T12:59:38+00:00","mainEntityOfPage":{"@id":"https:\/\/www.civiltalaica.it\/cms\/chiesa-cattolica-la-rompistati\/"},"wordCount":496,"image":{"@id":"https:\/\/www.civiltalaica.it\/cms\/chiesa-cattolica-la-rompistati\/#primaryimage"},"thumbnailUrl":"http:\/\/www.civiltalaica.it\/cms\/wp-content\/uploads\/2016\/09\/523-1024x685.jpg","keywords":["marc simons","paesi bassi chiesa cattolica","Storia"],"articleSection":["articoli","storia"],"inLanguage":"it-IT"},{"@type":"WebPage","@id":"https:\/\/www.civiltalaica.it\/cms\/chiesa-cattolica-la-rompistati\/","url":"https:\/\/www.civiltalaica.it\/cms\/chiesa-cattolica-la-rompistati\/","name":"Chiesa Cattolica: la RompiStati - Associazione Culturale Civilt\u00e0 Laica","isPartOf":{"@id":"https:\/\/www.civiltalaica.it\/cms\/#website"},"primaryImageOfPage":{"@id":"https:\/\/www.civiltalaica.it\/cms\/chiesa-cattolica-la-rompistati\/#primaryimage"},"image":{"@id":"https:\/\/www.civiltalaica.it\/cms\/chiesa-cattolica-la-rompistati\/#primaryimage"},"thumbnailUrl":"http:\/\/www.civiltalaica.it\/cms\/wp-content\/uploads\/2016\/09\/523-1024x685.jpg","datePublished":"2016-09-03T12:59:37+00:00","dateModified":"2016-09-03T12:59:38+00:00","author":{"@id":"https:\/\/www.civiltalaica.it\/cms\/#\/schema\/person\/4efef56f866329a1e0943eb27336df1d"},"description":"Un po' di storia fa sempre bene. Il contributo ci arriva dal nostro amico Marc Simons dal Belgio, per\u00f2 guardando all'Olanda.","breadcrumb":{"@id":"https:\/\/www.civiltalaica.it\/cms\/chiesa-cattolica-la-rompistati\/#breadcrumb"},"inLanguage":"it-IT","potentialAction":[{"@type":"ReadAction","target":["https:\/\/www.civiltalaica.it\/cms\/chiesa-cattolica-la-rompistati\/"]}]},{"@type":"ImageObject","inLanguage":"it-IT","@id":"https:\/\/www.civiltalaica.it\/cms\/chiesa-cattolica-la-rompistati\/#primaryimage","url":"http:\/\/www.civiltalaica.it\/cms\/wp-content\/uploads\/2016\/09\/523-1024x685.jpg","contentUrl":"http:\/\/www.civiltalaica.it\/cms\/wp-content\/uploads\/2016\/09\/523-1024x685.jpg"},{"@type":"BreadcrumbList","@id":"https:\/\/www.civiltalaica.it\/cms\/chiesa-cattolica-la-rompistati\/#breadcrumb","itemListElement":[{"@type":"ListItem","position":1,"name":"Home","item":"https:\/\/www.civiltalaica.it\/cms\/"},{"@type":"ListItem","position":2,"name":"Chiesa Cattolica: la RompiStati"}]},{"@type":"WebSite","@id":"https:\/\/www.civiltalaica.it\/cms\/#website","url":"https:\/\/www.civiltalaica.it\/cms\/","name":"Associazione Culturale Civilt\u00e0 Laica","description":"Per un movimento culturale volto a difendere la Laicit\u00e0 dello Stato.","potentialAction":[{"@type":"SearchAction","target":{"@type":"EntryPoint","urlTemplate":"https:\/\/www.civiltalaica.it\/cms\/?s={search_term_string}"},"query-input":{"@type":"PropertyValueSpecification","valueRequired":true,"valueName":"search_term_string"}}],"inLanguage":"it-IT"},{"@type":"Person","@id":"https:\/\/www.civiltalaica.it\/cms\/#\/schema\/person\/4efef56f866329a1e0943eb27336df1d","name":"alexjc","url":"https:\/\/www.civiltalaica.it\/cms\/author\/alexjc\/"}]}},"_links":{"self":[{"href":"https:\/\/www.civiltalaica.it\/cms\/wp-json\/wp\/v2\/posts\/13783","targetHints":{"allow":["GET"]}}],"collection":[{"href":"https:\/\/www.civiltalaica.it\/cms\/wp-json\/wp\/v2\/posts"}],"about":[{"href":"https:\/\/www.civiltalaica.it\/cms\/wp-json\/wp\/v2\/types\/post"}],"author":[{"embeddable":true,"href":"https:\/\/www.civiltalaica.it\/cms\/wp-json\/wp\/v2\/users\/7"}],"replies":[{"embeddable":true,"href":"https:\/\/www.civiltalaica.it\/cms\/wp-json\/wp\/v2\/comments?post=13783"}],"version-history":[{"count":2,"href":"https:\/\/www.civiltalaica.it\/cms\/wp-json\/wp\/v2\/posts\/13783\/revisions"}],"predecessor-version":[{"id":13786,"href":"https:\/\/www.civiltalaica.it\/cms\/wp-json\/wp\/v2\/posts\/13783\/revisions\/13786"}],"wp:attachment":[{"href":"https:\/\/www.civiltalaica.it\/cms\/wp-json\/wp\/v2\/media?parent=13783"}],"wp:term":[{"taxonomy":"category","embeddable":true,"href":"https:\/\/www.civiltalaica.it\/cms\/wp-json\/wp\/v2\/categories?post=13783"},{"taxonomy":"post_tag","embeddable":true,"href":"https:\/\/www.civiltalaica.it\/cms\/wp-json\/wp\/v2\/tags?post=13783"}],"curies":[{"name":"wp","href":"https:\/\/api.w.org\/{rel}","templated":true}]}}