{"id":13550,"date":"2016-03-21T21:09:00","date_gmt":"2016-03-21T21:09:00","guid":{"rendered":"http:\/\/www.civiltalaica.it\/cms\/?p=13550"},"modified":"2016-03-21T21:09:01","modified_gmt":"2016-03-21T21:09:01","slug":"terni-horror-fest-siamo-gia-al-lavoro","status":"publish","type":"post","link":"https:\/\/www.civiltalaica.it\/cms\/terni-horror-fest-siamo-gia-al-lavoro\/","title":{"rendered":"Terni Horror Fest, siamo gi\u00e0 al lavoro"},"content":{"rendered":"<p><a href=\"http:\/\/www.civiltalaica.it\/cms\/index.php\/terni-horror-fest-siamo-gia-al-lavoro.html\/terni-horror_sfondo-bianco\" rel=\"attachment wp-att-13552\"><img loading=\"lazy\" decoding=\"async\" class=\"alignleft size-full wp-image-13552\" src=\"http:\/\/www.civiltalaica.it\/cms\/wp-content\/uploads\/2016\/03\/TERNI-HORROR_sfondo-bianco.jpg\" alt=\"TERNI-HORROR_sfondo-bianco\" width=\"463\" height=\"258\" srcset=\"https:\/\/www.civiltalaica.it\/cms\/wp-content\/uploads\/2016\/03\/TERNI-HORROR_sfondo-bianco.jpg 463w, https:\/\/www.civiltalaica.it\/cms\/wp-content\/uploads\/2016\/03\/TERNI-HORROR_sfondo-bianco-300x167.jpg 300w, https:\/\/www.civiltalaica.it\/cms\/wp-content\/uploads\/2016\/03\/TERNI-HORROR_sfondo-bianco-280x156.jpg 280w\" sizes=\"auto, (max-width: 463px) 100vw, 463px\" \/><\/a>Dopo la bellissima esperienza dello scorso anno, lo staff di Civilt\u00e0 Laica che ha realizzato l&#8217;edizione &#8220;ZERO&#8221; del Festival horror di Terni nel 2015 \u00e8 gi\u00e0 al lavoro per la nuova edizione del 2016.<\/p>\n<p>L&#8217;appuntamento \u00e8 sempre per il fine settimana di Halloween, ma gli appuntamenti saranno maggiori sia in termini numerici che di variet\u00e0. Quest&#8217;anno oltre agli spazi concessi gentilmente dal <a href=\"http:\/\/www.caos.museum\/en\/\">Caos Museum <\/a>un apporto fondamentale per la realizzazione del progetto viene da <a href=\"http:\/\/www.daliaedizioni.it\/\">Dalia Edizion<\/a>i che \u00e8 rimasta entusiasta del progetto lo scorso anno e quest&#8217;anno entra a pieno titolo nell&#8217;organizzazione.<\/p>\n<p>La prima novit\u00e0 gi\u00e0 certa \u00e8 che quest&#8217;anno all&#8217;Horror Fest \u00e8 collegato un Concorso Letterario il cui presidente della giuria \u00e8 niente di meno che <a href=\"https:\/\/it.wikipedia.org\/wiki\/Tullio_Dobner\">Tullio Dobner<\/a>, traduttore storico di Stephen King e di decine di altri autori americani. Dobner sar\u00e0 presente l&#8217;ultimo giorno del festival il 1 Novembre per la premiazione del concorso e per un&#8217;incontro su King e il genere horror.<\/p>\n<p>E poi, libri, film, cortometraggi, e una quantit\u00e0 di sorprese che aumenta di giorno in giorno!<\/p>\n<p><em>Stay tuned for more rock &#8216;n roll<\/em><\/p>\n","protected":false},"excerpt":{"rendered":"<p>Dopo la bellissima esperienza dello scorso anno, lo staff di Civilt\u00e0 Laica che ha realizzato l&#8217;edizione &#8220;ZERO&#8221; del Festival horror di Terni nel 2015 \u00e8 gi\u00e0 al lavoro per la nuova edizione del 2016. L&#8217;appuntamento \u00e8 sempre per il fine settimana di Halloween, ma gli appuntamenti saranno maggiori sia in termini numerici che di variet\u00e0. [&hellip;]<\/p>\n","protected":false},"author":7,"featured_media":0,"comment_status":"closed","ping_status":"closed","sticky":false,"template":"","format":"standard","meta":{"footnotes":""},"categories":[238,228],"tags":[10,1532,1449,1533,1534],"class_list":["post-13550","post","type-post","status-publish","format-standard","hentry","category-articoli","category-blog","tag-film","tag-horrror","tag-libri","tag-terni-horror-fest","tag-ternihorror"],"yoast_head":"<!-- This site is optimized with the Yoast SEO plugin v27.1.1 - https:\/\/yoast.com\/product\/yoast-seo-wordpress\/ -->\n<title>Terni Horror Fest, siamo gi\u00e0 al lavoro - Associazione Culturale Civilt\u00e0 Laica<\/title>\n<meta name=\"robots\" content=\"index, follow, max-snippet:-1, max-image-preview:large, max-video-preview:-1\" \/>\n<link rel=\"canonical\" href=\"https:\/\/www.civiltalaica.it\/cms\/terni-horror-fest-siamo-gia-al-lavoro\/\" \/>\n<meta property=\"og:locale\" content=\"it_IT\" \/>\n<meta property=\"og:type\" content=\"article\" \/>\n<meta property=\"og:title\" content=\"Terni Horror Fest, siamo gi\u00e0 al lavoro - Associazione Culturale Civilt\u00e0 Laica\" \/>\n<meta property=\"og:description\" content=\"Dopo la bellissima esperienza dello scorso anno, lo staff di Civilt\u00e0 Laica che ha realizzato l&#8217;edizione &#8220;ZERO&#8221; del Festival horror di Terni nel 2015 \u00e8 gi\u00e0 al lavoro per la nuova edizione del 2016. L&#8217;appuntamento \u00e8 sempre per il fine settimana di Halloween, ma gli appuntamenti saranno maggiori sia in termini numerici che di variet\u00e0. [&hellip;]\" \/>\n<meta property=\"og:url\" content=\"https:\/\/www.civiltalaica.it\/cms\/terni-horror-fest-siamo-gia-al-lavoro\/\" \/>\n<meta property=\"og:site_name\" content=\"Associazione Culturale Civilt\u00e0 Laica\" \/>\n<meta property=\"article:publisher\" content=\"https:\/\/www.facebook.com\/civiltalaica\" \/>\n<meta property=\"article:published_time\" content=\"2016-03-21T21:09:00+00:00\" \/>\n<meta property=\"article:modified_time\" content=\"2016-03-21T21:09:01+00:00\" \/>\n<meta property=\"og:image\" content=\"http:\/\/www.civiltalaica.it\/cms\/wp-content\/uploads\/2016\/03\/TERNI-HORROR_sfondo-bianco.jpg\" \/>\n<meta name=\"author\" content=\"alexjc\" \/>\n<meta name=\"twitter:card\" content=\"summary_large_image\" \/>\n<meta name=\"twitter:label1\" content=\"Scritto da\" \/>\n\t<meta name=\"twitter:data1\" content=\"alexjc\" \/>\n\t<meta name=\"twitter:label2\" content=\"Tempo di lettura stimato\" \/>\n\t<meta name=\"twitter:data2\" content=\"1 minuto\" \/>\n<script type=\"application\/ld+json\" class=\"yoast-schema-graph\">{\"@context\":\"https:\/\/schema.org\",\"@graph\":[{\"@type\":\"Article\",\"@id\":\"https:\/\/www.civiltalaica.it\/cms\/terni-horror-fest-siamo-gia-al-lavoro\/#article\",\"isPartOf\":{\"@id\":\"https:\/\/www.civiltalaica.it\/cms\/terni-horror-fest-siamo-gia-al-lavoro\/\"},\"author\":{\"name\":\"alexjc\",\"@id\":\"https:\/\/www.civiltalaica.it\/cms\/#\/schema\/person\/4efef56f866329a1e0943eb27336df1d\"},\"headline\":\"Terni Horror Fest, siamo gi\u00e0 al lavoro\",\"datePublished\":\"2016-03-21T21:09:00+00:00\",\"dateModified\":\"2016-03-21T21:09:01+00:00\",\"mainEntityOfPage\":{\"@id\":\"https:\/\/www.civiltalaica.it\/cms\/terni-horror-fest-siamo-gia-al-lavoro\/\"},\"wordCount\":176,\"image\":{\"@id\":\"https:\/\/www.civiltalaica.it\/cms\/terni-horror-fest-siamo-gia-al-lavoro\/#primaryimage\"},\"thumbnailUrl\":\"http:\/\/www.civiltalaica.it\/cms\/wp-content\/uploads\/2016\/03\/TERNI-HORROR_sfondo-bianco.jpg\",\"keywords\":[\"Film\",\"horrror\",\"Libri\",\"terni horror fest\",\"ternihorror\"],\"articleSection\":[\"articoli\",\"blog\"],\"inLanguage\":\"it-IT\"},{\"@type\":\"WebPage\",\"@id\":\"https:\/\/www.civiltalaica.it\/cms\/terni-horror-fest-siamo-gia-al-lavoro\/\",\"url\":\"https:\/\/www.civiltalaica.it\/cms\/terni-horror-fest-siamo-gia-al-lavoro\/\",\"name\":\"Terni Horror Fest, siamo gi\u00e0 al lavoro - Associazione Culturale Civilt\u00e0 Laica\",\"isPartOf\":{\"@id\":\"https:\/\/www.civiltalaica.it\/cms\/#website\"},\"primaryImageOfPage\":{\"@id\":\"https:\/\/www.civiltalaica.it\/cms\/terni-horror-fest-siamo-gia-al-lavoro\/#primaryimage\"},\"image\":{\"@id\":\"https:\/\/www.civiltalaica.it\/cms\/terni-horror-fest-siamo-gia-al-lavoro\/#primaryimage\"},\"thumbnailUrl\":\"http:\/\/www.civiltalaica.it\/cms\/wp-content\/uploads\/2016\/03\/TERNI-HORROR_sfondo-bianco.jpg\",\"datePublished\":\"2016-03-21T21:09:00+00:00\",\"dateModified\":\"2016-03-21T21:09:01+00:00\",\"author\":{\"@id\":\"https:\/\/www.civiltalaica.it\/cms\/#\/schema\/person\/4efef56f866329a1e0943eb27336df1d\"},\"breadcrumb\":{\"@id\":\"https:\/\/www.civiltalaica.it\/cms\/terni-horror-fest-siamo-gia-al-lavoro\/#breadcrumb\"},\"inLanguage\":\"it-IT\",\"potentialAction\":[{\"@type\":\"ReadAction\",\"target\":[\"https:\/\/www.civiltalaica.it\/cms\/terni-horror-fest-siamo-gia-al-lavoro\/\"]}]},{\"@type\":\"ImageObject\",\"inLanguage\":\"it-IT\",\"@id\":\"https:\/\/www.civiltalaica.it\/cms\/terni-horror-fest-siamo-gia-al-lavoro\/#primaryimage\",\"url\":\"http:\/\/www.civiltalaica.it\/cms\/wp-content\/uploads\/2016\/03\/TERNI-HORROR_sfondo-bianco.jpg\",\"contentUrl\":\"http:\/\/www.civiltalaica.it\/cms\/wp-content\/uploads\/2016\/03\/TERNI-HORROR_sfondo-bianco.jpg\"},{\"@type\":\"BreadcrumbList\",\"@id\":\"https:\/\/www.civiltalaica.it\/cms\/terni-horror-fest-siamo-gia-al-lavoro\/#breadcrumb\",\"itemListElement\":[{\"@type\":\"ListItem\",\"position\":1,\"name\":\"Home\",\"item\":\"https:\/\/www.civiltalaica.it\/cms\/\"},{\"@type\":\"ListItem\",\"position\":2,\"name\":\"Terni Horror Fest, siamo gi\u00e0 al lavoro\"}]},{\"@type\":\"WebSite\",\"@id\":\"https:\/\/www.civiltalaica.it\/cms\/#website\",\"url\":\"https:\/\/www.civiltalaica.it\/cms\/\",\"name\":\"Associazione Culturale Civilt\u00e0 Laica\",\"description\":\"Per un movimento culturale volto a difendere la Laicit\u00e0 dello Stato.\",\"potentialAction\":[{\"@type\":\"SearchAction\",\"target\":{\"@type\":\"EntryPoint\",\"urlTemplate\":\"https:\/\/www.civiltalaica.it\/cms\/?s={search_term_string}\"},\"query-input\":{\"@type\":\"PropertyValueSpecification\",\"valueRequired\":true,\"valueName\":\"search_term_string\"}}],\"inLanguage\":\"it-IT\"},{\"@type\":\"Person\",\"@id\":\"https:\/\/www.civiltalaica.it\/cms\/#\/schema\/person\/4efef56f866329a1e0943eb27336df1d\",\"name\":\"alexjc\",\"url\":\"https:\/\/www.civiltalaica.it\/cms\/author\/alexjc\/\"}]}<\/script>\n<!-- \/ Yoast SEO plugin. -->","yoast_head_json":{"title":"Terni Horror Fest, siamo gi\u00e0 al lavoro - Associazione Culturale Civilt\u00e0 Laica","robots":{"index":"index","follow":"follow","max-snippet":"max-snippet:-1","max-image-preview":"max-image-preview:large","max-video-preview":"max-video-preview:-1"},"canonical":"https:\/\/www.civiltalaica.it\/cms\/terni-horror-fest-siamo-gia-al-lavoro\/","og_locale":"it_IT","og_type":"article","og_title":"Terni Horror Fest, siamo gi\u00e0 al lavoro - Associazione Culturale Civilt\u00e0 Laica","og_description":"Dopo la bellissima esperienza dello scorso anno, lo staff di Civilt\u00e0 Laica che ha realizzato l&#8217;edizione &#8220;ZERO&#8221; del Festival horror di Terni nel 2015 \u00e8 gi\u00e0 al lavoro per la nuova edizione del 2016. L&#8217;appuntamento \u00e8 sempre per il fine settimana di Halloween, ma gli appuntamenti saranno maggiori sia in termini numerici che di variet\u00e0. [&hellip;]","og_url":"https:\/\/www.civiltalaica.it\/cms\/terni-horror-fest-siamo-gia-al-lavoro\/","og_site_name":"Associazione Culturale Civilt\u00e0 Laica","article_publisher":"https:\/\/www.facebook.com\/civiltalaica","article_published_time":"2016-03-21T21:09:00+00:00","article_modified_time":"2016-03-21T21:09:01+00:00","og_image":[{"url":"http:\/\/www.civiltalaica.it\/cms\/wp-content\/uploads\/2016\/03\/TERNI-HORROR_sfondo-bianco.jpg","type":"","width":"","height":""}],"author":"alexjc","twitter_card":"summary_large_image","twitter_misc":{"Scritto da":"alexjc","Tempo di lettura stimato":"1 minuto"},"schema":{"@context":"https:\/\/schema.org","@graph":[{"@type":"Article","@id":"https:\/\/www.civiltalaica.it\/cms\/terni-horror-fest-siamo-gia-al-lavoro\/#article","isPartOf":{"@id":"https:\/\/www.civiltalaica.it\/cms\/terni-horror-fest-siamo-gia-al-lavoro\/"},"author":{"name":"alexjc","@id":"https:\/\/www.civiltalaica.it\/cms\/#\/schema\/person\/4efef56f866329a1e0943eb27336df1d"},"headline":"Terni Horror Fest, siamo gi\u00e0 al lavoro","datePublished":"2016-03-21T21:09:00+00:00","dateModified":"2016-03-21T21:09:01+00:00","mainEntityOfPage":{"@id":"https:\/\/www.civiltalaica.it\/cms\/terni-horror-fest-siamo-gia-al-lavoro\/"},"wordCount":176,"image":{"@id":"https:\/\/www.civiltalaica.it\/cms\/terni-horror-fest-siamo-gia-al-lavoro\/#primaryimage"},"thumbnailUrl":"http:\/\/www.civiltalaica.it\/cms\/wp-content\/uploads\/2016\/03\/TERNI-HORROR_sfondo-bianco.jpg","keywords":["Film","horrror","Libri","terni horror fest","ternihorror"],"articleSection":["articoli","blog"],"inLanguage":"it-IT"},{"@type":"WebPage","@id":"https:\/\/www.civiltalaica.it\/cms\/terni-horror-fest-siamo-gia-al-lavoro\/","url":"https:\/\/www.civiltalaica.it\/cms\/terni-horror-fest-siamo-gia-al-lavoro\/","name":"Terni Horror Fest, siamo gi\u00e0 al lavoro - Associazione Culturale Civilt\u00e0 Laica","isPartOf":{"@id":"https:\/\/www.civiltalaica.it\/cms\/#website"},"primaryImageOfPage":{"@id":"https:\/\/www.civiltalaica.it\/cms\/terni-horror-fest-siamo-gia-al-lavoro\/#primaryimage"},"image":{"@id":"https:\/\/www.civiltalaica.it\/cms\/terni-horror-fest-siamo-gia-al-lavoro\/#primaryimage"},"thumbnailUrl":"http:\/\/www.civiltalaica.it\/cms\/wp-content\/uploads\/2016\/03\/TERNI-HORROR_sfondo-bianco.jpg","datePublished":"2016-03-21T21:09:00+00:00","dateModified":"2016-03-21T21:09:01+00:00","author":{"@id":"https:\/\/www.civiltalaica.it\/cms\/#\/schema\/person\/4efef56f866329a1e0943eb27336df1d"},"breadcrumb":{"@id":"https:\/\/www.civiltalaica.it\/cms\/terni-horror-fest-siamo-gia-al-lavoro\/#breadcrumb"},"inLanguage":"it-IT","potentialAction":[{"@type":"ReadAction","target":["https:\/\/www.civiltalaica.it\/cms\/terni-horror-fest-siamo-gia-al-lavoro\/"]}]},{"@type":"ImageObject","inLanguage":"it-IT","@id":"https:\/\/www.civiltalaica.it\/cms\/terni-horror-fest-siamo-gia-al-lavoro\/#primaryimage","url":"http:\/\/www.civiltalaica.it\/cms\/wp-content\/uploads\/2016\/03\/TERNI-HORROR_sfondo-bianco.jpg","contentUrl":"http:\/\/www.civiltalaica.it\/cms\/wp-content\/uploads\/2016\/03\/TERNI-HORROR_sfondo-bianco.jpg"},{"@type":"BreadcrumbList","@id":"https:\/\/www.civiltalaica.it\/cms\/terni-horror-fest-siamo-gia-al-lavoro\/#breadcrumb","itemListElement":[{"@type":"ListItem","position":1,"name":"Home","item":"https:\/\/www.civiltalaica.it\/cms\/"},{"@type":"ListItem","position":2,"name":"Terni Horror Fest, siamo gi\u00e0 al lavoro"}]},{"@type":"WebSite","@id":"https:\/\/www.civiltalaica.it\/cms\/#website","url":"https:\/\/www.civiltalaica.it\/cms\/","name":"Associazione Culturale Civilt\u00e0 Laica","description":"Per un movimento culturale volto a difendere la Laicit\u00e0 dello Stato.","potentialAction":[{"@type":"SearchAction","target":{"@type":"EntryPoint","urlTemplate":"https:\/\/www.civiltalaica.it\/cms\/?s={search_term_string}"},"query-input":{"@type":"PropertyValueSpecification","valueRequired":true,"valueName":"search_term_string"}}],"inLanguage":"it-IT"},{"@type":"Person","@id":"https:\/\/www.civiltalaica.it\/cms\/#\/schema\/person\/4efef56f866329a1e0943eb27336df1d","name":"alexjc","url":"https:\/\/www.civiltalaica.it\/cms\/author\/alexjc\/"}]}},"_links":{"self":[{"href":"https:\/\/www.civiltalaica.it\/cms\/wp-json\/wp\/v2\/posts\/13550","targetHints":{"allow":["GET"]}}],"collection":[{"href":"https:\/\/www.civiltalaica.it\/cms\/wp-json\/wp\/v2\/posts"}],"about":[{"href":"https:\/\/www.civiltalaica.it\/cms\/wp-json\/wp\/v2\/types\/post"}],"author":[{"embeddable":true,"href":"https:\/\/www.civiltalaica.it\/cms\/wp-json\/wp\/v2\/users\/7"}],"replies":[{"embeddable":true,"href":"https:\/\/www.civiltalaica.it\/cms\/wp-json\/wp\/v2\/comments?post=13550"}],"version-history":[{"count":0,"href":"https:\/\/www.civiltalaica.it\/cms\/wp-json\/wp\/v2\/posts\/13550\/revisions"}],"wp:attachment":[{"href":"https:\/\/www.civiltalaica.it\/cms\/wp-json\/wp\/v2\/media?parent=13550"}],"wp:term":[{"taxonomy":"category","embeddable":true,"href":"https:\/\/www.civiltalaica.it\/cms\/wp-json\/wp\/v2\/categories?post=13550"},{"taxonomy":"post_tag","embeddable":true,"href":"https:\/\/www.civiltalaica.it\/cms\/wp-json\/wp\/v2\/tags?post=13550"}],"curies":[{"name":"wp","href":"https:\/\/api.w.org\/{rel}","templated":true}]}}