{"id":13479,"date":"2016-02-13T13:13:51","date_gmt":"2016-02-13T13:13:51","guid":{"rendered":"http:\/\/www.civiltalaica.it\/cms\/?p=13479"},"modified":"2016-02-13T13:15:29","modified_gmt":"2016-02-13T13:15:29","slug":"monologo-dedicato-alla-scoperta-delle-onde-gravitazionali","status":"publish","type":"post","link":"https:\/\/www.civiltalaica.it\/cms\/monologo-dedicato-alla-scoperta-delle-onde-gravitazionali\/","title":{"rendered":"Monologo dedicato alla scoperta delle onde gravitazionali"},"content":{"rendered":"<p><a href=\"http:\/\/www.civiltalaica.it\/cms\/index.php\/monologo-dedicato-alla-scoperta-delle-onde-gravitazionali.html\/black-hole\" rel=\"attachment wp-att-13480\"><img loading=\"lazy\" decoding=\"async\" class=\"alignleft wp-image-13480\" src=\"http:\/\/www.civiltalaica.it\/cms\/wp-content\/uploads\/2016\/02\/black-hole.jpg\" alt=\"black hole\" width=\"825\" height=\"412\" srcset=\"https:\/\/www.civiltalaica.it\/cms\/wp-content\/uploads\/2016\/02\/black-hole.jpg 1003w, https:\/\/www.civiltalaica.it\/cms\/wp-content\/uploads\/2016\/02\/black-hole-300x150.jpg 300w, https:\/\/www.civiltalaica.it\/cms\/wp-content\/uploads\/2016\/02\/black-hole-768x384.jpg 768w, https:\/\/www.civiltalaica.it\/cms\/wp-content\/uploads\/2016\/02\/black-hole-280x140.jpg 280w\" sizes=\"auto, (max-width: 825px) 100vw, 825px\" \/><\/a>Proceder\u00f2 con ordine e calma interiore.<br \/>\n&#8211; 1,3 miliardi di anni fa, dopo un bel balletto a spirale, un buco nero (una cosa invisibile perch\u00e9 risucchia tutto, luce compresa) la cui massa era 29 volte quella del Sole si \u00e8 &#8220;fuso&#8221; con uno di 36 volte la massa solare. Tutto questo ha dato origine ad un bucone rotante di 62 masse solari. Ma 29+36=65, quindi che fine ha fatto la massa rimanente? \u00c8 stata convertita, in una frazione di secondo, in onde gravitazionali. Immaginando lo spazio-tempo come l&#8217;acqua di uno stagno, il processo \u00e8 stato simile alla formazione di increspature circolari sulla superficie a seguito della caduta di un sasso. Solo che stavolta il processo ha avuto un picco la cui potenza era 50 volte quella di tutte le stelle dell&#8217;Universo visibile.<br \/>\n&#8211; 100 anni fa, nel 1916, un sociopatico dall&#8217;aspetto simpatico e tutto sommato intelligente, tale Albert Einstein, pubblica una teoria all&#8217;apparenza astrusa ed insensata. Fra le altre cose, prevede che la luce possa essere influenzata dalla gravit\u00e0, spianando la strada verso la nascita dell&#8217;idea di buco nero. La teoria prevede inoltre l&#8217;esistenza di onde gravitazionali, capaci di deformare lo spazio-tempo. Non solo: le sue equazioni ne descrivono per bene il comportamento. Un po&#8217; come se io prevedessi che il lardo di Colonnata curer\u00e0 il cancro, e vi dicessi anche nello specifico in che modo. Io sono esperto di suini tanto quanto Einstein lo era di fisica, quindi secondo me dovreste fidarvi della mia previsione e basta. So per\u00f2 che non lo farete, e vorrete verificarlo, prima di regalarmi la gloria e la fama eterna. Anche i fisici non si fidarono di Albert. Grazie al cielo, la Scienza funziona cos\u00ec. Se per\u00f2 un consiglio lo volete accettare, il lardo \u00e8 tutta salute.<br \/>\n&#8211; Nei decenni successivi, le varie buffe previsioni di Einstein vengono tutte verificate, a parte sta cosa delle onde gravitazionali. Allora sono anni che ci fidiamo di Einstein senza avere un qualcosa di certo al 100%? Posto che nella Scienza le certezze non esistono, in realt\u00e0 quella teoria ci ha portato ai satelliti, ai cellulari, ai laser e a qualche fonte di energia (pure a una bomba, ma quella \u00e8 mica colpa di Albert&#8230;), quindi diciamo che era abbastanza affidabile. Il problema \u00e8 che le deformazioni da misurare per verificare le onde gravitazionali hanno dimensioni di frazioni di un atomo (frazioni minuscole di un atomo) e vanno misurate con strumenti enormi e complicatissimi.<br \/>\nSempre negli stessi decenni, gli scienziati provano a verificare l&#8217;esistenza dei buchi neri, e qualche metodo indiretto lo trovano pure. Ma dannazione, sono neri. E lo spazio pure. Si avanza l&#8217;idea che possano esistere dei buchi neri rotanti e anche sistemi di due (binari) o pi\u00f9 buchi. Ma indovinate un po&#8217;? Anche tutta sta roba \u00e8 nera.<br \/>\n&#8211; 32 anni fa, nel 1984, tali Rainer Weiss e Kip Thorne (quello che ha spiegato a Nolan come fare il buco nero di Interstellar e prendersi un premio Oscar per gli effetti speciali) decidono di fondare LIGO, un progetto per costruire due rivelatori di onde gravitazionali da 4 km di lato.<br \/>\n&#8211; 14 anni fa, nel 2002, si inizia a costruire queste due orecchie per mettersi all&#8217;ascolto del cosmo. Ci vorranno due anni per far partire la versione di prova degli aggeggi. LIGO verr\u00e0 poi spento per 7 anni, in modo che 1000 scienziati possano potenziarlo e dare vita ad Advanced LIGO.<br \/>\n&#8211; 5 mesi fa, il 14 settembre 2015, proprio nei giorni in cui si accendeva Advanced LIGO, le due orecchie hanno captato un segnale. Un&#8217;onda gravitazionale prodotta 1,3 miliardi di anni prima e che, proprio in quel momento, stiracchiava la Terra. Quando si dice il tempismo con la C maiuscola! Poich\u00e9, si diceva, nella Scienza fidarsi \u00e8 bene ma col cavolo che lo faccio, gli scienziati frenano gli entusiasmi e si analizzano per bene i dati per mesi, giorno e notte, prima di dire cose smentibili e fare figure barbine tipo dire che i neutrini sono pi\u00f9 veloci della luce mentre percorrono un tunnel sottovuoto che collega le orecchie di un ministro della Repubblica.<br \/>\n&#8211; Ieri, 11 febbraio 2016, durante una conferenza in diretta mondiale, 5 persone hanno mandato in visibilio migliaia di fisici nel mondo, facendo quelli che ce l&#8217;hanno pi\u00f9 lungo degli altri, l&#8217;interferometro. Ci sta, io sarei stato molto meno composto.<br \/>\nDunque, ricapitolando, in un colpo solo abbiamo:<br \/>\n1) l&#8217;esistenza provata delle onde gravitazionali;<br \/>\n2) la conferma sperimentale dei sistemi binari di buchi neri;<br \/>\n3) la conferma che i buchi neri possono fondersi;<br \/>\n4) la prova dell&#8217;esistenza dei buchi neri rotanti;<br \/>\n5) un tizio dalla barba improbabile che, dopo essersi preso un Oscar, si prender\u00e0 un Nobel.<br \/>\nOra, se davvero non cogliete la poesia di tutto ci\u00f2 e il motivo della nostra gioia, se davvero pensate che sia tutta un&#8217;inutile perdita di tempo e soldi (ma poi non avete nulla da ridire, ad esempio, sul cachet di Gabriel Garko a Sanremo o sullo stipendio di Cristiano Ronaldo), se davvero tutto ci\u00f2 che vi viene in mente non \u00e8 un &#8220;Poffarbacco che puffata puffosissima!&#8221; ma un &#8220;Ma a me cosa serve?&#8221;, beh, mi spiace davvero per voi.<br \/>\nLasciate per\u00f2 che sia io a farvi un paio di domande. A cosa serve la musica? A cosa serve lo sport in tv? E Masterchef? A cosa servono la letteratura e la lingua? In fondo non si viveva malaccio, quando si grugniva nelle savane centroafricane mangiando carne cruda.<br \/>\nComunque, la prossima volta che vi guarderete Interstellar grazie a un laser che legge un Blu-ray (e che funziona con l&#8217;energia elettrica proveniente dai reattori francesi) o al satellite di Sky, magari commentandolo con gli amici al cellulare, pensate gran parte di ci\u00f2 che avete deriva da quei fisici disadattati sociali che oggi festeggiano mentre voi li insultate perch\u00e9 bruciano i soldi che vorreste giocarvi sulla schedina del campionato.<br \/>\nAh, un&#8217;ultima cosa: quel luogo in cui fate i leoni da tastiera sputando giudizi, quella cosa che si chiama internet, ve l&#8217;hanno dato i fisici. E anche la tastiera. E il computer.<br \/>\nOra scusatemi, vado a stappare un&#8217;altra Tassoni e a continuare i festeggiamenti.<\/p>\n<p><strong>Luca Perri<\/strong><\/p>\n<p>&nbsp;<\/p>\n","protected":false},"excerpt":{"rendered":"<p>Proceder\u00f2 con ordine e calma interiore. &#8211; 1,3 miliardi di anni fa, dopo un bel balletto a spirale, un buco nero (una cosa invisibile perch\u00e9 risucchia tutto, luce compresa) la cui massa era 29 volte quella del Sole si \u00e8 &#8220;fuso&#8221; con uno di 36 volte la massa solare. Tutto questo ha dato origine ad [&hellip;]<\/p>\n","protected":false},"author":7,"featured_media":0,"comment_status":"closed","ping_status":"closed","sticky":false,"template":"","format":"standard","meta":{"footnotes":""},"categories":[238,233],"tags":[942,1521,1519,1520,14],"class_list":["post-13479","post","type-post","status-publish","format-standard","hentry","category-articoli","category-filosofia-2","tag-einstein","tag-gravita","tag-luca-perri","tag-onde-gravitazionali","tag-scienza"],"yoast_head":"<!-- This site is optimized with the Yoast SEO plugin v27.1.1 - https:\/\/yoast.com\/product\/yoast-seo-wordpress\/ -->\n<title>Monologo dedicato alla scoperta delle onde gravitazionali - Associazione Culturale Civilt\u00e0 Laica<\/title>\n<meta name=\"robots\" content=\"index, follow, max-snippet:-1, max-image-preview:large, max-video-preview:-1\" \/>\n<link rel=\"canonical\" href=\"https:\/\/www.civiltalaica.it\/cms\/monologo-dedicato-alla-scoperta-delle-onde-gravitazionali\/\" \/>\n<meta property=\"og:locale\" content=\"it_IT\" \/>\n<meta property=\"og:type\" content=\"article\" \/>\n<meta property=\"og:title\" content=\"Monologo dedicato alla scoperta delle onde gravitazionali - Associazione Culturale Civilt\u00e0 Laica\" \/>\n<meta property=\"og:description\" content=\"Proceder\u00f2 con ordine e calma interiore. &#8211; 1,3 miliardi di anni fa, dopo un bel balletto a spirale, un buco nero (una cosa invisibile perch\u00e9 risucchia tutto, luce compresa) la cui massa era 29 volte quella del Sole si \u00e8 &#8220;fuso&#8221; con uno di 36 volte la massa solare. Tutto questo ha dato origine ad [&hellip;]\" \/>\n<meta property=\"og:url\" content=\"https:\/\/www.civiltalaica.it\/cms\/monologo-dedicato-alla-scoperta-delle-onde-gravitazionali\/\" \/>\n<meta property=\"og:site_name\" content=\"Associazione Culturale Civilt\u00e0 Laica\" \/>\n<meta property=\"article:publisher\" content=\"https:\/\/www.facebook.com\/civiltalaica\" \/>\n<meta property=\"article:published_time\" content=\"2016-02-13T13:13:51+00:00\" \/>\n<meta property=\"article:modified_time\" content=\"2016-02-13T13:15:29+00:00\" \/>\n<meta property=\"og:image\" content=\"http:\/\/www.civiltalaica.it\/cms\/wp-content\/uploads\/2016\/02\/black-hole.jpg\" \/>\n<meta name=\"author\" content=\"alexjc\" \/>\n<meta name=\"twitter:card\" content=\"summary_large_image\" \/>\n<meta name=\"twitter:label1\" content=\"Scritto da\" \/>\n\t<meta name=\"twitter:data1\" content=\"alexjc\" \/>\n\t<meta name=\"twitter:label2\" content=\"Tempo di lettura stimato\" \/>\n\t<meta name=\"twitter:data2\" content=\"5 minuti\" \/>\n<script type=\"application\/ld+json\" class=\"yoast-schema-graph\">{\"@context\":\"https:\/\/schema.org\",\"@graph\":[{\"@type\":\"Article\",\"@id\":\"https:\/\/www.civiltalaica.it\/cms\/monologo-dedicato-alla-scoperta-delle-onde-gravitazionali\/#article\",\"isPartOf\":{\"@id\":\"https:\/\/www.civiltalaica.it\/cms\/monologo-dedicato-alla-scoperta-delle-onde-gravitazionali\/\"},\"author\":{\"name\":\"alexjc\",\"@id\":\"https:\/\/www.civiltalaica.it\/cms\/#\/schema\/person\/4efef56f866329a1e0943eb27336df1d\"},\"headline\":\"Monologo dedicato alla scoperta delle onde gravitazionali\",\"datePublished\":\"2016-02-13T13:13:51+00:00\",\"dateModified\":\"2016-02-13T13:15:29+00:00\",\"mainEntityOfPage\":{\"@id\":\"https:\/\/www.civiltalaica.it\/cms\/monologo-dedicato-alla-scoperta-delle-onde-gravitazionali\/\"},\"wordCount\":989,\"image\":{\"@id\":\"https:\/\/www.civiltalaica.it\/cms\/monologo-dedicato-alla-scoperta-delle-onde-gravitazionali\/#primaryimage\"},\"thumbnailUrl\":\"http:\/\/www.civiltalaica.it\/cms\/wp-content\/uploads\/2016\/02\/black-hole.jpg\",\"keywords\":[\"Einstein\",\"gravit\u00e0\",\"luca perri\",\"onde gravitazionali\",\"Scienza\"],\"articleSection\":[\"articoli\",\"filosofia e scienza\"],\"inLanguage\":\"it-IT\"},{\"@type\":\"WebPage\",\"@id\":\"https:\/\/www.civiltalaica.it\/cms\/monologo-dedicato-alla-scoperta-delle-onde-gravitazionali\/\",\"url\":\"https:\/\/www.civiltalaica.it\/cms\/monologo-dedicato-alla-scoperta-delle-onde-gravitazionali\/\",\"name\":\"Monologo dedicato alla scoperta delle onde gravitazionali - Associazione Culturale Civilt\u00e0 Laica\",\"isPartOf\":{\"@id\":\"https:\/\/www.civiltalaica.it\/cms\/#website\"},\"primaryImageOfPage\":{\"@id\":\"https:\/\/www.civiltalaica.it\/cms\/monologo-dedicato-alla-scoperta-delle-onde-gravitazionali\/#primaryimage\"},\"image\":{\"@id\":\"https:\/\/www.civiltalaica.it\/cms\/monologo-dedicato-alla-scoperta-delle-onde-gravitazionali\/#primaryimage\"},\"thumbnailUrl\":\"http:\/\/www.civiltalaica.it\/cms\/wp-content\/uploads\/2016\/02\/black-hole.jpg\",\"datePublished\":\"2016-02-13T13:13:51+00:00\",\"dateModified\":\"2016-02-13T13:15:29+00:00\",\"author\":{\"@id\":\"https:\/\/www.civiltalaica.it\/cms\/#\/schema\/person\/4efef56f866329a1e0943eb27336df1d\"},\"breadcrumb\":{\"@id\":\"https:\/\/www.civiltalaica.it\/cms\/monologo-dedicato-alla-scoperta-delle-onde-gravitazionali\/#breadcrumb\"},\"inLanguage\":\"it-IT\",\"potentialAction\":[{\"@type\":\"ReadAction\",\"target\":[\"https:\/\/www.civiltalaica.it\/cms\/monologo-dedicato-alla-scoperta-delle-onde-gravitazionali\/\"]}]},{\"@type\":\"ImageObject\",\"inLanguage\":\"it-IT\",\"@id\":\"https:\/\/www.civiltalaica.it\/cms\/monologo-dedicato-alla-scoperta-delle-onde-gravitazionali\/#primaryimage\",\"url\":\"http:\/\/www.civiltalaica.it\/cms\/wp-content\/uploads\/2016\/02\/black-hole.jpg\",\"contentUrl\":\"http:\/\/www.civiltalaica.it\/cms\/wp-content\/uploads\/2016\/02\/black-hole.jpg\"},{\"@type\":\"BreadcrumbList\",\"@id\":\"https:\/\/www.civiltalaica.it\/cms\/monologo-dedicato-alla-scoperta-delle-onde-gravitazionali\/#breadcrumb\",\"itemListElement\":[{\"@type\":\"ListItem\",\"position\":1,\"name\":\"Home\",\"item\":\"https:\/\/www.civiltalaica.it\/cms\/\"},{\"@type\":\"ListItem\",\"position\":2,\"name\":\"Monologo dedicato alla scoperta delle onde gravitazionali\"}]},{\"@type\":\"WebSite\",\"@id\":\"https:\/\/www.civiltalaica.it\/cms\/#website\",\"url\":\"https:\/\/www.civiltalaica.it\/cms\/\",\"name\":\"Associazione Culturale Civilt\u00e0 Laica\",\"description\":\"Per un movimento culturale volto a difendere la Laicit\u00e0 dello Stato.\",\"potentialAction\":[{\"@type\":\"SearchAction\",\"target\":{\"@type\":\"EntryPoint\",\"urlTemplate\":\"https:\/\/www.civiltalaica.it\/cms\/?s={search_term_string}\"},\"query-input\":{\"@type\":\"PropertyValueSpecification\",\"valueRequired\":true,\"valueName\":\"search_term_string\"}}],\"inLanguage\":\"it-IT\"},{\"@type\":\"Person\",\"@id\":\"https:\/\/www.civiltalaica.it\/cms\/#\/schema\/person\/4efef56f866329a1e0943eb27336df1d\",\"name\":\"alexjc\",\"url\":\"https:\/\/www.civiltalaica.it\/cms\/author\/alexjc\/\"}]}<\/script>\n<!-- \/ Yoast SEO plugin. -->","yoast_head_json":{"title":"Monologo dedicato alla scoperta delle onde gravitazionali - Associazione Culturale Civilt\u00e0 Laica","robots":{"index":"index","follow":"follow","max-snippet":"max-snippet:-1","max-image-preview":"max-image-preview:large","max-video-preview":"max-video-preview:-1"},"canonical":"https:\/\/www.civiltalaica.it\/cms\/monologo-dedicato-alla-scoperta-delle-onde-gravitazionali\/","og_locale":"it_IT","og_type":"article","og_title":"Monologo dedicato alla scoperta delle onde gravitazionali - Associazione Culturale Civilt\u00e0 Laica","og_description":"Proceder\u00f2 con ordine e calma interiore. &#8211; 1,3 miliardi di anni fa, dopo un bel balletto a spirale, un buco nero (una cosa invisibile perch\u00e9 risucchia tutto, luce compresa) la cui massa era 29 volte quella del Sole si \u00e8 &#8220;fuso&#8221; con uno di 36 volte la massa solare. Tutto questo ha dato origine ad [&hellip;]","og_url":"https:\/\/www.civiltalaica.it\/cms\/monologo-dedicato-alla-scoperta-delle-onde-gravitazionali\/","og_site_name":"Associazione Culturale Civilt\u00e0 Laica","article_publisher":"https:\/\/www.facebook.com\/civiltalaica","article_published_time":"2016-02-13T13:13:51+00:00","article_modified_time":"2016-02-13T13:15:29+00:00","og_image":[{"url":"http:\/\/www.civiltalaica.it\/cms\/wp-content\/uploads\/2016\/02\/black-hole.jpg","type":"","width":"","height":""}],"author":"alexjc","twitter_card":"summary_large_image","twitter_misc":{"Scritto da":"alexjc","Tempo di lettura stimato":"5 minuti"},"schema":{"@context":"https:\/\/schema.org","@graph":[{"@type":"Article","@id":"https:\/\/www.civiltalaica.it\/cms\/monologo-dedicato-alla-scoperta-delle-onde-gravitazionali\/#article","isPartOf":{"@id":"https:\/\/www.civiltalaica.it\/cms\/monologo-dedicato-alla-scoperta-delle-onde-gravitazionali\/"},"author":{"name":"alexjc","@id":"https:\/\/www.civiltalaica.it\/cms\/#\/schema\/person\/4efef56f866329a1e0943eb27336df1d"},"headline":"Monologo dedicato alla scoperta delle onde gravitazionali","datePublished":"2016-02-13T13:13:51+00:00","dateModified":"2016-02-13T13:15:29+00:00","mainEntityOfPage":{"@id":"https:\/\/www.civiltalaica.it\/cms\/monologo-dedicato-alla-scoperta-delle-onde-gravitazionali\/"},"wordCount":989,"image":{"@id":"https:\/\/www.civiltalaica.it\/cms\/monologo-dedicato-alla-scoperta-delle-onde-gravitazionali\/#primaryimage"},"thumbnailUrl":"http:\/\/www.civiltalaica.it\/cms\/wp-content\/uploads\/2016\/02\/black-hole.jpg","keywords":["Einstein","gravit\u00e0","luca perri","onde gravitazionali","Scienza"],"articleSection":["articoli","filosofia e scienza"],"inLanguage":"it-IT"},{"@type":"WebPage","@id":"https:\/\/www.civiltalaica.it\/cms\/monologo-dedicato-alla-scoperta-delle-onde-gravitazionali\/","url":"https:\/\/www.civiltalaica.it\/cms\/monologo-dedicato-alla-scoperta-delle-onde-gravitazionali\/","name":"Monologo dedicato alla scoperta delle onde gravitazionali - Associazione Culturale Civilt\u00e0 Laica","isPartOf":{"@id":"https:\/\/www.civiltalaica.it\/cms\/#website"},"primaryImageOfPage":{"@id":"https:\/\/www.civiltalaica.it\/cms\/monologo-dedicato-alla-scoperta-delle-onde-gravitazionali\/#primaryimage"},"image":{"@id":"https:\/\/www.civiltalaica.it\/cms\/monologo-dedicato-alla-scoperta-delle-onde-gravitazionali\/#primaryimage"},"thumbnailUrl":"http:\/\/www.civiltalaica.it\/cms\/wp-content\/uploads\/2016\/02\/black-hole.jpg","datePublished":"2016-02-13T13:13:51+00:00","dateModified":"2016-02-13T13:15:29+00:00","author":{"@id":"https:\/\/www.civiltalaica.it\/cms\/#\/schema\/person\/4efef56f866329a1e0943eb27336df1d"},"breadcrumb":{"@id":"https:\/\/www.civiltalaica.it\/cms\/monologo-dedicato-alla-scoperta-delle-onde-gravitazionali\/#breadcrumb"},"inLanguage":"it-IT","potentialAction":[{"@type":"ReadAction","target":["https:\/\/www.civiltalaica.it\/cms\/monologo-dedicato-alla-scoperta-delle-onde-gravitazionali\/"]}]},{"@type":"ImageObject","inLanguage":"it-IT","@id":"https:\/\/www.civiltalaica.it\/cms\/monologo-dedicato-alla-scoperta-delle-onde-gravitazionali\/#primaryimage","url":"http:\/\/www.civiltalaica.it\/cms\/wp-content\/uploads\/2016\/02\/black-hole.jpg","contentUrl":"http:\/\/www.civiltalaica.it\/cms\/wp-content\/uploads\/2016\/02\/black-hole.jpg"},{"@type":"BreadcrumbList","@id":"https:\/\/www.civiltalaica.it\/cms\/monologo-dedicato-alla-scoperta-delle-onde-gravitazionali\/#breadcrumb","itemListElement":[{"@type":"ListItem","position":1,"name":"Home","item":"https:\/\/www.civiltalaica.it\/cms\/"},{"@type":"ListItem","position":2,"name":"Monologo dedicato alla scoperta delle onde gravitazionali"}]},{"@type":"WebSite","@id":"https:\/\/www.civiltalaica.it\/cms\/#website","url":"https:\/\/www.civiltalaica.it\/cms\/","name":"Associazione Culturale Civilt\u00e0 Laica","description":"Per un movimento culturale volto a difendere la Laicit\u00e0 dello Stato.","potentialAction":[{"@type":"SearchAction","target":{"@type":"EntryPoint","urlTemplate":"https:\/\/www.civiltalaica.it\/cms\/?s={search_term_string}"},"query-input":{"@type":"PropertyValueSpecification","valueRequired":true,"valueName":"search_term_string"}}],"inLanguage":"it-IT"},{"@type":"Person","@id":"https:\/\/www.civiltalaica.it\/cms\/#\/schema\/person\/4efef56f866329a1e0943eb27336df1d","name":"alexjc","url":"https:\/\/www.civiltalaica.it\/cms\/author\/alexjc\/"}]}},"_links":{"self":[{"href":"https:\/\/www.civiltalaica.it\/cms\/wp-json\/wp\/v2\/posts\/13479","targetHints":{"allow":["GET"]}}],"collection":[{"href":"https:\/\/www.civiltalaica.it\/cms\/wp-json\/wp\/v2\/posts"}],"about":[{"href":"https:\/\/www.civiltalaica.it\/cms\/wp-json\/wp\/v2\/types\/post"}],"author":[{"embeddable":true,"href":"https:\/\/www.civiltalaica.it\/cms\/wp-json\/wp\/v2\/users\/7"}],"replies":[{"embeddable":true,"href":"https:\/\/www.civiltalaica.it\/cms\/wp-json\/wp\/v2\/comments?post=13479"}],"version-history":[{"count":0,"href":"https:\/\/www.civiltalaica.it\/cms\/wp-json\/wp\/v2\/posts\/13479\/revisions"}],"wp:attachment":[{"href":"https:\/\/www.civiltalaica.it\/cms\/wp-json\/wp\/v2\/media?parent=13479"}],"wp:term":[{"taxonomy":"category","embeddable":true,"href":"https:\/\/www.civiltalaica.it\/cms\/wp-json\/wp\/v2\/categories?post=13479"},{"taxonomy":"post_tag","embeddable":true,"href":"https:\/\/www.civiltalaica.it\/cms\/wp-json\/wp\/v2\/tags?post=13479"}],"curies":[{"name":"wp","href":"https:\/\/api.w.org\/{rel}","templated":true}]}}