{"id":13470,"date":"2016-02-09T21:24:11","date_gmt":"2016-02-09T21:24:11","guid":{"rendered":"http:\/\/www.civiltalaica.it\/cms\/?p=13470"},"modified":"2016-02-09T21:24:11","modified_gmt":"2016-02-09T21:24:11","slug":"cinque-bufale-su-darwin","status":"publish","type":"post","link":"https:\/\/www.civiltalaica.it\/cms\/cinque-bufale-su-darwin\/","title":{"rendered":"Cinque bufale su Darwin"},"content":{"rendered":"<p>&nbsp;<\/p>\n<p><a href=\"http:\/\/www.civiltalaica.it\/cms\/index.php\/cinque-bufale-su-darwin.html\/berlino2014-132-2\" rel=\"attachment wp-att-13471\"><img loading=\"lazy\" decoding=\"async\" class=\"alignleft  wp-image-13471\" src=\"http:\/\/www.civiltalaica.it\/cms\/wp-content\/uploads\/2016\/02\/BERLINO2014-132-1024x685.jpg\" alt=\"BERLINO2014 132\" width=\"703\" height=\"470\" srcset=\"https:\/\/www.civiltalaica.it\/cms\/wp-content\/uploads\/2016\/02\/BERLINO2014-132-1024x685.jpg 1024w, https:\/\/www.civiltalaica.it\/cms\/wp-content\/uploads\/2016\/02\/BERLINO2014-132-300x201.jpg 300w, https:\/\/www.civiltalaica.it\/cms\/wp-content\/uploads\/2016\/02\/BERLINO2014-132-768x514.jpg 768w, https:\/\/www.civiltalaica.it\/cms\/wp-content\/uploads\/2016\/02\/BERLINO2014-132-239x160.jpg 239w\" sizes=\"auto, (max-width: 703px) 100vw, 703px\" \/><\/a><\/p>\n<p>Il prossimo <strong>12 febbraio<\/strong> sar\u00e0 il <strong>duecentosettesimo anniversario<\/strong>della nascita di<strong> Charles Darwin<\/strong>. Come ogni anno in tutto il mondo<a href=\"http:\/\/pikaia.eu\/darwin-day-2016-in-tutta-italia\/\" target=\"_blank\">sono in preparazione\u00a0i<strong> Darwin Day<\/strong><\/a>, cio\u00e8 eventi di divulgazione dedicati alla teoria scientifica che spiega la diversit\u00e0 dei viventi e\u00a0allo scienziato che, assieme a <strong>Alfred Russell Wallace<\/strong>,\u00a0per primo ce l\u2019ha fatta conoscere. Dopo aver parlato degli <a href=\"http:\/\/www.wired.it\/scienza\/2014\/02\/07\/migliori-bufale-evoluzione\/\" target=\"_blank\">errori pi\u00f9 diffusi sull\u2019evoluzione<\/a>\u00a0e delle <a href=\"http:\/\/www.wired.it\/scienza\/ecologia\/2015\/02\/06\/5-bufale-creazionisti\/\" target=\"_blank\">bufale pi\u00f9 amate dai creazionisti<\/a>\u00a0quest\u2019anno sfatiamo qualche mito su <strong>Charles Darwin<\/strong> in persona e sulla sua famiglia.<\/p>\n<p><strong>1. Tutto merito delle Gal\u00e1pagos<\/p>\n<p><\/strong>Di tutti i luoghi che <strong>Darwin<\/strong> ha visitato\u00a0tra il <strong>1831<\/strong> e il <strong>1836<\/strong> durante la spedizione del brigantino <strong>H.M.S. Beagle<\/strong>, l\u2019arcipelago delle\u00a0<strong>Gal\u00e1pagos<\/strong> \u00e8 indubbiamente \u00e8 quello che \u00e8 rimasto pi\u00f9 legato al suo nome. Moltissimi libri, di testo e divulgativi, indugiano sui\u00a0famosi <em>fringuelli<\/em> di Darwin (che in realt\u00e0 non sono fringuelli ma <strong>Traupidi<\/strong>), sulle tartarughe\u00a0giganti che oggi sono un simbolo della conservazione (anche se Darwin se le mangiava) e sulle stupefacenti iguane marine, che per\u00f2 il giovane naturalista trovava piuttosto ripugnanti.<\/p>\n<p>Queste isole sono tuttora un luogo straordinario, e leggendo Darwin \u00e8 chiaro che avevano <strong>attirato la sua attenzione<\/strong>, ma \u00e8 sbagliato implicare\u00a0che all\u2019arcipelago Darwin sia stato per cos\u00ec dire <em>folgorato sulla via Damasco<\/em>, comprendendo\u00a0improvvisamente che le specie cambiavano e come succedeva.<br \/>\nNon \u00e8 un caso che la <strong>genesi ventennale della teoria di Darwin<\/strong> sia stata definita \u201c<a href=\"http:\/\/pikaia.eu\/un-lungo-ragionamento\/\" target=\"_blank\"><em>un lungo ragionamento<\/em><\/a>\u201c, e infatti fu solo dopo essere tornato che lo scienziato cominci\u00f2, per cos\u00ec dire, a <strong>unire i puntini<\/strong>.\u00a0A dirla tutta, Darwin alle<strong>Gal\u00e1pagos<\/strong>\u00a0inizialmente era stato pi\u00f9 colpito dalle differenze tra i\u00a0<strong>tordi beffeggiatori<\/strong> (o mimi) che dagli uccelli che\u00a0<a href=\"http:\/\/media.pearsonitalia.it\/0.535303_1408436393.pdf\" target=\"_blank\">ora sono ricordati come i <em>suoi<\/em> fringuelli<\/a>, e di questi ultimi sbagli\u00f2 anche la classificazione.\u00a0Fu solo dopo che il celebre\u00a0ornitologo <strong>John Gould\u00a0<\/strong>stabil\u00ec<strong>\u00a0<\/strong>che Darwin aveva campionato <strong>13 specie<\/strong> di un\u2019<strong>unica famiglia<\/strong> che lo scienziato cominci\u00f2\u00a0a vedere una possibile conferma delle\u00a0idee evolutive che stava cuocendo a fuoco lento\u2026<\/p>\n<p><strong><br \/>\n2. Emma Darwin, la moglie bigotta del genio<br \/>\n<\/strong><br \/>\nSe non ci fossero state le Gal\u00e1pagos, Darwin avrebbe comunque sconvolto il mondo con la sua <strong>teoria<\/strong>,\u00a0ma avrebbe potuto farlo senza la sua <strong>famiglia<\/strong> e gli <strong>amici eccezionali<\/strong> di cui si era circondato?\u00a0Per il fondamentale viaggio sul<strong>Beagle<\/strong>, per esempio,\u00a0dobbiamo ringraziare suo\u00a0zio <strong>Josiah Wedgwood II<\/strong>, mentre la\u00a0persona pi\u00f9 importante della vita di Darwin \u00e8 stata senza dubbio la moglie, <strong>Emma Wedgwood Darwin<\/strong>. Di lei si ricorda sempre\u00a0quanto fosse\u00a0<strong>fortemente credente<\/strong> e che, per questo, era\u00a0piuttosto preoccupata per le <strong>idee del marito<\/strong>.<\/p>\n<p>Sembrerebbe quindi che,\u00a0dal punto di vista scientifico, il genio di\u00a0Darwin fosse limitato dalle paure di una moglie bigotta. La realt\u00e0 non potrebbe essere pi\u00f9 diversa e si trova raccontata nel libro <em><a href=\"http:\/\/www.emmadarwin.it\/emma_wedgwood_darwin\/Home.html\" target=\"_blank\">Emma Wedgwood Darwin<\/a><\/em> di <strong>Chiara Ceci<\/strong>(Sironi, 2013).\u00a0Per cominciare Emma, come tutte le Wedgwood, aveva potuto contare su un\u2019<strong>educazione di altissimo livello<\/strong>, normalmente inaccessibile alle donne in quei tempi. Si trattava quindi di una persona di<strong>enorme cultura<\/strong>, che per Darwin fu una <strong>compagna di vita<\/strong>, anche dal punto di vista intellettuale. Emma non seppe solo creare intorno al marito la <strong>tranquillit\u00e0<\/strong> che gli era necessaria per completare i suoi studi, ma era anche una delle prime persone a cui Darwin faceva leggere i suoi <strong>manoscritti<\/strong>, dei quali curava anche le <strong>traduzioni<\/strong>\u00a0grazie alla sua grande conoscenza delle lingue.<\/p>\n<p>S\u00ec, <strong>Emma era credente<\/strong> e, con la morte della <strong>sorella Fanny<\/strong> e della<strong>figlioletta Annie<\/strong>, aveva trovato un grande conforto nella convinzione che esistesse <strong>una vita dopo la morte<\/strong>. Bisogna per\u00f2 specificare che tutti i Wedgwood erano<a href=\"https:\/\/en.wikipedia.org\/wiki\/Unitarianism\" target=\"_blank\"><strong>unitariani<\/strong><\/a>,\u00a0quindi non solo consideravano la <strong>razionalit\u00e0<\/strong> e le <strong>scienze<\/strong> complementari alla fede, ma\u00a0erano<strong>essenzialmente laici<\/strong>. Emma, come si evince chiaramente da una <a href=\"http:\/\/www.lettersofnote.com\/2011\/08\/many-times-i-have-kissed-and-cryed-over.html\" target=\"_blank\">lettera\u00a0del <strong>1839<\/strong><\/a>, non temeva tanto l\u2019effetto che avrebbero avuto i libri del marito sulla societ\u00e0, ma piuttosto le ripercussioni sulla loro <strong>famiglia<\/strong>:<\/p>\n<blockquote><p>\u201cSento che finch\u00e9 tu agisci con coscienza e cerchi con desiderio sincero di trovare la verit\u00e0, non puoi essere nell\u2019errore. [\u2026] Ma quello che riguarda te riguarda anche me, e sarei disperata se pensassi che tu e io non possiamo appartenerci per l\u2019eternit\u00e0\u201d<\/p><\/blockquote>\n<p><strong>Charles Darwin<\/strong> aggiunse una nota alla lettera, e la conserv\u00f2 sempre con s\u00e9 fino a consumarne i bordi:<\/p>\n<blockquote><p>\u201cQuando sar\u00f2 morto, sappi che molte volte ho baciato e pianto su questa tua lettera\u201d<\/p><\/blockquote>\n<p><strong>3. Marx voleva dedicare<em> Il Capitale<\/em> a Darwin<\/strong><\/p>\n<p>I creazionisti adorano\u00a0la bufala\u00a0secondo cui <strong>Karl Marx<\/strong> avrebbe voluto dedicare il suo libro pi\u00f9 famoso al <strong>naturalista inglese<\/strong>. Per loro, sarebbe uno dei tanti <strong>fili rossi<\/strong> che collegano la teoria dell\u2019evoluzione a un\u2019<strong>ideologia politica<\/strong>. Per altri, la dedica proposta da Marx a Darwin \u00e8 invece qualcosa da <strong>ricordare con onore<\/strong>, poich\u00e9 dimostra quanto il filosofo avesse compreso la grandezza delle idee dello scienziato. Ma la proposta di dedica <strong>non \u00e8 mai esistita<\/strong>.<\/p>\n<p>Il mito nasce, nel <strong>1931<\/strong>, con la pubblicazione di una <strong>biografia di Marx<\/strong> in Unione sovietica,\u00a0nella quale era riportata\u00a0una lettera di Darwin in cui declinava la proposta di dedica. La lettera non nomina <em><strong>Il Capitale<\/strong><\/em>, ma era stata trovata tra le carte di Marx, quindi\u00a0venne dato per scontato che il libro fosse quello. Nel 1978<strong>Margharet Fay<\/strong> (University of California)<a href=\"http:\/\/friendsofdarwin.com\/articles\/marx\/\" target=\"_blank\">scopr\u00ec che non era cos\u00ec<\/a>. Darwin nella lettera\u00a0si riferiva a\u00a0<em>The Students\u2019 Darwin<\/em>, un libro sull\u2019ateismo scritto da\u00a0<strong>Edward Aveling<\/strong>, al quale era stata indirizzata la lettera. Aveling \u00e8 stato per molti anni il compagno di<strong>Eleanor Marx<\/strong>, la pi\u00f9 giovane delle figlie del filosofo, ed \u00e8 in questo modo che la lettera \u00e8 stata erroneamente archiviata tra le carte dell\u2019autore de<strong> Il Capitale<\/strong>.<\/p>\n<p>Marx invi\u00f2 comunque una <strong>copia del suo libro a Darwin<\/strong>, per il quale aveva davvero una profonda ammirazione. Darwin ringrazi\u00f2 per il dono con molta cortesia, ma sappiamo che <strong>non lo lesse mai<\/strong>: alla sua morte le pagine del vecchio libro sono ancora da separare.<\/p>\n<p><strong><br \/>\n4. Darwin ha rubato l\u2019idea a Wallace<\/strong><\/p>\n<p>Nel 2013, \u00e8 stato\u00a0celebrato il <a href=\"http:\/\/www.editfiume.com\/lavoce\/prima-pagina-online\/52-la-voce-del-popolo\/scienza\/2750-alfred-russel-wallace-l-altro-genio-dell-evoluzione\" target=\"_blank\">centenario dalla morte di <strong>Alfred Russel Wallace<\/strong><\/a>, un altro genio che\u00a0scopr\u00ec indipendentemente da Darwin il principio della selezione naturale. Per l\u2019occasione \u00e8 stata prodotto <em><a href=\"http:\/\/www.imdb.com\/title\/tt2968430\/\" target=\"_blank\"><strong>Bill Bailey\u2019s Jungle Hero<\/strong><\/a><\/em>, una mini-serie dove il comico<strong>Bill Bailey<\/strong> celebra <strong>Wallace<\/strong> come un eroe ingiustamente dimenticato.\u00a0Il problema \u00e8 che il documentario, per altri versi molto godibile,\u00a0non pu\u00f2 fare a meno di presentare <strong>Darwin<\/strong> come il cattivo della situazione, arrivando a suggerire che abbia rubato l\u2019idea della selezione naturale da <strong>Wallace<\/strong>.<\/p>\n<p>Dalle\u00a0carte e dalla corrispondenza gli storici sanno\u00a0molto bene come sono andate le cose, e <strong>Wallace<\/strong> \u00e8 stato sempre trattato con il rispetto che meritava. Quando mand\u00f2\u00a0a Darwin\u00a0il suo saggio\u00a0dove descriveva la <strong>selezione naturale<\/strong>,\u00a0lo scienziato ci stava gi\u00e0 lavorando da diversi anni. Nel <strong>1858<\/strong>\u00a0i manoscritti di <strong>Darwin<\/strong> e<strong>Wallace<\/strong> furono presentati alla<strong>Linnean Society<\/strong>, assicurando a entrambi la paternit\u00e0 della geniale intuizione. In seguito Darwin pubblic\u00f2 <em>L\u2019origine delle specie<\/em>,\u00a0e Wallace divenne uno dei pi\u00f9 grandi difensori del pensiero darwiniano.<\/p>\n<p><strong><br \/>\n5. Darwin\u00a0il razzista<br \/>\n<\/strong><br \/>\nDa oltre 150\u00a0anni i biologi procedono lungo la <strong>strada tracciata da Darwin e Wallace<\/strong>, eppure a\u00a0qualcuno ancora non va gi\u00f9: visto che \u00e8 impraticabile\u00a0contestare l\u2019evoluzione\u00a0a colpi di pubblicazioni scientifiche, si pu\u00f2 sempre cercare di<strong>attaccare Darwin<\/strong> stesso. Una delle accuse pi\u00f9 frequenti \u00e8 che Darwin fosse <strong>razzista<\/strong>, la prova \u00e8 nelle frasi usate nei suoi manoscritti: tra <em>selvaggi<\/em>, e <em>razze favorite\u00a0<\/em>\u00e8 facile per <a href=\"https:\/\/archive.is\/qUEyk\" target=\"_blank\">certi siti<\/a> presentare lo scienziato come un<strong>mostro<\/strong>, addirittura un <strong>degno ispiratore di Adolf Hitler<\/strong>.<\/p>\n<p>A parte l\u2019assurdit\u00e0 di giudicare (e da quali pulpiti\u2026) una persona nata nel 1809 con gli standard attuali,\u00a0Darwin\u00a0<a href=\"http:\/\/pikaia.eu\/recensione-di-la-sacra-causa-di-darwin\/\" target=\"_blank\">era un convinto antischiavista<\/a>, tanto che il sanguigno capitano del Beagle <strong>Fitzroy<\/strong>lo<strong> band\u00ec dalla sua tavola dopo una discussione<\/strong> su questo argomento. Inoltre, Darwin riconobbe che tutti gli esseri umani, indipendentemente dal loro colore e dalla loro cultura, facevano parte di <strong>un\u2019unica specie<\/strong> che si era differenziata solo in superficie,\u00a0e identific\u00f2 correttamente la <strong>culla dell\u2019umanit\u00e0<\/strong> nel continente africano. Come spiega inoltre Stephen Jay Gould in<em><strong>Intelligenza e pregiudizio<\/strong><\/em>, sulla civilizzazione Darwin era \u201c<em><a href=\"https:\/\/books.google.it\/books?id=xsq4QFebBoUC&amp;pg=PA357&amp;lpg=PA357&amp;dq=migliorista+darwin&amp;source=bl&amp;ots=wIi5FgPkw5&amp;sig=wgiZ9r-hu9rh8OY_IHgoqN0fru4&amp;hl=en&amp;sa=X&amp;ved=0ahUKEwjhwsWbntzKAhWDhQ8KHbERAswQ6AEIHzAA#v=onepage&amp;q=migliorista%20darwin&amp;f=false\" target=\"_blank\">migliorista\u00a0nella tradizione paternalista<\/a><\/em>\u201c, cio\u00e8 non vedeva i cosiddetti <em>selvaggi<\/em>inferiori in quanto biologicamente tarati, ma pensava che potessero <em>progredire<\/em> (ovvero, <strong>per Darwin<\/strong>, diventare pi\u00f9 simili agli occidentali) se si fossero trovati\u00a0in un altro contesto ambientale e sociale.<br \/>\nRispetto a noi (ok, diciamo molti di noi\u2026)\u00a0l\u2019etica di Darwin era\u00a0<strong>certamente\u00a0arretrata<\/strong>, ma <strong>chi adesso \u00e8 antirazzista<\/strong>, forse, deve ringraziare anche il <strong>contributo di persone come lui<\/strong>.<\/p>\n<p><strong>Stefano Dalla Casa<\/strong>, da <strong><a href=\"http:\/\/www.wired.it\/play\/cultura\/2016\/02\/05\/5-bufale-charles-darwin\/\">Wired<\/a>\u00a0(<a href=\"http:\/\/pikaia.eu\/5-bufale-su-charles-darwin\/\">ripreso da Pikaia<\/a>)<\/strong><\/p>\n","protected":false},"excerpt":{"rendered":"<p>&nbsp; Il prossimo 12 febbraio sar\u00e0 il duecentosettesimo anniversariodella nascita di Charles Darwin. Come ogni anno in tutto il mondosono in preparazione\u00a0i Darwin Day, cio\u00e8 eventi di divulgazione dedicati alla teoria scientifica che spiega la diversit\u00e0 dei viventi e\u00a0allo scienziato che, assieme a Alfred Russell Wallace,\u00a0per primo ce l\u2019ha fatta conoscere. Dopo aver parlato degli [&hellip;]<\/p>\n","protected":false},"author":7,"featured_media":0,"comment_status":"closed","ping_status":"closed","sticky":false,"template":"","format":"standard","meta":{"footnotes":""},"categories":[238,233],"tags":[409,507,522],"class_list":["post-13470","post","type-post","status-publish","format-standard","hentry","category-articoli","category-filosofia-2","tag-darwin","tag-evoluzione-biologica","tag-pikaia"],"yoast_head":"<!-- This site is optimized with the Yoast SEO plugin v27.1.1 - https:\/\/yoast.com\/product\/yoast-seo-wordpress\/ -->\n<title>Cinque bufale su Darwin - Associazione Culturale Civilt\u00e0 Laica<\/title>\n<meta name=\"robots\" content=\"index, follow, max-snippet:-1, max-image-preview:large, max-video-preview:-1\" \/>\n<link rel=\"canonical\" href=\"https:\/\/www.civiltalaica.it\/cms\/cinque-bufale-su-darwin\/\" \/>\n<meta property=\"og:locale\" content=\"it_IT\" \/>\n<meta property=\"og:type\" content=\"article\" \/>\n<meta property=\"og:title\" content=\"Cinque bufale su Darwin - Associazione Culturale Civilt\u00e0 Laica\" \/>\n<meta property=\"og:description\" content=\"&nbsp; Il prossimo 12 febbraio sar\u00e0 il duecentosettesimo anniversariodella nascita di Charles Darwin. Come ogni anno in tutto il mondosono in preparazione\u00a0i Darwin Day, cio\u00e8 eventi di divulgazione dedicati alla teoria scientifica che spiega la diversit\u00e0 dei viventi e\u00a0allo scienziato che, assieme a Alfred Russell Wallace,\u00a0per primo ce l\u2019ha fatta conoscere. Dopo aver parlato degli [&hellip;]\" \/>\n<meta property=\"og:url\" content=\"https:\/\/www.civiltalaica.it\/cms\/cinque-bufale-su-darwin\/\" \/>\n<meta property=\"og:site_name\" content=\"Associazione Culturale Civilt\u00e0 Laica\" \/>\n<meta property=\"article:publisher\" content=\"https:\/\/www.facebook.com\/civiltalaica\" \/>\n<meta property=\"article:published_time\" content=\"2016-02-09T21:24:11+00:00\" \/>\n<meta property=\"og:image\" content=\"http:\/\/www.civiltalaica.it\/cms\/wp-content\/uploads\/2016\/02\/BERLINO2014-132-1024x685.jpg\" \/>\n<meta name=\"author\" content=\"alexjc\" \/>\n<meta name=\"twitter:card\" content=\"summary_large_image\" \/>\n<meta name=\"twitter:label1\" content=\"Scritto da\" \/>\n\t<meta name=\"twitter:data1\" content=\"alexjc\" \/>\n\t<meta name=\"twitter:label2\" content=\"Tempo di lettura stimato\" \/>\n\t<meta name=\"twitter:data2\" content=\"7 minuti\" \/>\n<script type=\"application\/ld+json\" class=\"yoast-schema-graph\">{\"@context\":\"https:\/\/schema.org\",\"@graph\":[{\"@type\":\"Article\",\"@id\":\"https:\/\/www.civiltalaica.it\/cms\/cinque-bufale-su-darwin\/#article\",\"isPartOf\":{\"@id\":\"https:\/\/www.civiltalaica.it\/cms\/cinque-bufale-su-darwin\/\"},\"author\":{\"name\":\"alexjc\",\"@id\":\"https:\/\/www.civiltalaica.it\/cms\/#\/schema\/person\/4efef56f866329a1e0943eb27336df1d\"},\"headline\":\"Cinque bufale su Darwin\",\"datePublished\":\"2016-02-09T21:24:11+00:00\",\"mainEntityOfPage\":{\"@id\":\"https:\/\/www.civiltalaica.it\/cms\/cinque-bufale-su-darwin\/\"},\"wordCount\":1386,\"image\":{\"@id\":\"https:\/\/www.civiltalaica.it\/cms\/cinque-bufale-su-darwin\/#primaryimage\"},\"thumbnailUrl\":\"http:\/\/www.civiltalaica.it\/cms\/wp-content\/uploads\/2016\/02\/BERLINO2014-132-1024x685.jpg\",\"keywords\":[\"darwin\",\"evoluzione biologica\",\"pikaia\"],\"articleSection\":[\"articoli\",\"filosofia e scienza\"],\"inLanguage\":\"it-IT\"},{\"@type\":\"WebPage\",\"@id\":\"https:\/\/www.civiltalaica.it\/cms\/cinque-bufale-su-darwin\/\",\"url\":\"https:\/\/www.civiltalaica.it\/cms\/cinque-bufale-su-darwin\/\",\"name\":\"Cinque bufale su Darwin - Associazione Culturale Civilt\u00e0 Laica\",\"isPartOf\":{\"@id\":\"https:\/\/www.civiltalaica.it\/cms\/#website\"},\"primaryImageOfPage\":{\"@id\":\"https:\/\/www.civiltalaica.it\/cms\/cinque-bufale-su-darwin\/#primaryimage\"},\"image\":{\"@id\":\"https:\/\/www.civiltalaica.it\/cms\/cinque-bufale-su-darwin\/#primaryimage\"},\"thumbnailUrl\":\"http:\/\/www.civiltalaica.it\/cms\/wp-content\/uploads\/2016\/02\/BERLINO2014-132-1024x685.jpg\",\"datePublished\":\"2016-02-09T21:24:11+00:00\",\"author\":{\"@id\":\"https:\/\/www.civiltalaica.it\/cms\/#\/schema\/person\/4efef56f866329a1e0943eb27336df1d\"},\"breadcrumb\":{\"@id\":\"https:\/\/www.civiltalaica.it\/cms\/cinque-bufale-su-darwin\/#breadcrumb\"},\"inLanguage\":\"it-IT\",\"potentialAction\":[{\"@type\":\"ReadAction\",\"target\":[\"https:\/\/www.civiltalaica.it\/cms\/cinque-bufale-su-darwin\/\"]}]},{\"@type\":\"ImageObject\",\"inLanguage\":\"it-IT\",\"@id\":\"https:\/\/www.civiltalaica.it\/cms\/cinque-bufale-su-darwin\/#primaryimage\",\"url\":\"http:\/\/www.civiltalaica.it\/cms\/wp-content\/uploads\/2016\/02\/BERLINO2014-132-1024x685.jpg\",\"contentUrl\":\"http:\/\/www.civiltalaica.it\/cms\/wp-content\/uploads\/2016\/02\/BERLINO2014-132-1024x685.jpg\"},{\"@type\":\"BreadcrumbList\",\"@id\":\"https:\/\/www.civiltalaica.it\/cms\/cinque-bufale-su-darwin\/#breadcrumb\",\"itemListElement\":[{\"@type\":\"ListItem\",\"position\":1,\"name\":\"Home\",\"item\":\"https:\/\/www.civiltalaica.it\/cms\/\"},{\"@type\":\"ListItem\",\"position\":2,\"name\":\"Cinque bufale su Darwin\"}]},{\"@type\":\"WebSite\",\"@id\":\"https:\/\/www.civiltalaica.it\/cms\/#website\",\"url\":\"https:\/\/www.civiltalaica.it\/cms\/\",\"name\":\"Associazione Culturale Civilt\u00e0 Laica\",\"description\":\"Per un movimento culturale volto a difendere la Laicit\u00e0 dello Stato.\",\"potentialAction\":[{\"@type\":\"SearchAction\",\"target\":{\"@type\":\"EntryPoint\",\"urlTemplate\":\"https:\/\/www.civiltalaica.it\/cms\/?s={search_term_string}\"},\"query-input\":{\"@type\":\"PropertyValueSpecification\",\"valueRequired\":true,\"valueName\":\"search_term_string\"}}],\"inLanguage\":\"it-IT\"},{\"@type\":\"Person\",\"@id\":\"https:\/\/www.civiltalaica.it\/cms\/#\/schema\/person\/4efef56f866329a1e0943eb27336df1d\",\"name\":\"alexjc\",\"url\":\"https:\/\/www.civiltalaica.it\/cms\/author\/alexjc\/\"}]}<\/script>\n<!-- \/ Yoast SEO plugin. -->","yoast_head_json":{"title":"Cinque bufale su Darwin - Associazione Culturale Civilt\u00e0 Laica","robots":{"index":"index","follow":"follow","max-snippet":"max-snippet:-1","max-image-preview":"max-image-preview:large","max-video-preview":"max-video-preview:-1"},"canonical":"https:\/\/www.civiltalaica.it\/cms\/cinque-bufale-su-darwin\/","og_locale":"it_IT","og_type":"article","og_title":"Cinque bufale su Darwin - Associazione Culturale Civilt\u00e0 Laica","og_description":"&nbsp; Il prossimo 12 febbraio sar\u00e0 il duecentosettesimo anniversariodella nascita di Charles Darwin. Come ogni anno in tutto il mondosono in preparazione\u00a0i Darwin Day, cio\u00e8 eventi di divulgazione dedicati alla teoria scientifica che spiega la diversit\u00e0 dei viventi e\u00a0allo scienziato che, assieme a Alfred Russell Wallace,\u00a0per primo ce l\u2019ha fatta conoscere. Dopo aver parlato degli [&hellip;]","og_url":"https:\/\/www.civiltalaica.it\/cms\/cinque-bufale-su-darwin\/","og_site_name":"Associazione Culturale Civilt\u00e0 Laica","article_publisher":"https:\/\/www.facebook.com\/civiltalaica","article_published_time":"2016-02-09T21:24:11+00:00","og_image":[{"url":"http:\/\/www.civiltalaica.it\/cms\/wp-content\/uploads\/2016\/02\/BERLINO2014-132-1024x685.jpg","type":"","width":"","height":""}],"author":"alexjc","twitter_card":"summary_large_image","twitter_misc":{"Scritto da":"alexjc","Tempo di lettura stimato":"7 minuti"},"schema":{"@context":"https:\/\/schema.org","@graph":[{"@type":"Article","@id":"https:\/\/www.civiltalaica.it\/cms\/cinque-bufale-su-darwin\/#article","isPartOf":{"@id":"https:\/\/www.civiltalaica.it\/cms\/cinque-bufale-su-darwin\/"},"author":{"name":"alexjc","@id":"https:\/\/www.civiltalaica.it\/cms\/#\/schema\/person\/4efef56f866329a1e0943eb27336df1d"},"headline":"Cinque bufale su Darwin","datePublished":"2016-02-09T21:24:11+00:00","mainEntityOfPage":{"@id":"https:\/\/www.civiltalaica.it\/cms\/cinque-bufale-su-darwin\/"},"wordCount":1386,"image":{"@id":"https:\/\/www.civiltalaica.it\/cms\/cinque-bufale-su-darwin\/#primaryimage"},"thumbnailUrl":"http:\/\/www.civiltalaica.it\/cms\/wp-content\/uploads\/2016\/02\/BERLINO2014-132-1024x685.jpg","keywords":["darwin","evoluzione biologica","pikaia"],"articleSection":["articoli","filosofia e scienza"],"inLanguage":"it-IT"},{"@type":"WebPage","@id":"https:\/\/www.civiltalaica.it\/cms\/cinque-bufale-su-darwin\/","url":"https:\/\/www.civiltalaica.it\/cms\/cinque-bufale-su-darwin\/","name":"Cinque bufale su Darwin - Associazione Culturale Civilt\u00e0 Laica","isPartOf":{"@id":"https:\/\/www.civiltalaica.it\/cms\/#website"},"primaryImageOfPage":{"@id":"https:\/\/www.civiltalaica.it\/cms\/cinque-bufale-su-darwin\/#primaryimage"},"image":{"@id":"https:\/\/www.civiltalaica.it\/cms\/cinque-bufale-su-darwin\/#primaryimage"},"thumbnailUrl":"http:\/\/www.civiltalaica.it\/cms\/wp-content\/uploads\/2016\/02\/BERLINO2014-132-1024x685.jpg","datePublished":"2016-02-09T21:24:11+00:00","author":{"@id":"https:\/\/www.civiltalaica.it\/cms\/#\/schema\/person\/4efef56f866329a1e0943eb27336df1d"},"breadcrumb":{"@id":"https:\/\/www.civiltalaica.it\/cms\/cinque-bufale-su-darwin\/#breadcrumb"},"inLanguage":"it-IT","potentialAction":[{"@type":"ReadAction","target":["https:\/\/www.civiltalaica.it\/cms\/cinque-bufale-su-darwin\/"]}]},{"@type":"ImageObject","inLanguage":"it-IT","@id":"https:\/\/www.civiltalaica.it\/cms\/cinque-bufale-su-darwin\/#primaryimage","url":"http:\/\/www.civiltalaica.it\/cms\/wp-content\/uploads\/2016\/02\/BERLINO2014-132-1024x685.jpg","contentUrl":"http:\/\/www.civiltalaica.it\/cms\/wp-content\/uploads\/2016\/02\/BERLINO2014-132-1024x685.jpg"},{"@type":"BreadcrumbList","@id":"https:\/\/www.civiltalaica.it\/cms\/cinque-bufale-su-darwin\/#breadcrumb","itemListElement":[{"@type":"ListItem","position":1,"name":"Home","item":"https:\/\/www.civiltalaica.it\/cms\/"},{"@type":"ListItem","position":2,"name":"Cinque bufale su Darwin"}]},{"@type":"WebSite","@id":"https:\/\/www.civiltalaica.it\/cms\/#website","url":"https:\/\/www.civiltalaica.it\/cms\/","name":"Associazione Culturale Civilt\u00e0 Laica","description":"Per un movimento culturale volto a difendere la Laicit\u00e0 dello Stato.","potentialAction":[{"@type":"SearchAction","target":{"@type":"EntryPoint","urlTemplate":"https:\/\/www.civiltalaica.it\/cms\/?s={search_term_string}"},"query-input":{"@type":"PropertyValueSpecification","valueRequired":true,"valueName":"search_term_string"}}],"inLanguage":"it-IT"},{"@type":"Person","@id":"https:\/\/www.civiltalaica.it\/cms\/#\/schema\/person\/4efef56f866329a1e0943eb27336df1d","name":"alexjc","url":"https:\/\/www.civiltalaica.it\/cms\/author\/alexjc\/"}]}},"_links":{"self":[{"href":"https:\/\/www.civiltalaica.it\/cms\/wp-json\/wp\/v2\/posts\/13470","targetHints":{"allow":["GET"]}}],"collection":[{"href":"https:\/\/www.civiltalaica.it\/cms\/wp-json\/wp\/v2\/posts"}],"about":[{"href":"https:\/\/www.civiltalaica.it\/cms\/wp-json\/wp\/v2\/types\/post"}],"author":[{"embeddable":true,"href":"https:\/\/www.civiltalaica.it\/cms\/wp-json\/wp\/v2\/users\/7"}],"replies":[{"embeddable":true,"href":"https:\/\/www.civiltalaica.it\/cms\/wp-json\/wp\/v2\/comments?post=13470"}],"version-history":[{"count":0,"href":"https:\/\/www.civiltalaica.it\/cms\/wp-json\/wp\/v2\/posts\/13470\/revisions"}],"wp:attachment":[{"href":"https:\/\/www.civiltalaica.it\/cms\/wp-json\/wp\/v2\/media?parent=13470"}],"wp:term":[{"taxonomy":"category","embeddable":true,"href":"https:\/\/www.civiltalaica.it\/cms\/wp-json\/wp\/v2\/categories?post=13470"},{"taxonomy":"post_tag","embeddable":true,"href":"https:\/\/www.civiltalaica.it\/cms\/wp-json\/wp\/v2\/tags?post=13470"}],"curies":[{"name":"wp","href":"https:\/\/api.w.org\/{rel}","templated":true}]}}