{"id":13302,"date":"2015-11-30T19:05:28","date_gmt":"2015-11-30T19:05:28","guid":{"rendered":"http:\/\/www.civiltalaica.it\/cms\/?p=13302"},"modified":"2015-11-30T19:28:36","modified_gmt":"2015-11-30T19:28:36","slug":"dio-non-centra","status":"publish","type":"post","link":"https:\/\/www.civiltalaica.it\/cms\/dio-non-centra\/","title":{"rendered":"Dio non c&#8217;entra"},"content":{"rendered":"<p align=\"JUSTIFY\">Tra le tante considerazioni che si possono fare sulla terribile vicenda di Parigi, una merita qualche parola dal punto di vista della laicit\u00e0 e della non credenza.<\/p>\n<p align=\"JUSTIFY\">Mi riferisco all\u2019opinione, che sui giornali e nei discorsi ufficiali sta prendendo sempre pi\u00f9 forza, secondo la quale la religione sarebbe,contro ogni evidenza, estranea alla vicenda e agli episodi di terrorismo.<!--more--><\/p>\n<p align=\"JUSTIFY\"><a href=\"http:\/\/www.civiltalaica.it\/cms\/wp-content\/uploads\/2013\/03\/600px-RELIGIONES.png\"><img loading=\"lazy\" decoding=\"async\" class=\"alignleft wp-image-11349\" src=\"http:\/\/www.civiltalaica.it\/cms\/wp-content\/uploads\/2013\/03\/600px-RELIGIONES.png\" alt=\"600px-RELIGIONES\" width=\"377\" height=\"377\" srcset=\"https:\/\/www.civiltalaica.it\/cms\/wp-content\/uploads\/2013\/03\/600px-RELIGIONES.png 600w, https:\/\/www.civiltalaica.it\/cms\/wp-content\/uploads\/2013\/03\/600px-RELIGIONES-150x150.png 150w, https:\/\/www.civiltalaica.it\/cms\/wp-content\/uploads\/2013\/03\/600px-RELIGIONES-300x300.png 300w\" sizes=\"auto, (max-width: 377px) 100vw, 377px\" \/><\/a><\/p>\n<p align=\"JUSTIFY\">E\u2019 presente in questo atteggiamento la preoccupazione di allontanare dalla religione qualunque sospetto o dubbio sull\u2019l\u2019idea stessa di religione, per scongiurare che si incrini l\u2019opinione corrente secondo la quale la religione \u00e8 una cosa positiva e rappresenta un\u2019incommensurabile ricchezza per il genere umano.<\/p>\n<p align=\"JUSTIFY\">Perch\u00e8 se a qualcuno \u00e8 venuto il sospetto che la religione in s\u00e8, non quella cristiana, n\u00e8 quella musulmana, n\u00e8 quella ebraica, n\u00e8 qualunque altra, non sia poi quel bene assoluto e quella ricchezza che riempe ed esaurisce lo spirito umano, come ci ripetono di continuo, beh, questo \u00e8 un dubbio che fa subito cancellato e va fatta chiarezza, negando decisamente che le vicende di questi giorni possano essere ricondotte al pensiero religioso.<\/p>\n<p align=\"JUSTIFY\">\u201cLa religione non c\u2019entra niente con i terroristi e con l\u2019Isis \u2013 dicono &#8211; questi sono degli assassini.\u201d<\/p>\n<p align=\"JUSTIFY\">Il messaggio \u00e8 chiaro, cos\u00ec come il salto logico: se sono assassini non possono avere a che fare con la religione.<\/p>\n<p align=\"JUSTIFY\">Lo dice il Presidente turco Erdogan. &#8220;E&#8217; un insulto nei confronti dell&#8217;umanit\u00e0 collegare il terrorismo a una religione&#8221;. Gli fa eco l\u2019Unione Europea che ci avverte che l\u2019Isis non c\u2019entra niente con la religione. Sulla stessa linea anche il premier Renzi che si \u00e8 espresso in modo analogo.<\/p>\n<p align=\"JUSTIFY\">Accanto a chi rifiuta qualunque connessione &#8211; i negazionisti assoluti &#8211; ci sono poi coloro che assumono una posizione intermedia. Tra essi troviamo la Chiesa Cattolica che non nega la matrice religiosa degli attentati ma la addebita a correnti deviate dell\u2019Islam, tentando con questa operazione di salvataggio dell\u2019Islam di portare anche la stessa religione Cattolica fuori dall\u2019area del sospetto, peraltro legittimata da una storia millenaria di persecuzioni, sopraffazione e violenza in cui il Cattolicesimo si \u00e8 distinto.<\/p>\n<p align=\"JUSTIFY\">Se oggi la violenza trova spunto e pretesto nella religione islamica, non possiamo dimenticare che ben pi\u00f9 ampia e la responsabilit\u00e0 della religione come fenomeno sociale e storico, perch\u00e8, nonostante i tentativi di discolparla, la religione \u00e8 stata ed \u00e8 causa di separazione tra gruppi e all\u2019origine della gran parte dei conflitti sul pianeta. Anche i conflitti che non sembrano religiosi, spesso vedono contrapposti gruppi e popoli che si ispirano a religioni diverse. Non \u00e8 vero che le religioni uniscono. Le religioni dividono.<\/p>\n<p align=\"JUSTIFY\">E non dimentichiamo che la discordia \u00e8 sempre stata presente non solo tra religioni diverse ma anche tra correnti di pensiero all\u2019interno della stessa religione. La storia degli scismi e delle eresie lo dimostra.<\/p>\n<p align=\"JUSTIFY\">L\u2019affermazione e la difesa della laicit\u00e0 nelle nostre democrazie si persegue anche smascherando la realt\u00e0 delle religioni, togliendo l\u2019alone di sacralit\u00e0 che le rende intoccabili e le pone al di sopra di qualunque critica. Non \u00e8 azzardato dire che la attuale situazione di commistione della religione nella vita civile \u00e8 dovuta anche all\u2019esagerato rispetto della religione e delle Chiese, che ha generato ovunque la subordinazione del pensiero culturale e politico a quello religioso.<\/p>\n<p align=\"JUSTIFY\">Nonostante alcuni credano che il mondo sarebbe migliore senza religioni, il diritto di pensiero e di opinione, qualunque sia il loro contenuto e da chiunque sia esercitato deve essere sempre tutelato anche verso coloro le cui idee non condividiamo. Ma la laicit\u00e0 impone che il pensiero religioso non sia oggetto di specifica e privilegiata tutela, ma riconosciuto come particolare espressione della libert\u00e0 di pensiero e in questo ambito trovare protezione perch\u00e8 \u201c&#8230;.. un ordinamento costituzionale in cui fosse garantita semplicemente la libert\u00e0 di coscienza non potrebbe che essere un ordinamento laico, in cui contemporaneamente viene riconosciuta anche e conseguentemente la libert\u00e0 di religione\u201d (1).<\/p>\n<p align=\"JUSTIFY\">Pertanto i diritti di chi crede e di chi non crede devono porsi su un piano di parit\u00e0, senza privilegi, n\u00e8 sudditanze culturali.<\/p>\n<p align=\"JUSTIFY\">E al di sopra di tutto, il principio che deve illuminare i nostri giudizi e ispirare le decisioni dei politici secondo il quale la difesa della democrazia e dei cittadini viene prima della difesa delle religioni.<\/p>\n<p><em>Immagina non esista paradiso<br \/>\n<\/em><em>nessun inferno sotto noi<br \/>\n<\/em><em>immagina che tutta la gente<br \/>\n<\/em><em>viva solo per l\u2019oggi<br \/>\n<\/em><em>niente per cui uccidere e morire<br \/>\n<\/em><em>e nessuna religione<br \/>\n<\/em><em>immagina tutta la gente<br \/>\n<\/em><em>che vive in pace<\/em><\/p>\n<p>Le prime ore dopo l\u2019orrore.\u00a0<span style=\"line-height: 1.5;\">Le immagini surreali e poetiche di un pianista ignoto che suona in strada Imagine.<br \/>\n<\/span>Poesia mai abbastanza celebrata, racconta un futuro visionario di pace tra gli uomini.<br \/>\n<span style=\"line-height: 1.5;\">Un mondo dove l\u2019uomo non ha bisogno di inventarsi il paradiso e l\u2019inferno per vivere,\u00a0<\/span>un mondo dove non esiste niente per uccidere e morire,\u00a0<span style=\"line-height: 1.5;\">un mondo dove non c\u2019\u00e8 nessuna religione,\u00a0<\/span>un mondo di pace.<\/p>\n<p><strong>Dagoberto Frattaroli<\/strong><\/p>\n<p>(1) &#8211; A. Spadaro, Libert\u00e0 di coscienza e laicit\u00e0 nello stato costituzionale, 2008<\/p>\n","protected":false},"excerpt":{"rendered":"<p>Tra le tante considerazioni che si possono fare sulla terribile vicenda di Parigi, una merita qualche parola dal punto di vista della laicit\u00e0 e della non credenza. Mi riferisco all\u2019opinione, che sui giornali e nei discorsi ufficiali sta prendendo sempre pi\u00f9 forza, secondo la quale la religione sarebbe,contro ogni evidenza, estranea alla vicenda e agli [&hellip;]<\/p>\n","protected":false},"author":7,"featured_media":0,"comment_status":"closed","ping_status":"closed","sticky":false,"template":"","format":"standard","meta":{"footnotes":""},"categories":[238,232],"tags":[1039,1384,1399,92,1481],"class_list":["post-13302","post","type-post","status-publish","format-standard","hentry","category-articoli","category-riflessioni-2","tag-dagoberto-frattaroli","tag-isis","tag-parigi","tag-religione","tag-terrorismo"],"yoast_head":"<!-- This site is optimized with the Yoast SEO plugin v27.1.1 - https:\/\/yoast.com\/product\/yoast-seo-wordpress\/ -->\n<title>Dio non c&#039;entra - Associazione Culturale Civilt\u00e0 Laica<\/title>\n<meta name=\"robots\" content=\"index, follow, max-snippet:-1, max-image-preview:large, max-video-preview:-1\" \/>\n<link rel=\"canonical\" href=\"https:\/\/www.civiltalaica.it\/cms\/dio-non-centra\/\" \/>\n<meta property=\"og:locale\" content=\"it_IT\" \/>\n<meta property=\"og:type\" content=\"article\" \/>\n<meta property=\"og:title\" content=\"Dio non c&#039;entra - Associazione Culturale Civilt\u00e0 Laica\" \/>\n<meta property=\"og:description\" content=\"Tra le tante considerazioni che si possono fare sulla terribile vicenda di Parigi, una merita qualche parola dal punto di vista della laicit\u00e0 e della non credenza. Mi riferisco all\u2019opinione, che sui giornali e nei discorsi ufficiali sta prendendo sempre pi\u00f9 forza, secondo la quale la religione sarebbe,contro ogni evidenza, estranea alla vicenda e agli [&hellip;]\" \/>\n<meta property=\"og:url\" content=\"https:\/\/www.civiltalaica.it\/cms\/dio-non-centra\/\" \/>\n<meta property=\"og:site_name\" content=\"Associazione Culturale Civilt\u00e0 Laica\" \/>\n<meta property=\"article:publisher\" content=\"https:\/\/www.facebook.com\/civiltalaica\" \/>\n<meta property=\"article:published_time\" content=\"2015-11-30T19:05:28+00:00\" \/>\n<meta property=\"article:modified_time\" content=\"2015-11-30T19:28:36+00:00\" \/>\n<meta property=\"og:image\" content=\"http:\/\/www.civiltalaica.it\/cms\/wp-content\/uploads\/2013\/03\/600px-RELIGIONES.png\" \/>\n<meta name=\"author\" content=\"alexjc\" \/>\n<meta name=\"twitter:card\" content=\"summary_large_image\" \/>\n<meta name=\"twitter:label1\" content=\"Scritto da\" \/>\n\t<meta name=\"twitter:data1\" content=\"alexjc\" \/>\n\t<meta name=\"twitter:label2\" content=\"Tempo di lettura stimato\" \/>\n\t<meta name=\"twitter:data2\" content=\"4 minuti\" \/>\n<script type=\"application\/ld+json\" class=\"yoast-schema-graph\">{\"@context\":\"https:\/\/schema.org\",\"@graph\":[{\"@type\":\"Article\",\"@id\":\"https:\/\/www.civiltalaica.it\/cms\/dio-non-centra\/#article\",\"isPartOf\":{\"@id\":\"https:\/\/www.civiltalaica.it\/cms\/dio-non-centra\/\"},\"author\":{\"name\":\"alexjc\",\"@id\":\"https:\/\/www.civiltalaica.it\/cms\/#\/schema\/person\/4efef56f866329a1e0943eb27336df1d\"},\"headline\":\"Dio non c&#8217;entra\",\"datePublished\":\"2015-11-30T19:05:28+00:00\",\"dateModified\":\"2015-11-30T19:28:36+00:00\",\"mainEntityOfPage\":{\"@id\":\"https:\/\/www.civiltalaica.it\/cms\/dio-non-centra\/\"},\"wordCount\":817,\"image\":{\"@id\":\"https:\/\/www.civiltalaica.it\/cms\/dio-non-centra\/#primaryimage\"},\"thumbnailUrl\":\"http:\/\/www.civiltalaica.it\/cms\/wp-content\/uploads\/2013\/03\/600px-RELIGIONES.png\",\"keywords\":[\"dagoberto frattaroli\",\"isis\",\"parigi\",\"religione\",\"terrorismo\"],\"articleSection\":[\"articoli\",\"riflessioni\"],\"inLanguage\":\"it-IT\"},{\"@type\":\"WebPage\",\"@id\":\"https:\/\/www.civiltalaica.it\/cms\/dio-non-centra\/\",\"url\":\"https:\/\/www.civiltalaica.it\/cms\/dio-non-centra\/\",\"name\":\"Dio non c'entra - Associazione Culturale Civilt\u00e0 Laica\",\"isPartOf\":{\"@id\":\"https:\/\/www.civiltalaica.it\/cms\/#website\"},\"primaryImageOfPage\":{\"@id\":\"https:\/\/www.civiltalaica.it\/cms\/dio-non-centra\/#primaryimage\"},\"image\":{\"@id\":\"https:\/\/www.civiltalaica.it\/cms\/dio-non-centra\/#primaryimage\"},\"thumbnailUrl\":\"http:\/\/www.civiltalaica.it\/cms\/wp-content\/uploads\/2013\/03\/600px-RELIGIONES.png\",\"datePublished\":\"2015-11-30T19:05:28+00:00\",\"dateModified\":\"2015-11-30T19:28:36+00:00\",\"author\":{\"@id\":\"https:\/\/www.civiltalaica.it\/cms\/#\/schema\/person\/4efef56f866329a1e0943eb27336df1d\"},\"breadcrumb\":{\"@id\":\"https:\/\/www.civiltalaica.it\/cms\/dio-non-centra\/#breadcrumb\"},\"inLanguage\":\"it-IT\",\"potentialAction\":[{\"@type\":\"ReadAction\",\"target\":[\"https:\/\/www.civiltalaica.it\/cms\/dio-non-centra\/\"]}]},{\"@type\":\"ImageObject\",\"inLanguage\":\"it-IT\",\"@id\":\"https:\/\/www.civiltalaica.it\/cms\/dio-non-centra\/#primaryimage\",\"url\":\"http:\/\/www.civiltalaica.it\/cms\/wp-content\/uploads\/2013\/03\/600px-RELIGIONES.png\",\"contentUrl\":\"http:\/\/www.civiltalaica.it\/cms\/wp-content\/uploads\/2013\/03\/600px-RELIGIONES.png\"},{\"@type\":\"BreadcrumbList\",\"@id\":\"https:\/\/www.civiltalaica.it\/cms\/dio-non-centra\/#breadcrumb\",\"itemListElement\":[{\"@type\":\"ListItem\",\"position\":1,\"name\":\"Home\",\"item\":\"https:\/\/www.civiltalaica.it\/cms\/\"},{\"@type\":\"ListItem\",\"position\":2,\"name\":\"Dio non c&#8217;entra\"}]},{\"@type\":\"WebSite\",\"@id\":\"https:\/\/www.civiltalaica.it\/cms\/#website\",\"url\":\"https:\/\/www.civiltalaica.it\/cms\/\",\"name\":\"Associazione Culturale Civilt\u00e0 Laica\",\"description\":\"Per un movimento culturale volto a difendere la Laicit\u00e0 dello Stato.\",\"potentialAction\":[{\"@type\":\"SearchAction\",\"target\":{\"@type\":\"EntryPoint\",\"urlTemplate\":\"https:\/\/www.civiltalaica.it\/cms\/?s={search_term_string}\"},\"query-input\":{\"@type\":\"PropertyValueSpecification\",\"valueRequired\":true,\"valueName\":\"search_term_string\"}}],\"inLanguage\":\"it-IT\"},{\"@type\":\"Person\",\"@id\":\"https:\/\/www.civiltalaica.it\/cms\/#\/schema\/person\/4efef56f866329a1e0943eb27336df1d\",\"name\":\"alexjc\",\"url\":\"https:\/\/www.civiltalaica.it\/cms\/author\/alexjc\/\"}]}<\/script>\n<!-- \/ Yoast SEO plugin. -->","yoast_head_json":{"title":"Dio non c'entra - Associazione Culturale Civilt\u00e0 Laica","robots":{"index":"index","follow":"follow","max-snippet":"max-snippet:-1","max-image-preview":"max-image-preview:large","max-video-preview":"max-video-preview:-1"},"canonical":"https:\/\/www.civiltalaica.it\/cms\/dio-non-centra\/","og_locale":"it_IT","og_type":"article","og_title":"Dio non c'entra - Associazione Culturale Civilt\u00e0 Laica","og_description":"Tra le tante considerazioni che si possono fare sulla terribile vicenda di Parigi, una merita qualche parola dal punto di vista della laicit\u00e0 e della non credenza. Mi riferisco all\u2019opinione, che sui giornali e nei discorsi ufficiali sta prendendo sempre pi\u00f9 forza, secondo la quale la religione sarebbe,contro ogni evidenza, estranea alla vicenda e agli [&hellip;]","og_url":"https:\/\/www.civiltalaica.it\/cms\/dio-non-centra\/","og_site_name":"Associazione Culturale Civilt\u00e0 Laica","article_publisher":"https:\/\/www.facebook.com\/civiltalaica","article_published_time":"2015-11-30T19:05:28+00:00","article_modified_time":"2015-11-30T19:28:36+00:00","og_image":[{"url":"http:\/\/www.civiltalaica.it\/cms\/wp-content\/uploads\/2013\/03\/600px-RELIGIONES.png","type":"","width":"","height":""}],"author":"alexjc","twitter_card":"summary_large_image","twitter_misc":{"Scritto da":"alexjc","Tempo di lettura stimato":"4 minuti"},"schema":{"@context":"https:\/\/schema.org","@graph":[{"@type":"Article","@id":"https:\/\/www.civiltalaica.it\/cms\/dio-non-centra\/#article","isPartOf":{"@id":"https:\/\/www.civiltalaica.it\/cms\/dio-non-centra\/"},"author":{"name":"alexjc","@id":"https:\/\/www.civiltalaica.it\/cms\/#\/schema\/person\/4efef56f866329a1e0943eb27336df1d"},"headline":"Dio non c&#8217;entra","datePublished":"2015-11-30T19:05:28+00:00","dateModified":"2015-11-30T19:28:36+00:00","mainEntityOfPage":{"@id":"https:\/\/www.civiltalaica.it\/cms\/dio-non-centra\/"},"wordCount":817,"image":{"@id":"https:\/\/www.civiltalaica.it\/cms\/dio-non-centra\/#primaryimage"},"thumbnailUrl":"http:\/\/www.civiltalaica.it\/cms\/wp-content\/uploads\/2013\/03\/600px-RELIGIONES.png","keywords":["dagoberto frattaroli","isis","parigi","religione","terrorismo"],"articleSection":["articoli","riflessioni"],"inLanguage":"it-IT"},{"@type":"WebPage","@id":"https:\/\/www.civiltalaica.it\/cms\/dio-non-centra\/","url":"https:\/\/www.civiltalaica.it\/cms\/dio-non-centra\/","name":"Dio non c'entra - Associazione Culturale Civilt\u00e0 Laica","isPartOf":{"@id":"https:\/\/www.civiltalaica.it\/cms\/#website"},"primaryImageOfPage":{"@id":"https:\/\/www.civiltalaica.it\/cms\/dio-non-centra\/#primaryimage"},"image":{"@id":"https:\/\/www.civiltalaica.it\/cms\/dio-non-centra\/#primaryimage"},"thumbnailUrl":"http:\/\/www.civiltalaica.it\/cms\/wp-content\/uploads\/2013\/03\/600px-RELIGIONES.png","datePublished":"2015-11-30T19:05:28+00:00","dateModified":"2015-11-30T19:28:36+00:00","author":{"@id":"https:\/\/www.civiltalaica.it\/cms\/#\/schema\/person\/4efef56f866329a1e0943eb27336df1d"},"breadcrumb":{"@id":"https:\/\/www.civiltalaica.it\/cms\/dio-non-centra\/#breadcrumb"},"inLanguage":"it-IT","potentialAction":[{"@type":"ReadAction","target":["https:\/\/www.civiltalaica.it\/cms\/dio-non-centra\/"]}]},{"@type":"ImageObject","inLanguage":"it-IT","@id":"https:\/\/www.civiltalaica.it\/cms\/dio-non-centra\/#primaryimage","url":"http:\/\/www.civiltalaica.it\/cms\/wp-content\/uploads\/2013\/03\/600px-RELIGIONES.png","contentUrl":"http:\/\/www.civiltalaica.it\/cms\/wp-content\/uploads\/2013\/03\/600px-RELIGIONES.png"},{"@type":"BreadcrumbList","@id":"https:\/\/www.civiltalaica.it\/cms\/dio-non-centra\/#breadcrumb","itemListElement":[{"@type":"ListItem","position":1,"name":"Home","item":"https:\/\/www.civiltalaica.it\/cms\/"},{"@type":"ListItem","position":2,"name":"Dio non c&#8217;entra"}]},{"@type":"WebSite","@id":"https:\/\/www.civiltalaica.it\/cms\/#website","url":"https:\/\/www.civiltalaica.it\/cms\/","name":"Associazione Culturale Civilt\u00e0 Laica","description":"Per un movimento culturale volto a difendere la Laicit\u00e0 dello Stato.","potentialAction":[{"@type":"SearchAction","target":{"@type":"EntryPoint","urlTemplate":"https:\/\/www.civiltalaica.it\/cms\/?s={search_term_string}"},"query-input":{"@type":"PropertyValueSpecification","valueRequired":true,"valueName":"search_term_string"}}],"inLanguage":"it-IT"},{"@type":"Person","@id":"https:\/\/www.civiltalaica.it\/cms\/#\/schema\/person\/4efef56f866329a1e0943eb27336df1d","name":"alexjc","url":"https:\/\/www.civiltalaica.it\/cms\/author\/alexjc\/"}]}},"_links":{"self":[{"href":"https:\/\/www.civiltalaica.it\/cms\/wp-json\/wp\/v2\/posts\/13302","targetHints":{"allow":["GET"]}}],"collection":[{"href":"https:\/\/www.civiltalaica.it\/cms\/wp-json\/wp\/v2\/posts"}],"about":[{"href":"https:\/\/www.civiltalaica.it\/cms\/wp-json\/wp\/v2\/types\/post"}],"author":[{"embeddable":true,"href":"https:\/\/www.civiltalaica.it\/cms\/wp-json\/wp\/v2\/users\/7"}],"replies":[{"embeddable":true,"href":"https:\/\/www.civiltalaica.it\/cms\/wp-json\/wp\/v2\/comments?post=13302"}],"version-history":[{"count":0,"href":"https:\/\/www.civiltalaica.it\/cms\/wp-json\/wp\/v2\/posts\/13302\/revisions"}],"wp:attachment":[{"href":"https:\/\/www.civiltalaica.it\/cms\/wp-json\/wp\/v2\/media?parent=13302"}],"wp:term":[{"taxonomy":"category","embeddable":true,"href":"https:\/\/www.civiltalaica.it\/cms\/wp-json\/wp\/v2\/categories?post=13302"},{"taxonomy":"post_tag","embeddable":true,"href":"https:\/\/www.civiltalaica.it\/cms\/wp-json\/wp\/v2\/tags?post=13302"}],"curies":[{"name":"wp","href":"https:\/\/api.w.org\/{rel}","templated":true}]}}