{"id":13226,"date":"2015-10-20T19:45:34","date_gmt":"2015-10-20T19:45:34","guid":{"rendered":"http:\/\/www.civiltalaica.it\/cms\/?p=13226"},"modified":"2015-10-20T19:45:50","modified_gmt":"2015-10-20T19:45:50","slug":"13226","status":"publish","type":"post","link":"https:\/\/www.civiltalaica.it\/cms\/13226\/","title":{"rendered":"Il vampiro di Munch"},"content":{"rendered":"<p><span style=\"font-family: 'Times New Roman', serif;\"><span style=\"font-size: medium;\">Capita ogni tanto di imbattersi, per una ragione o per l\u2019altra, in piccoli gioiellini che emergono dal mare di consuetudine e appiattimento a cui siamo abituati.<\/span><\/span><\/p>\n<p><span style=\"font-family: 'Times New Roman', serif;\"><span style=\"font-size: medium;\">Questo bel giallo con profonde venature noir di Alessandro Maurizi (Ciesse edizioni, 256 pag., 14 euro, disponibile anche in e-book a 4 euro) \u00e8 una piacevole sorpresa.<\/span><\/span><!--more--><\/p>\n<p><span style=\"font-family: 'Times New Roman', serif;\"><span style=\"font-size: medium;\"><a href=\"http:\/\/www.civiltalaica.it\/cms\/wp-content\/uploads\/2015\/10\/munch-vampiro.jpg\"><img loading=\"lazy\" decoding=\"async\" class=\"alignleft size-medium wp-image-13227\" src=\"http:\/\/www.civiltalaica.it\/cms\/wp-content\/uploads\/2015\/10\/munch-vampiro-300x273.jpg\" alt=\"munch vampiro\" width=\"300\" height=\"273\" srcset=\"https:\/\/www.civiltalaica.it\/cms\/wp-content\/uploads\/2015\/10\/munch-vampiro-300x273.jpg 300w, https:\/\/www.civiltalaica.it\/cms\/wp-content\/uploads\/2015\/10\/munch-vampiro.jpg 400w\" sizes=\"auto, (max-width: 300px) 100vw, 300px\" \/><\/a>Il fatto che l\u2019autore, come dice la quarta di copertina, \u00e8 Sovrintendente Capo della Polizia di Stato arricchisce la prosa con quell\u2019attendibilit\u00e0 e quel realismo che coinvolgono il lettore nel seguire un\u2019indagine anomala.<\/span><\/span><\/p>\n<p><span style=\"font-family: 'Times New Roman', serif;\"><span style=\"font-size: medium;\">Leggendo il libro si intuisce che il poliziotto Marco Alfieri, protagonista del libro, ha una storia precedente che gli ha lasciato non pochi traumi e conseguenze (abbiamo scoperto dopo che questo passato \u00e8 narrato dallo stesso Maurizi in \u201cL\u2019ultima indagine\u201d, ciesse edizioni, disponibile in e-book a 4 euro), tuttavia questo romanzo scorre benissimo anche senza conoscere il precedente, dal quale del resto \u00e8 completamente autonomo per la trama.<\/span><\/span><\/p>\n<p><span style=\"font-family: 'Times New Roman', serif;\"><span style=\"font-size: medium;\">Ambientato fra Roma e Ussita il romanzo presenta tutti personaggi molto ben caratterizzati, come il giornalista Francesco Waldman che \u00e8 la spalla investigativa di Marco Alfieri o la compagna di questo Silvia Grandi. La citt\u00e0 che ospita le indagini \u00e8 una Roma molto strana e, ci permettiamo di dirlo, quasi improbabile (la nevicata su Roma che avviene nel libro sembra quasi confermare questa nostra percezione) lungo tutto lo svolgersi della storia. Poi diventa finanche cattiva, ostile ai protagonisti, nel finale del libro. Ma non c\u2019\u00e8 una banale nostalgia per la provincia in questa rappresentazione della metropoli; del resto anche la Tuscia di Tarquinia e Cerveteri che appare nel finale non ci fa una bella figura. Forse Ussita \u00e8 l\u2019unico posto descritto nel libro che offre un riparo benevolo ai protagonisti. <\/span><\/span><\/p>\n<p>\u201c<span style=\"font-family: 'Times New Roman', serif;\"><span style=\"font-size: medium;\">Il vampiro di Munch\u201d, lo diciamo per togliere i dubbi ai lettori, non indica la presenza del soprannaturale nel romanzo ma \u00e8 un quadro appeso nella casa di una dei protagonisti del libro. C\u2019\u00e8 invece, spesso, un continuo interrogarsi del protagonista sui disegni di Dio che per\u00f2 rimangono misteriosi e inespressi. Come del resto rimane misteriosa una struttura interna (?) alla Polizia che manovra contro il protagonista.<\/span><\/span><\/p>\n<p><span style=\"font-family: 'Times New Roman', serif;\"><span style=\"font-size: medium;\">Insomma un noir molto gradevole, a tinte cupe, realiste e scritto in modo pi\u00f9 che notevole, di cui ovviamente, come nostra abitudine con le opere che meritano non sveliamo niente.<\/span><\/span><\/p>\n<p><span style=\"font-family: 'Times New Roman', serif;\"><span style=\"font-size: medium;\"><b>J. Mnemonic<\/b><\/span><\/span><\/p>\n<p><span style=\"font-family: 'Times New Roman', serif;\"><span style=\"font-size: medium;\"><i>Alessandro Maurizi sar\u00e0 ospite del Festival Horror di Terni con il suo \u201cIl Vampiro di Munch\u201d Domenica 1 Novembre 2015 alle ore 17.00 presso la sala dell\u2019orologio del Caos Museum. <\/i><\/span><\/span><\/p>\n","protected":false},"excerpt":{"rendered":"<p>Capita ogni tanto di imbattersi, per una ragione o per l\u2019altra, in piccoli gioiellini che emergono dal mare di consuetudine e appiattimento a cui siamo abituati. Questo bel giallo con profonde venature noir di Alessandro Maurizi (Ciesse edizioni, 256 pag., 14 euro, disponibile anche in e-book a 4 euro) \u00e8 una piacevole sorpresa.<\/p>\n","protected":false},"author":7,"featured_media":0,"comment_status":"closed","ping_status":"closed","sticky":false,"template":"","format":"standard","meta":{"footnotes":""},"categories":[238,231],"tags":[1470,1472,1469,71,1449,1471],"class_list":["post-13226","post","type-post","status-publish","format-standard","hentry","category-articoli","category-recensioni","tag-alessandro-maurizi","tag-giallo","tag-il-vampiro-di-munch","tag-j-mnemonic","tag-libri","tag-noir"],"yoast_head":"<!-- This site is optimized with the Yoast SEO plugin v27.1.1 - https:\/\/yoast.com\/product\/yoast-seo-wordpress\/ -->\n<title>Il vampiro di Munch - Associazione Culturale Civilt\u00e0 Laica<\/title>\n<meta name=\"robots\" content=\"index, follow, max-snippet:-1, max-image-preview:large, max-video-preview:-1\" \/>\n<link rel=\"canonical\" href=\"https:\/\/www.civiltalaica.it\/cms\/13226\/\" \/>\n<meta property=\"og:locale\" content=\"it_IT\" \/>\n<meta property=\"og:type\" content=\"article\" \/>\n<meta property=\"og:title\" content=\"Il vampiro di Munch - Associazione Culturale Civilt\u00e0 Laica\" \/>\n<meta property=\"og:description\" content=\"Capita ogni tanto di imbattersi, per una ragione o per l\u2019altra, in piccoli gioiellini che emergono dal mare di consuetudine e appiattimento a cui siamo abituati. Questo bel giallo con profonde venature noir di Alessandro Maurizi (Ciesse edizioni, 256 pag., 14 euro, disponibile anche in e-book a 4 euro) \u00e8 una piacevole sorpresa.\" \/>\n<meta property=\"og:url\" content=\"https:\/\/www.civiltalaica.it\/cms\/13226\/\" \/>\n<meta property=\"og:site_name\" content=\"Associazione Culturale Civilt\u00e0 Laica\" \/>\n<meta property=\"article:publisher\" content=\"https:\/\/www.facebook.com\/civiltalaica\" \/>\n<meta property=\"article:published_time\" content=\"2015-10-20T19:45:34+00:00\" \/>\n<meta property=\"article:modified_time\" content=\"2015-10-20T19:45:50+00:00\" \/>\n<meta property=\"og:image\" content=\"http:\/\/www.civiltalaica.it\/cms\/wp-content\/uploads\/2015\/10\/munch-vampiro-300x273.jpg\" \/>\n<meta name=\"author\" content=\"alexjc\" \/>\n<meta name=\"twitter:card\" content=\"summary_large_image\" \/>\n<meta name=\"twitter:label1\" content=\"Scritto da\" \/>\n\t<meta name=\"twitter:data1\" content=\"alexjc\" \/>\n\t<meta name=\"twitter:label2\" content=\"Tempo di lettura stimato\" \/>\n\t<meta name=\"twitter:data2\" content=\"2 minuti\" \/>\n<script type=\"application\/ld+json\" class=\"yoast-schema-graph\">{\"@context\":\"https:\/\/schema.org\",\"@graph\":[{\"@type\":\"Article\",\"@id\":\"https:\/\/www.civiltalaica.it\/cms\/13226\/#article\",\"isPartOf\":{\"@id\":\"https:\/\/www.civiltalaica.it\/cms\/13226\/\"},\"author\":{\"name\":\"alexjc\",\"@id\":\"https:\/\/www.civiltalaica.it\/cms\/#\/schema\/person\/4efef56f866329a1e0943eb27336df1d\"},\"headline\":\"Il vampiro di Munch\",\"datePublished\":\"2015-10-20T19:45:34+00:00\",\"dateModified\":\"2015-10-20T19:45:50+00:00\",\"mainEntityOfPage\":{\"@id\":\"https:\/\/www.civiltalaica.it\/cms\/13226\/\"},\"wordCount\":408,\"image\":{\"@id\":\"https:\/\/www.civiltalaica.it\/cms\/13226\/#primaryimage\"},\"thumbnailUrl\":\"http:\/\/www.civiltalaica.it\/cms\/wp-content\/uploads\/2015\/10\/munch-vampiro-300x273.jpg\",\"keywords\":[\"alessandro maurizi\",\"giallo\",\"il vampiro di munch\",\"j mnemonic\",\"Libri\",\"noir\"],\"articleSection\":[\"articoli\",\"recensioni\"],\"inLanguage\":\"it-IT\"},{\"@type\":\"WebPage\",\"@id\":\"https:\/\/www.civiltalaica.it\/cms\/13226\/\",\"url\":\"https:\/\/www.civiltalaica.it\/cms\/13226\/\",\"name\":\"Il vampiro di Munch - Associazione Culturale Civilt\u00e0 Laica\",\"isPartOf\":{\"@id\":\"https:\/\/www.civiltalaica.it\/cms\/#website\"},\"primaryImageOfPage\":{\"@id\":\"https:\/\/www.civiltalaica.it\/cms\/13226\/#primaryimage\"},\"image\":{\"@id\":\"https:\/\/www.civiltalaica.it\/cms\/13226\/#primaryimage\"},\"thumbnailUrl\":\"http:\/\/www.civiltalaica.it\/cms\/wp-content\/uploads\/2015\/10\/munch-vampiro-300x273.jpg\",\"datePublished\":\"2015-10-20T19:45:34+00:00\",\"dateModified\":\"2015-10-20T19:45:50+00:00\",\"author\":{\"@id\":\"https:\/\/www.civiltalaica.it\/cms\/#\/schema\/person\/4efef56f866329a1e0943eb27336df1d\"},\"breadcrumb\":{\"@id\":\"https:\/\/www.civiltalaica.it\/cms\/13226\/#breadcrumb\"},\"inLanguage\":\"it-IT\",\"potentialAction\":[{\"@type\":\"ReadAction\",\"target\":[\"https:\/\/www.civiltalaica.it\/cms\/13226\/\"]}]},{\"@type\":\"ImageObject\",\"inLanguage\":\"it-IT\",\"@id\":\"https:\/\/www.civiltalaica.it\/cms\/13226\/#primaryimage\",\"url\":\"http:\/\/www.civiltalaica.it\/cms\/wp-content\/uploads\/2015\/10\/munch-vampiro-300x273.jpg\",\"contentUrl\":\"http:\/\/www.civiltalaica.it\/cms\/wp-content\/uploads\/2015\/10\/munch-vampiro-300x273.jpg\"},{\"@type\":\"BreadcrumbList\",\"@id\":\"https:\/\/www.civiltalaica.it\/cms\/13226\/#breadcrumb\",\"itemListElement\":[{\"@type\":\"ListItem\",\"position\":1,\"name\":\"Home\",\"item\":\"https:\/\/www.civiltalaica.it\/cms\/\"},{\"@type\":\"ListItem\",\"position\":2,\"name\":\"Il vampiro di Munch\"}]},{\"@type\":\"WebSite\",\"@id\":\"https:\/\/www.civiltalaica.it\/cms\/#website\",\"url\":\"https:\/\/www.civiltalaica.it\/cms\/\",\"name\":\"Associazione Culturale Civilt\u00e0 Laica\",\"description\":\"Per un movimento culturale volto a difendere la Laicit\u00e0 dello Stato.\",\"potentialAction\":[{\"@type\":\"SearchAction\",\"target\":{\"@type\":\"EntryPoint\",\"urlTemplate\":\"https:\/\/www.civiltalaica.it\/cms\/?s={search_term_string}\"},\"query-input\":{\"@type\":\"PropertyValueSpecification\",\"valueRequired\":true,\"valueName\":\"search_term_string\"}}],\"inLanguage\":\"it-IT\"},{\"@type\":\"Person\",\"@id\":\"https:\/\/www.civiltalaica.it\/cms\/#\/schema\/person\/4efef56f866329a1e0943eb27336df1d\",\"name\":\"alexjc\",\"url\":\"https:\/\/www.civiltalaica.it\/cms\/author\/alexjc\/\"}]}<\/script>\n<!-- \/ Yoast SEO plugin. -->","yoast_head_json":{"title":"Il vampiro di Munch - Associazione Culturale Civilt\u00e0 Laica","robots":{"index":"index","follow":"follow","max-snippet":"max-snippet:-1","max-image-preview":"max-image-preview:large","max-video-preview":"max-video-preview:-1"},"canonical":"https:\/\/www.civiltalaica.it\/cms\/13226\/","og_locale":"it_IT","og_type":"article","og_title":"Il vampiro di Munch - Associazione Culturale Civilt\u00e0 Laica","og_description":"Capita ogni tanto di imbattersi, per una ragione o per l\u2019altra, in piccoli gioiellini che emergono dal mare di consuetudine e appiattimento a cui siamo abituati. Questo bel giallo con profonde venature noir di Alessandro Maurizi (Ciesse edizioni, 256 pag., 14 euro, disponibile anche in e-book a 4 euro) \u00e8 una piacevole sorpresa.","og_url":"https:\/\/www.civiltalaica.it\/cms\/13226\/","og_site_name":"Associazione Culturale Civilt\u00e0 Laica","article_publisher":"https:\/\/www.facebook.com\/civiltalaica","article_published_time":"2015-10-20T19:45:34+00:00","article_modified_time":"2015-10-20T19:45:50+00:00","og_image":[{"url":"http:\/\/www.civiltalaica.it\/cms\/wp-content\/uploads\/2015\/10\/munch-vampiro-300x273.jpg","type":"","width":"","height":""}],"author":"alexjc","twitter_card":"summary_large_image","twitter_misc":{"Scritto da":"alexjc","Tempo di lettura stimato":"2 minuti"},"schema":{"@context":"https:\/\/schema.org","@graph":[{"@type":"Article","@id":"https:\/\/www.civiltalaica.it\/cms\/13226\/#article","isPartOf":{"@id":"https:\/\/www.civiltalaica.it\/cms\/13226\/"},"author":{"name":"alexjc","@id":"https:\/\/www.civiltalaica.it\/cms\/#\/schema\/person\/4efef56f866329a1e0943eb27336df1d"},"headline":"Il vampiro di Munch","datePublished":"2015-10-20T19:45:34+00:00","dateModified":"2015-10-20T19:45:50+00:00","mainEntityOfPage":{"@id":"https:\/\/www.civiltalaica.it\/cms\/13226\/"},"wordCount":408,"image":{"@id":"https:\/\/www.civiltalaica.it\/cms\/13226\/#primaryimage"},"thumbnailUrl":"http:\/\/www.civiltalaica.it\/cms\/wp-content\/uploads\/2015\/10\/munch-vampiro-300x273.jpg","keywords":["alessandro maurizi","giallo","il vampiro di munch","j mnemonic","Libri","noir"],"articleSection":["articoli","recensioni"],"inLanguage":"it-IT"},{"@type":"WebPage","@id":"https:\/\/www.civiltalaica.it\/cms\/13226\/","url":"https:\/\/www.civiltalaica.it\/cms\/13226\/","name":"Il vampiro di Munch - Associazione Culturale Civilt\u00e0 Laica","isPartOf":{"@id":"https:\/\/www.civiltalaica.it\/cms\/#website"},"primaryImageOfPage":{"@id":"https:\/\/www.civiltalaica.it\/cms\/13226\/#primaryimage"},"image":{"@id":"https:\/\/www.civiltalaica.it\/cms\/13226\/#primaryimage"},"thumbnailUrl":"http:\/\/www.civiltalaica.it\/cms\/wp-content\/uploads\/2015\/10\/munch-vampiro-300x273.jpg","datePublished":"2015-10-20T19:45:34+00:00","dateModified":"2015-10-20T19:45:50+00:00","author":{"@id":"https:\/\/www.civiltalaica.it\/cms\/#\/schema\/person\/4efef56f866329a1e0943eb27336df1d"},"breadcrumb":{"@id":"https:\/\/www.civiltalaica.it\/cms\/13226\/#breadcrumb"},"inLanguage":"it-IT","potentialAction":[{"@type":"ReadAction","target":["https:\/\/www.civiltalaica.it\/cms\/13226\/"]}]},{"@type":"ImageObject","inLanguage":"it-IT","@id":"https:\/\/www.civiltalaica.it\/cms\/13226\/#primaryimage","url":"http:\/\/www.civiltalaica.it\/cms\/wp-content\/uploads\/2015\/10\/munch-vampiro-300x273.jpg","contentUrl":"http:\/\/www.civiltalaica.it\/cms\/wp-content\/uploads\/2015\/10\/munch-vampiro-300x273.jpg"},{"@type":"BreadcrumbList","@id":"https:\/\/www.civiltalaica.it\/cms\/13226\/#breadcrumb","itemListElement":[{"@type":"ListItem","position":1,"name":"Home","item":"https:\/\/www.civiltalaica.it\/cms\/"},{"@type":"ListItem","position":2,"name":"Il vampiro di Munch"}]},{"@type":"WebSite","@id":"https:\/\/www.civiltalaica.it\/cms\/#website","url":"https:\/\/www.civiltalaica.it\/cms\/","name":"Associazione Culturale Civilt\u00e0 Laica","description":"Per un movimento culturale volto a difendere la Laicit\u00e0 dello Stato.","potentialAction":[{"@type":"SearchAction","target":{"@type":"EntryPoint","urlTemplate":"https:\/\/www.civiltalaica.it\/cms\/?s={search_term_string}"},"query-input":{"@type":"PropertyValueSpecification","valueRequired":true,"valueName":"search_term_string"}}],"inLanguage":"it-IT"},{"@type":"Person","@id":"https:\/\/www.civiltalaica.it\/cms\/#\/schema\/person\/4efef56f866329a1e0943eb27336df1d","name":"alexjc","url":"https:\/\/www.civiltalaica.it\/cms\/author\/alexjc\/"}]}},"_links":{"self":[{"href":"https:\/\/www.civiltalaica.it\/cms\/wp-json\/wp\/v2\/posts\/13226","targetHints":{"allow":["GET"]}}],"collection":[{"href":"https:\/\/www.civiltalaica.it\/cms\/wp-json\/wp\/v2\/posts"}],"about":[{"href":"https:\/\/www.civiltalaica.it\/cms\/wp-json\/wp\/v2\/types\/post"}],"author":[{"embeddable":true,"href":"https:\/\/www.civiltalaica.it\/cms\/wp-json\/wp\/v2\/users\/7"}],"replies":[{"embeddable":true,"href":"https:\/\/www.civiltalaica.it\/cms\/wp-json\/wp\/v2\/comments?post=13226"}],"version-history":[{"count":0,"href":"https:\/\/www.civiltalaica.it\/cms\/wp-json\/wp\/v2\/posts\/13226\/revisions"}],"wp:attachment":[{"href":"https:\/\/www.civiltalaica.it\/cms\/wp-json\/wp\/v2\/media?parent=13226"}],"wp:term":[{"taxonomy":"category","embeddable":true,"href":"https:\/\/www.civiltalaica.it\/cms\/wp-json\/wp\/v2\/categories?post=13226"},{"taxonomy":"post_tag","embeddable":true,"href":"https:\/\/www.civiltalaica.it\/cms\/wp-json\/wp\/v2\/tags?post=13226"}],"curies":[{"name":"wp","href":"https:\/\/api.w.org\/{rel}","templated":true}]}}