{"id":13206,"date":"2015-10-03T10:00:40","date_gmt":"2015-10-03T10:00:40","guid":{"rendered":"http:\/\/www.civiltalaica.it\/cms\/?p=13206"},"modified":"2017-01-10T19:13:40","modified_gmt":"2017-01-10T19:13:40","slug":"festival-horror-di-terni","status":"publish","type":"post","link":"https:\/\/www.civiltalaica.it\/cms\/festival-horror-di-terni\/","title":{"rendered":"Festival Horror di Terni"},"content":{"rendered":"<p><span style=\"font-family: 'Times New Roman', serif;\"><span style=\"font-size: medium;\">Proviamo con pochi mezzi ma molte idee a far partire una nuova avventura in questa citt\u00e0.<\/span><\/span><\/p>\n<p><span style=\"font-family: 'Times New Roman', serif;\"><span style=\"font-size: medium;\">Il cinema con la citt\u00e0 di Terni ha avuto sempre un rapporto particolare, di amore e odio potremmo definirlo. Benigni, gli studios di Papigno, il festival popoli e religioni, quello di cinema e lavoro, la scuola di Gastone Moschin.<\/span><\/span><\/p>\n<p><span style=\"font-family: 'Times New Roman', serif;\"><span style=\"font-size: medium;\">Ma il genere horror, non ha mai ricevuto gli onori di casa nella nostra citt\u00e0, e non \u00e8 necessario tirare in ballo il caso della famigerata accademia di Carlo Rambaldi per dimostrarlo.<\/span><\/span><\/p>\n<p><span style=\"font-family: 'Times New Roman', serif;\"><span style=\"font-size: medium;\">Ci proviamo noi dell\u2019Associazione Culturale Civilt\u00e0 Laica ad attirare l&#8217;attenzione su questo genere, non limitato certo solo al cinema ma che ha solidissime basi letterarie, sempre bistrattato e sottovalutato ma la cui schiera di appassionati \u00e8 andata costantemente aumentando. <\/span><\/span><\/p>\n<p><span style=\"font-family: 'Times New Roman', serif;\"><span style=\"font-size: medium;\">Infatti, se fino all\u2019inizio degli anni \u201990 l\u2019horror era un fenomeno di nicchia, oggi possiamo dire che questa \u201cnicchia\u201d \u00e8 cresciuta a dismisura grazie ai successi di film come \u201cIl silenzio degli innocenti\u201d che \u00e8 arrivato a vincere l\u2019oscar, o alla riproposizione in chiave moderna di grandi classici del passato come il Dracula di F. F. Coppola o il Frankenstein di K. Branagh. Non possiamo poi non citare per l\u2019Italia il fenomeno del fumetto di Dylan Dog che ha avvicinato almeno due generazioni di ragazzi al cinema e alla letteratura horror. <\/span><\/span><!--more--><\/p>\n<p><span style=\"font-family: 'Times New Roman', serif;\"><span style=\"font-size: medium;\">Non \u00e8 questa la sede per rispondere alle solite, prevedibili, contestazioni sul fatto che il genere horror istighi alla violenza. Diciamo semplicemente che questa storia \u00e8 stata ampiamente smentita e che non \u00e8 il caso di tornarci neanche sopra.<\/span><\/span><\/p>\n<p><span style=\"font-family: 'Times New Roman', serif;\"><span style=\"font-size: medium;\">Tornando al nostro festival invece che si terr\u00e0 nel fine settimana di Halloween (quale occasione migliore?) presso la Sala dell\u2019Orologio del Caos Museum: abbiamo provato ad unire cinema e letteratura mettendo insieme presentazioni di libri e proiezioni di film. <\/span><\/span><\/p>\n<p><span style=\"font-family: 'Times New Roman', serif;\"><span style=\"font-size: medium;\">Per i libri abbiamo scelto di premiare, in questa prima esperienza, il genere thriller\/noir. I tre titoli scelti \u201cIl gioco di Sid\u201d, \u201cFalsa Imago\u201d e \u201cIl vampiro di Munch\u201d rappresentano tre novit\u00e0 italiane che si caratterizzano per le profonde descrizioni del \u201clato oscuro\u201d dell\u2019essere umano.<\/span><\/span><\/p>\n<p><span style=\"font-family: 'Times New Roman', serif;\"><span style=\"font-size: medium;\">Riguardo al settore cinematografico invece, abbiamo deciso di dividere il festival fra una retrospettiva degli anni precedenti alla popolarit\u00e0 del genere e i film recenti. <\/span><\/span><\/p>\n<p><span style=\"font-family: 'Times New Roman', serif;\"><span style=\"font-size: medium;\">Per la retrospettiva abbiamo innanzitutto scelto di omaggiare il grande attore inglese Cristopher Lee, che oggi tanti conoscono per i suoi ruoli come Saruman ne \u201cIl signore degli anelli\u201d o come Conte Doku nella nuova trilogia di \u201cGuerre Stellari\u201d. Ma nel 1958 (e negli anni seguenti) ha dato corpo e volto al Dracula forse pi\u00f9 inquietante della storia del cinema. Poi siamo andati a pescare negli anni\u201980 con due classici intramontabili \u201cLa Cosa\u201d di John Carpenter e \u201cUn lupo mannaro americano a Londra\u201d di John Landis.<\/span><\/span><\/p>\n<p><span style=\"font-family: 'Times New Roman', serif;\"><span style=\"font-size: medium;\">Per quello che riguarda l\u2019horror dei nostri giorni invece abbiamo scelto quasi con un criterio di confronto fra tre sottogeneri completamente diversi fra loro: l\u2019horror legato alla religione Voodoo importata nella Louisiana dagli schiavi africani e rappresentato da \u201cThe Skeleton Key\u201d; l\u2019horror orientale introspettivo, psicologico e molto inquietante con \u201cTwo sisters\u201d; e per finire un classico, ovvero i vampiri con il fortunatissimo \u201c30 giorni di buio\u201d. <\/span><\/span><\/p>\n<p><span style=\"font-family: 'Times New Roman', serif;\"><span style=\"font-size: medium;\">Ogni sera inoltre metteremo in palio un dvd originale di un classico del cinema horror semplicemente giocando a un quiz, ovviamente a tema. <\/span><\/span><\/p>\n<p><span style=\"font-family: 'Times New Roman', serif;\"><span style=\"font-size: medium;\">Il Fat, ovvero il ristorante del Caos Museum, offrir\u00e0 a un prezzo vantaggioso un men\u00f9 pizza-birra-caff\u00e8 a chi, avendo visto gli appuntamenti del pomeriggio, vorr\u00e0 vedere anche la proiezione serale.<\/span><\/span><\/p>\n<p><span style=\"font-family: 'Times New Roman', serif;\"><span style=\"font-size: medium;\">Il tutto si svolger\u00e0 con costo di ingresso zero. Non perch\u00e9 Civilt\u00e0 Laica ha infiniti fondi a disposizione ma semplicemente perch\u00e9, promuovere la cultura \u00e8 il primo dovere di un associazione culturale, e come insegna il Prof. Marcello Ricci (socio fondatore di Civilt\u00e0 Laica) \u201cla cultura non ha prezzo\u201d.<\/span><\/span><\/p>\n<p><span style=\"font-family: 'Times New Roman', serif;\"><span style=\"font-size: medium;\">Un ringraziamento a chi ha creduto in questo progetto e ci ha dato e ci dar\u00e0 una mano, ovvero: il Caos Museum, il centro musicale Jalenti, la fumetteria Delirio, la casa editrice Dalia Edizioni e il sito <\/span><\/span><span style=\"color: #0000ff;\"><u><a class=\"western\" href=\"http:\/\/www.stephenking.it\/\"><span style=\"font-family: 'Times New Roman', serif;\"><span style=\"font-size: medium;\">www.stephenking.it<\/span><\/span><\/a><\/u><\/span><span style=\"font-family: 'Times New Roman', serif;\"><span style=\"font-size: medium;\">.<\/span><\/span><\/p>\n<p><span style=\"font-family: 'Times New Roman', serif;\"><span style=\"font-size: medium;\">Se la cosa funziona l\u2019anno prossimo cercheremo di fare ancora meglio. <\/span><\/span><\/p>\n","protected":false},"excerpt":{"rendered":"<p>Proviamo con pochi mezzi ma molte idee a far partire una nuova avventura in questa citt\u00e0. Il cinema con la citt\u00e0 di Terni ha avuto sempre un rapporto particolare, di amore e odio potremmo definirlo. Benigni, gli studios di Papigno, il festival popoli e religioni, quello di cinema e lavoro, la scuola di Gastone Moschin. [&hellip;]<\/p>\n","protected":false},"author":7,"featured_media":0,"comment_status":"closed","ping_status":"closed","sticky":false,"template":"","format":"standard","meta":{"footnotes":""},"categories":[238,229],"tags":[347,1328,10,841,1449],"class_list":["post-13206","post","type-post","status-publish","format-standard","hentry","category-articoli","category-evidenza","tag-cinema","tag-festival","tag-film","tag-horror","tag-libri"],"yoast_head":"<!-- This site is optimized with the Yoast SEO plugin v27.1.1 - https:\/\/yoast.com\/product\/yoast-seo-wordpress\/ -->\n<title>Festival Horror di Terni - Associazione Culturale Civilt\u00e0 Laica<\/title>\n<meta name=\"robots\" content=\"index, follow, max-snippet:-1, max-image-preview:large, max-video-preview:-1\" \/>\n<link rel=\"canonical\" href=\"https:\/\/www.civiltalaica.it\/cms\/festival-horror-di-terni\/\" \/>\n<meta property=\"og:locale\" content=\"it_IT\" \/>\n<meta property=\"og:type\" content=\"article\" \/>\n<meta property=\"og:title\" content=\"Festival Horror di Terni - Associazione Culturale Civilt\u00e0 Laica\" \/>\n<meta property=\"og:description\" content=\"Proviamo con pochi mezzi ma molte idee a far partire una nuova avventura in questa citt\u00e0. Il cinema con la citt\u00e0 di Terni ha avuto sempre un rapporto particolare, di amore e odio potremmo definirlo. Benigni, gli studios di Papigno, il festival popoli e religioni, quello di cinema e lavoro, la scuola di Gastone Moschin. [&hellip;]\" \/>\n<meta property=\"og:url\" content=\"https:\/\/www.civiltalaica.it\/cms\/festival-horror-di-terni\/\" \/>\n<meta property=\"og:site_name\" content=\"Associazione Culturale Civilt\u00e0 Laica\" \/>\n<meta property=\"article:publisher\" content=\"https:\/\/www.facebook.com\/civiltalaica\" \/>\n<meta property=\"article:published_time\" content=\"2015-10-03T10:00:40+00:00\" \/>\n<meta property=\"article:modified_time\" content=\"2017-01-10T19:13:40+00:00\" \/>\n<meta property=\"og:image\" content=\"https:\/\/www.civiltalaica.it\/cms\/wp-content\/uploads\/2017\/06\/logo-cl.png\" \/>\n\t<meta property=\"og:image:width\" content=\"400\" \/>\n\t<meta property=\"og:image:height\" content=\"180\" \/>\n\t<meta property=\"og:image:type\" content=\"image\/png\" \/>\n<meta name=\"author\" content=\"alexjc\" \/>\n<meta name=\"twitter:card\" content=\"summary_large_image\" \/>\n<meta name=\"twitter:label1\" content=\"Scritto da\" \/>\n\t<meta name=\"twitter:data1\" content=\"alexjc\" \/>\n\t<meta name=\"twitter:label2\" content=\"Tempo di lettura stimato\" \/>\n\t<meta name=\"twitter:data2\" content=\"3 minuti\" \/>\n<script type=\"application\/ld+json\" class=\"yoast-schema-graph\">{\"@context\":\"https:\/\/schema.org\",\"@graph\":[{\"@type\":\"Article\",\"@id\":\"https:\/\/www.civiltalaica.it\/cms\/festival-horror-di-terni\/#article\",\"isPartOf\":{\"@id\":\"https:\/\/www.civiltalaica.it\/cms\/festival-horror-di-terni\/\"},\"author\":{\"name\":\"alexjc\",\"@id\":\"https:\/\/www.civiltalaica.it\/cms\/#\/schema\/person\/4efef56f866329a1e0943eb27336df1d\"},\"headline\":\"Festival Horror di Terni\",\"datePublished\":\"2015-10-03T10:00:40+00:00\",\"dateModified\":\"2017-01-10T19:13:40+00:00\",\"mainEntityOfPage\":{\"@id\":\"https:\/\/www.civiltalaica.it\/cms\/festival-horror-di-terni\/\"},\"wordCount\":675,\"keywords\":[\"cinema\",\"festival\",\"Film\",\"horror\",\"Libri\"],\"articleSection\":[\"articoli\",\"in evidenza\"],\"inLanguage\":\"it-IT\"},{\"@type\":\"WebPage\",\"@id\":\"https:\/\/www.civiltalaica.it\/cms\/festival-horror-di-terni\/\",\"url\":\"https:\/\/www.civiltalaica.it\/cms\/festival-horror-di-terni\/\",\"name\":\"Festival Horror di Terni - Associazione Culturale Civilt\u00e0 Laica\",\"isPartOf\":{\"@id\":\"https:\/\/www.civiltalaica.it\/cms\/#website\"},\"datePublished\":\"2015-10-03T10:00:40+00:00\",\"dateModified\":\"2017-01-10T19:13:40+00:00\",\"author\":{\"@id\":\"https:\/\/www.civiltalaica.it\/cms\/#\/schema\/person\/4efef56f866329a1e0943eb27336df1d\"},\"breadcrumb\":{\"@id\":\"https:\/\/www.civiltalaica.it\/cms\/festival-horror-di-terni\/#breadcrumb\"},\"inLanguage\":\"it-IT\",\"potentialAction\":[{\"@type\":\"ReadAction\",\"target\":[\"https:\/\/www.civiltalaica.it\/cms\/festival-horror-di-terni\/\"]}]},{\"@type\":\"BreadcrumbList\",\"@id\":\"https:\/\/www.civiltalaica.it\/cms\/festival-horror-di-terni\/#breadcrumb\",\"itemListElement\":[{\"@type\":\"ListItem\",\"position\":1,\"name\":\"Home\",\"item\":\"https:\/\/www.civiltalaica.it\/cms\/\"},{\"@type\":\"ListItem\",\"position\":2,\"name\":\"Festival Horror di Terni\"}]},{\"@type\":\"WebSite\",\"@id\":\"https:\/\/www.civiltalaica.it\/cms\/#website\",\"url\":\"https:\/\/www.civiltalaica.it\/cms\/\",\"name\":\"Associazione Culturale Civilt\u00e0 Laica\",\"description\":\"Per un movimento culturale volto a difendere la Laicit\u00e0 dello Stato.\",\"potentialAction\":[{\"@type\":\"SearchAction\",\"target\":{\"@type\":\"EntryPoint\",\"urlTemplate\":\"https:\/\/www.civiltalaica.it\/cms\/?s={search_term_string}\"},\"query-input\":{\"@type\":\"PropertyValueSpecification\",\"valueRequired\":true,\"valueName\":\"search_term_string\"}}],\"inLanguage\":\"it-IT\"},{\"@type\":\"Person\",\"@id\":\"https:\/\/www.civiltalaica.it\/cms\/#\/schema\/person\/4efef56f866329a1e0943eb27336df1d\",\"name\":\"alexjc\",\"url\":\"https:\/\/www.civiltalaica.it\/cms\/author\/alexjc\/\"}]}<\/script>\n<!-- \/ Yoast SEO plugin. -->","yoast_head_json":{"title":"Festival Horror di Terni - Associazione Culturale Civilt\u00e0 Laica","robots":{"index":"index","follow":"follow","max-snippet":"max-snippet:-1","max-image-preview":"max-image-preview:large","max-video-preview":"max-video-preview:-1"},"canonical":"https:\/\/www.civiltalaica.it\/cms\/festival-horror-di-terni\/","og_locale":"it_IT","og_type":"article","og_title":"Festival Horror di Terni - Associazione Culturale Civilt\u00e0 Laica","og_description":"Proviamo con pochi mezzi ma molte idee a far partire una nuova avventura in questa citt\u00e0. Il cinema con la citt\u00e0 di Terni ha avuto sempre un rapporto particolare, di amore e odio potremmo definirlo. Benigni, gli studios di Papigno, il festival popoli e religioni, quello di cinema e lavoro, la scuola di Gastone Moschin. [&hellip;]","og_url":"https:\/\/www.civiltalaica.it\/cms\/festival-horror-di-terni\/","og_site_name":"Associazione Culturale Civilt\u00e0 Laica","article_publisher":"https:\/\/www.facebook.com\/civiltalaica","article_published_time":"2015-10-03T10:00:40+00:00","article_modified_time":"2017-01-10T19:13:40+00:00","og_image":[{"width":400,"height":180,"url":"https:\/\/www.civiltalaica.it\/cms\/wp-content\/uploads\/2017\/06\/logo-cl.png","type":"image\/png"}],"author":"alexjc","twitter_card":"summary_large_image","twitter_misc":{"Scritto da":"alexjc","Tempo di lettura stimato":"3 minuti"},"schema":{"@context":"https:\/\/schema.org","@graph":[{"@type":"Article","@id":"https:\/\/www.civiltalaica.it\/cms\/festival-horror-di-terni\/#article","isPartOf":{"@id":"https:\/\/www.civiltalaica.it\/cms\/festival-horror-di-terni\/"},"author":{"name":"alexjc","@id":"https:\/\/www.civiltalaica.it\/cms\/#\/schema\/person\/4efef56f866329a1e0943eb27336df1d"},"headline":"Festival Horror di Terni","datePublished":"2015-10-03T10:00:40+00:00","dateModified":"2017-01-10T19:13:40+00:00","mainEntityOfPage":{"@id":"https:\/\/www.civiltalaica.it\/cms\/festival-horror-di-terni\/"},"wordCount":675,"keywords":["cinema","festival","Film","horror","Libri"],"articleSection":["articoli","in evidenza"],"inLanguage":"it-IT"},{"@type":"WebPage","@id":"https:\/\/www.civiltalaica.it\/cms\/festival-horror-di-terni\/","url":"https:\/\/www.civiltalaica.it\/cms\/festival-horror-di-terni\/","name":"Festival Horror di Terni - Associazione Culturale Civilt\u00e0 Laica","isPartOf":{"@id":"https:\/\/www.civiltalaica.it\/cms\/#website"},"datePublished":"2015-10-03T10:00:40+00:00","dateModified":"2017-01-10T19:13:40+00:00","author":{"@id":"https:\/\/www.civiltalaica.it\/cms\/#\/schema\/person\/4efef56f866329a1e0943eb27336df1d"},"breadcrumb":{"@id":"https:\/\/www.civiltalaica.it\/cms\/festival-horror-di-terni\/#breadcrumb"},"inLanguage":"it-IT","potentialAction":[{"@type":"ReadAction","target":["https:\/\/www.civiltalaica.it\/cms\/festival-horror-di-terni\/"]}]},{"@type":"BreadcrumbList","@id":"https:\/\/www.civiltalaica.it\/cms\/festival-horror-di-terni\/#breadcrumb","itemListElement":[{"@type":"ListItem","position":1,"name":"Home","item":"https:\/\/www.civiltalaica.it\/cms\/"},{"@type":"ListItem","position":2,"name":"Festival Horror di Terni"}]},{"@type":"WebSite","@id":"https:\/\/www.civiltalaica.it\/cms\/#website","url":"https:\/\/www.civiltalaica.it\/cms\/","name":"Associazione Culturale Civilt\u00e0 Laica","description":"Per un movimento culturale volto a difendere la Laicit\u00e0 dello Stato.","potentialAction":[{"@type":"SearchAction","target":{"@type":"EntryPoint","urlTemplate":"https:\/\/www.civiltalaica.it\/cms\/?s={search_term_string}"},"query-input":{"@type":"PropertyValueSpecification","valueRequired":true,"valueName":"search_term_string"}}],"inLanguage":"it-IT"},{"@type":"Person","@id":"https:\/\/www.civiltalaica.it\/cms\/#\/schema\/person\/4efef56f866329a1e0943eb27336df1d","name":"alexjc","url":"https:\/\/www.civiltalaica.it\/cms\/author\/alexjc\/"}]}},"_links":{"self":[{"href":"https:\/\/www.civiltalaica.it\/cms\/wp-json\/wp\/v2\/posts\/13206","targetHints":{"allow":["GET"]}}],"collection":[{"href":"https:\/\/www.civiltalaica.it\/cms\/wp-json\/wp\/v2\/posts"}],"about":[{"href":"https:\/\/www.civiltalaica.it\/cms\/wp-json\/wp\/v2\/types\/post"}],"author":[{"embeddable":true,"href":"https:\/\/www.civiltalaica.it\/cms\/wp-json\/wp\/v2\/users\/7"}],"replies":[{"embeddable":true,"href":"https:\/\/www.civiltalaica.it\/cms\/wp-json\/wp\/v2\/comments?post=13206"}],"version-history":[{"count":1,"href":"https:\/\/www.civiltalaica.it\/cms\/wp-json\/wp\/v2\/posts\/13206\/revisions"}],"predecessor-version":[{"id":13969,"href":"https:\/\/www.civiltalaica.it\/cms\/wp-json\/wp\/v2\/posts\/13206\/revisions\/13969"}],"wp:attachment":[{"href":"https:\/\/www.civiltalaica.it\/cms\/wp-json\/wp\/v2\/media?parent=13206"}],"wp:term":[{"taxonomy":"category","embeddable":true,"href":"https:\/\/www.civiltalaica.it\/cms\/wp-json\/wp\/v2\/categories?post=13206"},{"taxonomy":"post_tag","embeddable":true,"href":"https:\/\/www.civiltalaica.it\/cms\/wp-json\/wp\/v2\/tags?post=13206"}],"curies":[{"name":"wp","href":"https:\/\/api.w.org\/{rel}","templated":true}]}}