{"id":13181,"date":"2015-09-15T05:38:59","date_gmt":"2015-09-15T05:38:59","guid":{"rendered":"http:\/\/www.civiltalaica.it\/cms\/?p=13181"},"modified":"2015-09-15T05:38:59","modified_gmt":"2015-09-15T05:38:59","slug":"dalla-culla-dellumanita-una-nuova-specie-del-genere-homo","status":"publish","type":"post","link":"https:\/\/www.civiltalaica.it\/cms\/dalla-culla-dellumanita-una-nuova-specie-del-genere-homo\/","title":{"rendered":"Dalla \u201cculla dell\u2019umanit\u00e0\u201d una nuova specie del genere Homo"},"content":{"rendered":"<p><em>Homo naledi<\/em>, che in lingua sotho significa \u201cstella\u201d, \u00e8 una nuova specie di ominidi ritrovata in una cavit\u00e0 profonda, la camera Dinaledi, all\u2019interno di un sistema di grotte a 50 Km da Johannesburg, Sud Africa.<\/p>\n<p><!--more--><\/p>\n<p><a href=\"http:\/\/www.civiltalaica.it\/cms\/wp-content\/uploads\/2015\/09\/Darwins_first_tree.jpg\"><img loading=\"lazy\" decoding=\"async\" class=\"alignleft  wp-image-13182\" src=\"http:\/\/www.civiltalaica.it\/cms\/wp-content\/uploads\/2015\/09\/Darwins_first_tree-300x300.jpg\" alt=\"Darwins_first_tree\" width=\"492\" height=\"492\" srcset=\"https:\/\/www.civiltalaica.it\/cms\/wp-content\/uploads\/2015\/09\/Darwins_first_tree-300x300.jpg 300w, https:\/\/www.civiltalaica.it\/cms\/wp-content\/uploads\/2015\/09\/Darwins_first_tree-150x150.jpg 150w\" sizes=\"auto, (max-width: 492px) 100vw, 492px\" \/><\/a>Complice la composizione geologica calcarea e a brecce, questo sito di 474 km<sup>2<\/sup> ha restituito numerosi esemplari ominidi fin dall\u2019inizio del secolo scorso (esemplari di <em>A. africanus<\/em> come Mrs Ples e il bambino di Taung) e continua a custodirne innumerevoli, al punto da aver meritato il nome di \u201cculla dell\u2019umanit\u00e0\u201d e la custodia dell\u2019Unesco dal 1999.<\/p>\n<p>La scoperta, effettuata dal team di Lee Berger dell\u2019Universit\u00e0 Witwatersrand, che dal 2013 con il sostegno della National Geographic Foundation e il National Research Foundation del Sud Africa esplora il sistema di grotte Rising Star (Pikaia ne ha parlato <a href=\"http:\/\/pikaia.eu\/rising-star-expedition\/\"><strong>qui<\/strong><\/a>; <a href=\"http:\/\/voices.nationalgeographic.com\/blog\/rising-star-expedition\/?order=asc\"><strong>qui<\/strong> <\/a>alcuni video della spedizione), ha risvolti sorprendenti. La nuova specie \u00e8 testimoniata da ritrovamenti afferenti a 15 diversi individui con piani scheletrici analoghi. Il pi\u00f9 grande raduno di ominidi fossili mai scoperto in Africa, di cui, per\u00f2, non \u00e8 ancora possibile stabilire con esattezza la datazione, sebbene le somiglianze di <em>H.<\/em> <em>naledi<\/em> ai membri precedenti di <em>Homo,<\/em> tra cui <em>H.<\/em> <em>habilis, H.<\/em> <em>rudolfensis, e<\/em> H. <em>erectus,<\/em> suggeriscano che questa specie possa risalire alla fase iniziale di diversificazione del nostro genere (<a href=\"http:\/\/news.nationalgeographic.com\/content\/dam\/news\/rights-exempt\/nat-geo-staff-graphics-illustrations\/2015\/09\/Arrowsbig.png?15\"><strong>qui possibili scenari<\/strong><\/a> sulla sua collocazione filogenetica).<\/p>\n<p>In ogni caso, appena scoperta, questa specie ominide \u00e8 gi\u00e0 la pi\u00f9 conosciuta. La collezione morfologicamente omogenea che comprende 1413 campioni di ossa e 137 resti dentali isolati non lascia dubbi: non \u00e8 possibile attribuire questi reperti a nessuna specie nota finora.<\/p>\n<p>Consolidato in una matrice di argilla fine, l\u2019olotipo di <em>H. naledi<\/em> (DH1), quello su cui si basa la descrizione ufficiale della specie, \u00e8 un cranio con mascella parziale e mandibola completa di sesso maschile. La mandibola \u00e8 piuttosto gracile rispetto al <em>Paranthropus<\/em>, sebbene incisivi e canini appaiano in proporzioni analoghe, ma di dimensioni decisamente ridotte. La morfologia del cranio e la mandibola \u00e8 prevalentemente coerente con il genere<em> Homo,<\/em> ma la dimensione del cervello di <em>H.<\/em> <em>naledi<\/em> cade all\u2019interno della gamma del genere <em>Australopithecus<\/em>. Il piede e la caviglia sono gli elementi pi\u00f9 simili all\u2019uomo moderno che Damiano Marchi, antropologo dell\u2019Universit\u00e0 di Pisa nel team di Berger, sta indagando con ipotesi e modelli di locomozione di prossima pubblicazione. I polsi, le dita, e le loro proporzioni sono comuni al genere<em>Homo,<\/em> ma le falangi manuali intermedie sono marcatamente curve, anche in misura maggiore rispetto a qualsiasi<em>Australopithecus. <\/em>Le spalle sono configurate in gran parte come quelle degli australopitechi, mentre le vertebre sono pi\u00f9 simili ai membri pleistocenici del genere <em>Homo<\/em>, da cui per\u00f2 <em>H. naledi<\/em> si distingue per la cassa toracica ampia e distale come in <em>A.<\/em> <em>afarensis.<\/p>\n<p>H.\u00a0<\/em><em>naledi<\/em> presenta, pertanto, una diversa combinazione di tratti (<a href=\"http:\/\/www.nationalgeographic.it\/scienza\/2015\/09\/09\/foto\/scoperta_in_sudafrica_una_nuova_specie_di_homo-2757856\/1\/#media\"><strong>qui<\/strong> <\/a>una galleria fotografica). Questa specie ha una dimensione del corpo e una statura umanoide con un cervello dalle dimensioni pi\u00f9 vicine a quelle di un australopiteco; presenta caratteristiche della spalla e della mano adatte per l\u2019arrampicata ma una mano e un polso adatti per la manipolazione; esibisce una meccanica dell\u2019anca simile a quella di australopitechi ma con adattamenti terrestri del piede e dell\u2019arto inferiore simili a quelli dell\u2019uomo moderno; \u00e8 fornito di piccola dentatura ma con proporzioni dentali primitive. Insomma, questa scoperta mostra prove che, come raramente accade, provengono da campioni scheletrici completi che riflettono tutta la complessit\u00e0 di queste ramificazioni antiche del genere Homo. Alla luce di questo fatto, forse, si dovrebbe abbandonare l\u2019aspettativa che ogni piccolo frammento di anatomia sia in grado di fornire una visione unica delle relazioni evolutive degli ominidi fossili. Questa \u00e8 una lezione che si aggiunge all\u2019attenzione richiamata ultimamente da altri antropologi sull\u2019esigenza di ripensare il genere <em>Homo<\/em> (Pikaia ne ha parlato <a href=\"http:\/\/pikaia.eu\/ripensare-il-genere-homo\/\"><strong>qui<\/strong><\/a>).<\/p>\n<p>A queste considerazioni di tipo morfologico, si aggiungono anche ulteriori ipotesi sul versante comportamentale\u00a0che rendono questa scoperta piena di interrogativi. Il ritrovamento \u00e8 stato condotto a 30 metri di profondit\u00e0, in un\u2019area di difficile accesso. Circostanza che ha aperto diverse ipotesi su come un gruppo ominide disomogeneo per et\u00e0 possa aver raggiunto la cavit\u00e0. Dal possibile crollo di una parete calcarea, al trascinamento dovuto all\u2019acqua fino ad un\u2019ipotesi pi\u00f9 temeraria avanzata dai ricercatori: la possibilit\u00e0 che quel luogo fosse deputato alla sepoltura, pratica rituale simbolica fino ad ora attribuita solo a <em>H. sapiens <\/em>e <em>H. neanderthalensis<\/em> (Pikaia ne ha parlato <a href=\"http:\/\/pikaia.eu\/sepolture-da-neanderthal\/\"><strong>qui<\/strong><\/a>).<\/p>\n<p>Certo, si tratta di ancora di ipotesi che ne aggiungeranno altre, rendendo questo rompicapo sulle tracce di <em>Homo<\/em>avvincente e sempre pi\u00f9 influente sulla rappresentazione che riusciremo a dare del nostro genere.<\/p>\n<p><strong><a href=\"http:\/\/pikaia.eu\/dalla-culla-dellumanita-una-nuova-specie-del-genere-homo\/\">Pikaia.eu<\/a><\/strong><br \/>\n<strong>Riferimenti:<\/strong><br \/>\n<strong>Lee Berger at al. <em>Homo naledi<\/em>, a new species of the genus <em>Homo<\/em> from the Dinaledi Chamber, South Africa, <a href=\"http:\/\/elifesciences.org\/content\/4\/e09560\"><em>eLife<\/em>2015;4:e09560<\/a><\/strong><\/p>\n","protected":false},"excerpt":{"rendered":"<p>Homo naledi, che in lingua sotho significa \u201cstella\u201d, \u00e8 una nuova specie di ominidi ritrovata in una cavit\u00e0 profonda, la camera Dinaledi, all\u2019interno di un sistema di grotte a 50 Km da Johannesburg, Sud Africa.<\/p>\n","protected":false},"author":7,"featured_media":0,"comment_status":"closed","ping_status":"closed","sticky":false,"template":"","format":"standard","meta":{"footnotes":""},"categories":[238,233],"tags":[507,1458,1456,1457,522],"class_list":["post-13181","post","type-post","status-publish","format-standard","hentry","category-articoli","category-filosofia-2","tag-evoluzione-biologica","tag-evoluzione-delluomo","tag-genere-homo","tag-homo-naledi","tag-pikaia"],"yoast_head":"<!-- This site is optimized with the Yoast SEO plugin v27.1.1 - https:\/\/yoast.com\/product\/yoast-seo-wordpress\/ -->\n<title>Dalla \u201cculla dell\u2019umanit\u00e0\u201d una nuova specie del genere Homo - Associazione Culturale Civilt\u00e0 Laica<\/title>\n<meta name=\"robots\" content=\"index, follow, max-snippet:-1, max-image-preview:large, max-video-preview:-1\" \/>\n<link rel=\"canonical\" href=\"https:\/\/www.civiltalaica.it\/cms\/dalla-culla-dellumanita-una-nuova-specie-del-genere-homo\/\" \/>\n<meta property=\"og:locale\" content=\"it_IT\" \/>\n<meta property=\"og:type\" content=\"article\" \/>\n<meta property=\"og:title\" content=\"Dalla \u201cculla dell\u2019umanit\u00e0\u201d una nuova specie del genere Homo - Associazione Culturale Civilt\u00e0 Laica\" \/>\n<meta property=\"og:description\" content=\"Homo naledi, che in lingua sotho significa \u201cstella\u201d, \u00e8 una nuova specie di ominidi ritrovata in una cavit\u00e0 profonda, la camera Dinaledi, all\u2019interno di un sistema di grotte a 50 Km da Johannesburg, Sud Africa.\" \/>\n<meta property=\"og:url\" content=\"https:\/\/www.civiltalaica.it\/cms\/dalla-culla-dellumanita-una-nuova-specie-del-genere-homo\/\" \/>\n<meta property=\"og:site_name\" content=\"Associazione Culturale Civilt\u00e0 Laica\" \/>\n<meta property=\"article:publisher\" content=\"https:\/\/www.facebook.com\/civiltalaica\" \/>\n<meta property=\"article:published_time\" content=\"2015-09-15T05:38:59+00:00\" \/>\n<meta property=\"og:image\" content=\"http:\/\/www.civiltalaica.it\/cms\/wp-content\/uploads\/2015\/09\/Darwins_first_tree-300x300.jpg\" \/>\n<meta name=\"author\" content=\"alexjc\" \/>\n<meta name=\"twitter:card\" content=\"summary_large_image\" \/>\n<meta name=\"twitter:label1\" content=\"Scritto da\" \/>\n\t<meta name=\"twitter:data1\" content=\"alexjc\" \/>\n\t<meta name=\"twitter:label2\" content=\"Tempo di lettura stimato\" \/>\n\t<meta name=\"twitter:data2\" content=\"4 minuti\" \/>\n<script type=\"application\/ld+json\" class=\"yoast-schema-graph\">{\"@context\":\"https:\/\/schema.org\",\"@graph\":[{\"@type\":\"Article\",\"@id\":\"https:\/\/www.civiltalaica.it\/cms\/dalla-culla-dellumanita-una-nuova-specie-del-genere-homo\/#article\",\"isPartOf\":{\"@id\":\"https:\/\/www.civiltalaica.it\/cms\/dalla-culla-dellumanita-una-nuova-specie-del-genere-homo\/\"},\"author\":{\"name\":\"alexjc\",\"@id\":\"https:\/\/www.civiltalaica.it\/cms\/#\/schema\/person\/4efef56f866329a1e0943eb27336df1d\"},\"headline\":\"Dalla \u201cculla dell\u2019umanit\u00e0\u201d una nuova specie del genere Homo\",\"datePublished\":\"2015-09-15T05:38:59+00:00\",\"mainEntityOfPage\":{\"@id\":\"https:\/\/www.civiltalaica.it\/cms\/dalla-culla-dellumanita-una-nuova-specie-del-genere-homo\/\"},\"wordCount\":783,\"image\":{\"@id\":\"https:\/\/www.civiltalaica.it\/cms\/dalla-culla-dellumanita-una-nuova-specie-del-genere-homo\/#primaryimage\"},\"thumbnailUrl\":\"http:\/\/www.civiltalaica.it\/cms\/wp-content\/uploads\/2015\/09\/Darwins_first_tree-300x300.jpg\",\"keywords\":[\"evoluzione biologica\",\"evoluzione dell'uomo\",\"genere homo\",\"homo naledi\",\"pikaia\"],\"articleSection\":[\"articoli\",\"filosofia e scienza\"],\"inLanguage\":\"it-IT\"},{\"@type\":\"WebPage\",\"@id\":\"https:\/\/www.civiltalaica.it\/cms\/dalla-culla-dellumanita-una-nuova-specie-del-genere-homo\/\",\"url\":\"https:\/\/www.civiltalaica.it\/cms\/dalla-culla-dellumanita-una-nuova-specie-del-genere-homo\/\",\"name\":\"Dalla \u201cculla dell\u2019umanit\u00e0\u201d una nuova specie del genere Homo - Associazione Culturale Civilt\u00e0 Laica\",\"isPartOf\":{\"@id\":\"https:\/\/www.civiltalaica.it\/cms\/#website\"},\"primaryImageOfPage\":{\"@id\":\"https:\/\/www.civiltalaica.it\/cms\/dalla-culla-dellumanita-una-nuova-specie-del-genere-homo\/#primaryimage\"},\"image\":{\"@id\":\"https:\/\/www.civiltalaica.it\/cms\/dalla-culla-dellumanita-una-nuova-specie-del-genere-homo\/#primaryimage\"},\"thumbnailUrl\":\"http:\/\/www.civiltalaica.it\/cms\/wp-content\/uploads\/2015\/09\/Darwins_first_tree-300x300.jpg\",\"datePublished\":\"2015-09-15T05:38:59+00:00\",\"author\":{\"@id\":\"https:\/\/www.civiltalaica.it\/cms\/#\/schema\/person\/4efef56f866329a1e0943eb27336df1d\"},\"breadcrumb\":{\"@id\":\"https:\/\/www.civiltalaica.it\/cms\/dalla-culla-dellumanita-una-nuova-specie-del-genere-homo\/#breadcrumb\"},\"inLanguage\":\"it-IT\",\"potentialAction\":[{\"@type\":\"ReadAction\",\"target\":[\"https:\/\/www.civiltalaica.it\/cms\/dalla-culla-dellumanita-una-nuova-specie-del-genere-homo\/\"]}]},{\"@type\":\"ImageObject\",\"inLanguage\":\"it-IT\",\"@id\":\"https:\/\/www.civiltalaica.it\/cms\/dalla-culla-dellumanita-una-nuova-specie-del-genere-homo\/#primaryimage\",\"url\":\"http:\/\/www.civiltalaica.it\/cms\/wp-content\/uploads\/2015\/09\/Darwins_first_tree-300x300.jpg\",\"contentUrl\":\"http:\/\/www.civiltalaica.it\/cms\/wp-content\/uploads\/2015\/09\/Darwins_first_tree-300x300.jpg\"},{\"@type\":\"BreadcrumbList\",\"@id\":\"https:\/\/www.civiltalaica.it\/cms\/dalla-culla-dellumanita-una-nuova-specie-del-genere-homo\/#breadcrumb\",\"itemListElement\":[{\"@type\":\"ListItem\",\"position\":1,\"name\":\"Home\",\"item\":\"https:\/\/www.civiltalaica.it\/cms\/\"},{\"@type\":\"ListItem\",\"position\":2,\"name\":\"Dalla \u201cculla dell\u2019umanit\u00e0\u201d una nuova specie del genere Homo\"}]},{\"@type\":\"WebSite\",\"@id\":\"https:\/\/www.civiltalaica.it\/cms\/#website\",\"url\":\"https:\/\/www.civiltalaica.it\/cms\/\",\"name\":\"Associazione Culturale Civilt\u00e0 Laica\",\"description\":\"Per un movimento culturale volto a difendere la Laicit\u00e0 dello Stato.\",\"potentialAction\":[{\"@type\":\"SearchAction\",\"target\":{\"@type\":\"EntryPoint\",\"urlTemplate\":\"https:\/\/www.civiltalaica.it\/cms\/?s={search_term_string}\"},\"query-input\":{\"@type\":\"PropertyValueSpecification\",\"valueRequired\":true,\"valueName\":\"search_term_string\"}}],\"inLanguage\":\"it-IT\"},{\"@type\":\"Person\",\"@id\":\"https:\/\/www.civiltalaica.it\/cms\/#\/schema\/person\/4efef56f866329a1e0943eb27336df1d\",\"name\":\"alexjc\",\"url\":\"https:\/\/www.civiltalaica.it\/cms\/author\/alexjc\/\"}]}<\/script>\n<!-- \/ Yoast SEO plugin. -->","yoast_head_json":{"title":"Dalla \u201cculla dell\u2019umanit\u00e0\u201d una nuova specie del genere Homo - Associazione Culturale Civilt\u00e0 Laica","robots":{"index":"index","follow":"follow","max-snippet":"max-snippet:-1","max-image-preview":"max-image-preview:large","max-video-preview":"max-video-preview:-1"},"canonical":"https:\/\/www.civiltalaica.it\/cms\/dalla-culla-dellumanita-una-nuova-specie-del-genere-homo\/","og_locale":"it_IT","og_type":"article","og_title":"Dalla \u201cculla dell\u2019umanit\u00e0\u201d una nuova specie del genere Homo - Associazione Culturale Civilt\u00e0 Laica","og_description":"Homo naledi, che in lingua sotho significa \u201cstella\u201d, \u00e8 una nuova specie di ominidi ritrovata in una cavit\u00e0 profonda, la camera Dinaledi, all\u2019interno di un sistema di grotte a 50 Km da Johannesburg, Sud Africa.","og_url":"https:\/\/www.civiltalaica.it\/cms\/dalla-culla-dellumanita-una-nuova-specie-del-genere-homo\/","og_site_name":"Associazione Culturale Civilt\u00e0 Laica","article_publisher":"https:\/\/www.facebook.com\/civiltalaica","article_published_time":"2015-09-15T05:38:59+00:00","og_image":[{"url":"http:\/\/www.civiltalaica.it\/cms\/wp-content\/uploads\/2015\/09\/Darwins_first_tree-300x300.jpg","type":"","width":"","height":""}],"author":"alexjc","twitter_card":"summary_large_image","twitter_misc":{"Scritto da":"alexjc","Tempo di lettura stimato":"4 minuti"},"schema":{"@context":"https:\/\/schema.org","@graph":[{"@type":"Article","@id":"https:\/\/www.civiltalaica.it\/cms\/dalla-culla-dellumanita-una-nuova-specie-del-genere-homo\/#article","isPartOf":{"@id":"https:\/\/www.civiltalaica.it\/cms\/dalla-culla-dellumanita-una-nuova-specie-del-genere-homo\/"},"author":{"name":"alexjc","@id":"https:\/\/www.civiltalaica.it\/cms\/#\/schema\/person\/4efef56f866329a1e0943eb27336df1d"},"headline":"Dalla \u201cculla dell\u2019umanit\u00e0\u201d una nuova specie del genere Homo","datePublished":"2015-09-15T05:38:59+00:00","mainEntityOfPage":{"@id":"https:\/\/www.civiltalaica.it\/cms\/dalla-culla-dellumanita-una-nuova-specie-del-genere-homo\/"},"wordCount":783,"image":{"@id":"https:\/\/www.civiltalaica.it\/cms\/dalla-culla-dellumanita-una-nuova-specie-del-genere-homo\/#primaryimage"},"thumbnailUrl":"http:\/\/www.civiltalaica.it\/cms\/wp-content\/uploads\/2015\/09\/Darwins_first_tree-300x300.jpg","keywords":["evoluzione biologica","evoluzione dell'uomo","genere homo","homo naledi","pikaia"],"articleSection":["articoli","filosofia e scienza"],"inLanguage":"it-IT"},{"@type":"WebPage","@id":"https:\/\/www.civiltalaica.it\/cms\/dalla-culla-dellumanita-una-nuova-specie-del-genere-homo\/","url":"https:\/\/www.civiltalaica.it\/cms\/dalla-culla-dellumanita-una-nuova-specie-del-genere-homo\/","name":"Dalla \u201cculla dell\u2019umanit\u00e0\u201d una nuova specie del genere Homo - Associazione Culturale Civilt\u00e0 Laica","isPartOf":{"@id":"https:\/\/www.civiltalaica.it\/cms\/#website"},"primaryImageOfPage":{"@id":"https:\/\/www.civiltalaica.it\/cms\/dalla-culla-dellumanita-una-nuova-specie-del-genere-homo\/#primaryimage"},"image":{"@id":"https:\/\/www.civiltalaica.it\/cms\/dalla-culla-dellumanita-una-nuova-specie-del-genere-homo\/#primaryimage"},"thumbnailUrl":"http:\/\/www.civiltalaica.it\/cms\/wp-content\/uploads\/2015\/09\/Darwins_first_tree-300x300.jpg","datePublished":"2015-09-15T05:38:59+00:00","author":{"@id":"https:\/\/www.civiltalaica.it\/cms\/#\/schema\/person\/4efef56f866329a1e0943eb27336df1d"},"breadcrumb":{"@id":"https:\/\/www.civiltalaica.it\/cms\/dalla-culla-dellumanita-una-nuova-specie-del-genere-homo\/#breadcrumb"},"inLanguage":"it-IT","potentialAction":[{"@type":"ReadAction","target":["https:\/\/www.civiltalaica.it\/cms\/dalla-culla-dellumanita-una-nuova-specie-del-genere-homo\/"]}]},{"@type":"ImageObject","inLanguage":"it-IT","@id":"https:\/\/www.civiltalaica.it\/cms\/dalla-culla-dellumanita-una-nuova-specie-del-genere-homo\/#primaryimage","url":"http:\/\/www.civiltalaica.it\/cms\/wp-content\/uploads\/2015\/09\/Darwins_first_tree-300x300.jpg","contentUrl":"http:\/\/www.civiltalaica.it\/cms\/wp-content\/uploads\/2015\/09\/Darwins_first_tree-300x300.jpg"},{"@type":"BreadcrumbList","@id":"https:\/\/www.civiltalaica.it\/cms\/dalla-culla-dellumanita-una-nuova-specie-del-genere-homo\/#breadcrumb","itemListElement":[{"@type":"ListItem","position":1,"name":"Home","item":"https:\/\/www.civiltalaica.it\/cms\/"},{"@type":"ListItem","position":2,"name":"Dalla \u201cculla dell\u2019umanit\u00e0\u201d una nuova specie del genere Homo"}]},{"@type":"WebSite","@id":"https:\/\/www.civiltalaica.it\/cms\/#website","url":"https:\/\/www.civiltalaica.it\/cms\/","name":"Associazione Culturale Civilt\u00e0 Laica","description":"Per un movimento culturale volto a difendere la Laicit\u00e0 dello Stato.","potentialAction":[{"@type":"SearchAction","target":{"@type":"EntryPoint","urlTemplate":"https:\/\/www.civiltalaica.it\/cms\/?s={search_term_string}"},"query-input":{"@type":"PropertyValueSpecification","valueRequired":true,"valueName":"search_term_string"}}],"inLanguage":"it-IT"},{"@type":"Person","@id":"https:\/\/www.civiltalaica.it\/cms\/#\/schema\/person\/4efef56f866329a1e0943eb27336df1d","name":"alexjc","url":"https:\/\/www.civiltalaica.it\/cms\/author\/alexjc\/"}]}},"_links":{"self":[{"href":"https:\/\/www.civiltalaica.it\/cms\/wp-json\/wp\/v2\/posts\/13181","targetHints":{"allow":["GET"]}}],"collection":[{"href":"https:\/\/www.civiltalaica.it\/cms\/wp-json\/wp\/v2\/posts"}],"about":[{"href":"https:\/\/www.civiltalaica.it\/cms\/wp-json\/wp\/v2\/types\/post"}],"author":[{"embeddable":true,"href":"https:\/\/www.civiltalaica.it\/cms\/wp-json\/wp\/v2\/users\/7"}],"replies":[{"embeddable":true,"href":"https:\/\/www.civiltalaica.it\/cms\/wp-json\/wp\/v2\/comments?post=13181"}],"version-history":[{"count":0,"href":"https:\/\/www.civiltalaica.it\/cms\/wp-json\/wp\/v2\/posts\/13181\/revisions"}],"wp:attachment":[{"href":"https:\/\/www.civiltalaica.it\/cms\/wp-json\/wp\/v2\/media?parent=13181"}],"wp:term":[{"taxonomy":"category","embeddable":true,"href":"https:\/\/www.civiltalaica.it\/cms\/wp-json\/wp\/v2\/categories?post=13181"},{"taxonomy":"post_tag","embeddable":true,"href":"https:\/\/www.civiltalaica.it\/cms\/wp-json\/wp\/v2\/tags?post=13181"}],"curies":[{"name":"wp","href":"https:\/\/api.w.org\/{rel}","templated":true}]}}