{"id":13092,"date":"2015-07-12T11:20:09","date_gmt":"2015-07-12T11:20:09","guid":{"rendered":"http:\/\/www.civiltalaica.it\/cms\/?p=13092"},"modified":"2015-07-12T11:20:09","modified_gmt":"2015-07-12T11:20:09","slug":"a-volte-ritorno","status":"publish","type":"post","link":"https:\/\/www.civiltalaica.it\/cms\/a-volte-ritorno\/","title":{"rendered":"A volte ritorno"},"content":{"rendered":"<p>\u201c<i>A volte ritorno<\/i>\u201d di John Niven (ed. Einaudi) \u00e8 una gustosa presa in giro delle religioni organizzate, in particolare dei cristianesimi.<\/p>\n<p>L&#8217;idea \u00e8 semplice, Dio torna in ufficio dopo essersi preso una vacanza di una settimana (qualche secolo dei nostri) e scopre che dopo il risorgimento in cui le cose sembravano ingranare il mondo sta precipitando in un abisso e Satana gongola.<!--more--><\/p>\n<p><a href=\"http:\/\/www.civiltalaica.it\/cms\/wp-content\/uploads\/2015\/07\/JohnNiven-AVolteRitorno.jpg\"><img loading=\"lazy\" decoding=\"async\" class=\"alignleft size-medium wp-image-13093\" src=\"http:\/\/www.civiltalaica.it\/cms\/wp-content\/uploads\/2015\/07\/JohnNiven-AVolteRitorno-195x300.jpg\" alt=\"JohnNiven-AVolteRitorno\" width=\"195\" height=\"300\" srcset=\"https:\/\/www.civiltalaica.it\/cms\/wp-content\/uploads\/2015\/07\/JohnNiven-AVolteRitorno-195x300.jpg 195w, https:\/\/www.civiltalaica.it\/cms\/wp-content\/uploads\/2015\/07\/JohnNiven-AVolteRitorno.jpg 350w\" sizes=\"auto, (max-width: 195px) 100vw, 195px\" \/><\/a>Quello che si capisce da subito \u00e8 che la responsabilit\u00e0 di questa devastazione sono le religioni organizzate, che fin da quando Mos\u00e8 scelse di ignorare l&#8217;unico vero comandamento (ovvero \u201cfate i bravi\u201d) e inventarsene altri dieci di sana pianta non hanno fatto altro che travisare gli insegnamenti divini.<\/p>\n<p>In particolare sull&#8217;omosessualit\u00e0 e il razzismo; infatti mentre in paradiso gli omosessuali sono ovunque (\u201cDio ama i froci\u201d ripetono pi\u00f9 volte i protagonisti del romanzo) Satana ha una predilezione per la sodomia hard nelle pene da infliggere in particolare ai razzisti del Ku Klux Klan.<\/p>\n<p>Insomma Dio si rende conto che il primo avvento di Ges\u00f9 non \u00e8 bastato perci\u00f2 interrompe la jam session che suo figlio si stava facendo con Jimi Hendrix a suon di riff e marjuana e lo rimanda sulla terra per ri-salvare l&#8217;umanit\u00e0<\/p>\n<p>Si chiamer\u00e0 di nuovo Ges\u00f9 Cristo, ma operer\u00e0 in America fra New York e Los Angeles e questa volta i suoi sermoni saranno in diretta televisiva nazionale in una sorta di x-factor in cui Ges\u00f9 fa conoscere al grande pubblico abituato a Mariah Carey e Whitney Houston il rock di Jimi, Kurt e Bruce (e se non avete capito chi sono, preparatevi per la dannazione) per poi fondare una comunit\u00e0 neo-nippie in Texas.<\/p>\n<p>Finir\u00e0 pi\u00f9 o meno come 2000 anni prima, con processi farsa e condanne a morte e questa volta il simbolo della nuova religione sar\u00e0 una siringa.<\/p>\n<p>Se tutto pu\u00f2 risultare gradevole da leggere sotto l&#8217;ombrellone, \u00e8 palesemente ovvio che il libro manca completamente di una critica teologica che pure non sarebbe stata fuori luogo, anzi avrebbe dato al libro maggiore spessore.<\/p>\n<p>Insomma a parte questo Dio benevolo che parla al telefono con Maometto per dirgli che cavolo stanno combinando i suoi seguaci, che va a cena con Satana per capire dove ha sbagliato, che ignora praticamente tutte le religioni orientali come se non riguardassero due miliardi di persone, qualche riflessione un poco pi\u00f9 approfondita non ci starebbe male, altrimenti sembra un romanzo scritto da un adolescente e non da uno scrittore maturo.<\/p>\n<p>Ad esempio, tanto per buttare l\u00e0 un paio di tematiche: se Dio dice \u201cfate i bravi\u201d cosa succede se il concetto di \u201cfare il bravo\u201d di uno \u00e8 diverso da quello dell&#8217;altro? E tanto per gradire, quando ci metter\u00e0 la nuova religione a combattere le eresie non sufficientemente rock con crociate e inquisizioni?<\/p>\n<p>Concludendo una lettura gradevole sotto l&#8217;ombrellone, senza aspettarsi niente di filosoficamente solido.<\/p>\n<p><b>J. Mnemonic<\/b><\/p>\n","protected":false},"excerpt":{"rendered":"<p>\u201cA volte ritorno\u201d di John Niven (ed. Einaudi) \u00e8 una gustosa presa in giro delle religioni organizzate, in particolare dei cristianesimi. L&#8217;idea \u00e8 semplice, Dio torna in ufficio dopo essersi preso una vacanza di una settimana (qualche secolo dei nostri) e scopre che dopo il risorgimento in cui le cose sembravano ingranare il mondo sta [&hellip;]<\/p>\n","protected":false},"author":7,"featured_media":0,"comment_status":"closed","ping_status":"closed","sticky":false,"template":"","format":"standard","meta":{"footnotes":""},"categories":[238,231],"tags":[1427,71,1428,1449],"class_list":["post-13092","post","type-post","status-publish","format-standard","hentry","category-articoli","category-recensioni","tag-a-volte-ritorno","tag-j-mnemonic","tag-john-niven","tag-libri"],"yoast_head":"<!-- This site is optimized with the Yoast SEO plugin v27.1.1 - https:\/\/yoast.com\/product\/yoast-seo-wordpress\/ -->\n<title>A volte ritorno - Associazione Culturale Civilt\u00e0 Laica<\/title>\n<meta name=\"robots\" content=\"index, follow, max-snippet:-1, max-image-preview:large, max-video-preview:-1\" \/>\n<link rel=\"canonical\" href=\"https:\/\/www.civiltalaica.it\/cms\/a-volte-ritorno\/\" \/>\n<meta property=\"og:locale\" content=\"it_IT\" \/>\n<meta property=\"og:type\" content=\"article\" \/>\n<meta property=\"og:title\" content=\"A volte ritorno - Associazione Culturale Civilt\u00e0 Laica\" \/>\n<meta property=\"og:description\" content=\"\u201cA volte ritorno\u201d di John Niven (ed. Einaudi) \u00e8 una gustosa presa in giro delle religioni organizzate, in particolare dei cristianesimi. L&#8217;idea \u00e8 semplice, Dio torna in ufficio dopo essersi preso una vacanza di una settimana (qualche secolo dei nostri) e scopre che dopo il risorgimento in cui le cose sembravano ingranare il mondo sta [&hellip;]\" \/>\n<meta property=\"og:url\" content=\"https:\/\/www.civiltalaica.it\/cms\/a-volte-ritorno\/\" \/>\n<meta property=\"og:site_name\" content=\"Associazione Culturale Civilt\u00e0 Laica\" \/>\n<meta property=\"article:publisher\" content=\"https:\/\/www.facebook.com\/civiltalaica\" \/>\n<meta property=\"article:published_time\" content=\"2015-07-12T11:20:09+00:00\" \/>\n<meta property=\"og:image\" content=\"http:\/\/www.civiltalaica.it\/cms\/wp-content\/uploads\/2015\/07\/JohnNiven-AVolteRitorno-195x300.jpg\" \/>\n<meta name=\"author\" content=\"alexjc\" \/>\n<meta name=\"twitter:card\" content=\"summary_large_image\" \/>\n<meta name=\"twitter:label1\" content=\"Scritto da\" \/>\n\t<meta name=\"twitter:data1\" content=\"alexjc\" \/>\n\t<meta name=\"twitter:label2\" content=\"Tempo di lettura stimato\" \/>\n\t<meta name=\"twitter:data2\" content=\"2 minuti\" \/>\n<script type=\"application\/ld+json\" class=\"yoast-schema-graph\">{\"@context\":\"https:\/\/schema.org\",\"@graph\":[{\"@type\":\"Article\",\"@id\":\"https:\/\/www.civiltalaica.it\/cms\/a-volte-ritorno\/#article\",\"isPartOf\":{\"@id\":\"https:\/\/www.civiltalaica.it\/cms\/a-volte-ritorno\/\"},\"author\":{\"name\":\"alexjc\",\"@id\":\"https:\/\/www.civiltalaica.it\/cms\/#\/schema\/person\/4efef56f866329a1e0943eb27336df1d\"},\"headline\":\"A volte ritorno\",\"datePublished\":\"2015-07-12T11:20:09+00:00\",\"mainEntityOfPage\":{\"@id\":\"https:\/\/www.civiltalaica.it\/cms\/a-volte-ritorno\/\"},\"wordCount\":465,\"image\":{\"@id\":\"https:\/\/www.civiltalaica.it\/cms\/a-volte-ritorno\/#primaryimage\"},\"thumbnailUrl\":\"http:\/\/www.civiltalaica.it\/cms\/wp-content\/uploads\/2015\/07\/JohnNiven-AVolteRitorno-195x300.jpg\",\"keywords\":[\"a volte ritorno\",\"j mnemonic\",\"john niven\",\"Libri\"],\"articleSection\":[\"articoli\",\"recensioni\"],\"inLanguage\":\"it-IT\"},{\"@type\":\"WebPage\",\"@id\":\"https:\/\/www.civiltalaica.it\/cms\/a-volte-ritorno\/\",\"url\":\"https:\/\/www.civiltalaica.it\/cms\/a-volte-ritorno\/\",\"name\":\"A volte ritorno - Associazione Culturale Civilt\u00e0 Laica\",\"isPartOf\":{\"@id\":\"https:\/\/www.civiltalaica.it\/cms\/#website\"},\"primaryImageOfPage\":{\"@id\":\"https:\/\/www.civiltalaica.it\/cms\/a-volte-ritorno\/#primaryimage\"},\"image\":{\"@id\":\"https:\/\/www.civiltalaica.it\/cms\/a-volte-ritorno\/#primaryimage\"},\"thumbnailUrl\":\"http:\/\/www.civiltalaica.it\/cms\/wp-content\/uploads\/2015\/07\/JohnNiven-AVolteRitorno-195x300.jpg\",\"datePublished\":\"2015-07-12T11:20:09+00:00\",\"author\":{\"@id\":\"https:\/\/www.civiltalaica.it\/cms\/#\/schema\/person\/4efef56f866329a1e0943eb27336df1d\"},\"breadcrumb\":{\"@id\":\"https:\/\/www.civiltalaica.it\/cms\/a-volte-ritorno\/#breadcrumb\"},\"inLanguage\":\"it-IT\",\"potentialAction\":[{\"@type\":\"ReadAction\",\"target\":[\"https:\/\/www.civiltalaica.it\/cms\/a-volte-ritorno\/\"]}]},{\"@type\":\"ImageObject\",\"inLanguage\":\"it-IT\",\"@id\":\"https:\/\/www.civiltalaica.it\/cms\/a-volte-ritorno\/#primaryimage\",\"url\":\"http:\/\/www.civiltalaica.it\/cms\/wp-content\/uploads\/2015\/07\/JohnNiven-AVolteRitorno-195x300.jpg\",\"contentUrl\":\"http:\/\/www.civiltalaica.it\/cms\/wp-content\/uploads\/2015\/07\/JohnNiven-AVolteRitorno-195x300.jpg\"},{\"@type\":\"BreadcrumbList\",\"@id\":\"https:\/\/www.civiltalaica.it\/cms\/a-volte-ritorno\/#breadcrumb\",\"itemListElement\":[{\"@type\":\"ListItem\",\"position\":1,\"name\":\"Home\",\"item\":\"https:\/\/www.civiltalaica.it\/cms\/\"},{\"@type\":\"ListItem\",\"position\":2,\"name\":\"A volte ritorno\"}]},{\"@type\":\"WebSite\",\"@id\":\"https:\/\/www.civiltalaica.it\/cms\/#website\",\"url\":\"https:\/\/www.civiltalaica.it\/cms\/\",\"name\":\"Associazione Culturale Civilt\u00e0 Laica\",\"description\":\"Per un movimento culturale volto a difendere la Laicit\u00e0 dello Stato.\",\"potentialAction\":[{\"@type\":\"SearchAction\",\"target\":{\"@type\":\"EntryPoint\",\"urlTemplate\":\"https:\/\/www.civiltalaica.it\/cms\/?s={search_term_string}\"},\"query-input\":{\"@type\":\"PropertyValueSpecification\",\"valueRequired\":true,\"valueName\":\"search_term_string\"}}],\"inLanguage\":\"it-IT\"},{\"@type\":\"Person\",\"@id\":\"https:\/\/www.civiltalaica.it\/cms\/#\/schema\/person\/4efef56f866329a1e0943eb27336df1d\",\"name\":\"alexjc\",\"url\":\"https:\/\/www.civiltalaica.it\/cms\/author\/alexjc\/\"}]}<\/script>\n<!-- \/ Yoast SEO plugin. -->","yoast_head_json":{"title":"A volte ritorno - Associazione Culturale Civilt\u00e0 Laica","robots":{"index":"index","follow":"follow","max-snippet":"max-snippet:-1","max-image-preview":"max-image-preview:large","max-video-preview":"max-video-preview:-1"},"canonical":"https:\/\/www.civiltalaica.it\/cms\/a-volte-ritorno\/","og_locale":"it_IT","og_type":"article","og_title":"A volte ritorno - Associazione Culturale Civilt\u00e0 Laica","og_description":"\u201cA volte ritorno\u201d di John Niven (ed. Einaudi) \u00e8 una gustosa presa in giro delle religioni organizzate, in particolare dei cristianesimi. L&#8217;idea \u00e8 semplice, Dio torna in ufficio dopo essersi preso una vacanza di una settimana (qualche secolo dei nostri) e scopre che dopo il risorgimento in cui le cose sembravano ingranare il mondo sta [&hellip;]","og_url":"https:\/\/www.civiltalaica.it\/cms\/a-volte-ritorno\/","og_site_name":"Associazione Culturale Civilt\u00e0 Laica","article_publisher":"https:\/\/www.facebook.com\/civiltalaica","article_published_time":"2015-07-12T11:20:09+00:00","og_image":[{"url":"http:\/\/www.civiltalaica.it\/cms\/wp-content\/uploads\/2015\/07\/JohnNiven-AVolteRitorno-195x300.jpg","type":"","width":"","height":""}],"author":"alexjc","twitter_card":"summary_large_image","twitter_misc":{"Scritto da":"alexjc","Tempo di lettura stimato":"2 minuti"},"schema":{"@context":"https:\/\/schema.org","@graph":[{"@type":"Article","@id":"https:\/\/www.civiltalaica.it\/cms\/a-volte-ritorno\/#article","isPartOf":{"@id":"https:\/\/www.civiltalaica.it\/cms\/a-volte-ritorno\/"},"author":{"name":"alexjc","@id":"https:\/\/www.civiltalaica.it\/cms\/#\/schema\/person\/4efef56f866329a1e0943eb27336df1d"},"headline":"A volte ritorno","datePublished":"2015-07-12T11:20:09+00:00","mainEntityOfPage":{"@id":"https:\/\/www.civiltalaica.it\/cms\/a-volte-ritorno\/"},"wordCount":465,"image":{"@id":"https:\/\/www.civiltalaica.it\/cms\/a-volte-ritorno\/#primaryimage"},"thumbnailUrl":"http:\/\/www.civiltalaica.it\/cms\/wp-content\/uploads\/2015\/07\/JohnNiven-AVolteRitorno-195x300.jpg","keywords":["a volte ritorno","j mnemonic","john niven","Libri"],"articleSection":["articoli","recensioni"],"inLanguage":"it-IT"},{"@type":"WebPage","@id":"https:\/\/www.civiltalaica.it\/cms\/a-volte-ritorno\/","url":"https:\/\/www.civiltalaica.it\/cms\/a-volte-ritorno\/","name":"A volte ritorno - Associazione Culturale Civilt\u00e0 Laica","isPartOf":{"@id":"https:\/\/www.civiltalaica.it\/cms\/#website"},"primaryImageOfPage":{"@id":"https:\/\/www.civiltalaica.it\/cms\/a-volte-ritorno\/#primaryimage"},"image":{"@id":"https:\/\/www.civiltalaica.it\/cms\/a-volte-ritorno\/#primaryimage"},"thumbnailUrl":"http:\/\/www.civiltalaica.it\/cms\/wp-content\/uploads\/2015\/07\/JohnNiven-AVolteRitorno-195x300.jpg","datePublished":"2015-07-12T11:20:09+00:00","author":{"@id":"https:\/\/www.civiltalaica.it\/cms\/#\/schema\/person\/4efef56f866329a1e0943eb27336df1d"},"breadcrumb":{"@id":"https:\/\/www.civiltalaica.it\/cms\/a-volte-ritorno\/#breadcrumb"},"inLanguage":"it-IT","potentialAction":[{"@type":"ReadAction","target":["https:\/\/www.civiltalaica.it\/cms\/a-volte-ritorno\/"]}]},{"@type":"ImageObject","inLanguage":"it-IT","@id":"https:\/\/www.civiltalaica.it\/cms\/a-volte-ritorno\/#primaryimage","url":"http:\/\/www.civiltalaica.it\/cms\/wp-content\/uploads\/2015\/07\/JohnNiven-AVolteRitorno-195x300.jpg","contentUrl":"http:\/\/www.civiltalaica.it\/cms\/wp-content\/uploads\/2015\/07\/JohnNiven-AVolteRitorno-195x300.jpg"},{"@type":"BreadcrumbList","@id":"https:\/\/www.civiltalaica.it\/cms\/a-volte-ritorno\/#breadcrumb","itemListElement":[{"@type":"ListItem","position":1,"name":"Home","item":"https:\/\/www.civiltalaica.it\/cms\/"},{"@type":"ListItem","position":2,"name":"A volte ritorno"}]},{"@type":"WebSite","@id":"https:\/\/www.civiltalaica.it\/cms\/#website","url":"https:\/\/www.civiltalaica.it\/cms\/","name":"Associazione Culturale Civilt\u00e0 Laica","description":"Per un movimento culturale volto a difendere la Laicit\u00e0 dello Stato.","potentialAction":[{"@type":"SearchAction","target":{"@type":"EntryPoint","urlTemplate":"https:\/\/www.civiltalaica.it\/cms\/?s={search_term_string}"},"query-input":{"@type":"PropertyValueSpecification","valueRequired":true,"valueName":"search_term_string"}}],"inLanguage":"it-IT"},{"@type":"Person","@id":"https:\/\/www.civiltalaica.it\/cms\/#\/schema\/person\/4efef56f866329a1e0943eb27336df1d","name":"alexjc","url":"https:\/\/www.civiltalaica.it\/cms\/author\/alexjc\/"}]}},"_links":{"self":[{"href":"https:\/\/www.civiltalaica.it\/cms\/wp-json\/wp\/v2\/posts\/13092","targetHints":{"allow":["GET"]}}],"collection":[{"href":"https:\/\/www.civiltalaica.it\/cms\/wp-json\/wp\/v2\/posts"}],"about":[{"href":"https:\/\/www.civiltalaica.it\/cms\/wp-json\/wp\/v2\/types\/post"}],"author":[{"embeddable":true,"href":"https:\/\/www.civiltalaica.it\/cms\/wp-json\/wp\/v2\/users\/7"}],"replies":[{"embeddable":true,"href":"https:\/\/www.civiltalaica.it\/cms\/wp-json\/wp\/v2\/comments?post=13092"}],"version-history":[{"count":0,"href":"https:\/\/www.civiltalaica.it\/cms\/wp-json\/wp\/v2\/posts\/13092\/revisions"}],"wp:attachment":[{"href":"https:\/\/www.civiltalaica.it\/cms\/wp-json\/wp\/v2\/media?parent=13092"}],"wp:term":[{"taxonomy":"category","embeddable":true,"href":"https:\/\/www.civiltalaica.it\/cms\/wp-json\/wp\/v2\/categories?post=13092"},{"taxonomy":"post_tag","embeddable":true,"href":"https:\/\/www.civiltalaica.it\/cms\/wp-json\/wp\/v2\/tags?post=13092"}],"curies":[{"name":"wp","href":"https:\/\/api.w.org\/{rel}","templated":true}]}}