{"id":13081,"date":"2015-06-21T10:18:25","date_gmt":"2015-06-21T10:18:25","guid":{"rendered":"http:\/\/www.civiltalaica.it\/cms\/?p=13081"},"modified":"2015-06-21T10:18:25","modified_gmt":"2015-06-21T10:18:25","slug":"le-domande-poste-dal-family-day-a-cui-occorre-rispondere","status":"publish","type":"post","link":"https:\/\/www.civiltalaica.it\/cms\/le-domande-poste-dal-family-day-a-cui-occorre-rispondere\/","title":{"rendered":"Le domande poste dal Family Day a cui occorre rispondere"},"content":{"rendered":"<p>Al di l\u00e0 della proprie convinzioni personali il Family Day 2015 pone alcune domande ineludibili a cui \u00e8 tenuto a dare una risposta chiunque gli stia a cuore la Democrazia.<\/p>\n<p>\u00c8 possibile che la libert\u00e0 di espressione debba includere il diritto di diffondere notizie \u201cfalse e tendenziose\u201d del tipo: nelle scuole insegnano ai bambini a masturbarsi?<!--more--><a href=\"http:\/\/www.civiltalaica.it\/cms\/wp-content\/uploads\/2015\/06\/democrazia-italia_530X0_90.jpg\"><img loading=\"lazy\" decoding=\"async\" class=\"alignleft size-medium wp-image-13082\" src=\"http:\/\/www.civiltalaica.it\/cms\/wp-content\/uploads\/2015\/06\/democrazia-italia_530X0_90-300x198.jpg\" alt=\"democrazia-italia_530X0_90\" width=\"300\" height=\"198\" srcset=\"https:\/\/www.civiltalaica.it\/cms\/wp-content\/uploads\/2015\/06\/democrazia-italia_530X0_90-300x198.jpg 300w, https:\/\/www.civiltalaica.it\/cms\/wp-content\/uploads\/2015\/06\/democrazia-italia_530X0_90.jpg 530w\" sizes=\"auto, (max-width: 300px) 100vw, 300px\" \/><\/a><\/p>\n<p>\u00c9 possibile che debba diventare un allarme sociale la teoria del <i>gender<\/i> che come spiega l&#8217;ordine degli psicologici semplicemente non esiste?<\/p>\n<p>\u00c8 possibile che lo Stato Italiano debba finanziare con soldi pubblici chi diffonde confusione, disinformazione e fomenta l&#8217;odio verso gli omosessuali in barba alla nostra Costituzione?<\/p>\n<p>\u00c8 accettabile che la politica Italiana debba ancora essere condizionata da posizione religiose estremiste e fanatiche, portatrici di odio, discriminazione e violenza come dimostra la storia?<\/p>\n<p>\u00c8 possibile che la Chiesa Cattolica Apostolica Romana, che ottiene dallo Stato Italiano 6,3 miliardi di euro all&#8217;anno, continui a supportare pubblicamente (vedi lettera di Mons. Paglia, presidente del Pontificio Consiglio per la Famiglia) associazioni che fanno della discriminazione sessuale il loro motivo di vanto conservando intatti i suoi privilegi concessi dallo Stato Italiano?<\/p>\n<p>\u00c8 eticamente accettabile che il comandante supremo di questa organizzazione millenaria usi i mass media italiani per presentarsi come un rivoluzionario progressista (che si prestano al gioco in nome delle vendite) e poi fomenti la reazione omofoba anche in un enciclica che si doveva occupare di tutt&#8217;altro?<\/p>\n<p>Ecco, a queste domande occorre dare, rapidamente una risposta. Sul numero degli omofobi retrogradi e rancorosi che sono scesi in piazza ieri invece possiamo tranquillamente dire: chi se ne frega.<\/p>\n<p><b>Alessandro Chiometti<\/b><\/p>\n","protected":false},"excerpt":{"rendered":"<p>Al di l\u00e0 della proprie convinzioni personali il Family Day 2015 pone alcune domande ineludibili a cui \u00e8 tenuto a dare una risposta chiunque gli stia a cuore la Democrazia. \u00c8 possibile che la libert\u00e0 di espressione debba includere il diritto di diffondere notizie \u201cfalse e tendenziose\u201d del tipo: nelle scuole insegnano ai bambini a [&hellip;]<\/p>\n","protected":false},"author":7,"featured_media":0,"comment_status":"closed","ping_status":"closed","sticky":false,"template":"","format":"standard","meta":{"footnotes":""},"categories":[238,230],"tags":[79,287,1425,1404],"class_list":["post-13081","post","type-post","status-publish","format-standard","hentry","category-articoli","category-attualita","tag-alessandro-chiometti","tag-family-day","tag-gender","tag-omofobia"],"yoast_head":"<!-- This site is optimized with the Yoast SEO plugin v27.1.1 - https:\/\/yoast.com\/product\/yoast-seo-wordpress\/ -->\n<title>Le domande poste dal Family Day a cui occorre rispondere - Associazione Culturale Civilt\u00e0 Laica<\/title>\n<meta name=\"robots\" content=\"index, follow, max-snippet:-1, max-image-preview:large, max-video-preview:-1\" \/>\n<link rel=\"canonical\" href=\"https:\/\/www.civiltalaica.it\/cms\/le-domande-poste-dal-family-day-a-cui-occorre-rispondere\/\" \/>\n<meta property=\"og:locale\" content=\"it_IT\" \/>\n<meta property=\"og:type\" content=\"article\" \/>\n<meta property=\"og:title\" content=\"Le domande poste dal Family Day a cui occorre rispondere - Associazione Culturale Civilt\u00e0 Laica\" \/>\n<meta property=\"og:description\" content=\"Al di l\u00e0 della proprie convinzioni personali il Family Day 2015 pone alcune domande ineludibili a cui \u00e8 tenuto a dare una risposta chiunque gli stia a cuore la Democrazia. \u00c8 possibile che la libert\u00e0 di espressione debba includere il diritto di diffondere notizie \u201cfalse e tendenziose\u201d del tipo: nelle scuole insegnano ai bambini a [&hellip;]\" \/>\n<meta property=\"og:url\" content=\"https:\/\/www.civiltalaica.it\/cms\/le-domande-poste-dal-family-day-a-cui-occorre-rispondere\/\" \/>\n<meta property=\"og:site_name\" content=\"Associazione Culturale Civilt\u00e0 Laica\" \/>\n<meta property=\"article:publisher\" content=\"https:\/\/www.facebook.com\/civiltalaica\" \/>\n<meta property=\"article:published_time\" content=\"2015-06-21T10:18:25+00:00\" \/>\n<meta property=\"og:image\" content=\"http:\/\/www.civiltalaica.it\/cms\/wp-content\/uploads\/2015\/06\/democrazia-italia_530X0_90-300x198.jpg\" \/>\n<meta name=\"author\" content=\"alexjc\" \/>\n<meta name=\"twitter:card\" content=\"summary_large_image\" \/>\n<meta name=\"twitter:label1\" content=\"Scritto da\" \/>\n\t<meta name=\"twitter:data1\" content=\"alexjc\" \/>\n\t<meta name=\"twitter:label2\" content=\"Tempo di lettura stimato\" \/>\n\t<meta name=\"twitter:data2\" content=\"1 minuto\" \/>\n<script type=\"application\/ld+json\" class=\"yoast-schema-graph\">{\"@context\":\"https:\/\/schema.org\",\"@graph\":[{\"@type\":\"Article\",\"@id\":\"https:\/\/www.civiltalaica.it\/cms\/le-domande-poste-dal-family-day-a-cui-occorre-rispondere\/#article\",\"isPartOf\":{\"@id\":\"https:\/\/www.civiltalaica.it\/cms\/le-domande-poste-dal-family-day-a-cui-occorre-rispondere\/\"},\"author\":{\"name\":\"alexjc\",\"@id\":\"https:\/\/www.civiltalaica.it\/cms\/#\/schema\/person\/4efef56f866329a1e0943eb27336df1d\"},\"headline\":\"Le domande poste dal Family Day a cui occorre rispondere\",\"datePublished\":\"2015-06-21T10:18:25+00:00\",\"mainEntityOfPage\":{\"@id\":\"https:\/\/www.civiltalaica.it\/cms\/le-domande-poste-dal-family-day-a-cui-occorre-rispondere\/\"},\"wordCount\":263,\"image\":{\"@id\":\"https:\/\/www.civiltalaica.it\/cms\/le-domande-poste-dal-family-day-a-cui-occorre-rispondere\/#primaryimage\"},\"thumbnailUrl\":\"http:\/\/www.civiltalaica.it\/cms\/wp-content\/uploads\/2015\/06\/democrazia-italia_530X0_90-300x198.jpg\",\"keywords\":[\"alessandro chiometti\",\"family day\",\"gender\",\"omofobia\"],\"articleSection\":[\"articoli\",\"attualit\u00e0\"],\"inLanguage\":\"it-IT\"},{\"@type\":\"WebPage\",\"@id\":\"https:\/\/www.civiltalaica.it\/cms\/le-domande-poste-dal-family-day-a-cui-occorre-rispondere\/\",\"url\":\"https:\/\/www.civiltalaica.it\/cms\/le-domande-poste-dal-family-day-a-cui-occorre-rispondere\/\",\"name\":\"Le domande poste dal Family Day a cui occorre rispondere - Associazione Culturale Civilt\u00e0 Laica\",\"isPartOf\":{\"@id\":\"https:\/\/www.civiltalaica.it\/cms\/#website\"},\"primaryImageOfPage\":{\"@id\":\"https:\/\/www.civiltalaica.it\/cms\/le-domande-poste-dal-family-day-a-cui-occorre-rispondere\/#primaryimage\"},\"image\":{\"@id\":\"https:\/\/www.civiltalaica.it\/cms\/le-domande-poste-dal-family-day-a-cui-occorre-rispondere\/#primaryimage\"},\"thumbnailUrl\":\"http:\/\/www.civiltalaica.it\/cms\/wp-content\/uploads\/2015\/06\/democrazia-italia_530X0_90-300x198.jpg\",\"datePublished\":\"2015-06-21T10:18:25+00:00\",\"author\":{\"@id\":\"https:\/\/www.civiltalaica.it\/cms\/#\/schema\/person\/4efef56f866329a1e0943eb27336df1d\"},\"breadcrumb\":{\"@id\":\"https:\/\/www.civiltalaica.it\/cms\/le-domande-poste-dal-family-day-a-cui-occorre-rispondere\/#breadcrumb\"},\"inLanguage\":\"it-IT\",\"potentialAction\":[{\"@type\":\"ReadAction\",\"target\":[\"https:\/\/www.civiltalaica.it\/cms\/le-domande-poste-dal-family-day-a-cui-occorre-rispondere\/\"]}]},{\"@type\":\"ImageObject\",\"inLanguage\":\"it-IT\",\"@id\":\"https:\/\/www.civiltalaica.it\/cms\/le-domande-poste-dal-family-day-a-cui-occorre-rispondere\/#primaryimage\",\"url\":\"http:\/\/www.civiltalaica.it\/cms\/wp-content\/uploads\/2015\/06\/democrazia-italia_530X0_90-300x198.jpg\",\"contentUrl\":\"http:\/\/www.civiltalaica.it\/cms\/wp-content\/uploads\/2015\/06\/democrazia-italia_530X0_90-300x198.jpg\"},{\"@type\":\"BreadcrumbList\",\"@id\":\"https:\/\/www.civiltalaica.it\/cms\/le-domande-poste-dal-family-day-a-cui-occorre-rispondere\/#breadcrumb\",\"itemListElement\":[{\"@type\":\"ListItem\",\"position\":1,\"name\":\"Home\",\"item\":\"https:\/\/www.civiltalaica.it\/cms\/\"},{\"@type\":\"ListItem\",\"position\":2,\"name\":\"Le domande poste dal Family Day a cui occorre rispondere\"}]},{\"@type\":\"WebSite\",\"@id\":\"https:\/\/www.civiltalaica.it\/cms\/#website\",\"url\":\"https:\/\/www.civiltalaica.it\/cms\/\",\"name\":\"Associazione Culturale Civilt\u00e0 Laica\",\"description\":\"Per un movimento culturale volto a difendere la Laicit\u00e0 dello Stato.\",\"potentialAction\":[{\"@type\":\"SearchAction\",\"target\":{\"@type\":\"EntryPoint\",\"urlTemplate\":\"https:\/\/www.civiltalaica.it\/cms\/?s={search_term_string}\"},\"query-input\":{\"@type\":\"PropertyValueSpecification\",\"valueRequired\":true,\"valueName\":\"search_term_string\"}}],\"inLanguage\":\"it-IT\"},{\"@type\":\"Person\",\"@id\":\"https:\/\/www.civiltalaica.it\/cms\/#\/schema\/person\/4efef56f866329a1e0943eb27336df1d\",\"name\":\"alexjc\",\"url\":\"https:\/\/www.civiltalaica.it\/cms\/author\/alexjc\/\"}]}<\/script>\n<!-- \/ Yoast SEO plugin. -->","yoast_head_json":{"title":"Le domande poste dal Family Day a cui occorre rispondere - Associazione Culturale Civilt\u00e0 Laica","robots":{"index":"index","follow":"follow","max-snippet":"max-snippet:-1","max-image-preview":"max-image-preview:large","max-video-preview":"max-video-preview:-1"},"canonical":"https:\/\/www.civiltalaica.it\/cms\/le-domande-poste-dal-family-day-a-cui-occorre-rispondere\/","og_locale":"it_IT","og_type":"article","og_title":"Le domande poste dal Family Day a cui occorre rispondere - Associazione Culturale Civilt\u00e0 Laica","og_description":"Al di l\u00e0 della proprie convinzioni personali il Family Day 2015 pone alcune domande ineludibili a cui \u00e8 tenuto a dare una risposta chiunque gli stia a cuore la Democrazia. \u00c8 possibile che la libert\u00e0 di espressione debba includere il diritto di diffondere notizie \u201cfalse e tendenziose\u201d del tipo: nelle scuole insegnano ai bambini a [&hellip;]","og_url":"https:\/\/www.civiltalaica.it\/cms\/le-domande-poste-dal-family-day-a-cui-occorre-rispondere\/","og_site_name":"Associazione Culturale Civilt\u00e0 Laica","article_publisher":"https:\/\/www.facebook.com\/civiltalaica","article_published_time":"2015-06-21T10:18:25+00:00","og_image":[{"url":"http:\/\/www.civiltalaica.it\/cms\/wp-content\/uploads\/2015\/06\/democrazia-italia_530X0_90-300x198.jpg","type":"","width":"","height":""}],"author":"alexjc","twitter_card":"summary_large_image","twitter_misc":{"Scritto da":"alexjc","Tempo di lettura stimato":"1 minuto"},"schema":{"@context":"https:\/\/schema.org","@graph":[{"@type":"Article","@id":"https:\/\/www.civiltalaica.it\/cms\/le-domande-poste-dal-family-day-a-cui-occorre-rispondere\/#article","isPartOf":{"@id":"https:\/\/www.civiltalaica.it\/cms\/le-domande-poste-dal-family-day-a-cui-occorre-rispondere\/"},"author":{"name":"alexjc","@id":"https:\/\/www.civiltalaica.it\/cms\/#\/schema\/person\/4efef56f866329a1e0943eb27336df1d"},"headline":"Le domande poste dal Family Day a cui occorre rispondere","datePublished":"2015-06-21T10:18:25+00:00","mainEntityOfPage":{"@id":"https:\/\/www.civiltalaica.it\/cms\/le-domande-poste-dal-family-day-a-cui-occorre-rispondere\/"},"wordCount":263,"image":{"@id":"https:\/\/www.civiltalaica.it\/cms\/le-domande-poste-dal-family-day-a-cui-occorre-rispondere\/#primaryimage"},"thumbnailUrl":"http:\/\/www.civiltalaica.it\/cms\/wp-content\/uploads\/2015\/06\/democrazia-italia_530X0_90-300x198.jpg","keywords":["alessandro chiometti","family day","gender","omofobia"],"articleSection":["articoli","attualit\u00e0"],"inLanguage":"it-IT"},{"@type":"WebPage","@id":"https:\/\/www.civiltalaica.it\/cms\/le-domande-poste-dal-family-day-a-cui-occorre-rispondere\/","url":"https:\/\/www.civiltalaica.it\/cms\/le-domande-poste-dal-family-day-a-cui-occorre-rispondere\/","name":"Le domande poste dal Family Day a cui occorre rispondere - Associazione Culturale Civilt\u00e0 Laica","isPartOf":{"@id":"https:\/\/www.civiltalaica.it\/cms\/#website"},"primaryImageOfPage":{"@id":"https:\/\/www.civiltalaica.it\/cms\/le-domande-poste-dal-family-day-a-cui-occorre-rispondere\/#primaryimage"},"image":{"@id":"https:\/\/www.civiltalaica.it\/cms\/le-domande-poste-dal-family-day-a-cui-occorre-rispondere\/#primaryimage"},"thumbnailUrl":"http:\/\/www.civiltalaica.it\/cms\/wp-content\/uploads\/2015\/06\/democrazia-italia_530X0_90-300x198.jpg","datePublished":"2015-06-21T10:18:25+00:00","author":{"@id":"https:\/\/www.civiltalaica.it\/cms\/#\/schema\/person\/4efef56f866329a1e0943eb27336df1d"},"breadcrumb":{"@id":"https:\/\/www.civiltalaica.it\/cms\/le-domande-poste-dal-family-day-a-cui-occorre-rispondere\/#breadcrumb"},"inLanguage":"it-IT","potentialAction":[{"@type":"ReadAction","target":["https:\/\/www.civiltalaica.it\/cms\/le-domande-poste-dal-family-day-a-cui-occorre-rispondere\/"]}]},{"@type":"ImageObject","inLanguage":"it-IT","@id":"https:\/\/www.civiltalaica.it\/cms\/le-domande-poste-dal-family-day-a-cui-occorre-rispondere\/#primaryimage","url":"http:\/\/www.civiltalaica.it\/cms\/wp-content\/uploads\/2015\/06\/democrazia-italia_530X0_90-300x198.jpg","contentUrl":"http:\/\/www.civiltalaica.it\/cms\/wp-content\/uploads\/2015\/06\/democrazia-italia_530X0_90-300x198.jpg"},{"@type":"BreadcrumbList","@id":"https:\/\/www.civiltalaica.it\/cms\/le-domande-poste-dal-family-day-a-cui-occorre-rispondere\/#breadcrumb","itemListElement":[{"@type":"ListItem","position":1,"name":"Home","item":"https:\/\/www.civiltalaica.it\/cms\/"},{"@type":"ListItem","position":2,"name":"Le domande poste dal Family Day a cui occorre rispondere"}]},{"@type":"WebSite","@id":"https:\/\/www.civiltalaica.it\/cms\/#website","url":"https:\/\/www.civiltalaica.it\/cms\/","name":"Associazione Culturale Civilt\u00e0 Laica","description":"Per un movimento culturale volto a difendere la Laicit\u00e0 dello Stato.","potentialAction":[{"@type":"SearchAction","target":{"@type":"EntryPoint","urlTemplate":"https:\/\/www.civiltalaica.it\/cms\/?s={search_term_string}"},"query-input":{"@type":"PropertyValueSpecification","valueRequired":true,"valueName":"search_term_string"}}],"inLanguage":"it-IT"},{"@type":"Person","@id":"https:\/\/www.civiltalaica.it\/cms\/#\/schema\/person\/4efef56f866329a1e0943eb27336df1d","name":"alexjc","url":"https:\/\/www.civiltalaica.it\/cms\/author\/alexjc\/"}]}},"_links":{"self":[{"href":"https:\/\/www.civiltalaica.it\/cms\/wp-json\/wp\/v2\/posts\/13081","targetHints":{"allow":["GET"]}}],"collection":[{"href":"https:\/\/www.civiltalaica.it\/cms\/wp-json\/wp\/v2\/posts"}],"about":[{"href":"https:\/\/www.civiltalaica.it\/cms\/wp-json\/wp\/v2\/types\/post"}],"author":[{"embeddable":true,"href":"https:\/\/www.civiltalaica.it\/cms\/wp-json\/wp\/v2\/users\/7"}],"replies":[{"embeddable":true,"href":"https:\/\/www.civiltalaica.it\/cms\/wp-json\/wp\/v2\/comments?post=13081"}],"version-history":[{"count":0,"href":"https:\/\/www.civiltalaica.it\/cms\/wp-json\/wp\/v2\/posts\/13081\/revisions"}],"wp:attachment":[{"href":"https:\/\/www.civiltalaica.it\/cms\/wp-json\/wp\/v2\/media?parent=13081"}],"wp:term":[{"taxonomy":"category","embeddable":true,"href":"https:\/\/www.civiltalaica.it\/cms\/wp-json\/wp\/v2\/categories?post=13081"},{"taxonomy":"post_tag","embeddable":true,"href":"https:\/\/www.civiltalaica.it\/cms\/wp-json\/wp\/v2\/tags?post=13081"}],"curies":[{"name":"wp","href":"https:\/\/api.w.org\/{rel}","templated":true}]}}