{"id":13029,"date":"2015-05-24T22:02:19","date_gmt":"2015-05-24T22:02:19","guid":{"rendered":"http:\/\/www.civiltalaica.it\/cms\/?p=13029"},"modified":"2015-05-24T22:03:15","modified_gmt":"2015-05-24T22:03:15","slug":"konka-prove-di-fuga-e-di-resistenza","status":"publish","type":"post","link":"https:\/\/www.civiltalaica.it\/cms\/konka-prove-di-fuga-e-di-resistenza\/","title":{"rendered":"KONKA -Prove di fuga e di resistenza"},"content":{"rendered":"<p><span style=\"color: #222222;\"><span style=\"font-family: 'Times New Roman', serif;\"><span style=\"font-size: medium;\">Un giovane che si lascia puntualmente travolgere dagli eventi. Un investigatore privato alle prese con tre voci che lo consigliano, senza mai essere d&#8217;accordo tra loro. Un maresciallo dei carabinieri puntualmente pronto a procedere, senza aver mai capito bene \u00a0come stanno veramente le cose. Il tutto sullo sfondo di una realt\u00e0 di provincia, che \u00e8 quella della Conca ternana, con le sue stranezze, le sue contraddizioni, ma anche, con le sue divertenti particolarit\u00e0.<\/span><\/span><\/span><!--more--><\/p>\n<p><span style=\"color: #222222;\"><span style=\"font-family: 'Times New Roman', serif;\"><span style=\"font-size: medium;\"><a href=\"http:\/\/www.civiltalaica.it\/cms\/wp-content\/uploads\/2015\/05\/coverkonka.jpg\"><img loading=\"lazy\" decoding=\"async\" class=\"alignleft size-medium wp-image-13031\" src=\"http:\/\/www.civiltalaica.it\/cms\/wp-content\/uploads\/2015\/05\/coverkonka-216x300.jpg\" alt=\"coverkonka\" width=\"216\" height=\"300\" srcset=\"https:\/\/www.civiltalaica.it\/cms\/wp-content\/uploads\/2015\/05\/coverkonka-216x300.jpg 216w, https:\/\/www.civiltalaica.it\/cms\/wp-content\/uploads\/2015\/05\/coverkonka-737x1024.jpg 737w, https:\/\/www.civiltalaica.it\/cms\/wp-content\/uploads\/2015\/05\/coverkonka.jpg 1507w\" sizes=\"auto, (max-width: 216px) 100vw, 216px\" \/><\/a>Con questo &#8220;romanzo a episodi&#8221;, KONKA-PROVE DI FUGA E DI RESISTENZA (Ed. Dalia Edizioni, 165 pag. 12,00 \u20ac), Alessandro Chiometti, attingendo al genere narrativo del noir, e prediligendo un registro decisamente incline all&#8217;assurdo e al tragi-comico, riesce ad intrattenere il lettore e, allo stesso tempo, a denunciare determinati problemi sociali, di fronte ai quali si pone l&#8217;alternativa, per l&#8217;appunto, tra fuggire o resistere.<\/span><\/span><\/span><\/p>\n<p><span style=\"color: #222222;\"><span style=\"font-family: 'Times New Roman', serif;\"><span style=\"font-size: medium;\">I temi che vengono affrontati spaziano dal proibizionismo sulle droghe, al problema del lavoro e dell&#8217;impossibilit\u00e0 di gestire autonomamente la propria esistenza, a quello della solidariet\u00e0 tra quei lavoratori che condividono gli stessi rischi, le stesse disavventure e responsabilit\u00e0.<\/span><\/span><\/span><\/p>\n<p><span style=\"color: #222222;\"><span style=\"font-family: 'Times New Roman', serif;\"><span style=\"font-size: medium;\">Non secondario \u00e8 il tema della credulit\u00e0 popolare, terreno fertile per &#8220;santoni&#8221; e &#8220;impostori&#8221;, i quali sfruttano tale credulit\u00e0 per i propri scopi, con cinismo e calcolo. Nei racconti in cui viene affrontato tale tema, viene fuori lo spirito profondamente laico dell&#8217;autore, nonch\u00e9 la sua irrinunciabile fiducia nella razionalit\u00e0 e nella scienza.<\/span><\/span><\/span><\/p>\n<p><span style=\"color: #222222;\"><span style=\"font-family: 'Times New Roman', serif;\"><span style=\"font-size: medium;\">Un libro che stimola la riflessione, un libro che avvince e incuriosisce, che lascia con il fiato sospeso, che diverte e stimola il sorriso con ironica amarezza, un libro che, come direbbe lo stesso autore, ci sprona a &#8220;non prenderci troppo sul serio!&#8221;.<\/span><\/span><\/span><\/p>\n<p><span style=\"color: #222222;\"><span style=\"font-family: 'Times New Roman', serif;\"><span style=\"font-size: medium;\"><b>Federico Piccirillo<\/b><\/span><\/span><\/span><\/p>\n","protected":false},"excerpt":{"rendered":"<p>Un giovane che si lascia puntualmente travolgere dagli eventi. Un investigatore privato alle prese con tre voci che lo consigliano, senza mai essere d&#8217;accordo tra loro. Un maresciallo dei carabinieri puntualmente pronto a procedere, senza aver mai capito bene \u00a0come stanno veramente le cose. Il tutto sullo sfondo di una realt\u00e0 di provincia, che \u00e8 [&hellip;]<\/p>\n","protected":false},"author":7,"featured_media":0,"comment_status":"closed","ping_status":"closed","sticky":false,"template":"","format":"standard","meta":{"footnotes":""},"categories":[238,231],"tags":[411,1418,1449],"class_list":["post-13029","post","type-post","status-publish","format-standard","hentry","category-articoli","category-recensioni","tag-federico-piccirillo","tag-konka","tag-libri"],"yoast_head":"<!-- This site is optimized with the Yoast SEO plugin v27.1.1 - https:\/\/yoast.com\/product\/yoast-seo-wordpress\/ -->\n<title>KONKA -Prove di fuga e di resistenza - Associazione Culturale Civilt\u00e0 Laica<\/title>\n<meta name=\"robots\" content=\"index, follow, max-snippet:-1, max-image-preview:large, max-video-preview:-1\" \/>\n<link rel=\"canonical\" href=\"https:\/\/www.civiltalaica.it\/cms\/konka-prove-di-fuga-e-di-resistenza\/\" \/>\n<meta property=\"og:locale\" content=\"it_IT\" \/>\n<meta property=\"og:type\" content=\"article\" \/>\n<meta property=\"og:title\" content=\"KONKA -Prove di fuga e di resistenza - Associazione Culturale Civilt\u00e0 Laica\" \/>\n<meta property=\"og:description\" content=\"Un giovane che si lascia puntualmente travolgere dagli eventi. Un investigatore privato alle prese con tre voci che lo consigliano, senza mai essere d&#8217;accordo tra loro. Un maresciallo dei carabinieri puntualmente pronto a procedere, senza aver mai capito bene \u00a0come stanno veramente le cose. Il tutto sullo sfondo di una realt\u00e0 di provincia, che \u00e8 [&hellip;]\" \/>\n<meta property=\"og:url\" content=\"https:\/\/www.civiltalaica.it\/cms\/konka-prove-di-fuga-e-di-resistenza\/\" \/>\n<meta property=\"og:site_name\" content=\"Associazione Culturale Civilt\u00e0 Laica\" \/>\n<meta property=\"article:publisher\" content=\"https:\/\/www.facebook.com\/civiltalaica\" \/>\n<meta property=\"article:published_time\" content=\"2015-05-24T22:02:19+00:00\" \/>\n<meta property=\"article:modified_time\" content=\"2015-05-24T22:03:15+00:00\" \/>\n<meta property=\"og:image\" content=\"http:\/\/www.civiltalaica.it\/cms\/wp-content\/uploads\/2015\/05\/coverkonka-216x300.jpg\" \/>\n<meta name=\"author\" content=\"alexjc\" \/>\n<meta name=\"twitter:card\" content=\"summary_large_image\" \/>\n<meta name=\"twitter:label1\" content=\"Scritto da\" \/>\n\t<meta name=\"twitter:data1\" content=\"alexjc\" \/>\n\t<meta name=\"twitter:label2\" content=\"Tempo di lettura stimato\" \/>\n\t<meta name=\"twitter:data2\" content=\"1 minuto\" \/>\n<script type=\"application\/ld+json\" class=\"yoast-schema-graph\">{\"@context\":\"https:\/\/schema.org\",\"@graph\":[{\"@type\":\"Article\",\"@id\":\"https:\/\/www.civiltalaica.it\/cms\/konka-prove-di-fuga-e-di-resistenza\/#article\",\"isPartOf\":{\"@id\":\"https:\/\/www.civiltalaica.it\/cms\/konka-prove-di-fuga-e-di-resistenza\/\"},\"author\":{\"name\":\"alexjc\",\"@id\":\"https:\/\/www.civiltalaica.it\/cms\/#\/schema\/person\/4efef56f866329a1e0943eb27336df1d\"},\"headline\":\"KONKA -Prove di fuga e di resistenza\",\"datePublished\":\"2015-05-24T22:02:19+00:00\",\"dateModified\":\"2015-05-24T22:03:15+00:00\",\"mainEntityOfPage\":{\"@id\":\"https:\/\/www.civiltalaica.it\/cms\/konka-prove-di-fuga-e-di-resistenza\/\"},\"wordCount\":274,\"image\":{\"@id\":\"https:\/\/www.civiltalaica.it\/cms\/konka-prove-di-fuga-e-di-resistenza\/#primaryimage\"},\"thumbnailUrl\":\"http:\/\/www.civiltalaica.it\/cms\/wp-content\/uploads\/2015\/05\/coverkonka-216x300.jpg\",\"keywords\":[\"federico piccirillo\",\"konka\",\"Libri\"],\"articleSection\":[\"articoli\",\"recensioni\"],\"inLanguage\":\"it-IT\"},{\"@type\":\"WebPage\",\"@id\":\"https:\/\/www.civiltalaica.it\/cms\/konka-prove-di-fuga-e-di-resistenza\/\",\"url\":\"https:\/\/www.civiltalaica.it\/cms\/konka-prove-di-fuga-e-di-resistenza\/\",\"name\":\"KONKA -Prove di fuga e di resistenza - Associazione Culturale Civilt\u00e0 Laica\",\"isPartOf\":{\"@id\":\"https:\/\/www.civiltalaica.it\/cms\/#website\"},\"primaryImageOfPage\":{\"@id\":\"https:\/\/www.civiltalaica.it\/cms\/konka-prove-di-fuga-e-di-resistenza\/#primaryimage\"},\"image\":{\"@id\":\"https:\/\/www.civiltalaica.it\/cms\/konka-prove-di-fuga-e-di-resistenza\/#primaryimage\"},\"thumbnailUrl\":\"http:\/\/www.civiltalaica.it\/cms\/wp-content\/uploads\/2015\/05\/coverkonka-216x300.jpg\",\"datePublished\":\"2015-05-24T22:02:19+00:00\",\"dateModified\":\"2015-05-24T22:03:15+00:00\",\"author\":{\"@id\":\"https:\/\/www.civiltalaica.it\/cms\/#\/schema\/person\/4efef56f866329a1e0943eb27336df1d\"},\"breadcrumb\":{\"@id\":\"https:\/\/www.civiltalaica.it\/cms\/konka-prove-di-fuga-e-di-resistenza\/#breadcrumb\"},\"inLanguage\":\"it-IT\",\"potentialAction\":[{\"@type\":\"ReadAction\",\"target\":[\"https:\/\/www.civiltalaica.it\/cms\/konka-prove-di-fuga-e-di-resistenza\/\"]}]},{\"@type\":\"ImageObject\",\"inLanguage\":\"it-IT\",\"@id\":\"https:\/\/www.civiltalaica.it\/cms\/konka-prove-di-fuga-e-di-resistenza\/#primaryimage\",\"url\":\"http:\/\/www.civiltalaica.it\/cms\/wp-content\/uploads\/2015\/05\/coverkonka-216x300.jpg\",\"contentUrl\":\"http:\/\/www.civiltalaica.it\/cms\/wp-content\/uploads\/2015\/05\/coverkonka-216x300.jpg\"},{\"@type\":\"BreadcrumbList\",\"@id\":\"https:\/\/www.civiltalaica.it\/cms\/konka-prove-di-fuga-e-di-resistenza\/#breadcrumb\",\"itemListElement\":[{\"@type\":\"ListItem\",\"position\":1,\"name\":\"Home\",\"item\":\"https:\/\/www.civiltalaica.it\/cms\/\"},{\"@type\":\"ListItem\",\"position\":2,\"name\":\"KONKA -Prove di fuga e di resistenza\"}]},{\"@type\":\"WebSite\",\"@id\":\"https:\/\/www.civiltalaica.it\/cms\/#website\",\"url\":\"https:\/\/www.civiltalaica.it\/cms\/\",\"name\":\"Associazione Culturale Civilt\u00e0 Laica\",\"description\":\"Per un movimento culturale volto a difendere la Laicit\u00e0 dello Stato.\",\"potentialAction\":[{\"@type\":\"SearchAction\",\"target\":{\"@type\":\"EntryPoint\",\"urlTemplate\":\"https:\/\/www.civiltalaica.it\/cms\/?s={search_term_string}\"},\"query-input\":{\"@type\":\"PropertyValueSpecification\",\"valueRequired\":true,\"valueName\":\"search_term_string\"}}],\"inLanguage\":\"it-IT\"},{\"@type\":\"Person\",\"@id\":\"https:\/\/www.civiltalaica.it\/cms\/#\/schema\/person\/4efef56f866329a1e0943eb27336df1d\",\"name\":\"alexjc\",\"url\":\"https:\/\/www.civiltalaica.it\/cms\/author\/alexjc\/\"}]}<\/script>\n<!-- \/ Yoast SEO plugin. -->","yoast_head_json":{"title":"KONKA -Prove di fuga e di resistenza - Associazione Culturale Civilt\u00e0 Laica","robots":{"index":"index","follow":"follow","max-snippet":"max-snippet:-1","max-image-preview":"max-image-preview:large","max-video-preview":"max-video-preview:-1"},"canonical":"https:\/\/www.civiltalaica.it\/cms\/konka-prove-di-fuga-e-di-resistenza\/","og_locale":"it_IT","og_type":"article","og_title":"KONKA -Prove di fuga e di resistenza - Associazione Culturale Civilt\u00e0 Laica","og_description":"Un giovane che si lascia puntualmente travolgere dagli eventi. Un investigatore privato alle prese con tre voci che lo consigliano, senza mai essere d&#8217;accordo tra loro. Un maresciallo dei carabinieri puntualmente pronto a procedere, senza aver mai capito bene \u00a0come stanno veramente le cose. Il tutto sullo sfondo di una realt\u00e0 di provincia, che \u00e8 [&hellip;]","og_url":"https:\/\/www.civiltalaica.it\/cms\/konka-prove-di-fuga-e-di-resistenza\/","og_site_name":"Associazione Culturale Civilt\u00e0 Laica","article_publisher":"https:\/\/www.facebook.com\/civiltalaica","article_published_time":"2015-05-24T22:02:19+00:00","article_modified_time":"2015-05-24T22:03:15+00:00","og_image":[{"url":"http:\/\/www.civiltalaica.it\/cms\/wp-content\/uploads\/2015\/05\/coverkonka-216x300.jpg","type":"","width":"","height":""}],"author":"alexjc","twitter_card":"summary_large_image","twitter_misc":{"Scritto da":"alexjc","Tempo di lettura stimato":"1 minuto"},"schema":{"@context":"https:\/\/schema.org","@graph":[{"@type":"Article","@id":"https:\/\/www.civiltalaica.it\/cms\/konka-prove-di-fuga-e-di-resistenza\/#article","isPartOf":{"@id":"https:\/\/www.civiltalaica.it\/cms\/konka-prove-di-fuga-e-di-resistenza\/"},"author":{"name":"alexjc","@id":"https:\/\/www.civiltalaica.it\/cms\/#\/schema\/person\/4efef56f866329a1e0943eb27336df1d"},"headline":"KONKA -Prove di fuga e di resistenza","datePublished":"2015-05-24T22:02:19+00:00","dateModified":"2015-05-24T22:03:15+00:00","mainEntityOfPage":{"@id":"https:\/\/www.civiltalaica.it\/cms\/konka-prove-di-fuga-e-di-resistenza\/"},"wordCount":274,"image":{"@id":"https:\/\/www.civiltalaica.it\/cms\/konka-prove-di-fuga-e-di-resistenza\/#primaryimage"},"thumbnailUrl":"http:\/\/www.civiltalaica.it\/cms\/wp-content\/uploads\/2015\/05\/coverkonka-216x300.jpg","keywords":["federico piccirillo","konka","Libri"],"articleSection":["articoli","recensioni"],"inLanguage":"it-IT"},{"@type":"WebPage","@id":"https:\/\/www.civiltalaica.it\/cms\/konka-prove-di-fuga-e-di-resistenza\/","url":"https:\/\/www.civiltalaica.it\/cms\/konka-prove-di-fuga-e-di-resistenza\/","name":"KONKA -Prove di fuga e di resistenza - Associazione Culturale Civilt\u00e0 Laica","isPartOf":{"@id":"https:\/\/www.civiltalaica.it\/cms\/#website"},"primaryImageOfPage":{"@id":"https:\/\/www.civiltalaica.it\/cms\/konka-prove-di-fuga-e-di-resistenza\/#primaryimage"},"image":{"@id":"https:\/\/www.civiltalaica.it\/cms\/konka-prove-di-fuga-e-di-resistenza\/#primaryimage"},"thumbnailUrl":"http:\/\/www.civiltalaica.it\/cms\/wp-content\/uploads\/2015\/05\/coverkonka-216x300.jpg","datePublished":"2015-05-24T22:02:19+00:00","dateModified":"2015-05-24T22:03:15+00:00","author":{"@id":"https:\/\/www.civiltalaica.it\/cms\/#\/schema\/person\/4efef56f866329a1e0943eb27336df1d"},"breadcrumb":{"@id":"https:\/\/www.civiltalaica.it\/cms\/konka-prove-di-fuga-e-di-resistenza\/#breadcrumb"},"inLanguage":"it-IT","potentialAction":[{"@type":"ReadAction","target":["https:\/\/www.civiltalaica.it\/cms\/konka-prove-di-fuga-e-di-resistenza\/"]}]},{"@type":"ImageObject","inLanguage":"it-IT","@id":"https:\/\/www.civiltalaica.it\/cms\/konka-prove-di-fuga-e-di-resistenza\/#primaryimage","url":"http:\/\/www.civiltalaica.it\/cms\/wp-content\/uploads\/2015\/05\/coverkonka-216x300.jpg","contentUrl":"http:\/\/www.civiltalaica.it\/cms\/wp-content\/uploads\/2015\/05\/coverkonka-216x300.jpg"},{"@type":"BreadcrumbList","@id":"https:\/\/www.civiltalaica.it\/cms\/konka-prove-di-fuga-e-di-resistenza\/#breadcrumb","itemListElement":[{"@type":"ListItem","position":1,"name":"Home","item":"https:\/\/www.civiltalaica.it\/cms\/"},{"@type":"ListItem","position":2,"name":"KONKA -Prove di fuga e di resistenza"}]},{"@type":"WebSite","@id":"https:\/\/www.civiltalaica.it\/cms\/#website","url":"https:\/\/www.civiltalaica.it\/cms\/","name":"Associazione Culturale Civilt\u00e0 Laica","description":"Per un movimento culturale volto a difendere la Laicit\u00e0 dello Stato.","potentialAction":[{"@type":"SearchAction","target":{"@type":"EntryPoint","urlTemplate":"https:\/\/www.civiltalaica.it\/cms\/?s={search_term_string}"},"query-input":{"@type":"PropertyValueSpecification","valueRequired":true,"valueName":"search_term_string"}}],"inLanguage":"it-IT"},{"@type":"Person","@id":"https:\/\/www.civiltalaica.it\/cms\/#\/schema\/person\/4efef56f866329a1e0943eb27336df1d","name":"alexjc","url":"https:\/\/www.civiltalaica.it\/cms\/author\/alexjc\/"}]}},"_links":{"self":[{"href":"https:\/\/www.civiltalaica.it\/cms\/wp-json\/wp\/v2\/posts\/13029","targetHints":{"allow":["GET"]}}],"collection":[{"href":"https:\/\/www.civiltalaica.it\/cms\/wp-json\/wp\/v2\/posts"}],"about":[{"href":"https:\/\/www.civiltalaica.it\/cms\/wp-json\/wp\/v2\/types\/post"}],"author":[{"embeddable":true,"href":"https:\/\/www.civiltalaica.it\/cms\/wp-json\/wp\/v2\/users\/7"}],"replies":[{"embeddable":true,"href":"https:\/\/www.civiltalaica.it\/cms\/wp-json\/wp\/v2\/comments?post=13029"}],"version-history":[{"count":0,"href":"https:\/\/www.civiltalaica.it\/cms\/wp-json\/wp\/v2\/posts\/13029\/revisions"}],"wp:attachment":[{"href":"https:\/\/www.civiltalaica.it\/cms\/wp-json\/wp\/v2\/media?parent=13029"}],"wp:term":[{"taxonomy":"category","embeddable":true,"href":"https:\/\/www.civiltalaica.it\/cms\/wp-json\/wp\/v2\/categories?post=13029"},{"taxonomy":"post_tag","embeddable":true,"href":"https:\/\/www.civiltalaica.it\/cms\/wp-json\/wp\/v2\/tags?post=13029"}],"curies":[{"name":"wp","href":"https:\/\/api.w.org\/{rel}","templated":true}]}}