{"id":12810,"date":"2015-01-20T18:27:29","date_gmt":"2015-01-20T18:27:29","guid":{"rendered":"http:\/\/www.civiltalaica.it\/cms\/?p=12810"},"modified":"2015-01-20T18:30:28","modified_gmt":"2015-01-20T18:30:28","slug":"contraccezione-le-donne-italiane-sotto-attacco-del-fondamentalismo-cattolico","status":"publish","type":"post","link":"https:\/\/www.civiltalaica.it\/cms\/contraccezione-le-donne-italiane-sotto-attacco-del-fondamentalismo-cattolico\/","title":{"rendered":"Contraccezione, le donne italiane sotto attacco del fondamentalismo cattolico"},"content":{"rendered":"<p>A distanza di qualche anno dal via libera alla sua commercializzazione in Italia, si riaccende il dibattito sulla pillola dei cinque giorni dopo, alias Ellaone, un contraccettivo di emergenza da assumere entro 120 ore da un rapporto sessuale a rischio. <!--more--><a href=\"http:\/\/www.civiltalaica.it\/cms\/wp-content\/uploads\/2014\/12\/democrazia-italia_530X0_90.jpg\"><img loading=\"lazy\" decoding=\"async\" class=\"alignleft size-medium wp-image-12738\" src=\"http:\/\/www.civiltalaica.it\/cms\/wp-content\/uploads\/2014\/12\/democrazia-italia_530X0_90-300x198.jpg\" alt=\"democrazia-italia_530X0_90\" width=\"300\" height=\"198\" srcset=\"https:\/\/www.civiltalaica.it\/cms\/wp-content\/uploads\/2014\/12\/democrazia-italia_530X0_90-300x198.jpg 300w, https:\/\/www.civiltalaica.it\/cms\/wp-content\/uploads\/2014\/12\/democrazia-italia_530X0_90.jpg 530w\" sizes=\"auto, (max-width: 300px) 100vw, 300px\" \/><\/a><br \/>Vale la pena fare un rapido excursus. Dopo un iter burocratico a dir poco travagliato &#8211; tre anni di rimpalli tra commissioni parlamentari, Consiglio superiore di sanit\u00e0 e Agenzia italiana del farmaco (Aifa) -, nell&#8217;aprile 2012 la pillola arriva finalmente nelle farmacie italiane. Ma quello che pu\u00f2 sembrare un successo, nonostante il clamoroso ritardo rispetto alle decine di Paesi in cui \u00e8 gi\u00e0 in uso, cela un inghippo a scapito della salute delle donne: sar\u00e0 possibile acquistarla con prescrizione medica, recita il verdetto finale dell&#8217;Aifa, solo dopo aver effettuato un test di gravidanza ematico con esito negativo. Questo, in sostanza, il dazio da pagare a quell&#8217;ala parlamentare che, supportata dal Vaticano e dalle varie associazioni di medici prolife, accusa Ellaone di essere un farmaco abortivo e non anticoncezionale nonostante il suo principio attivo (ulipristal acetato) abbia l&#8217;effetto di ritardare o inibire l&#8217;ovulazione. Si arriva cos\u00ec all&#8217;assurdo di rendere quasi inutile la sua entrata in commercio. Pi\u00f9 \u00e8 tempestiva l&#8217;assunzione della pillola, maggiore \u00e8 la sua efficacia, ma i tempi tecnici che intercorrono tra il rapporto a rischio e l&#8217;acquisto del farmaco vengono allungati dal test (e dalla ricerca di un medico non obiettore), scoraggiando qualsiasi donna a ricorrervi. Va anche notato che l&#8217;Italia \u00e8 l&#8217;unico Paese al mondo in cui l&#8217;acquisto di un contraccettivo di emergenza viene subordinato all&#8217;esclusione di una gravidanza.<\/p>\n<p>Ma veniamo a oggi. L&#8217;Unione europea, dietro parere dell&#8217;Agenzia europea del farmaco, ha decretato in questi giorni che Ellaone pu\u00f2 essere acquistato in farmacia senza prescrizione medica. Il che, tradotto in Italia, elimina anche il test di gravidanza. La reazione, oggi come ieri, non si \u00e8 fatta attendere: alle invettive della Pontificia accademia per la vita si sono unite le associazioni di medici e farmacisti cattolici che gridano all'&#8221;aborto facile&#8221; (in sostanza all&#8217;omicidio) e annunciano una causa legale minacciando anche di fare obiezione di coscienza. C&#8217;\u00e8 da scommettere che, come tre anni fa, tutto ci\u00f2 approder\u00e0 in parlamento, come se fosse competenza della politica discutere le evidenze scientifiche. <br \/>Perch\u00e9 \u00e8 chiaro che non pu\u00f2 esistere una &#8220;medicina cattolica&#8221; il cui nome \u00e8 gi\u00e0 un ossimoro. La medicina ufficiale non pu\u00f2 essere mediata dal dogmatismo, altrimenti perde l&#8217;attendibilit\u00e0 oggettiva che contraddistingue ogni branca della scienza. Lo sanno bene gli oscurantisti nostrani, che pretestuosamente le attribuiscono un valore etico che non ha. Il fine, come sempre, \u00e8 quello di limitare la libert\u00e0 di autodeterminazione dell&#8217;individuo &#8211; e nel caso in particolare della donna &#8211; sulla base dei &#8220;principi non negoziabili&#8221; stabiliti dalla loro chiesa. Non ci sarebbe neanche bisogno di ricordare, in un Paese normale, che pi\u00f9 \u00e8 diffusa e accessibile la contraccezione di emergenza, minore \u00e8 il numero dei ricorsi all&#8217;interruzione di gravidanza, a tutto vantaggio della salute fisica e psichica delle donne.<\/p>\n<p>Niente di cui stupirsi in Italia, ma in questi giorni segnati dall&#8217;orrore per il sanguinario attacco fondamentalista a <i>Charlie Hebdo<\/i> poteva aleggiare la speranza che i cattolici oltranzisti nostrani, improvvisati sostenitori della libert\u00e0 al grido &#8220;Je suis Charlie&#8221;, avessero almeno letto l&#8217;invettiva del suo fondatore, Fran\u00e7ois Cavanna, contro i proseliti di tutte le religioni: \u00abVoi, oh, tutti voi non rompeteci i coglioni! Fate i vostri salamelecchi nella vostra capanna e chiudete bene la porta\u00bb. Libert\u00e0 non \u00e8 solo quella di pensiero e di parola. Libert\u00e0 \u00e8 poter decidere della propria vita. E chi dice di sostenerla condannando le stragi nel nome di un dio altrui mentre nega il diritto di scelta nel nome del proprio, mente.<\/p>\n<p><b>Cecilia M. Calamani &#8211; <a href=\"http:\/\/cronachelaiche.globalist.it\/Detail_News_Display?ID=114595&amp;typeb=0&amp;Contraccezione-le-donne-italiane-sotto-attacco-del-fondamentalismo-cattolico\">Cronache Laiche<\/a><\/b><\/p>\n","protected":false},"excerpt":{"rendered":"<p>A distanza di qualche anno dal via libera alla sua commercializzazione in Italia, si riaccende il dibattito sulla pillola dei cinque giorni dopo, alias Ellaone, un contraccettivo di emergenza da assumere entro 120 ore da un rapporto sessuale a rischio.<\/p>\n","protected":false},"author":7,"featured_media":0,"comment_status":"closed","ping_status":"closed","sticky":false,"template":"","format":"standard","meta":{"footnotes":""},"categories":[238,230],"tags":[75,496,250],"class_list":["post-12810","post","type-post","status-publish","format-standard","hentry","category-articoli","category-attualita","tag-cecilia-calamani","tag-contraccezione","tag-laicita"],"yoast_head":"<!-- This site is optimized with the Yoast SEO plugin v27.1.1 - https:\/\/yoast.com\/product\/yoast-seo-wordpress\/ -->\n<title>Contraccezione, le donne italiane sotto attacco del fondamentalismo cattolico - Associazione Culturale Civilt\u00e0 Laica<\/title>\n<meta name=\"robots\" content=\"index, follow, max-snippet:-1, max-image-preview:large, max-video-preview:-1\" \/>\n<link rel=\"canonical\" href=\"https:\/\/www.civiltalaica.it\/cms\/contraccezione-le-donne-italiane-sotto-attacco-del-fondamentalismo-cattolico\/\" \/>\n<meta property=\"og:locale\" content=\"it_IT\" \/>\n<meta property=\"og:type\" content=\"article\" \/>\n<meta property=\"og:title\" content=\"Contraccezione, le donne italiane sotto attacco del fondamentalismo cattolico - Associazione Culturale Civilt\u00e0 Laica\" \/>\n<meta property=\"og:description\" content=\"A distanza di qualche anno dal via libera alla sua commercializzazione in Italia, si riaccende il dibattito sulla pillola dei cinque giorni dopo, alias Ellaone, un contraccettivo di emergenza da assumere entro 120 ore da un rapporto sessuale a rischio.\" \/>\n<meta property=\"og:url\" content=\"https:\/\/www.civiltalaica.it\/cms\/contraccezione-le-donne-italiane-sotto-attacco-del-fondamentalismo-cattolico\/\" \/>\n<meta property=\"og:site_name\" content=\"Associazione Culturale Civilt\u00e0 Laica\" \/>\n<meta property=\"article:publisher\" content=\"https:\/\/www.facebook.com\/civiltalaica\" \/>\n<meta property=\"article:published_time\" content=\"2015-01-20T18:27:29+00:00\" \/>\n<meta property=\"article:modified_time\" content=\"2015-01-20T18:30:28+00:00\" \/>\n<meta property=\"og:image\" content=\"http:\/\/www.civiltalaica.it\/cms\/wp-content\/uploads\/2014\/12\/democrazia-italia_530X0_90-300x198.jpg\" \/>\n<meta name=\"author\" content=\"alexjc\" \/>\n<meta name=\"twitter:card\" content=\"summary_large_image\" \/>\n<meta name=\"twitter:label1\" content=\"Scritto da\" \/>\n\t<meta name=\"twitter:data1\" content=\"alexjc\" \/>\n\t<meta name=\"twitter:label2\" content=\"Tempo di lettura stimato\" \/>\n\t<meta name=\"twitter:data2\" content=\"3 minuti\" \/>\n<script type=\"application\/ld+json\" class=\"yoast-schema-graph\">{\"@context\":\"https:\/\/schema.org\",\"@graph\":[{\"@type\":\"Article\",\"@id\":\"https:\/\/www.civiltalaica.it\/cms\/contraccezione-le-donne-italiane-sotto-attacco-del-fondamentalismo-cattolico\/#article\",\"isPartOf\":{\"@id\":\"https:\/\/www.civiltalaica.it\/cms\/contraccezione-le-donne-italiane-sotto-attacco-del-fondamentalismo-cattolico\/\"},\"author\":{\"name\":\"alexjc\",\"@id\":\"https:\/\/www.civiltalaica.it\/cms\/#\/schema\/person\/4efef56f866329a1e0943eb27336df1d\"},\"headline\":\"Contraccezione, le donne italiane sotto attacco del fondamentalismo cattolico\",\"datePublished\":\"2015-01-20T18:27:29+00:00\",\"dateModified\":\"2015-01-20T18:30:28+00:00\",\"mainEntityOfPage\":{\"@id\":\"https:\/\/www.civiltalaica.it\/cms\/contraccezione-le-donne-italiane-sotto-attacco-del-fondamentalismo-cattolico\/\"},\"wordCount\":613,\"image\":{\"@id\":\"https:\/\/www.civiltalaica.it\/cms\/contraccezione-le-donne-italiane-sotto-attacco-del-fondamentalismo-cattolico\/#primaryimage\"},\"thumbnailUrl\":\"http:\/\/www.civiltalaica.it\/cms\/wp-content\/uploads\/2014\/12\/democrazia-italia_530X0_90-300x198.jpg\",\"keywords\":[\"cecilia calamani\",\"contraccezione\",\"laicit\u00e0\"],\"articleSection\":[\"articoli\",\"attualit\u00e0\"],\"inLanguage\":\"it-IT\"},{\"@type\":\"WebPage\",\"@id\":\"https:\/\/www.civiltalaica.it\/cms\/contraccezione-le-donne-italiane-sotto-attacco-del-fondamentalismo-cattolico\/\",\"url\":\"https:\/\/www.civiltalaica.it\/cms\/contraccezione-le-donne-italiane-sotto-attacco-del-fondamentalismo-cattolico\/\",\"name\":\"Contraccezione, le donne italiane sotto attacco del fondamentalismo cattolico - Associazione Culturale Civilt\u00e0 Laica\",\"isPartOf\":{\"@id\":\"https:\/\/www.civiltalaica.it\/cms\/#website\"},\"primaryImageOfPage\":{\"@id\":\"https:\/\/www.civiltalaica.it\/cms\/contraccezione-le-donne-italiane-sotto-attacco-del-fondamentalismo-cattolico\/#primaryimage\"},\"image\":{\"@id\":\"https:\/\/www.civiltalaica.it\/cms\/contraccezione-le-donne-italiane-sotto-attacco-del-fondamentalismo-cattolico\/#primaryimage\"},\"thumbnailUrl\":\"http:\/\/www.civiltalaica.it\/cms\/wp-content\/uploads\/2014\/12\/democrazia-italia_530X0_90-300x198.jpg\",\"datePublished\":\"2015-01-20T18:27:29+00:00\",\"dateModified\":\"2015-01-20T18:30:28+00:00\",\"author\":{\"@id\":\"https:\/\/www.civiltalaica.it\/cms\/#\/schema\/person\/4efef56f866329a1e0943eb27336df1d\"},\"breadcrumb\":{\"@id\":\"https:\/\/www.civiltalaica.it\/cms\/contraccezione-le-donne-italiane-sotto-attacco-del-fondamentalismo-cattolico\/#breadcrumb\"},\"inLanguage\":\"it-IT\",\"potentialAction\":[{\"@type\":\"ReadAction\",\"target\":[\"https:\/\/www.civiltalaica.it\/cms\/contraccezione-le-donne-italiane-sotto-attacco-del-fondamentalismo-cattolico\/\"]}]},{\"@type\":\"ImageObject\",\"inLanguage\":\"it-IT\",\"@id\":\"https:\/\/www.civiltalaica.it\/cms\/contraccezione-le-donne-italiane-sotto-attacco-del-fondamentalismo-cattolico\/#primaryimage\",\"url\":\"http:\/\/www.civiltalaica.it\/cms\/wp-content\/uploads\/2014\/12\/democrazia-italia_530X0_90-300x198.jpg\",\"contentUrl\":\"http:\/\/www.civiltalaica.it\/cms\/wp-content\/uploads\/2014\/12\/democrazia-italia_530X0_90-300x198.jpg\"},{\"@type\":\"BreadcrumbList\",\"@id\":\"https:\/\/www.civiltalaica.it\/cms\/contraccezione-le-donne-italiane-sotto-attacco-del-fondamentalismo-cattolico\/#breadcrumb\",\"itemListElement\":[{\"@type\":\"ListItem\",\"position\":1,\"name\":\"Home\",\"item\":\"https:\/\/www.civiltalaica.it\/cms\/\"},{\"@type\":\"ListItem\",\"position\":2,\"name\":\"Contraccezione, le donne italiane sotto attacco del fondamentalismo cattolico\"}]},{\"@type\":\"WebSite\",\"@id\":\"https:\/\/www.civiltalaica.it\/cms\/#website\",\"url\":\"https:\/\/www.civiltalaica.it\/cms\/\",\"name\":\"Associazione Culturale Civilt\u00e0 Laica\",\"description\":\"Per un movimento culturale volto a difendere la Laicit\u00e0 dello Stato.\",\"potentialAction\":[{\"@type\":\"SearchAction\",\"target\":{\"@type\":\"EntryPoint\",\"urlTemplate\":\"https:\/\/www.civiltalaica.it\/cms\/?s={search_term_string}\"},\"query-input\":{\"@type\":\"PropertyValueSpecification\",\"valueRequired\":true,\"valueName\":\"search_term_string\"}}],\"inLanguage\":\"it-IT\"},{\"@type\":\"Person\",\"@id\":\"https:\/\/www.civiltalaica.it\/cms\/#\/schema\/person\/4efef56f866329a1e0943eb27336df1d\",\"name\":\"alexjc\",\"url\":\"https:\/\/www.civiltalaica.it\/cms\/author\/alexjc\/\"}]}<\/script>\n<!-- \/ Yoast SEO plugin. -->","yoast_head_json":{"title":"Contraccezione, le donne italiane sotto attacco del fondamentalismo cattolico - Associazione Culturale Civilt\u00e0 Laica","robots":{"index":"index","follow":"follow","max-snippet":"max-snippet:-1","max-image-preview":"max-image-preview:large","max-video-preview":"max-video-preview:-1"},"canonical":"https:\/\/www.civiltalaica.it\/cms\/contraccezione-le-donne-italiane-sotto-attacco-del-fondamentalismo-cattolico\/","og_locale":"it_IT","og_type":"article","og_title":"Contraccezione, le donne italiane sotto attacco del fondamentalismo cattolico - Associazione Culturale Civilt\u00e0 Laica","og_description":"A distanza di qualche anno dal via libera alla sua commercializzazione in Italia, si riaccende il dibattito sulla pillola dei cinque giorni dopo, alias Ellaone, un contraccettivo di emergenza da assumere entro 120 ore da un rapporto sessuale a rischio.","og_url":"https:\/\/www.civiltalaica.it\/cms\/contraccezione-le-donne-italiane-sotto-attacco-del-fondamentalismo-cattolico\/","og_site_name":"Associazione Culturale Civilt\u00e0 Laica","article_publisher":"https:\/\/www.facebook.com\/civiltalaica","article_published_time":"2015-01-20T18:27:29+00:00","article_modified_time":"2015-01-20T18:30:28+00:00","og_image":[{"url":"http:\/\/www.civiltalaica.it\/cms\/wp-content\/uploads\/2014\/12\/democrazia-italia_530X0_90-300x198.jpg","type":"","width":"","height":""}],"author":"alexjc","twitter_card":"summary_large_image","twitter_misc":{"Scritto da":"alexjc","Tempo di lettura stimato":"3 minuti"},"schema":{"@context":"https:\/\/schema.org","@graph":[{"@type":"Article","@id":"https:\/\/www.civiltalaica.it\/cms\/contraccezione-le-donne-italiane-sotto-attacco-del-fondamentalismo-cattolico\/#article","isPartOf":{"@id":"https:\/\/www.civiltalaica.it\/cms\/contraccezione-le-donne-italiane-sotto-attacco-del-fondamentalismo-cattolico\/"},"author":{"name":"alexjc","@id":"https:\/\/www.civiltalaica.it\/cms\/#\/schema\/person\/4efef56f866329a1e0943eb27336df1d"},"headline":"Contraccezione, le donne italiane sotto attacco del fondamentalismo cattolico","datePublished":"2015-01-20T18:27:29+00:00","dateModified":"2015-01-20T18:30:28+00:00","mainEntityOfPage":{"@id":"https:\/\/www.civiltalaica.it\/cms\/contraccezione-le-donne-italiane-sotto-attacco-del-fondamentalismo-cattolico\/"},"wordCount":613,"image":{"@id":"https:\/\/www.civiltalaica.it\/cms\/contraccezione-le-donne-italiane-sotto-attacco-del-fondamentalismo-cattolico\/#primaryimage"},"thumbnailUrl":"http:\/\/www.civiltalaica.it\/cms\/wp-content\/uploads\/2014\/12\/democrazia-italia_530X0_90-300x198.jpg","keywords":["cecilia calamani","contraccezione","laicit\u00e0"],"articleSection":["articoli","attualit\u00e0"],"inLanguage":"it-IT"},{"@type":"WebPage","@id":"https:\/\/www.civiltalaica.it\/cms\/contraccezione-le-donne-italiane-sotto-attacco-del-fondamentalismo-cattolico\/","url":"https:\/\/www.civiltalaica.it\/cms\/contraccezione-le-donne-italiane-sotto-attacco-del-fondamentalismo-cattolico\/","name":"Contraccezione, le donne italiane sotto attacco del fondamentalismo cattolico - Associazione Culturale Civilt\u00e0 Laica","isPartOf":{"@id":"https:\/\/www.civiltalaica.it\/cms\/#website"},"primaryImageOfPage":{"@id":"https:\/\/www.civiltalaica.it\/cms\/contraccezione-le-donne-italiane-sotto-attacco-del-fondamentalismo-cattolico\/#primaryimage"},"image":{"@id":"https:\/\/www.civiltalaica.it\/cms\/contraccezione-le-donne-italiane-sotto-attacco-del-fondamentalismo-cattolico\/#primaryimage"},"thumbnailUrl":"http:\/\/www.civiltalaica.it\/cms\/wp-content\/uploads\/2014\/12\/democrazia-italia_530X0_90-300x198.jpg","datePublished":"2015-01-20T18:27:29+00:00","dateModified":"2015-01-20T18:30:28+00:00","author":{"@id":"https:\/\/www.civiltalaica.it\/cms\/#\/schema\/person\/4efef56f866329a1e0943eb27336df1d"},"breadcrumb":{"@id":"https:\/\/www.civiltalaica.it\/cms\/contraccezione-le-donne-italiane-sotto-attacco-del-fondamentalismo-cattolico\/#breadcrumb"},"inLanguage":"it-IT","potentialAction":[{"@type":"ReadAction","target":["https:\/\/www.civiltalaica.it\/cms\/contraccezione-le-donne-italiane-sotto-attacco-del-fondamentalismo-cattolico\/"]}]},{"@type":"ImageObject","inLanguage":"it-IT","@id":"https:\/\/www.civiltalaica.it\/cms\/contraccezione-le-donne-italiane-sotto-attacco-del-fondamentalismo-cattolico\/#primaryimage","url":"http:\/\/www.civiltalaica.it\/cms\/wp-content\/uploads\/2014\/12\/democrazia-italia_530X0_90-300x198.jpg","contentUrl":"http:\/\/www.civiltalaica.it\/cms\/wp-content\/uploads\/2014\/12\/democrazia-italia_530X0_90-300x198.jpg"},{"@type":"BreadcrumbList","@id":"https:\/\/www.civiltalaica.it\/cms\/contraccezione-le-donne-italiane-sotto-attacco-del-fondamentalismo-cattolico\/#breadcrumb","itemListElement":[{"@type":"ListItem","position":1,"name":"Home","item":"https:\/\/www.civiltalaica.it\/cms\/"},{"@type":"ListItem","position":2,"name":"Contraccezione, le donne italiane sotto attacco del fondamentalismo cattolico"}]},{"@type":"WebSite","@id":"https:\/\/www.civiltalaica.it\/cms\/#website","url":"https:\/\/www.civiltalaica.it\/cms\/","name":"Associazione Culturale Civilt\u00e0 Laica","description":"Per un movimento culturale volto a difendere la Laicit\u00e0 dello Stato.","potentialAction":[{"@type":"SearchAction","target":{"@type":"EntryPoint","urlTemplate":"https:\/\/www.civiltalaica.it\/cms\/?s={search_term_string}"},"query-input":{"@type":"PropertyValueSpecification","valueRequired":true,"valueName":"search_term_string"}}],"inLanguage":"it-IT"},{"@type":"Person","@id":"https:\/\/www.civiltalaica.it\/cms\/#\/schema\/person\/4efef56f866329a1e0943eb27336df1d","name":"alexjc","url":"https:\/\/www.civiltalaica.it\/cms\/author\/alexjc\/"}]}},"_links":{"self":[{"href":"https:\/\/www.civiltalaica.it\/cms\/wp-json\/wp\/v2\/posts\/12810","targetHints":{"allow":["GET"]}}],"collection":[{"href":"https:\/\/www.civiltalaica.it\/cms\/wp-json\/wp\/v2\/posts"}],"about":[{"href":"https:\/\/www.civiltalaica.it\/cms\/wp-json\/wp\/v2\/types\/post"}],"author":[{"embeddable":true,"href":"https:\/\/www.civiltalaica.it\/cms\/wp-json\/wp\/v2\/users\/7"}],"replies":[{"embeddable":true,"href":"https:\/\/www.civiltalaica.it\/cms\/wp-json\/wp\/v2\/comments?post=12810"}],"version-history":[{"count":0,"href":"https:\/\/www.civiltalaica.it\/cms\/wp-json\/wp\/v2\/posts\/12810\/revisions"}],"wp:attachment":[{"href":"https:\/\/www.civiltalaica.it\/cms\/wp-json\/wp\/v2\/media?parent=12810"}],"wp:term":[{"taxonomy":"category","embeddable":true,"href":"https:\/\/www.civiltalaica.it\/cms\/wp-json\/wp\/v2\/categories?post=12810"},{"taxonomy":"post_tag","embeddable":true,"href":"https:\/\/www.civiltalaica.it\/cms\/wp-json\/wp\/v2\/tags?post=12810"}],"curies":[{"name":"wp","href":"https:\/\/api.w.org\/{rel}","templated":true}]}}