{"id":12793,"date":"2015-01-09T18:58:23","date_gmt":"2015-01-09T18:58:23","guid":{"rendered":"http:\/\/www.civiltalaica.it\/cms\/?p=12793"},"modified":"2015-01-09T18:58:23","modified_gmt":"2015-01-09T18:58:23","slug":"la-nostrana-ipocrisia-identitaria","status":"publish","type":"post","link":"https:\/\/www.civiltalaica.it\/cms\/la-nostrana-ipocrisia-identitaria\/","title":{"rendered":"La nostrana ipocrisia identitaria"},"content":{"rendered":"<p>Proprio poche settimane fa osservavamo che l&#8217;Isis (ed il revanscismo pan-islamista di cui \u00e8 portatore) tra i vari record che pu\u00f2 annoverare c&#8217;\u00e8 quello di aver creato un fronte comune occidentalista.<!--more--><a href=\"http:\/\/www.civiltalaica.it\/cms\/wp-content\/uploads\/2013\/12\/download.jpg\"><img loading=\"lazy\" decoding=\"async\" class=\"alignleft size-full wp-image-11991\" src=\"http:\/\/www.civiltalaica.it\/cms\/wp-content\/uploads\/2013\/12\/download.jpg\" alt=\"download\" width=\"181\" height=\"278\" \/><\/a><br \/>Non a caso si osservava che mentre l&#8217;estrema destra occidentale (che, lo vogliamo ricordare, \u00e8 stata autrice meno di 4 anni fa di un&#8217;azione perpetrata da un certo Breivik del tutto simile, se non peggiore, all&#8217;attentato di mercoled\u00ec scorso) ribadiva la sua dichiarazione di guerra aperta a qualsiasi forma di contaminazione islamista, i curdi anarco-libertari di Kobane combattevano (e combattono ancora) la loro battaglia in difesa della propria citt\u00e0 assediata dalle milizie jiahdiste legate a filo quadruplo agli attentatori di Charlie Hedbo.<\/p>\n<p>Ora siamo tutti (giustamente) con le matite alzate ed in qualit\u00e0 di estensore di questa nota posso assicurare che non mi interessa assolutamente se e quanto le vittime &#8220;se la siano cercata&#8221;; perch\u00e8 se deve valere quest&#8217;ottica, allora acquista automaticamente valore anche l&#8217;ottica complementare per cui le numerosissime anime che hanno popolato l&#8217;affollatissimo &#8220;cielo di allah&#8221; durante gli ultimi 12 anni a causa delle bombe occidentali piovute sul medio oriente se la siano cercata per il semplice fatto di essere musulmani e di pensarla in maniera diversa dal sottoscritto.<br \/>Se vale l&#8217;ottica &#8220;se la sono cercata&#8221; si giustifica automaticamente la prepotenza di chiunque \u00e8 pronto ad esercitare il proprio diritto arbitrario di imporre ad altri la propria religione: si sa che quello ti spara (cosa alquanto illegale), ma siccome la cosa \u00e8 nota allora la colpa \u00e8 tua che non hai tenuto conto della sua possibile reazione (illegale e criminosa) e allora per difendere i nostri diritti per &#8220;par condicio&#8221; dovremmo sparare anche noi al primo che \u00e8 diverso e che non la pensa come noi (cos\u00ec la prossima volta ci pensa due volte a fare il fanatico ? <br \/>Pu\u00f2 essere plausibile una simile visione ?<br \/>Per qualcuno (per la destra di qualsiasi estrazione etnica) forse s\u00ec.<br \/>Ma per chi fa riferimento allo stato di diritto, per chi fa riferimento ai diritti fondamentali sanciti dalla Dichiarazione Universale, non pu\u00f2 valere il discorso &#8220;se la sono cercata&#8221;, perch\u00e8 lo stato di diritto stabilisce regole chiare e precise (anche se purtroppo dimenticate o ignorate) di comportamento tra esseri umani.<\/p>\n<p>Lo stato di diritto stabilisce il dovere di ciascuno a difendere le libert\u00e0 ed i diritti fondamentali di tutti, anche e soprattutto di chi \u00e8 diverso da lui: se io vivo in uno stato di diritto ho il dovere di difendere il diritto di un musulmano a credere nella sua religione e di fare in modo che non venga discriminato ed ho contemporaneamente il dovere di fargli notare che lui non ha alcun diritto di imporla agli altri n\u00e9 di perseguitare gli altri se non la seguono anche se ha il diritto di affermare che le religioni diverse dalla sua o l&#8217;ateismo dicono stupidaggini, cos\u00ec come io ho il diritto di dire che la sua religione ed il suo corano dicono stupidaggini.<br \/>Ho il dovere di fargli notare che, se lui ha deciso di vivere in uno stato di diritto, ha gli stessi suddetti doveri nei miei confronti e che se non gradisce le vignette di una rivista, ha il diritto di non comprarla e magari anche di prenderla in giro, ma non pu\u00f2 fare altro.<br \/>Per lo &#8220;stato di diritto&#8221; i diritti del singolo vengono prima di qualsiasi &#8220;sentimento collettivo&#8221; (art. 30 della Dichiarazione Universale).<\/p>\n<p>Ora vediamo cosa fa l&#8217;identitarismo occidentale (moderato e\/o estremista che sia) di stampo decisamente destrorso: invoca i diritti fondamentali quando gli fa comodo (soprattutto quando si tratta di dare la parola al papa che in qualit\u00e0 di capo di stato del vaticano non riconosce i diritti umani), ieri oggi e domani sta insieme a noi laicisti con le matite alzate (perch\u00e8 hanno aggredito la libert\u00e0 di parola occidentale), il 13 dicembre 2011 emulando Breivik sparava a due senegalesi a Firenze mentre qualche anno addietro criticava Madonna per l&#8217;uso che faceva del crocifisso sul proprio stage durante i concerti, nel 2010 preparava il ricorso contro la decisione della Corte Europea circa l&#8217;esposizione dei crocifissi a scuola (purtroppo per vincerla) mentre da un&#8217;altra parte solleva questioni sul velo (anche e soprattutto nella vita privata delle persone che non debbono svolgere compitio istituzionali).<\/p>\n<p>Cosa sarebbe accaduto se Charlie Hedbo avesse criticato i crocifissi ?<\/p>\n<p>Avremmo avuto Gasparri e Alfano con le matite alzate ? &#8230; vorrei esserci per vederli, perch\u00e8 a memoria non ricordo reazioni similari all&#8217;epoca dell&#8217;attentato di Breivik.<\/p>\n<p><strong>Francesco Saverio Paoletti<br \/><\/strong><\/p>\n","protected":false},"excerpt":{"rendered":"<p>Proprio poche settimane fa osservavamo che l&#8217;Isis (ed il revanscismo pan-islamista di cui \u00e8 portatore) tra i vari record che pu\u00f2 annoverare c&#8217;\u00e8 quello di aver creato un fronte comune occidentalista.<\/p>\n","protected":false},"author":7,"featured_media":0,"comment_status":"closed","ping_status":"closed","sticky":false,"template":"","format":"standard","meta":{"footnotes":""},"categories":[238,230],"tags":[909,274,250,27],"class_list":["post-12793","post","type-post","status-publish","format-standard","hentry","category-articoli","category-attualita","tag-francesco-paoletti","tag-islam","tag-laicita","tag-religioni"],"yoast_head":"<!-- This site is optimized with the Yoast SEO plugin v27.1.1 - https:\/\/yoast.com\/product\/yoast-seo-wordpress\/ -->\n<title>La nostrana ipocrisia identitaria - Associazione Culturale Civilt\u00e0 Laica<\/title>\n<meta name=\"robots\" content=\"index, follow, max-snippet:-1, max-image-preview:large, max-video-preview:-1\" \/>\n<link rel=\"canonical\" href=\"https:\/\/www.civiltalaica.it\/cms\/la-nostrana-ipocrisia-identitaria\/\" \/>\n<meta property=\"og:locale\" content=\"it_IT\" \/>\n<meta property=\"og:type\" content=\"article\" \/>\n<meta property=\"og:title\" content=\"La nostrana ipocrisia identitaria - Associazione Culturale Civilt\u00e0 Laica\" \/>\n<meta property=\"og:description\" content=\"Proprio poche settimane fa osservavamo che l&#8217;Isis (ed il revanscismo pan-islamista di cui \u00e8 portatore) tra i vari record che pu\u00f2 annoverare c&#8217;\u00e8 quello di aver creato un fronte comune occidentalista.\" \/>\n<meta property=\"og:url\" content=\"https:\/\/www.civiltalaica.it\/cms\/la-nostrana-ipocrisia-identitaria\/\" \/>\n<meta property=\"og:site_name\" content=\"Associazione Culturale Civilt\u00e0 Laica\" \/>\n<meta property=\"article:publisher\" content=\"https:\/\/www.facebook.com\/civiltalaica\" \/>\n<meta property=\"article:published_time\" content=\"2015-01-09T18:58:23+00:00\" \/>\n<meta property=\"og:image\" content=\"http:\/\/www.civiltalaica.it\/cms\/wp-content\/uploads\/2013\/12\/download.jpg\" \/>\n<meta name=\"author\" content=\"alexjc\" \/>\n<meta name=\"twitter:card\" content=\"summary_large_image\" \/>\n<meta name=\"twitter:label1\" content=\"Scritto da\" \/>\n\t<meta name=\"twitter:data1\" content=\"alexjc\" \/>\n\t<meta name=\"twitter:label2\" content=\"Tempo di lettura stimato\" \/>\n\t<meta name=\"twitter:data2\" content=\"4 minuti\" \/>\n<script type=\"application\/ld+json\" class=\"yoast-schema-graph\">{\"@context\":\"https:\/\/schema.org\",\"@graph\":[{\"@type\":\"Article\",\"@id\":\"https:\/\/www.civiltalaica.it\/cms\/la-nostrana-ipocrisia-identitaria\/#article\",\"isPartOf\":{\"@id\":\"https:\/\/www.civiltalaica.it\/cms\/la-nostrana-ipocrisia-identitaria\/\"},\"author\":{\"name\":\"alexjc\",\"@id\":\"https:\/\/www.civiltalaica.it\/cms\/#\/schema\/person\/4efef56f866329a1e0943eb27336df1d\"},\"headline\":\"La nostrana ipocrisia identitaria\",\"datePublished\":\"2015-01-09T18:58:23+00:00\",\"mainEntityOfPage\":{\"@id\":\"https:\/\/www.civiltalaica.it\/cms\/la-nostrana-ipocrisia-identitaria\/\"},\"wordCount\":733,\"image\":{\"@id\":\"https:\/\/www.civiltalaica.it\/cms\/la-nostrana-ipocrisia-identitaria\/#primaryimage\"},\"thumbnailUrl\":\"http:\/\/www.civiltalaica.it\/cms\/wp-content\/uploads\/2013\/12\/download.jpg\",\"keywords\":[\"francesco paoletti\",\"islam\",\"laicit\u00e0\",\"Religioni\"],\"articleSection\":[\"articoli\",\"attualit\u00e0\"],\"inLanguage\":\"it-IT\"},{\"@type\":\"WebPage\",\"@id\":\"https:\/\/www.civiltalaica.it\/cms\/la-nostrana-ipocrisia-identitaria\/\",\"url\":\"https:\/\/www.civiltalaica.it\/cms\/la-nostrana-ipocrisia-identitaria\/\",\"name\":\"La nostrana ipocrisia identitaria - Associazione Culturale Civilt\u00e0 Laica\",\"isPartOf\":{\"@id\":\"https:\/\/www.civiltalaica.it\/cms\/#website\"},\"primaryImageOfPage\":{\"@id\":\"https:\/\/www.civiltalaica.it\/cms\/la-nostrana-ipocrisia-identitaria\/#primaryimage\"},\"image\":{\"@id\":\"https:\/\/www.civiltalaica.it\/cms\/la-nostrana-ipocrisia-identitaria\/#primaryimage\"},\"thumbnailUrl\":\"http:\/\/www.civiltalaica.it\/cms\/wp-content\/uploads\/2013\/12\/download.jpg\",\"datePublished\":\"2015-01-09T18:58:23+00:00\",\"author\":{\"@id\":\"https:\/\/www.civiltalaica.it\/cms\/#\/schema\/person\/4efef56f866329a1e0943eb27336df1d\"},\"breadcrumb\":{\"@id\":\"https:\/\/www.civiltalaica.it\/cms\/la-nostrana-ipocrisia-identitaria\/#breadcrumb\"},\"inLanguage\":\"it-IT\",\"potentialAction\":[{\"@type\":\"ReadAction\",\"target\":[\"https:\/\/www.civiltalaica.it\/cms\/la-nostrana-ipocrisia-identitaria\/\"]}]},{\"@type\":\"ImageObject\",\"inLanguage\":\"it-IT\",\"@id\":\"https:\/\/www.civiltalaica.it\/cms\/la-nostrana-ipocrisia-identitaria\/#primaryimage\",\"url\":\"http:\/\/www.civiltalaica.it\/cms\/wp-content\/uploads\/2013\/12\/download.jpg\",\"contentUrl\":\"http:\/\/www.civiltalaica.it\/cms\/wp-content\/uploads\/2013\/12\/download.jpg\"},{\"@type\":\"BreadcrumbList\",\"@id\":\"https:\/\/www.civiltalaica.it\/cms\/la-nostrana-ipocrisia-identitaria\/#breadcrumb\",\"itemListElement\":[{\"@type\":\"ListItem\",\"position\":1,\"name\":\"Home\",\"item\":\"https:\/\/www.civiltalaica.it\/cms\/\"},{\"@type\":\"ListItem\",\"position\":2,\"name\":\"La nostrana ipocrisia identitaria\"}]},{\"@type\":\"WebSite\",\"@id\":\"https:\/\/www.civiltalaica.it\/cms\/#website\",\"url\":\"https:\/\/www.civiltalaica.it\/cms\/\",\"name\":\"Associazione Culturale Civilt\u00e0 Laica\",\"description\":\"Per un movimento culturale volto a difendere la Laicit\u00e0 dello Stato.\",\"potentialAction\":[{\"@type\":\"SearchAction\",\"target\":{\"@type\":\"EntryPoint\",\"urlTemplate\":\"https:\/\/www.civiltalaica.it\/cms\/?s={search_term_string}\"},\"query-input\":{\"@type\":\"PropertyValueSpecification\",\"valueRequired\":true,\"valueName\":\"search_term_string\"}}],\"inLanguage\":\"it-IT\"},{\"@type\":\"Person\",\"@id\":\"https:\/\/www.civiltalaica.it\/cms\/#\/schema\/person\/4efef56f866329a1e0943eb27336df1d\",\"name\":\"alexjc\",\"url\":\"https:\/\/www.civiltalaica.it\/cms\/author\/alexjc\/\"}]}<\/script>\n<!-- \/ Yoast SEO plugin. -->","yoast_head_json":{"title":"La nostrana ipocrisia identitaria - Associazione Culturale Civilt\u00e0 Laica","robots":{"index":"index","follow":"follow","max-snippet":"max-snippet:-1","max-image-preview":"max-image-preview:large","max-video-preview":"max-video-preview:-1"},"canonical":"https:\/\/www.civiltalaica.it\/cms\/la-nostrana-ipocrisia-identitaria\/","og_locale":"it_IT","og_type":"article","og_title":"La nostrana ipocrisia identitaria - Associazione Culturale Civilt\u00e0 Laica","og_description":"Proprio poche settimane fa osservavamo che l&#8217;Isis (ed il revanscismo pan-islamista di cui \u00e8 portatore) tra i vari record che pu\u00f2 annoverare c&#8217;\u00e8 quello di aver creato un fronte comune occidentalista.","og_url":"https:\/\/www.civiltalaica.it\/cms\/la-nostrana-ipocrisia-identitaria\/","og_site_name":"Associazione Culturale Civilt\u00e0 Laica","article_publisher":"https:\/\/www.facebook.com\/civiltalaica","article_published_time":"2015-01-09T18:58:23+00:00","og_image":[{"url":"http:\/\/www.civiltalaica.it\/cms\/wp-content\/uploads\/2013\/12\/download.jpg","type":"","width":"","height":""}],"author":"alexjc","twitter_card":"summary_large_image","twitter_misc":{"Scritto da":"alexjc","Tempo di lettura stimato":"4 minuti"},"schema":{"@context":"https:\/\/schema.org","@graph":[{"@type":"Article","@id":"https:\/\/www.civiltalaica.it\/cms\/la-nostrana-ipocrisia-identitaria\/#article","isPartOf":{"@id":"https:\/\/www.civiltalaica.it\/cms\/la-nostrana-ipocrisia-identitaria\/"},"author":{"name":"alexjc","@id":"https:\/\/www.civiltalaica.it\/cms\/#\/schema\/person\/4efef56f866329a1e0943eb27336df1d"},"headline":"La nostrana ipocrisia identitaria","datePublished":"2015-01-09T18:58:23+00:00","mainEntityOfPage":{"@id":"https:\/\/www.civiltalaica.it\/cms\/la-nostrana-ipocrisia-identitaria\/"},"wordCount":733,"image":{"@id":"https:\/\/www.civiltalaica.it\/cms\/la-nostrana-ipocrisia-identitaria\/#primaryimage"},"thumbnailUrl":"http:\/\/www.civiltalaica.it\/cms\/wp-content\/uploads\/2013\/12\/download.jpg","keywords":["francesco paoletti","islam","laicit\u00e0","Religioni"],"articleSection":["articoli","attualit\u00e0"],"inLanguage":"it-IT"},{"@type":"WebPage","@id":"https:\/\/www.civiltalaica.it\/cms\/la-nostrana-ipocrisia-identitaria\/","url":"https:\/\/www.civiltalaica.it\/cms\/la-nostrana-ipocrisia-identitaria\/","name":"La nostrana ipocrisia identitaria - Associazione Culturale Civilt\u00e0 Laica","isPartOf":{"@id":"https:\/\/www.civiltalaica.it\/cms\/#website"},"primaryImageOfPage":{"@id":"https:\/\/www.civiltalaica.it\/cms\/la-nostrana-ipocrisia-identitaria\/#primaryimage"},"image":{"@id":"https:\/\/www.civiltalaica.it\/cms\/la-nostrana-ipocrisia-identitaria\/#primaryimage"},"thumbnailUrl":"http:\/\/www.civiltalaica.it\/cms\/wp-content\/uploads\/2013\/12\/download.jpg","datePublished":"2015-01-09T18:58:23+00:00","author":{"@id":"https:\/\/www.civiltalaica.it\/cms\/#\/schema\/person\/4efef56f866329a1e0943eb27336df1d"},"breadcrumb":{"@id":"https:\/\/www.civiltalaica.it\/cms\/la-nostrana-ipocrisia-identitaria\/#breadcrumb"},"inLanguage":"it-IT","potentialAction":[{"@type":"ReadAction","target":["https:\/\/www.civiltalaica.it\/cms\/la-nostrana-ipocrisia-identitaria\/"]}]},{"@type":"ImageObject","inLanguage":"it-IT","@id":"https:\/\/www.civiltalaica.it\/cms\/la-nostrana-ipocrisia-identitaria\/#primaryimage","url":"http:\/\/www.civiltalaica.it\/cms\/wp-content\/uploads\/2013\/12\/download.jpg","contentUrl":"http:\/\/www.civiltalaica.it\/cms\/wp-content\/uploads\/2013\/12\/download.jpg"},{"@type":"BreadcrumbList","@id":"https:\/\/www.civiltalaica.it\/cms\/la-nostrana-ipocrisia-identitaria\/#breadcrumb","itemListElement":[{"@type":"ListItem","position":1,"name":"Home","item":"https:\/\/www.civiltalaica.it\/cms\/"},{"@type":"ListItem","position":2,"name":"La nostrana ipocrisia identitaria"}]},{"@type":"WebSite","@id":"https:\/\/www.civiltalaica.it\/cms\/#website","url":"https:\/\/www.civiltalaica.it\/cms\/","name":"Associazione Culturale Civilt\u00e0 Laica","description":"Per un movimento culturale volto a difendere la Laicit\u00e0 dello Stato.","potentialAction":[{"@type":"SearchAction","target":{"@type":"EntryPoint","urlTemplate":"https:\/\/www.civiltalaica.it\/cms\/?s={search_term_string}"},"query-input":{"@type":"PropertyValueSpecification","valueRequired":true,"valueName":"search_term_string"}}],"inLanguage":"it-IT"},{"@type":"Person","@id":"https:\/\/www.civiltalaica.it\/cms\/#\/schema\/person\/4efef56f866329a1e0943eb27336df1d","name":"alexjc","url":"https:\/\/www.civiltalaica.it\/cms\/author\/alexjc\/"}]}},"_links":{"self":[{"href":"https:\/\/www.civiltalaica.it\/cms\/wp-json\/wp\/v2\/posts\/12793","targetHints":{"allow":["GET"]}}],"collection":[{"href":"https:\/\/www.civiltalaica.it\/cms\/wp-json\/wp\/v2\/posts"}],"about":[{"href":"https:\/\/www.civiltalaica.it\/cms\/wp-json\/wp\/v2\/types\/post"}],"author":[{"embeddable":true,"href":"https:\/\/www.civiltalaica.it\/cms\/wp-json\/wp\/v2\/users\/7"}],"replies":[{"embeddable":true,"href":"https:\/\/www.civiltalaica.it\/cms\/wp-json\/wp\/v2\/comments?post=12793"}],"version-history":[{"count":0,"href":"https:\/\/www.civiltalaica.it\/cms\/wp-json\/wp\/v2\/posts\/12793\/revisions"}],"wp:attachment":[{"href":"https:\/\/www.civiltalaica.it\/cms\/wp-json\/wp\/v2\/media?parent=12793"}],"wp:term":[{"taxonomy":"category","embeddable":true,"href":"https:\/\/www.civiltalaica.it\/cms\/wp-json\/wp\/v2\/categories?post=12793"},{"taxonomy":"post_tag","embeddable":true,"href":"https:\/\/www.civiltalaica.it\/cms\/wp-json\/wp\/v2\/tags?post=12793"}],"curies":[{"name":"wp","href":"https:\/\/api.w.org\/{rel}","templated":true}]}}