{"id":12737,"date":"2014-12-09T18:06:46","date_gmt":"2014-12-09T18:06:46","guid":{"rendered":"http:\/\/www.civiltalaica.it\/cms\/?p=12737"},"modified":"2014-12-09T18:43:28","modified_gmt":"2014-12-09T18:43:28","slug":"la-laicita-e-la-democrazia-formale","status":"publish","type":"post","link":"https:\/\/www.civiltalaica.it\/cms\/la-laicita-e-la-democrazia-formale\/","title":{"rendered":"La laicit\u00e0 e la Democrazia formale"},"content":{"rendered":"<p><span style=\"font-family: 'Times New Roman', serif;\"><span style=\"font-size: medium;\">Come al solito con l\u2019approssimarsi del Natale, vengono al pettine i nodi irrisolti di un paese che non ha mai fatto i conti con la sua carenza di laicit\u00e0 nelle istituzioni e nella scuola pubblica. <\/span><\/span><\/p>\n<p><span style=\"font-family: 'Times New Roman', serif;\"><span style=\"font-size: medium;\">Provvedimenti estemporanei che suscitano clamore nei soliti mass media richiamano l\u2019attenzione su quello che in tanti paesi \u00e8 normalit\u00e0 e per l\u2019Italiano Medio \u00e8 inconcepibile. <\/span><\/span><!--more--><\/p>\n<p><span style=\"font-family: 'Times New Roman', serif;\"><span style=\"font-size: medium;\"><a href=\"http:\/\/www.civiltalaica.it\/cms\/wp-content\/uploads\/2014\/12\/democrazia-italia_530X0_90.jpg\"><img loading=\"lazy\" decoding=\"async\" class=\"alignleft size-medium wp-image-12738\" src=\"http:\/\/www.civiltalaica.it\/cms\/wp-content\/uploads\/2014\/12\/democrazia-italia_530X0_90-300x198.jpg\" alt=\"democrazia-italia_530X0_90\" width=\"300\" height=\"198\" srcset=\"https:\/\/www.civiltalaica.it\/cms\/wp-content\/uploads\/2014\/12\/democrazia-italia_530X0_90-300x198.jpg 300w, https:\/\/www.civiltalaica.it\/cms\/wp-content\/uploads\/2014\/12\/democrazia-italia_530X0_90.jpg 530w\" sizes=\"auto, (max-width: 300px) 100vw, 300px\" \/><\/a>Inconcepibile \u00e8 il fatto che alcuni professori organizzino recite a-religiose per le feste di fine anno, inconcepibile \u00e8 che alcuni presidi neghino l\u2019autorizzazione a impartire messe e benedizioni agli studenti in orario scolastico, inconcepibile \u00e8 la scelta di alcuni presidi di non allestire il classico presepe natalizio onde evitare di urtare la sensibilit\u00e0 di chi cristiano-cattolico non \u00e8.<\/span><\/span><\/p>\n<p><span style=\"font-family: 'Times New Roman', serif;\"><span style=\"font-size: medium;\">Il tutto viene visto dall\u2019Italiano Medio come un attacco alla sua cultura, alle sue radici e alle sue tradizioni, e ovviamente il Giornalista Medio in questo ci sguazza fomentando gli istinti pi\u00f9 beceri di colui che si ricorda di essere un buon cristiano quando mette la stella cometa sopra la grotta del bambin ges\u00f9 palestinese e non quando i palestinesi li fa affogare nel Canale di Sicilia. <\/span><\/span><\/p>\n<p><span style=\"font-family: 'Times New Roman', serif;\"><span style=\"font-size: medium;\">Altrettanto sbagliato \u00e8 presentare queste scelte come atti per non offendere chi \u00e8 di altre religioni (sottointeso, gli islamici) che oramai in alcune classi sono oltre la met\u00e0 del numero totale degli studenti. <\/span><\/span><\/p>\n<p><span style=\"font-family: 'Times New Roman', serif;\"><span style=\"font-size: medium;\">In realt\u00e0 questi atti dovrebbero essere fatti, sempre e da tutti gli addetti alla pubblica istruzione, in nome di un semplice principio, quello della laicit\u00e0 delle Istituzioni Pubbliche e quindi anche della Scuola. Perch\u00e9 oltre alle \u201caltre religioni\u201d nessuno si ricorda mai degli italiani atei e agnostici (che pure sono milioni) che subiscono alle dichiarazioni del Giovanardi di turno per cui i vari feticci religiosi (crocifissi, statue della madonna e del bambin Ges\u00f9, presepi, etc. ) devono, e sottolineiamo il devono, avere un valore anche per i miserabili non credenti. <\/span><\/span><\/p>\n<p><span style=\"font-family: 'Times New Roman', serif;\"><span style=\"font-size: medium;\">La mancanza della neutralit\u00e0 delle Istituzioni e della Scuola pubblica verso chi ha una fede diversa dalla maggioranza o verso chi non ne ha proprio \u00e8 uno dei tanti motivi per cui l\u2019Italia nel 2014 \u00e8 una Democrazia formale e non sostanziale. <\/span><\/span><\/p>\n<p><span style=\"font-family: 'Times New Roman', serif;\"><span style=\"font-size: medium;\">Occorrerebbe per i nostri politici e gestori della \u201ccosa pubblica\u201d l\u2019obbligo di studiarsi le lezioni di Tocqueville sulla Democrazia, imparerebbero che questa \u00e8 cosa ben diversa dalla \u201cdittatura della maggioranza\u201d che subiamo da settant\u2019anni in questo paese. <\/span><\/span><\/p>\n<p><span style=\"font-family: 'Times New Roman', serif;\"><span style=\"font-size: medium;\">Ma per questo occorrerebbe un miracolo di Natale degno di Dickens. <\/span><\/span><\/p>\n<p><span style=\"font-family: 'Times New Roman', serif;\"><span style=\"font-size: medium;\"><b>Alessandro Chiometti<\/b><\/span><\/span><\/p>\n","protected":false},"excerpt":{"rendered":"<p>Come al solito con l\u2019approssimarsi del Natale, vengono al pettine i nodi irrisolti di un paese che non ha mai fatto i conti con la sua carenza di laicit\u00e0 nelle istituzioni e nella scuola pubblica. Provvedimenti estemporanei che suscitano clamore nei soliti mass media richiamano l\u2019attenzione su quello che in tanti paesi \u00e8 normalit\u00e0 e [&hellip;]<\/p>\n","protected":false},"author":7,"featured_media":0,"comment_status":"closed","ping_status":"closed","sticky":false,"template":"","format":"standard","meta":{"footnotes":""},"categories":[238,230],"tags":[79,1219,250,691],"class_list":["post-12737","post","type-post","status-publish","format-standard","hentry","category-articoli","category-attualita","tag-alessandro-chiometti","tag-democrazia","tag-laicita","tag-natale"],"yoast_head":"<!-- This site is optimized with the Yoast SEO plugin v27.1.1 - https:\/\/yoast.com\/product\/yoast-seo-wordpress\/ -->\n<title>La laicit\u00e0 e la Democrazia formale - Associazione Culturale Civilt\u00e0 Laica<\/title>\n<meta name=\"robots\" content=\"index, follow, max-snippet:-1, max-image-preview:large, max-video-preview:-1\" \/>\n<link rel=\"canonical\" href=\"https:\/\/www.civiltalaica.it\/cms\/la-laicita-e-la-democrazia-formale\/\" \/>\n<meta property=\"og:locale\" content=\"it_IT\" \/>\n<meta property=\"og:type\" content=\"article\" \/>\n<meta property=\"og:title\" content=\"La laicit\u00e0 e la Democrazia formale - Associazione Culturale Civilt\u00e0 Laica\" \/>\n<meta property=\"og:description\" content=\"Come al solito con l\u2019approssimarsi del Natale, vengono al pettine i nodi irrisolti di un paese che non ha mai fatto i conti con la sua carenza di laicit\u00e0 nelle istituzioni e nella scuola pubblica. Provvedimenti estemporanei che suscitano clamore nei soliti mass media richiamano l\u2019attenzione su quello che in tanti paesi \u00e8 normalit\u00e0 e [&hellip;]\" \/>\n<meta property=\"og:url\" content=\"https:\/\/www.civiltalaica.it\/cms\/la-laicita-e-la-democrazia-formale\/\" \/>\n<meta property=\"og:site_name\" content=\"Associazione Culturale Civilt\u00e0 Laica\" \/>\n<meta property=\"article:publisher\" content=\"https:\/\/www.facebook.com\/civiltalaica\" \/>\n<meta property=\"article:published_time\" content=\"2014-12-09T18:06:46+00:00\" \/>\n<meta property=\"article:modified_time\" content=\"2014-12-09T18:43:28+00:00\" \/>\n<meta property=\"og:image\" content=\"http:\/\/www.civiltalaica.it\/cms\/wp-content\/uploads\/2014\/12\/democrazia-italia_530X0_90-300x198.jpg\" \/>\n<meta name=\"author\" content=\"alexjc\" \/>\n<meta name=\"twitter:card\" content=\"summary_large_image\" \/>\n<meta name=\"twitter:label1\" content=\"Scritto da\" \/>\n\t<meta name=\"twitter:data1\" content=\"alexjc\" \/>\n\t<meta name=\"twitter:label2\" content=\"Tempo di lettura stimato\" \/>\n\t<meta name=\"twitter:data2\" content=\"2 minuti\" \/>\n<script type=\"application\/ld+json\" class=\"yoast-schema-graph\">{\"@context\":\"https:\/\/schema.org\",\"@graph\":[{\"@type\":\"Article\",\"@id\":\"https:\/\/www.civiltalaica.it\/cms\/la-laicita-e-la-democrazia-formale\/#article\",\"isPartOf\":{\"@id\":\"https:\/\/www.civiltalaica.it\/cms\/la-laicita-e-la-democrazia-formale\/\"},\"author\":{\"name\":\"alexjc\",\"@id\":\"https:\/\/www.civiltalaica.it\/cms\/#\/schema\/person\/4efef56f866329a1e0943eb27336df1d\"},\"headline\":\"La laicit\u00e0 e la Democrazia formale\",\"datePublished\":\"2014-12-09T18:06:46+00:00\",\"dateModified\":\"2014-12-09T18:43:28+00:00\",\"mainEntityOfPage\":{\"@id\":\"https:\/\/www.civiltalaica.it\/cms\/la-laicita-e-la-democrazia-formale\/\"},\"wordCount\":401,\"image\":{\"@id\":\"https:\/\/www.civiltalaica.it\/cms\/la-laicita-e-la-democrazia-formale\/#primaryimage\"},\"thumbnailUrl\":\"http:\/\/www.civiltalaica.it\/cms\/wp-content\/uploads\/2014\/12\/democrazia-italia_530X0_90-300x198.jpg\",\"keywords\":[\"alessandro chiometti\",\"democrazia\",\"laicit\u00e0\",\"natale\"],\"articleSection\":[\"articoli\",\"attualit\u00e0\"],\"inLanguage\":\"it-IT\"},{\"@type\":\"WebPage\",\"@id\":\"https:\/\/www.civiltalaica.it\/cms\/la-laicita-e-la-democrazia-formale\/\",\"url\":\"https:\/\/www.civiltalaica.it\/cms\/la-laicita-e-la-democrazia-formale\/\",\"name\":\"La laicit\u00e0 e la Democrazia formale - Associazione Culturale Civilt\u00e0 Laica\",\"isPartOf\":{\"@id\":\"https:\/\/www.civiltalaica.it\/cms\/#website\"},\"primaryImageOfPage\":{\"@id\":\"https:\/\/www.civiltalaica.it\/cms\/la-laicita-e-la-democrazia-formale\/#primaryimage\"},\"image\":{\"@id\":\"https:\/\/www.civiltalaica.it\/cms\/la-laicita-e-la-democrazia-formale\/#primaryimage\"},\"thumbnailUrl\":\"http:\/\/www.civiltalaica.it\/cms\/wp-content\/uploads\/2014\/12\/democrazia-italia_530X0_90-300x198.jpg\",\"datePublished\":\"2014-12-09T18:06:46+00:00\",\"dateModified\":\"2014-12-09T18:43:28+00:00\",\"author\":{\"@id\":\"https:\/\/www.civiltalaica.it\/cms\/#\/schema\/person\/4efef56f866329a1e0943eb27336df1d\"},\"breadcrumb\":{\"@id\":\"https:\/\/www.civiltalaica.it\/cms\/la-laicita-e-la-democrazia-formale\/#breadcrumb\"},\"inLanguage\":\"it-IT\",\"potentialAction\":[{\"@type\":\"ReadAction\",\"target\":[\"https:\/\/www.civiltalaica.it\/cms\/la-laicita-e-la-democrazia-formale\/\"]}]},{\"@type\":\"ImageObject\",\"inLanguage\":\"it-IT\",\"@id\":\"https:\/\/www.civiltalaica.it\/cms\/la-laicita-e-la-democrazia-formale\/#primaryimage\",\"url\":\"http:\/\/www.civiltalaica.it\/cms\/wp-content\/uploads\/2014\/12\/democrazia-italia_530X0_90-300x198.jpg\",\"contentUrl\":\"http:\/\/www.civiltalaica.it\/cms\/wp-content\/uploads\/2014\/12\/democrazia-italia_530X0_90-300x198.jpg\"},{\"@type\":\"BreadcrumbList\",\"@id\":\"https:\/\/www.civiltalaica.it\/cms\/la-laicita-e-la-democrazia-formale\/#breadcrumb\",\"itemListElement\":[{\"@type\":\"ListItem\",\"position\":1,\"name\":\"Home\",\"item\":\"https:\/\/www.civiltalaica.it\/cms\/\"},{\"@type\":\"ListItem\",\"position\":2,\"name\":\"La laicit\u00e0 e la Democrazia formale\"}]},{\"@type\":\"WebSite\",\"@id\":\"https:\/\/www.civiltalaica.it\/cms\/#website\",\"url\":\"https:\/\/www.civiltalaica.it\/cms\/\",\"name\":\"Associazione Culturale Civilt\u00e0 Laica\",\"description\":\"Per un movimento culturale volto a difendere la Laicit\u00e0 dello Stato.\",\"potentialAction\":[{\"@type\":\"SearchAction\",\"target\":{\"@type\":\"EntryPoint\",\"urlTemplate\":\"https:\/\/www.civiltalaica.it\/cms\/?s={search_term_string}\"},\"query-input\":{\"@type\":\"PropertyValueSpecification\",\"valueRequired\":true,\"valueName\":\"search_term_string\"}}],\"inLanguage\":\"it-IT\"},{\"@type\":\"Person\",\"@id\":\"https:\/\/www.civiltalaica.it\/cms\/#\/schema\/person\/4efef56f866329a1e0943eb27336df1d\",\"name\":\"alexjc\",\"url\":\"https:\/\/www.civiltalaica.it\/cms\/author\/alexjc\/\"}]}<\/script>\n<!-- \/ Yoast SEO plugin. -->","yoast_head_json":{"title":"La laicit\u00e0 e la Democrazia formale - Associazione Culturale Civilt\u00e0 Laica","robots":{"index":"index","follow":"follow","max-snippet":"max-snippet:-1","max-image-preview":"max-image-preview:large","max-video-preview":"max-video-preview:-1"},"canonical":"https:\/\/www.civiltalaica.it\/cms\/la-laicita-e-la-democrazia-formale\/","og_locale":"it_IT","og_type":"article","og_title":"La laicit\u00e0 e la Democrazia formale - Associazione Culturale Civilt\u00e0 Laica","og_description":"Come al solito con l\u2019approssimarsi del Natale, vengono al pettine i nodi irrisolti di un paese che non ha mai fatto i conti con la sua carenza di laicit\u00e0 nelle istituzioni e nella scuola pubblica. Provvedimenti estemporanei che suscitano clamore nei soliti mass media richiamano l\u2019attenzione su quello che in tanti paesi \u00e8 normalit\u00e0 e [&hellip;]","og_url":"https:\/\/www.civiltalaica.it\/cms\/la-laicita-e-la-democrazia-formale\/","og_site_name":"Associazione Culturale Civilt\u00e0 Laica","article_publisher":"https:\/\/www.facebook.com\/civiltalaica","article_published_time":"2014-12-09T18:06:46+00:00","article_modified_time":"2014-12-09T18:43:28+00:00","og_image":[{"url":"http:\/\/www.civiltalaica.it\/cms\/wp-content\/uploads\/2014\/12\/democrazia-italia_530X0_90-300x198.jpg","type":"","width":"","height":""}],"author":"alexjc","twitter_card":"summary_large_image","twitter_misc":{"Scritto da":"alexjc","Tempo di lettura stimato":"2 minuti"},"schema":{"@context":"https:\/\/schema.org","@graph":[{"@type":"Article","@id":"https:\/\/www.civiltalaica.it\/cms\/la-laicita-e-la-democrazia-formale\/#article","isPartOf":{"@id":"https:\/\/www.civiltalaica.it\/cms\/la-laicita-e-la-democrazia-formale\/"},"author":{"name":"alexjc","@id":"https:\/\/www.civiltalaica.it\/cms\/#\/schema\/person\/4efef56f866329a1e0943eb27336df1d"},"headline":"La laicit\u00e0 e la Democrazia formale","datePublished":"2014-12-09T18:06:46+00:00","dateModified":"2014-12-09T18:43:28+00:00","mainEntityOfPage":{"@id":"https:\/\/www.civiltalaica.it\/cms\/la-laicita-e-la-democrazia-formale\/"},"wordCount":401,"image":{"@id":"https:\/\/www.civiltalaica.it\/cms\/la-laicita-e-la-democrazia-formale\/#primaryimage"},"thumbnailUrl":"http:\/\/www.civiltalaica.it\/cms\/wp-content\/uploads\/2014\/12\/democrazia-italia_530X0_90-300x198.jpg","keywords":["alessandro chiometti","democrazia","laicit\u00e0","natale"],"articleSection":["articoli","attualit\u00e0"],"inLanguage":"it-IT"},{"@type":"WebPage","@id":"https:\/\/www.civiltalaica.it\/cms\/la-laicita-e-la-democrazia-formale\/","url":"https:\/\/www.civiltalaica.it\/cms\/la-laicita-e-la-democrazia-formale\/","name":"La laicit\u00e0 e la Democrazia formale - Associazione Culturale Civilt\u00e0 Laica","isPartOf":{"@id":"https:\/\/www.civiltalaica.it\/cms\/#website"},"primaryImageOfPage":{"@id":"https:\/\/www.civiltalaica.it\/cms\/la-laicita-e-la-democrazia-formale\/#primaryimage"},"image":{"@id":"https:\/\/www.civiltalaica.it\/cms\/la-laicita-e-la-democrazia-formale\/#primaryimage"},"thumbnailUrl":"http:\/\/www.civiltalaica.it\/cms\/wp-content\/uploads\/2014\/12\/democrazia-italia_530X0_90-300x198.jpg","datePublished":"2014-12-09T18:06:46+00:00","dateModified":"2014-12-09T18:43:28+00:00","author":{"@id":"https:\/\/www.civiltalaica.it\/cms\/#\/schema\/person\/4efef56f866329a1e0943eb27336df1d"},"breadcrumb":{"@id":"https:\/\/www.civiltalaica.it\/cms\/la-laicita-e-la-democrazia-formale\/#breadcrumb"},"inLanguage":"it-IT","potentialAction":[{"@type":"ReadAction","target":["https:\/\/www.civiltalaica.it\/cms\/la-laicita-e-la-democrazia-formale\/"]}]},{"@type":"ImageObject","inLanguage":"it-IT","@id":"https:\/\/www.civiltalaica.it\/cms\/la-laicita-e-la-democrazia-formale\/#primaryimage","url":"http:\/\/www.civiltalaica.it\/cms\/wp-content\/uploads\/2014\/12\/democrazia-italia_530X0_90-300x198.jpg","contentUrl":"http:\/\/www.civiltalaica.it\/cms\/wp-content\/uploads\/2014\/12\/democrazia-italia_530X0_90-300x198.jpg"},{"@type":"BreadcrumbList","@id":"https:\/\/www.civiltalaica.it\/cms\/la-laicita-e-la-democrazia-formale\/#breadcrumb","itemListElement":[{"@type":"ListItem","position":1,"name":"Home","item":"https:\/\/www.civiltalaica.it\/cms\/"},{"@type":"ListItem","position":2,"name":"La laicit\u00e0 e la Democrazia formale"}]},{"@type":"WebSite","@id":"https:\/\/www.civiltalaica.it\/cms\/#website","url":"https:\/\/www.civiltalaica.it\/cms\/","name":"Associazione Culturale Civilt\u00e0 Laica","description":"Per un movimento culturale volto a difendere la Laicit\u00e0 dello Stato.","potentialAction":[{"@type":"SearchAction","target":{"@type":"EntryPoint","urlTemplate":"https:\/\/www.civiltalaica.it\/cms\/?s={search_term_string}"},"query-input":{"@type":"PropertyValueSpecification","valueRequired":true,"valueName":"search_term_string"}}],"inLanguage":"it-IT"},{"@type":"Person","@id":"https:\/\/www.civiltalaica.it\/cms\/#\/schema\/person\/4efef56f866329a1e0943eb27336df1d","name":"alexjc","url":"https:\/\/www.civiltalaica.it\/cms\/author\/alexjc\/"}]}},"_links":{"self":[{"href":"https:\/\/www.civiltalaica.it\/cms\/wp-json\/wp\/v2\/posts\/12737","targetHints":{"allow":["GET"]}}],"collection":[{"href":"https:\/\/www.civiltalaica.it\/cms\/wp-json\/wp\/v2\/posts"}],"about":[{"href":"https:\/\/www.civiltalaica.it\/cms\/wp-json\/wp\/v2\/types\/post"}],"author":[{"embeddable":true,"href":"https:\/\/www.civiltalaica.it\/cms\/wp-json\/wp\/v2\/users\/7"}],"replies":[{"embeddable":true,"href":"https:\/\/www.civiltalaica.it\/cms\/wp-json\/wp\/v2\/comments?post=12737"}],"version-history":[{"count":0,"href":"https:\/\/www.civiltalaica.it\/cms\/wp-json\/wp\/v2\/posts\/12737\/revisions"}],"wp:attachment":[{"href":"https:\/\/www.civiltalaica.it\/cms\/wp-json\/wp\/v2\/media?parent=12737"}],"wp:term":[{"taxonomy":"category","embeddable":true,"href":"https:\/\/www.civiltalaica.it\/cms\/wp-json\/wp\/v2\/categories?post=12737"},{"taxonomy":"post_tag","embeddable":true,"href":"https:\/\/www.civiltalaica.it\/cms\/wp-json\/wp\/v2\/tags?post=12737"}],"curies":[{"name":"wp","href":"https:\/\/api.w.org\/{rel}","templated":true}]}}