{"id":12724,"date":"2014-11-27T18:33:54","date_gmt":"2014-11-27T18:33:54","guid":{"rendered":"http:\/\/www.civiltalaica.it\/cms\/?p=12724"},"modified":"2014-11-27T18:42:17","modified_gmt":"2014-11-27T18:42:17","slug":"levoluzione-veloce-delle-lucertole-della-florida","status":"publish","type":"post","link":"https:\/\/www.civiltalaica.it\/cms\/levoluzione-veloce-delle-lucertole-della-florida\/","title":{"rendered":"L&#8217;evoluzione veloce delle lucertole della Florida"},"content":{"rendered":"<div>\u00a0<\/div>\n<div>I fringuelli dell&#8217;arcipelago delle isole Galapagos sono una delle icone pi\u00f9 celebri dell&#8217;evoluzione, nonch\u00e9 un rappresentazione, tuttora emblematica, di cosa significhi \u201cdiscendenza con modificazioni\u201d a partire da un antenato comune, sebbene la fama dei \u201cfringuelli di Darwin\u201d sia probabilmente maggiore dell&#8217;importanza che molti, tuttora, attribuiscono loro nell&#8217;elaborazione della teoria darwiniana.<\/div>\n<p><!--more-->La distribuzione delle diverse specie di fringuelli sulle isole dell&#8217;arcipelago \u00e8 particolarmente interessante. Accade, infatti, che popolazioni di specie simili si trovino a convivere sulla stessa isola, mentre in altre isole dello stesso arcipelago \u00e8 presente una sola di queste stesse specie.\u00a0<\/p>\n<div><a href=\"http:\/\/www.civiltalaica.it\/cms\/wp-content\/uploads\/2014\/11\/lizard.jpg\"><img loading=\"lazy\" decoding=\"async\" class=\"alignleft size-medium wp-image-12725\" src=\"http:\/\/www.civiltalaica.it\/cms\/wp-content\/uploads\/2014\/11\/lizard-300x226.jpg\" alt=\"lizard\" width=\"300\" height=\"226\" srcset=\"https:\/\/www.civiltalaica.it\/cms\/wp-content\/uploads\/2014\/11\/lizard-300x226.jpg 300w, https:\/\/www.civiltalaica.it\/cms\/wp-content\/uploads\/2014\/11\/lizard.jpg 325w\" sizes=\"auto, (max-width: 300px) 100vw, 300px\" \/><\/a><\/div>\n<div>Tra gli esempi pi\u00f9 citati, quello di <i>Geospiza fortis<\/i> e <i>Geospiza fuliginosa<\/i>. Queste due specie, come anche gli altri fringuelli della Galapagos, si distinguono per le dimensioni del becco e, perci\u00f2, anche per la grandezza dei semi di cui sono capaci di nutrirsi. Tuttavia, sulle isole dove le due specie coesistono la differenza tra le dimensioni del loro becco \u00e8 maggiore di quella tra popolazioni delle due stesse specie che vivono su isole diverse. \u00c8 stato rilevato, infatti, che le dimensioni del becco di <i>G. fortis<\/i> sono maggiori sulle isole dove convive con <i>G. fuliginosa<\/i>, mentre quest&#8217;ultimo ha dimensioni del becco minori rispetto alle isole dove vive da solo. Questo fenomeno, noto come \u201cspostamento dei caratteri\u201d, \u00e8 l&#8217;effetto dell&#8217;azione che la selezione naturale compie a partire da piccole differenze presenti nelle popolazioni iniziali. Gli individui che lasciano pi\u00f9 discendenti, nelle due specie, sono quelli che, occupando nicchie separate (in questo caso semi di grandezza diversa), riescono a minimizzare la competizione.<\/div>\n<div>\u00a0<\/div>\n<div>Il fenomeno dello spostamento dei caratteri pu\u00f2 imprimere una grossa spinta all&#8217;adattamento, accelerando l&#8217;evoluzione e modificando le caratteristiche e il comportamento di una specie nell&#8217;arco di poche generazioni, come testimonia uno <b><a href=\"http:\/\/www.sciencemag.org\/content\/346\/6208\/463\">studio<\/a>\u00a0<\/b>pubblicato su <i>Science<\/i>. Oggetto di questa ricerca sono due specie di lucertole, <i>Anolis carolinensis<\/i>, nativa degli Stati Uniti sud-orientali, e <i>Anolis sagrei<\/i>, originaria di Cuba e delle Bahamas. <i>A. sagrei<\/i> \u00e8 una specie molto invasiva e dopo essersi introdotta in Florida \u00e8 riuscita a colonizzare parte dell&#8217;habitat di <i>A. carolinensis<\/i>.\u00a0<\/div>\n<div>\u00a0<\/div>\n<div><i>A. carolinensis<\/i>, in presenza di <i>A. sagrei<\/i>, tende ad arrampicarsi su rami pi\u00f9 alti degli alberi dove vive, rispetto a quanto fa in assenza della specie invasiva. Gli autori, partendo da questa osservazione, hanno elaborato un esperimento che consentisse di registrare nel tempo gli effetti di un possibile spostamento dei caratteri prodotto dalla coesistenza delle due specie.<\/div>\n<div>L&#8217;esperimento ha avuto inizio nel 1995, quando in alcune isole vicino alla costa orientale della Florida, dove risiede <i>A. carolinensis<\/i>, sono state introdotte piccole popolazioni di <i>A. sagrei<\/i>. Dopo pochi mesi si era gi\u00e0 registrato un significativo cambiamento, poi mantenuto, nelle abitudini delle lucertole native della Florida che, in presenza della specie invasiva, cresciuta nel frattempo molto rapidamente, hanno iniziato ad arrampicarsi ad altezze pi\u00f9 elevate sugli alberi, rispetto alle popolazioni di lucertole native su altre isole non invase.<\/div>\n<div>\u00a0<\/div>\n<div>Gli autori hanno ipotizzato che questo spostamento ad altezze pi\u00f9 elevate potesse accompagnarsi anche a uno spostamento dei caratteri. Ad arrampicarsi con pi\u00f9 efficacia e pi\u00f9 in alto sarebbero stati gli individui con dita dotate di cuscinetti pi\u00f9 larghi e di un maggior numero di lamelle, strutture adesive sulla superficie inferiore. La previsione si \u00e8 rivelata corretta perch\u00e9, dopo soli 15 anni, tra i membri delle popolazioni di \u00a0<i>A. carolinensis<\/i> sulle isole invase sono state riscontrate proprio queste caratteristiche.\u00a0<\/div>\n<div>\u00a0<\/div>\n<div>Per provare che quanto osservato fosse dovuto allo spostamento dei caratteri e non ad altri fenomeni, \u00a0sono state testate anche alcune ipotesi alternative. Ad esempio, la divergenza riscontrata tra le popolazioni di <i>A. carolinensis<\/i>, invece di emergere in modo indipendente su ogni isola, avrebbe potuto essere la conseguenza di una migrazione non casuale di individui della stessa specie gi\u00e0 dotati di quelle caratteristiche. Tuttavia l&#8217;analisi genetica ha escluso questa ipotesi, dimostrando che le popolazioni delle diverse isole, invase e non invase, sono geneticamente indipendenti tra di loro.<\/div>\n<div>\u00a0<\/div>\n<div>La presenza di specie invasive costituisce un problema in molti paesi e, come concludono gli autori, studi come questo dimostrano l&#8217;importanza del contributo della biologia evolutiva alla soluzione di importanti questioni ambientali.<\/div>\n<div>\u00a0<\/div>\n<div><b>Antonio Scalari &#8211;<a href=\"http:\/\/www.pikaia.eu\/EasyNe2\/Notizie\/L_evoluzione_veloce_delle_lucertole_della_Florida.aspx\">Pikaia<\/a><\/b><\/div>\n","protected":false},"excerpt":{"rendered":"<p>\u00a0 I fringuelli dell&#8217;arcipelago delle isole Galapagos sono una delle icone pi\u00f9 celebri dell&#8217;evoluzione, nonch\u00e9 un rappresentazione, tuttora emblematica, di cosa significhi \u201cdiscendenza con modificazioni\u201d a partire da un antenato comune, sebbene la fama dei \u201cfringuelli di Darwin\u201d sia probabilmente maggiore dell&#8217;importanza che molti, tuttora, attribuiscono loro nell&#8217;elaborazione della teoria darwiniana.<\/p>\n","protected":false},"author":7,"featured_media":0,"comment_status":"closed","ping_status":"closed","sticky":false,"template":"","format":"standard","meta":{"footnotes":""},"categories":[238,233],"tags":[1227,522,14],"class_list":["post-12724","post","type-post","status-publish","format-standard","hentry","category-articoli","category-filosofia-2","tag-evoluzione","tag-pikaia","tag-scienza"],"yoast_head":"<!-- This site is optimized with the Yoast SEO plugin v27.1.1 - https:\/\/yoast.com\/product\/yoast-seo-wordpress\/ -->\n<title>L&#039;evoluzione veloce delle lucertole della Florida - Associazione Culturale Civilt\u00e0 Laica<\/title>\n<meta name=\"robots\" content=\"index, follow, max-snippet:-1, max-image-preview:large, max-video-preview:-1\" \/>\n<link rel=\"canonical\" href=\"https:\/\/www.civiltalaica.it\/cms\/levoluzione-veloce-delle-lucertole-della-florida\/\" \/>\n<meta property=\"og:locale\" content=\"it_IT\" \/>\n<meta property=\"og:type\" content=\"article\" \/>\n<meta property=\"og:title\" content=\"L&#039;evoluzione veloce delle lucertole della Florida - Associazione Culturale Civilt\u00e0 Laica\" \/>\n<meta property=\"og:description\" content=\"\u00a0 I fringuelli dell&#8217;arcipelago delle isole Galapagos sono una delle icone pi\u00f9 celebri dell&#8217;evoluzione, nonch\u00e9 un rappresentazione, tuttora emblematica, di cosa significhi \u201cdiscendenza con modificazioni\u201d a partire da un antenato comune, sebbene la fama dei \u201cfringuelli di Darwin\u201d sia probabilmente maggiore dell&#8217;importanza che molti, tuttora, attribuiscono loro nell&#8217;elaborazione della teoria darwiniana.\" \/>\n<meta property=\"og:url\" content=\"https:\/\/www.civiltalaica.it\/cms\/levoluzione-veloce-delle-lucertole-della-florida\/\" \/>\n<meta property=\"og:site_name\" content=\"Associazione Culturale Civilt\u00e0 Laica\" \/>\n<meta property=\"article:publisher\" content=\"https:\/\/www.facebook.com\/civiltalaica\" \/>\n<meta property=\"article:published_time\" content=\"2014-11-27T18:33:54+00:00\" \/>\n<meta property=\"article:modified_time\" content=\"2014-11-27T18:42:17+00:00\" \/>\n<meta property=\"og:image\" content=\"http:\/\/www.civiltalaica.it\/cms\/wp-content\/uploads\/2014\/11\/lizard-300x226.jpg\" \/>\n<meta name=\"author\" content=\"alexjc\" \/>\n<meta name=\"twitter:card\" content=\"summary_large_image\" \/>\n<meta name=\"twitter:label1\" content=\"Scritto da\" \/>\n\t<meta name=\"twitter:data1\" content=\"alexjc\" \/>\n\t<meta name=\"twitter:label2\" content=\"Tempo di lettura stimato\" \/>\n\t<meta name=\"twitter:data2\" content=\"3 minuti\" \/>\n<script type=\"application\/ld+json\" class=\"yoast-schema-graph\">{\"@context\":\"https:\/\/schema.org\",\"@graph\":[{\"@type\":\"Article\",\"@id\":\"https:\/\/www.civiltalaica.it\/cms\/levoluzione-veloce-delle-lucertole-della-florida\/#article\",\"isPartOf\":{\"@id\":\"https:\/\/www.civiltalaica.it\/cms\/levoluzione-veloce-delle-lucertole-della-florida\/\"},\"author\":{\"name\":\"alexjc\",\"@id\":\"https:\/\/www.civiltalaica.it\/cms\/#\/schema\/person\/4efef56f866329a1e0943eb27336df1d\"},\"headline\":\"L&#8217;evoluzione veloce delle lucertole della Florida\",\"datePublished\":\"2014-11-27T18:33:54+00:00\",\"dateModified\":\"2014-11-27T18:42:17+00:00\",\"mainEntityOfPage\":{\"@id\":\"https:\/\/www.civiltalaica.it\/cms\/levoluzione-veloce-delle-lucertole-della-florida\/\"},\"wordCount\":667,\"image\":{\"@id\":\"https:\/\/www.civiltalaica.it\/cms\/levoluzione-veloce-delle-lucertole-della-florida\/#primaryimage\"},\"thumbnailUrl\":\"http:\/\/www.civiltalaica.it\/cms\/wp-content\/uploads\/2014\/11\/lizard-300x226.jpg\",\"keywords\":[\"evoluzione\",\"pikaia\",\"Scienza\"],\"articleSection\":[\"articoli\",\"filosofia e scienza\"],\"inLanguage\":\"it-IT\"},{\"@type\":\"WebPage\",\"@id\":\"https:\/\/www.civiltalaica.it\/cms\/levoluzione-veloce-delle-lucertole-della-florida\/\",\"url\":\"https:\/\/www.civiltalaica.it\/cms\/levoluzione-veloce-delle-lucertole-della-florida\/\",\"name\":\"L'evoluzione veloce delle lucertole della Florida - Associazione Culturale Civilt\u00e0 Laica\",\"isPartOf\":{\"@id\":\"https:\/\/www.civiltalaica.it\/cms\/#website\"},\"primaryImageOfPage\":{\"@id\":\"https:\/\/www.civiltalaica.it\/cms\/levoluzione-veloce-delle-lucertole-della-florida\/#primaryimage\"},\"image\":{\"@id\":\"https:\/\/www.civiltalaica.it\/cms\/levoluzione-veloce-delle-lucertole-della-florida\/#primaryimage\"},\"thumbnailUrl\":\"http:\/\/www.civiltalaica.it\/cms\/wp-content\/uploads\/2014\/11\/lizard-300x226.jpg\",\"datePublished\":\"2014-11-27T18:33:54+00:00\",\"dateModified\":\"2014-11-27T18:42:17+00:00\",\"author\":{\"@id\":\"https:\/\/www.civiltalaica.it\/cms\/#\/schema\/person\/4efef56f866329a1e0943eb27336df1d\"},\"breadcrumb\":{\"@id\":\"https:\/\/www.civiltalaica.it\/cms\/levoluzione-veloce-delle-lucertole-della-florida\/#breadcrumb\"},\"inLanguage\":\"it-IT\",\"potentialAction\":[{\"@type\":\"ReadAction\",\"target\":[\"https:\/\/www.civiltalaica.it\/cms\/levoluzione-veloce-delle-lucertole-della-florida\/\"]}]},{\"@type\":\"ImageObject\",\"inLanguage\":\"it-IT\",\"@id\":\"https:\/\/www.civiltalaica.it\/cms\/levoluzione-veloce-delle-lucertole-della-florida\/#primaryimage\",\"url\":\"http:\/\/www.civiltalaica.it\/cms\/wp-content\/uploads\/2014\/11\/lizard-300x226.jpg\",\"contentUrl\":\"http:\/\/www.civiltalaica.it\/cms\/wp-content\/uploads\/2014\/11\/lizard-300x226.jpg\"},{\"@type\":\"BreadcrumbList\",\"@id\":\"https:\/\/www.civiltalaica.it\/cms\/levoluzione-veloce-delle-lucertole-della-florida\/#breadcrumb\",\"itemListElement\":[{\"@type\":\"ListItem\",\"position\":1,\"name\":\"Home\",\"item\":\"https:\/\/www.civiltalaica.it\/cms\/\"},{\"@type\":\"ListItem\",\"position\":2,\"name\":\"L&#8217;evoluzione veloce delle lucertole della Florida\"}]},{\"@type\":\"WebSite\",\"@id\":\"https:\/\/www.civiltalaica.it\/cms\/#website\",\"url\":\"https:\/\/www.civiltalaica.it\/cms\/\",\"name\":\"Associazione Culturale Civilt\u00e0 Laica\",\"description\":\"Per un movimento culturale volto a difendere la Laicit\u00e0 dello Stato.\",\"potentialAction\":[{\"@type\":\"SearchAction\",\"target\":{\"@type\":\"EntryPoint\",\"urlTemplate\":\"https:\/\/www.civiltalaica.it\/cms\/?s={search_term_string}\"},\"query-input\":{\"@type\":\"PropertyValueSpecification\",\"valueRequired\":true,\"valueName\":\"search_term_string\"}}],\"inLanguage\":\"it-IT\"},{\"@type\":\"Person\",\"@id\":\"https:\/\/www.civiltalaica.it\/cms\/#\/schema\/person\/4efef56f866329a1e0943eb27336df1d\",\"name\":\"alexjc\",\"url\":\"https:\/\/www.civiltalaica.it\/cms\/author\/alexjc\/\"}]}<\/script>\n<!-- \/ Yoast SEO plugin. -->","yoast_head_json":{"title":"L'evoluzione veloce delle lucertole della Florida - Associazione Culturale Civilt\u00e0 Laica","robots":{"index":"index","follow":"follow","max-snippet":"max-snippet:-1","max-image-preview":"max-image-preview:large","max-video-preview":"max-video-preview:-1"},"canonical":"https:\/\/www.civiltalaica.it\/cms\/levoluzione-veloce-delle-lucertole-della-florida\/","og_locale":"it_IT","og_type":"article","og_title":"L'evoluzione veloce delle lucertole della Florida - Associazione Culturale Civilt\u00e0 Laica","og_description":"\u00a0 I fringuelli dell&#8217;arcipelago delle isole Galapagos sono una delle icone pi\u00f9 celebri dell&#8217;evoluzione, nonch\u00e9 un rappresentazione, tuttora emblematica, di cosa significhi \u201cdiscendenza con modificazioni\u201d a partire da un antenato comune, sebbene la fama dei \u201cfringuelli di Darwin\u201d sia probabilmente maggiore dell&#8217;importanza che molti, tuttora, attribuiscono loro nell&#8217;elaborazione della teoria darwiniana.","og_url":"https:\/\/www.civiltalaica.it\/cms\/levoluzione-veloce-delle-lucertole-della-florida\/","og_site_name":"Associazione Culturale Civilt\u00e0 Laica","article_publisher":"https:\/\/www.facebook.com\/civiltalaica","article_published_time":"2014-11-27T18:33:54+00:00","article_modified_time":"2014-11-27T18:42:17+00:00","og_image":[{"url":"http:\/\/www.civiltalaica.it\/cms\/wp-content\/uploads\/2014\/11\/lizard-300x226.jpg","type":"","width":"","height":""}],"author":"alexjc","twitter_card":"summary_large_image","twitter_misc":{"Scritto da":"alexjc","Tempo di lettura stimato":"3 minuti"},"schema":{"@context":"https:\/\/schema.org","@graph":[{"@type":"Article","@id":"https:\/\/www.civiltalaica.it\/cms\/levoluzione-veloce-delle-lucertole-della-florida\/#article","isPartOf":{"@id":"https:\/\/www.civiltalaica.it\/cms\/levoluzione-veloce-delle-lucertole-della-florida\/"},"author":{"name":"alexjc","@id":"https:\/\/www.civiltalaica.it\/cms\/#\/schema\/person\/4efef56f866329a1e0943eb27336df1d"},"headline":"L&#8217;evoluzione veloce delle lucertole della Florida","datePublished":"2014-11-27T18:33:54+00:00","dateModified":"2014-11-27T18:42:17+00:00","mainEntityOfPage":{"@id":"https:\/\/www.civiltalaica.it\/cms\/levoluzione-veloce-delle-lucertole-della-florida\/"},"wordCount":667,"image":{"@id":"https:\/\/www.civiltalaica.it\/cms\/levoluzione-veloce-delle-lucertole-della-florida\/#primaryimage"},"thumbnailUrl":"http:\/\/www.civiltalaica.it\/cms\/wp-content\/uploads\/2014\/11\/lizard-300x226.jpg","keywords":["evoluzione","pikaia","Scienza"],"articleSection":["articoli","filosofia e scienza"],"inLanguage":"it-IT"},{"@type":"WebPage","@id":"https:\/\/www.civiltalaica.it\/cms\/levoluzione-veloce-delle-lucertole-della-florida\/","url":"https:\/\/www.civiltalaica.it\/cms\/levoluzione-veloce-delle-lucertole-della-florida\/","name":"L'evoluzione veloce delle lucertole della Florida - Associazione Culturale Civilt\u00e0 Laica","isPartOf":{"@id":"https:\/\/www.civiltalaica.it\/cms\/#website"},"primaryImageOfPage":{"@id":"https:\/\/www.civiltalaica.it\/cms\/levoluzione-veloce-delle-lucertole-della-florida\/#primaryimage"},"image":{"@id":"https:\/\/www.civiltalaica.it\/cms\/levoluzione-veloce-delle-lucertole-della-florida\/#primaryimage"},"thumbnailUrl":"http:\/\/www.civiltalaica.it\/cms\/wp-content\/uploads\/2014\/11\/lizard-300x226.jpg","datePublished":"2014-11-27T18:33:54+00:00","dateModified":"2014-11-27T18:42:17+00:00","author":{"@id":"https:\/\/www.civiltalaica.it\/cms\/#\/schema\/person\/4efef56f866329a1e0943eb27336df1d"},"breadcrumb":{"@id":"https:\/\/www.civiltalaica.it\/cms\/levoluzione-veloce-delle-lucertole-della-florida\/#breadcrumb"},"inLanguage":"it-IT","potentialAction":[{"@type":"ReadAction","target":["https:\/\/www.civiltalaica.it\/cms\/levoluzione-veloce-delle-lucertole-della-florida\/"]}]},{"@type":"ImageObject","inLanguage":"it-IT","@id":"https:\/\/www.civiltalaica.it\/cms\/levoluzione-veloce-delle-lucertole-della-florida\/#primaryimage","url":"http:\/\/www.civiltalaica.it\/cms\/wp-content\/uploads\/2014\/11\/lizard-300x226.jpg","contentUrl":"http:\/\/www.civiltalaica.it\/cms\/wp-content\/uploads\/2014\/11\/lizard-300x226.jpg"},{"@type":"BreadcrumbList","@id":"https:\/\/www.civiltalaica.it\/cms\/levoluzione-veloce-delle-lucertole-della-florida\/#breadcrumb","itemListElement":[{"@type":"ListItem","position":1,"name":"Home","item":"https:\/\/www.civiltalaica.it\/cms\/"},{"@type":"ListItem","position":2,"name":"L&#8217;evoluzione veloce delle lucertole della Florida"}]},{"@type":"WebSite","@id":"https:\/\/www.civiltalaica.it\/cms\/#website","url":"https:\/\/www.civiltalaica.it\/cms\/","name":"Associazione Culturale Civilt\u00e0 Laica","description":"Per un movimento culturale volto a difendere la Laicit\u00e0 dello Stato.","potentialAction":[{"@type":"SearchAction","target":{"@type":"EntryPoint","urlTemplate":"https:\/\/www.civiltalaica.it\/cms\/?s={search_term_string}"},"query-input":{"@type":"PropertyValueSpecification","valueRequired":true,"valueName":"search_term_string"}}],"inLanguage":"it-IT"},{"@type":"Person","@id":"https:\/\/www.civiltalaica.it\/cms\/#\/schema\/person\/4efef56f866329a1e0943eb27336df1d","name":"alexjc","url":"https:\/\/www.civiltalaica.it\/cms\/author\/alexjc\/"}]}},"_links":{"self":[{"href":"https:\/\/www.civiltalaica.it\/cms\/wp-json\/wp\/v2\/posts\/12724","targetHints":{"allow":["GET"]}}],"collection":[{"href":"https:\/\/www.civiltalaica.it\/cms\/wp-json\/wp\/v2\/posts"}],"about":[{"href":"https:\/\/www.civiltalaica.it\/cms\/wp-json\/wp\/v2\/types\/post"}],"author":[{"embeddable":true,"href":"https:\/\/www.civiltalaica.it\/cms\/wp-json\/wp\/v2\/users\/7"}],"replies":[{"embeddable":true,"href":"https:\/\/www.civiltalaica.it\/cms\/wp-json\/wp\/v2\/comments?post=12724"}],"version-history":[{"count":0,"href":"https:\/\/www.civiltalaica.it\/cms\/wp-json\/wp\/v2\/posts\/12724\/revisions"}],"wp:attachment":[{"href":"https:\/\/www.civiltalaica.it\/cms\/wp-json\/wp\/v2\/media?parent=12724"}],"wp:term":[{"taxonomy":"category","embeddable":true,"href":"https:\/\/www.civiltalaica.it\/cms\/wp-json\/wp\/v2\/categories?post=12724"},{"taxonomy":"post_tag","embeddable":true,"href":"https:\/\/www.civiltalaica.it\/cms\/wp-json\/wp\/v2\/tags?post=12724"}],"curies":[{"name":"wp","href":"https:\/\/api.w.org\/{rel}","templated":true}]}}