{"id":12678,"date":"2014-10-29T17:56:39","date_gmt":"2014-10-29T17:56:39","guid":{"rendered":"http:\/\/www.civiltalaica.it\/cms\/?p=12678"},"modified":"2014-10-29T18:35:15","modified_gmt":"2014-10-29T18:35:15","slug":"e-cosi-difficile-parlare-di-scienza","status":"publish","type":"post","link":"https:\/\/www.civiltalaica.it\/cms\/e-cosi-difficile-parlare-di-scienza\/","title":{"rendered":"\u00c8 cos\u00ec difficile parlare di scienza?"},"content":{"rendered":"<p><span style=\"font-family: 'Times New Roman', serif;\"><span style=\"font-size: medium;\">Ci risiamo, sono passati pochi giorni da quando lamentavamo dei pessimi articoli scientifici che appaiono sul sito repubblica.it (in quel caso si parlava di esperienze pre-morte) ed ecco che un sito ad esso strettamente correlato, l\u2019Huffington post, titola a piena pagina \u201c<strong>Il Papa riappacifica Dio e Darwin<\/strong>\u201d. <\/span><\/span><!--more--><\/p>\n<p><span style=\"font-family: 'Times New Roman', serif;\"><span style=\"font-size: medium;\"><a href=\"http:\/\/www.civiltalaica.it\/cms\/wp-content\/uploads\/2013\/05\/hsapiens.jpg\"><img loading=\"lazy\" decoding=\"async\" class=\"alignleft size-full wp-image-11448\" src=\"http:\/\/www.civiltalaica.it\/cms\/wp-content\/uploads\/2013\/05\/hsapiens.jpg\" alt=\"hsapiens\" width=\"275\" height=\"183\" \/><\/a>Queste parole nel titolo non le trovate pi\u00f9, immaginiamo siano state rimosse dopo che <strong>Odifreddi<\/strong> ha pubblicato il suo pezzo nel suo blog (anch\u2019esso correlato a repubblica.it) definendo \u201cignaro e ignorante giornale\u201d chi titolava in quel modo. Ma come si pu\u00f2 vedere da una breve ricerca su google il titolo appare ancora nelle pieghe dell\u2019Huffington. <\/span><\/span><\/p>\n<p><span style=\"font-family: 'Times New Roman', serif;\"><span style=\"font-size: medium;\">Il problema per\u00f2 persiste e occorre dire al caro Odifreddi che l\u2019ignaro e ignorante giornale \u00e8 lo stesso per il quale scrive lui, con il quale ha avuto gi\u00e0 molte discussioni in passato. Ma immaginiamo che lo sappia, e allora se anche l\u2019esimio professore \u00e8 \u201ccostretto\u201d a stare nella casa de \u201cla Repubblica\u201d, viene da chiedersi: possibile che non ci siano speranze di avere un giornale popolare (e non populista) che parli in termini corretti di scienza?<\/span><\/span><\/p>\n<p><span style=\"font-family: 'Times New Roman', serif;\"><span style=\"font-size: medium;\">Esaminando l\u2019articolo in questione, e rilevando ancora una volta che continua a persistere la <strong>pessima abitudine<\/strong> di non indicare l\u2019autore, vediamo che l\u2019evoluzione biologica (e quindi il richiamo a Darwin del titolo originale) c\u2019entrano poco con le parole del Papa che in realt\u00e0 parla del <strong>big bang<\/strong> come opera del creatore (in maiuscolo nell\u2019articolo, in minuscolo utilizzando un poco di razionalit\u00e0) e di come poi l\u2019evoluzione della vita abbia seguito le leggi imposte da esso stesso.<\/span><\/span><\/p>\n<p><span style=\"font-family: 'Times New Roman', serif;\"><span style=\"font-size: medium;\">Quindi niente di nuovo ne\u2019 di originale, sappiamo che il quotidiano dell\u2019ateo neo-devoto Scalfari pompa qualunque affermazione di Papa Francesco I che neanche la <strong>Pravda<\/strong> quando parlava Stalin ma a volerla dire tutta \u00e8 solo una riproposizione di quanto gi\u00e0 espresso dal conservatore Giovanni Paolo II: studiate pure l\u2019evoluzione di Darwin ma ricordate sempre che anche se le cose fossero andate in quella maniera \u00e8 perch\u00e9 l\u2019ha voluto Dio.<\/span><\/span><\/p>\n<p><span style=\"font-family: 'Times New Roman', serif;\"><span style=\"font-size: medium;\">In realt\u00e0 \u00e8 proprio qui il nocciolo della questione e della diatriba odierna su Darwin e l\u2019evoluzione Biologica: la Chiesa Cattolica e molti credenti non accettano ci\u00f2 che per ogni biologo evoluzionista \u00e8 evidente e cio\u00e8 che <strong>non c\u2019\u00e8 nessun finalismo e nessuna \u201cdirezione verticistica\u201d nell\u2019evoluzione biologica.<\/strong><\/span><\/span><\/p>\n<p><span style=\"font-family: 'Times New Roman', serif;\"><span style=\"font-size: medium;\">Siamo quel che siamo solo per una serie di contingenze che, se fossero state leggermente diverse, avrebbero potuto portare specie completamente diverse ad essere quelle dominanti del pianeta.<\/span><\/span><\/p>\n<p><span style=\"font-family: 'Times New Roman', serif;\"><span style=\"font-size: medium;\">Le dimostrazioni sono tante: i colli di bottiglia che hanno quasi estinto la vita sul pianeta, gli altri abitanti del pianeta appartenenti anch\u2019essi al genere Homo che fino a ventimila anni fa lo hanno condiviso, il fatto che ci siamo ibridati con loro solo per fare degli esempi.<\/span><\/span><\/p>\n<p><span style=\"font-family: 'Times New Roman', serif;\"><span style=\"font-size: medium;\">Invece Papa Francesco I \u00e8 rimasto all\u2019<strong>interpretazione teleologica<\/strong> dell\u2019evoluzione, quella legata a quella famosa immagine che ha fatto pi\u00f9 danni della grandine, ovvero \u201cil cammino dell\u2019uomo\u201d che suggerisce una direzione e finanche un fine dell\u2019evoluzione.<\/span><\/span><\/p>\n<p><span style=\"font-family: 'Times New Roman', serif;\"><span style=\"font-size: medium;\">Del resto, come qualcuno ci ha fatto notare anche la parola stessa \u201cevoluzione\u201d suggerisce quello che in realt\u00e0 non \u00e8. Un miglioramento, una direzione verso un progresso che invece \u00e8 solo un frutto di contingenze e che \u00e8 assolutamente reversibile. Come uscirne fuori? Provando a ripetere con forza quello che \u00e8 evidente dallo studio scientifico: non sopravvive il pi\u00f9 bravo, non sopravvive il pi\u00f9 forte, non sopravvive il pi\u00f9 buono e neanche il pi\u00f9 cattivo. Sopravvive colui che ha la <i>fitness<\/i> migliore. E\u2019 un concetto difficile? Forse, ma non pensate di poter sostituire lo studio della biologia con i video di you tube.<\/span><\/span><\/p>\n<p><strong>Alessandro Chiometti<\/strong><\/p>\n","protected":false},"excerpt":{"rendered":"<p>Ci risiamo, sono passati pochi giorni da quando lamentavamo dei pessimi articoli scientifici che appaiono sul sito repubblica.it (in quel caso si parlava di esperienze pre-morte) ed ecco che un sito ad esso strettamente correlato, l\u2019Huffington post, titola a piena pagina \u201cIl Papa riappacifica Dio e Darwin\u201d.<\/p>\n","protected":false},"author":7,"featured_media":0,"comment_status":"closed","ping_status":"closed","sticky":false,"template":"","format":"standard","meta":{"footnotes":""},"categories":[238,233],"tags":[79,409,507,390,107,205,14],"class_list":["post-12678","post","type-post","status-publish","format-standard","hentry","category-articoli","category-filosofia-2","tag-alessandro-chiometti","tag-darwin","tag-evoluzione-biologica","tag-la-repubblica","tag-papa","tag-piergiorgio-odifreddi","tag-scienza"],"yoast_head":"<!-- This site is optimized with the Yoast SEO plugin v27.1.1 - https:\/\/yoast.com\/product\/yoast-seo-wordpress\/ -->\n<title>\u00c8 cos\u00ec difficile parlare di scienza? - Associazione Culturale Civilt\u00e0 Laica<\/title>\n<meta name=\"robots\" content=\"index, follow, max-snippet:-1, max-image-preview:large, max-video-preview:-1\" \/>\n<link rel=\"canonical\" href=\"https:\/\/www.civiltalaica.it\/cms\/e-cosi-difficile-parlare-di-scienza\/\" \/>\n<meta property=\"og:locale\" content=\"it_IT\" \/>\n<meta property=\"og:type\" content=\"article\" \/>\n<meta property=\"og:title\" content=\"\u00c8 cos\u00ec difficile parlare di scienza? - Associazione Culturale Civilt\u00e0 Laica\" \/>\n<meta property=\"og:description\" content=\"Ci risiamo, sono passati pochi giorni da quando lamentavamo dei pessimi articoli scientifici che appaiono sul sito repubblica.it (in quel caso si parlava di esperienze pre-morte) ed ecco che un sito ad esso strettamente correlato, l\u2019Huffington post, titola a piena pagina \u201cIl Papa riappacifica Dio e Darwin\u201d.\" \/>\n<meta property=\"og:url\" content=\"https:\/\/www.civiltalaica.it\/cms\/e-cosi-difficile-parlare-di-scienza\/\" \/>\n<meta property=\"og:site_name\" content=\"Associazione Culturale Civilt\u00e0 Laica\" \/>\n<meta property=\"article:publisher\" content=\"https:\/\/www.facebook.com\/civiltalaica\" \/>\n<meta property=\"article:published_time\" content=\"2014-10-29T17:56:39+00:00\" \/>\n<meta property=\"article:modified_time\" content=\"2014-10-29T18:35:15+00:00\" \/>\n<meta property=\"og:image\" content=\"http:\/\/www.civiltalaica.it\/cms\/wp-content\/uploads\/2013\/05\/hsapiens.jpg\" \/>\n<meta name=\"author\" content=\"alexjc\" \/>\n<meta name=\"twitter:card\" content=\"summary_large_image\" \/>\n<meta name=\"twitter:label1\" content=\"Scritto da\" \/>\n\t<meta name=\"twitter:data1\" content=\"alexjc\" \/>\n\t<meta name=\"twitter:label2\" content=\"Tempo di lettura stimato\" \/>\n\t<meta name=\"twitter:data2\" content=\"3 minuti\" \/>\n<script type=\"application\/ld+json\" class=\"yoast-schema-graph\">{\"@context\":\"https:\/\/schema.org\",\"@graph\":[{\"@type\":\"Article\",\"@id\":\"https:\/\/www.civiltalaica.it\/cms\/e-cosi-difficile-parlare-di-scienza\/#article\",\"isPartOf\":{\"@id\":\"https:\/\/www.civiltalaica.it\/cms\/e-cosi-difficile-parlare-di-scienza\/\"},\"author\":{\"name\":\"alexjc\",\"@id\":\"https:\/\/www.civiltalaica.it\/cms\/#\/schema\/person\/4efef56f866329a1e0943eb27336df1d\"},\"headline\":\"\u00c8 cos\u00ec difficile parlare di scienza?\",\"datePublished\":\"2014-10-29T17:56:39+00:00\",\"dateModified\":\"2014-10-29T18:35:15+00:00\",\"mainEntityOfPage\":{\"@id\":\"https:\/\/www.civiltalaica.it\/cms\/e-cosi-difficile-parlare-di-scienza\/\"},\"wordCount\":604,\"image\":{\"@id\":\"https:\/\/www.civiltalaica.it\/cms\/e-cosi-difficile-parlare-di-scienza\/#primaryimage\"},\"thumbnailUrl\":\"http:\/\/www.civiltalaica.it\/cms\/wp-content\/uploads\/2013\/05\/hsapiens.jpg\",\"keywords\":[\"alessandro chiometti\",\"darwin\",\"evoluzione biologica\",\"la repubblica\",\"papa\",\"piergiorgio odifreddi\",\"Scienza\"],\"articleSection\":[\"articoli\",\"filosofia e scienza\"],\"inLanguage\":\"it-IT\"},{\"@type\":\"WebPage\",\"@id\":\"https:\/\/www.civiltalaica.it\/cms\/e-cosi-difficile-parlare-di-scienza\/\",\"url\":\"https:\/\/www.civiltalaica.it\/cms\/e-cosi-difficile-parlare-di-scienza\/\",\"name\":\"\u00c8 cos\u00ec difficile parlare di scienza? - Associazione Culturale Civilt\u00e0 Laica\",\"isPartOf\":{\"@id\":\"https:\/\/www.civiltalaica.it\/cms\/#website\"},\"primaryImageOfPage\":{\"@id\":\"https:\/\/www.civiltalaica.it\/cms\/e-cosi-difficile-parlare-di-scienza\/#primaryimage\"},\"image\":{\"@id\":\"https:\/\/www.civiltalaica.it\/cms\/e-cosi-difficile-parlare-di-scienza\/#primaryimage\"},\"thumbnailUrl\":\"http:\/\/www.civiltalaica.it\/cms\/wp-content\/uploads\/2013\/05\/hsapiens.jpg\",\"datePublished\":\"2014-10-29T17:56:39+00:00\",\"dateModified\":\"2014-10-29T18:35:15+00:00\",\"author\":{\"@id\":\"https:\/\/www.civiltalaica.it\/cms\/#\/schema\/person\/4efef56f866329a1e0943eb27336df1d\"},\"breadcrumb\":{\"@id\":\"https:\/\/www.civiltalaica.it\/cms\/e-cosi-difficile-parlare-di-scienza\/#breadcrumb\"},\"inLanguage\":\"it-IT\",\"potentialAction\":[{\"@type\":\"ReadAction\",\"target\":[\"https:\/\/www.civiltalaica.it\/cms\/e-cosi-difficile-parlare-di-scienza\/\"]}]},{\"@type\":\"ImageObject\",\"inLanguage\":\"it-IT\",\"@id\":\"https:\/\/www.civiltalaica.it\/cms\/e-cosi-difficile-parlare-di-scienza\/#primaryimage\",\"url\":\"http:\/\/www.civiltalaica.it\/cms\/wp-content\/uploads\/2013\/05\/hsapiens.jpg\",\"contentUrl\":\"http:\/\/www.civiltalaica.it\/cms\/wp-content\/uploads\/2013\/05\/hsapiens.jpg\"},{\"@type\":\"BreadcrumbList\",\"@id\":\"https:\/\/www.civiltalaica.it\/cms\/e-cosi-difficile-parlare-di-scienza\/#breadcrumb\",\"itemListElement\":[{\"@type\":\"ListItem\",\"position\":1,\"name\":\"Home\",\"item\":\"https:\/\/www.civiltalaica.it\/cms\/\"},{\"@type\":\"ListItem\",\"position\":2,\"name\":\"\u00c8 cos\u00ec difficile parlare di scienza?\"}]},{\"@type\":\"WebSite\",\"@id\":\"https:\/\/www.civiltalaica.it\/cms\/#website\",\"url\":\"https:\/\/www.civiltalaica.it\/cms\/\",\"name\":\"Associazione Culturale Civilt\u00e0 Laica\",\"description\":\"Per un movimento culturale volto a difendere la Laicit\u00e0 dello Stato.\",\"potentialAction\":[{\"@type\":\"SearchAction\",\"target\":{\"@type\":\"EntryPoint\",\"urlTemplate\":\"https:\/\/www.civiltalaica.it\/cms\/?s={search_term_string}\"},\"query-input\":{\"@type\":\"PropertyValueSpecification\",\"valueRequired\":true,\"valueName\":\"search_term_string\"}}],\"inLanguage\":\"it-IT\"},{\"@type\":\"Person\",\"@id\":\"https:\/\/www.civiltalaica.it\/cms\/#\/schema\/person\/4efef56f866329a1e0943eb27336df1d\",\"name\":\"alexjc\",\"url\":\"https:\/\/www.civiltalaica.it\/cms\/author\/alexjc\/\"}]}<\/script>\n<!-- \/ Yoast SEO plugin. -->","yoast_head_json":{"title":"\u00c8 cos\u00ec difficile parlare di scienza? - Associazione Culturale Civilt\u00e0 Laica","robots":{"index":"index","follow":"follow","max-snippet":"max-snippet:-1","max-image-preview":"max-image-preview:large","max-video-preview":"max-video-preview:-1"},"canonical":"https:\/\/www.civiltalaica.it\/cms\/e-cosi-difficile-parlare-di-scienza\/","og_locale":"it_IT","og_type":"article","og_title":"\u00c8 cos\u00ec difficile parlare di scienza? - Associazione Culturale Civilt\u00e0 Laica","og_description":"Ci risiamo, sono passati pochi giorni da quando lamentavamo dei pessimi articoli scientifici che appaiono sul sito repubblica.it (in quel caso si parlava di esperienze pre-morte) ed ecco che un sito ad esso strettamente correlato, l\u2019Huffington post, titola a piena pagina \u201cIl Papa riappacifica Dio e Darwin\u201d.","og_url":"https:\/\/www.civiltalaica.it\/cms\/e-cosi-difficile-parlare-di-scienza\/","og_site_name":"Associazione Culturale Civilt\u00e0 Laica","article_publisher":"https:\/\/www.facebook.com\/civiltalaica","article_published_time":"2014-10-29T17:56:39+00:00","article_modified_time":"2014-10-29T18:35:15+00:00","og_image":[{"url":"http:\/\/www.civiltalaica.it\/cms\/wp-content\/uploads\/2013\/05\/hsapiens.jpg","type":"","width":"","height":""}],"author":"alexjc","twitter_card":"summary_large_image","twitter_misc":{"Scritto da":"alexjc","Tempo di lettura stimato":"3 minuti"},"schema":{"@context":"https:\/\/schema.org","@graph":[{"@type":"Article","@id":"https:\/\/www.civiltalaica.it\/cms\/e-cosi-difficile-parlare-di-scienza\/#article","isPartOf":{"@id":"https:\/\/www.civiltalaica.it\/cms\/e-cosi-difficile-parlare-di-scienza\/"},"author":{"name":"alexjc","@id":"https:\/\/www.civiltalaica.it\/cms\/#\/schema\/person\/4efef56f866329a1e0943eb27336df1d"},"headline":"\u00c8 cos\u00ec difficile parlare di scienza?","datePublished":"2014-10-29T17:56:39+00:00","dateModified":"2014-10-29T18:35:15+00:00","mainEntityOfPage":{"@id":"https:\/\/www.civiltalaica.it\/cms\/e-cosi-difficile-parlare-di-scienza\/"},"wordCount":604,"image":{"@id":"https:\/\/www.civiltalaica.it\/cms\/e-cosi-difficile-parlare-di-scienza\/#primaryimage"},"thumbnailUrl":"http:\/\/www.civiltalaica.it\/cms\/wp-content\/uploads\/2013\/05\/hsapiens.jpg","keywords":["alessandro chiometti","darwin","evoluzione biologica","la repubblica","papa","piergiorgio odifreddi","Scienza"],"articleSection":["articoli","filosofia e scienza"],"inLanguage":"it-IT"},{"@type":"WebPage","@id":"https:\/\/www.civiltalaica.it\/cms\/e-cosi-difficile-parlare-di-scienza\/","url":"https:\/\/www.civiltalaica.it\/cms\/e-cosi-difficile-parlare-di-scienza\/","name":"\u00c8 cos\u00ec difficile parlare di scienza? - Associazione Culturale Civilt\u00e0 Laica","isPartOf":{"@id":"https:\/\/www.civiltalaica.it\/cms\/#website"},"primaryImageOfPage":{"@id":"https:\/\/www.civiltalaica.it\/cms\/e-cosi-difficile-parlare-di-scienza\/#primaryimage"},"image":{"@id":"https:\/\/www.civiltalaica.it\/cms\/e-cosi-difficile-parlare-di-scienza\/#primaryimage"},"thumbnailUrl":"http:\/\/www.civiltalaica.it\/cms\/wp-content\/uploads\/2013\/05\/hsapiens.jpg","datePublished":"2014-10-29T17:56:39+00:00","dateModified":"2014-10-29T18:35:15+00:00","author":{"@id":"https:\/\/www.civiltalaica.it\/cms\/#\/schema\/person\/4efef56f866329a1e0943eb27336df1d"},"breadcrumb":{"@id":"https:\/\/www.civiltalaica.it\/cms\/e-cosi-difficile-parlare-di-scienza\/#breadcrumb"},"inLanguage":"it-IT","potentialAction":[{"@type":"ReadAction","target":["https:\/\/www.civiltalaica.it\/cms\/e-cosi-difficile-parlare-di-scienza\/"]}]},{"@type":"ImageObject","inLanguage":"it-IT","@id":"https:\/\/www.civiltalaica.it\/cms\/e-cosi-difficile-parlare-di-scienza\/#primaryimage","url":"http:\/\/www.civiltalaica.it\/cms\/wp-content\/uploads\/2013\/05\/hsapiens.jpg","contentUrl":"http:\/\/www.civiltalaica.it\/cms\/wp-content\/uploads\/2013\/05\/hsapiens.jpg"},{"@type":"BreadcrumbList","@id":"https:\/\/www.civiltalaica.it\/cms\/e-cosi-difficile-parlare-di-scienza\/#breadcrumb","itemListElement":[{"@type":"ListItem","position":1,"name":"Home","item":"https:\/\/www.civiltalaica.it\/cms\/"},{"@type":"ListItem","position":2,"name":"\u00c8 cos\u00ec difficile parlare di scienza?"}]},{"@type":"WebSite","@id":"https:\/\/www.civiltalaica.it\/cms\/#website","url":"https:\/\/www.civiltalaica.it\/cms\/","name":"Associazione Culturale Civilt\u00e0 Laica","description":"Per un movimento culturale volto a difendere la Laicit\u00e0 dello Stato.","potentialAction":[{"@type":"SearchAction","target":{"@type":"EntryPoint","urlTemplate":"https:\/\/www.civiltalaica.it\/cms\/?s={search_term_string}"},"query-input":{"@type":"PropertyValueSpecification","valueRequired":true,"valueName":"search_term_string"}}],"inLanguage":"it-IT"},{"@type":"Person","@id":"https:\/\/www.civiltalaica.it\/cms\/#\/schema\/person\/4efef56f866329a1e0943eb27336df1d","name":"alexjc","url":"https:\/\/www.civiltalaica.it\/cms\/author\/alexjc\/"}]}},"_links":{"self":[{"href":"https:\/\/www.civiltalaica.it\/cms\/wp-json\/wp\/v2\/posts\/12678","targetHints":{"allow":["GET"]}}],"collection":[{"href":"https:\/\/www.civiltalaica.it\/cms\/wp-json\/wp\/v2\/posts"}],"about":[{"href":"https:\/\/www.civiltalaica.it\/cms\/wp-json\/wp\/v2\/types\/post"}],"author":[{"embeddable":true,"href":"https:\/\/www.civiltalaica.it\/cms\/wp-json\/wp\/v2\/users\/7"}],"replies":[{"embeddable":true,"href":"https:\/\/www.civiltalaica.it\/cms\/wp-json\/wp\/v2\/comments?post=12678"}],"version-history":[{"count":0,"href":"https:\/\/www.civiltalaica.it\/cms\/wp-json\/wp\/v2\/posts\/12678\/revisions"}],"wp:attachment":[{"href":"https:\/\/www.civiltalaica.it\/cms\/wp-json\/wp\/v2\/media?parent=12678"}],"wp:term":[{"taxonomy":"category","embeddable":true,"href":"https:\/\/www.civiltalaica.it\/cms\/wp-json\/wp\/v2\/categories?post=12678"},{"taxonomy":"post_tag","embeddable":true,"href":"https:\/\/www.civiltalaica.it\/cms\/wp-json\/wp\/v2\/tags?post=12678"}],"curies":[{"name":"wp","href":"https:\/\/api.w.org\/{rel}","templated":true}]}}