{"id":12660,"date":"2014-10-20T17:51:37","date_gmt":"2014-10-20T17:51:37","guid":{"rendered":"http:\/\/www.civiltalaica.it\/cms\/?p=12660"},"modified":"2014-10-20T17:51:37","modified_gmt":"2014-10-20T17:51:37","slug":"la-puntualita-della-disinformazione","status":"publish","type":"post","link":"https:\/\/www.civiltalaica.it\/cms\/la-puntualita-della-disinformazione\/","title":{"rendered":"La puntualit\u00e0 della disinformazione"},"content":{"rendered":"<p>\u201c<span style=\"font-family: 'Times New Roman', serif;\"><span style=\"font-size: medium;\"><i>Al mondo di sicuro ci sono solo la morte e le tasse<\/i>\u201d<\/span><\/span><\/p>\n<p><span style=\"font-family: 'Times New Roman', serif;\"><span style=\"font-size: medium;\">La frase attribuita erroneamente a Benjamin Franklin mentre in realt\u00e0 fu pronunciata da Cristopher Bullock \u00e8 molto riduttiva perch\u00e9 in realt\u00e0, a seconda del paese in cui si vive, ci sono altre cose di cui possiamo essere certi.<\/span><\/span><!--more--><\/p>\n<p><span style=\"font-family: 'Times New Roman', serif;\"><span style=\"font-size: medium;\"><a href=\"http:\/\/www.civiltalaica.it\/cms\/wp-content\/uploads\/2012\/10\/e-virale-mutismo-e-rassegnazione-L-1.jpeg\"><img loading=\"lazy\" decoding=\"async\" class=\"alignleft size-medium wp-image-10874\" src=\"http:\/\/www.civiltalaica.it\/cms\/wp-content\/uploads\/2012\/10\/e-virale-mutismo-e-rassegnazione-L-1-241x300.jpeg\" alt=\"e-virale-mutismo-e-rassegnazione-L-1\" width=\"241\" height=\"300\" srcset=\"https:\/\/www.civiltalaica.it\/cms\/wp-content\/uploads\/2012\/10\/e-virale-mutismo-e-rassegnazione-L-1-241x300.jpeg 241w, https:\/\/www.civiltalaica.it\/cms\/wp-content\/uploads\/2012\/10\/e-virale-mutismo-e-rassegnazione-L-1.jpeg 304w\" sizes=\"auto, (max-width: 241px) 100vw, 241px\" \/><\/a>In Italia ad esempio \u00e8 certo che ogni qualvolta arrivi al grande pubblico il tema del fine vita, ad esempio con la Presidente della Camera Laura Boldrini che si impegna a calendarizzare la proposta di legge che vuole istituire i registri dei testamenti biologici e depenalizzare l\u2019eutanasia per i malati terminali, pi\u00f9 o meno contemporaneamente arriva sui mass media il solito articolo pseudoscientifico che racconta di presunte esperienze pre-morte, di anime fotografate con tecniche misteriose, di presunta consapevolezza del cervello dopo la morte.<\/span><\/span><\/p>\n<p><span style=\"font-family: 'Times New Roman', serif;\"><span style=\"font-size: medium;\">Questa volta tocca al sito de \u201cla Repubblica\u201d che non \u00e8 nuovo a castronerie scientifiche memorabili.<\/span><\/span><\/p>\n<p><span style=\"font-family: 'Times New Roman', serif;\"><span style=\"font-size: medium;\">In un articolo del <a href=\"http:\/\/www.repubblica.it\/scienze\/2014\/10\/07\/news\/consapevolezza_dopo_morte-97572231\/?ref=HRLV-17\">7 Ottobre 2014<\/a> pubblicato con enfasi (ma senza indicare il nome dell\u2019autore, pessima abitudine sempre pi\u00f9 in voga nei grandi giornali) in home page si titola che \u201cc\u2019\u00e8 una forma di consapevolezza dopo la morte\u201d senza neanche il buon gusto di mettere almeno un punto interrogativo.<\/span><\/span><\/p>\n<p><span style=\"font-family: 'Times New Roman', serif;\"><span style=\"font-size: medium;\">Gi\u00e0 nelle tre righe di catenaccio dell\u2019articolo la cosa \u00e8 in realt\u00e0 ridimensionata, per due motivi: il primo che si capisce che si sta parlando delle \u201csolite\u201d esperienze pre-morte, il secondo \u00e8 che come si pu\u00f2 leggere solo il 40% dei pazienti indagati ha avuto queste esperienze, il che significa (dato che la matematica a differenza del giornalismo non \u00e8 un opinione) che il 60% e quindi la maggioranza non ne ha avute.<\/span><\/span><\/p>\n<p><span style=\"font-family: 'Times New Roman', serif;\"><span style=\"font-size: medium;\">Nelle 42 righe di banalit\u00e0 varie che seguono il \u201cgiornalista\u201d si guarda bene da dare informazioni che possono essere scientificamente rilevanti, non una parola ad esempio sul come abbiano fatto gli scienziati a distinguere il fatto che i \u201cricordi\u201d dei ri-animati appartengano a quei minuti in cui l\u2019encefalogramma era piatto e non ai minuti immediatamente precedenti o successivi. <\/span><\/span><\/p>\n<p><span style=\"font-family: 'Times New Roman', serif;\"><span style=\"font-size: medium;\">Non una parola sul fatto che tutto quello che si vede, o per meglio dire si sogna, in quei momenti dipenda dai condizionamenti avuti nella vita e quindi \u00e8 assolutamente normale che un occidentale abbia ricordi occidentali e che un indiano abbia ricordi indiani e cos\u00ec via. Quanto poi alla \u201csolita\u201d luce alla fine del tunnel stenderemmo un velo pietoso visto che \u00e8 stata cos\u00ec pluridescritta che ormai scientificamente non fa testo visto che \u00e8 entrata di diritto nel nostro background culturale.<\/span><\/span><\/p>\n<p><span style=\"font-family: 'Times New Roman', serif;\"><span style=\"font-size: medium;\">Unica cosa positiva nell\u2019articolo, in un bagliore di decenza che \u00e8 evidentemente sfuggito all\u2019articolista e alla redazione del sito, l&#8217;indicazione del link all\u2019universit\u00e0 di Southampton che riporta poi all\u2019articolo originale dove chiunque pu\u00f2 leggere che non c\u2019\u00e8 niente di nuovo a quanto gi\u00e0 sapevamo sulle presunte esperienze pre-morte dei ri-animati.<\/span><\/span><\/p>\n<p><span style=\"font-family: 'Times New Roman', serif;\"><span style=\"font-size: medium;\">Resta un mistero sul perch\u00e9 questa sia una notizia da prima pagina del sito del quotidiano pi\u00f9 importante d\u2019Italia. <\/span><\/span><\/p>\n<p><span style=\"font-family: 'Times New Roman', serif;\"><span style=\"font-size: medium;\">Scherziamo ovviamente. <\/span><\/span><\/p>\n<p><span style=\"font-family: 'Times New Roman', serif;\"><span style=\"font-size: medium;\">Sul fatto che sia un mistero altrettanto ovviamente.<\/span><\/span><\/p>\n<p><span style=\"font-family: 'Times New Roman', serif;\"><span style=\"font-size: medium;\"><b>Alessandro Chiometti<\/b><\/span><\/span><\/p>\n","protected":false},"excerpt":{"rendered":"<p>\u201cAl mondo di sicuro ci sono solo la morte e le tasse\u201d La frase attribuita erroneamente a Benjamin Franklin mentre in realt\u00e0 fu pronunciata da Cristopher Bullock \u00e8 molto riduttiva perch\u00e9 in realt\u00e0, a seconda del paese in cui si vive, ci sono altre cose di cui possiamo essere certi.<\/p>\n","protected":false},"author":7,"featured_media":0,"comment_status":"closed","ping_status":"closed","sticky":false,"template":"","format":"standard","meta":{"footnotes":""},"categories":[238,232],"tags":[79,197,390,424],"class_list":["post-12660","post","type-post","status-publish","format-standard","hentry","category-articoli","category-riflessioni-2","tag-alessandro-chiometti","tag-disinformazione","tag-la-repubblica","tag-mass-media"],"yoast_head":"<!-- This site is optimized with the Yoast SEO plugin v27.1.1 - https:\/\/yoast.com\/product\/yoast-seo-wordpress\/ -->\n<title>La puntualit\u00e0 della disinformazione - Associazione Culturale Civilt\u00e0 Laica<\/title>\n<meta name=\"robots\" content=\"index, follow, max-snippet:-1, max-image-preview:large, max-video-preview:-1\" \/>\n<link rel=\"canonical\" href=\"https:\/\/www.civiltalaica.it\/cms\/la-puntualita-della-disinformazione\/\" \/>\n<meta property=\"og:locale\" content=\"it_IT\" \/>\n<meta property=\"og:type\" content=\"article\" \/>\n<meta property=\"og:title\" content=\"La puntualit\u00e0 della disinformazione - Associazione Culturale Civilt\u00e0 Laica\" \/>\n<meta property=\"og:description\" content=\"\u201cAl mondo di sicuro ci sono solo la morte e le tasse\u201d La frase attribuita erroneamente a Benjamin Franklin mentre in realt\u00e0 fu pronunciata da Cristopher Bullock \u00e8 molto riduttiva perch\u00e9 in realt\u00e0, a seconda del paese in cui si vive, ci sono altre cose di cui possiamo essere certi.\" \/>\n<meta property=\"og:url\" content=\"https:\/\/www.civiltalaica.it\/cms\/la-puntualita-della-disinformazione\/\" \/>\n<meta property=\"og:site_name\" content=\"Associazione Culturale Civilt\u00e0 Laica\" \/>\n<meta property=\"article:publisher\" content=\"https:\/\/www.facebook.com\/civiltalaica\" \/>\n<meta property=\"article:published_time\" content=\"2014-10-20T17:51:37+00:00\" \/>\n<meta property=\"og:image\" content=\"http:\/\/www.civiltalaica.it\/cms\/wp-content\/uploads\/2012\/10\/e-virale-mutismo-e-rassegnazione-L-1-241x300.jpeg\" \/>\n<meta name=\"author\" content=\"alexjc\" \/>\n<meta name=\"twitter:card\" content=\"summary_large_image\" \/>\n<meta name=\"twitter:label1\" content=\"Scritto da\" \/>\n\t<meta name=\"twitter:data1\" content=\"alexjc\" \/>\n\t<meta name=\"twitter:label2\" content=\"Tempo di lettura stimato\" \/>\n\t<meta name=\"twitter:data2\" content=\"2 minuti\" \/>\n<script type=\"application\/ld+json\" class=\"yoast-schema-graph\">{\"@context\":\"https:\/\/schema.org\",\"@graph\":[{\"@type\":\"Article\",\"@id\":\"https:\/\/www.civiltalaica.it\/cms\/la-puntualita-della-disinformazione\/#article\",\"isPartOf\":{\"@id\":\"https:\/\/www.civiltalaica.it\/cms\/la-puntualita-della-disinformazione\/\"},\"author\":{\"name\":\"alexjc\",\"@id\":\"https:\/\/www.civiltalaica.it\/cms\/#\/schema\/person\/4efef56f866329a1e0943eb27336df1d\"},\"headline\":\"La puntualit\u00e0 della disinformazione\",\"datePublished\":\"2014-10-20T17:51:37+00:00\",\"mainEntityOfPage\":{\"@id\":\"https:\/\/www.civiltalaica.it\/cms\/la-puntualita-della-disinformazione\/\"},\"wordCount\":491,\"image\":{\"@id\":\"https:\/\/www.civiltalaica.it\/cms\/la-puntualita-della-disinformazione\/#primaryimage\"},\"thumbnailUrl\":\"http:\/\/www.civiltalaica.it\/cms\/wp-content\/uploads\/2012\/10\/e-virale-mutismo-e-rassegnazione-L-1-241x300.jpeg\",\"keywords\":[\"alessandro chiometti\",\"disinformazione\",\"la repubblica\",\"mass media\"],\"articleSection\":[\"articoli\",\"riflessioni\"],\"inLanguage\":\"it-IT\"},{\"@type\":\"WebPage\",\"@id\":\"https:\/\/www.civiltalaica.it\/cms\/la-puntualita-della-disinformazione\/\",\"url\":\"https:\/\/www.civiltalaica.it\/cms\/la-puntualita-della-disinformazione\/\",\"name\":\"La puntualit\u00e0 della disinformazione - Associazione Culturale Civilt\u00e0 Laica\",\"isPartOf\":{\"@id\":\"https:\/\/www.civiltalaica.it\/cms\/#website\"},\"primaryImageOfPage\":{\"@id\":\"https:\/\/www.civiltalaica.it\/cms\/la-puntualita-della-disinformazione\/#primaryimage\"},\"image\":{\"@id\":\"https:\/\/www.civiltalaica.it\/cms\/la-puntualita-della-disinformazione\/#primaryimage\"},\"thumbnailUrl\":\"http:\/\/www.civiltalaica.it\/cms\/wp-content\/uploads\/2012\/10\/e-virale-mutismo-e-rassegnazione-L-1-241x300.jpeg\",\"datePublished\":\"2014-10-20T17:51:37+00:00\",\"author\":{\"@id\":\"https:\/\/www.civiltalaica.it\/cms\/#\/schema\/person\/4efef56f866329a1e0943eb27336df1d\"},\"breadcrumb\":{\"@id\":\"https:\/\/www.civiltalaica.it\/cms\/la-puntualita-della-disinformazione\/#breadcrumb\"},\"inLanguage\":\"it-IT\",\"potentialAction\":[{\"@type\":\"ReadAction\",\"target\":[\"https:\/\/www.civiltalaica.it\/cms\/la-puntualita-della-disinformazione\/\"]}]},{\"@type\":\"ImageObject\",\"inLanguage\":\"it-IT\",\"@id\":\"https:\/\/www.civiltalaica.it\/cms\/la-puntualita-della-disinformazione\/#primaryimage\",\"url\":\"http:\/\/www.civiltalaica.it\/cms\/wp-content\/uploads\/2012\/10\/e-virale-mutismo-e-rassegnazione-L-1-241x300.jpeg\",\"contentUrl\":\"http:\/\/www.civiltalaica.it\/cms\/wp-content\/uploads\/2012\/10\/e-virale-mutismo-e-rassegnazione-L-1-241x300.jpeg\"},{\"@type\":\"BreadcrumbList\",\"@id\":\"https:\/\/www.civiltalaica.it\/cms\/la-puntualita-della-disinformazione\/#breadcrumb\",\"itemListElement\":[{\"@type\":\"ListItem\",\"position\":1,\"name\":\"Home\",\"item\":\"https:\/\/www.civiltalaica.it\/cms\/\"},{\"@type\":\"ListItem\",\"position\":2,\"name\":\"La puntualit\u00e0 della disinformazione\"}]},{\"@type\":\"WebSite\",\"@id\":\"https:\/\/www.civiltalaica.it\/cms\/#website\",\"url\":\"https:\/\/www.civiltalaica.it\/cms\/\",\"name\":\"Associazione Culturale Civilt\u00e0 Laica\",\"description\":\"Per un movimento culturale volto a difendere la Laicit\u00e0 dello Stato.\",\"potentialAction\":[{\"@type\":\"SearchAction\",\"target\":{\"@type\":\"EntryPoint\",\"urlTemplate\":\"https:\/\/www.civiltalaica.it\/cms\/?s={search_term_string}\"},\"query-input\":{\"@type\":\"PropertyValueSpecification\",\"valueRequired\":true,\"valueName\":\"search_term_string\"}}],\"inLanguage\":\"it-IT\"},{\"@type\":\"Person\",\"@id\":\"https:\/\/www.civiltalaica.it\/cms\/#\/schema\/person\/4efef56f866329a1e0943eb27336df1d\",\"name\":\"alexjc\",\"url\":\"https:\/\/www.civiltalaica.it\/cms\/author\/alexjc\/\"}]}<\/script>\n<!-- \/ Yoast SEO plugin. -->","yoast_head_json":{"title":"La puntualit\u00e0 della disinformazione - Associazione Culturale Civilt\u00e0 Laica","robots":{"index":"index","follow":"follow","max-snippet":"max-snippet:-1","max-image-preview":"max-image-preview:large","max-video-preview":"max-video-preview:-1"},"canonical":"https:\/\/www.civiltalaica.it\/cms\/la-puntualita-della-disinformazione\/","og_locale":"it_IT","og_type":"article","og_title":"La puntualit\u00e0 della disinformazione - Associazione Culturale Civilt\u00e0 Laica","og_description":"\u201cAl mondo di sicuro ci sono solo la morte e le tasse\u201d La frase attribuita erroneamente a Benjamin Franklin mentre in realt\u00e0 fu pronunciata da Cristopher Bullock \u00e8 molto riduttiva perch\u00e9 in realt\u00e0, a seconda del paese in cui si vive, ci sono altre cose di cui possiamo essere certi.","og_url":"https:\/\/www.civiltalaica.it\/cms\/la-puntualita-della-disinformazione\/","og_site_name":"Associazione Culturale Civilt\u00e0 Laica","article_publisher":"https:\/\/www.facebook.com\/civiltalaica","article_published_time":"2014-10-20T17:51:37+00:00","og_image":[{"url":"http:\/\/www.civiltalaica.it\/cms\/wp-content\/uploads\/2012\/10\/e-virale-mutismo-e-rassegnazione-L-1-241x300.jpeg","type":"","width":"","height":""}],"author":"alexjc","twitter_card":"summary_large_image","twitter_misc":{"Scritto da":"alexjc","Tempo di lettura stimato":"2 minuti"},"schema":{"@context":"https:\/\/schema.org","@graph":[{"@type":"Article","@id":"https:\/\/www.civiltalaica.it\/cms\/la-puntualita-della-disinformazione\/#article","isPartOf":{"@id":"https:\/\/www.civiltalaica.it\/cms\/la-puntualita-della-disinformazione\/"},"author":{"name":"alexjc","@id":"https:\/\/www.civiltalaica.it\/cms\/#\/schema\/person\/4efef56f866329a1e0943eb27336df1d"},"headline":"La puntualit\u00e0 della disinformazione","datePublished":"2014-10-20T17:51:37+00:00","mainEntityOfPage":{"@id":"https:\/\/www.civiltalaica.it\/cms\/la-puntualita-della-disinformazione\/"},"wordCount":491,"image":{"@id":"https:\/\/www.civiltalaica.it\/cms\/la-puntualita-della-disinformazione\/#primaryimage"},"thumbnailUrl":"http:\/\/www.civiltalaica.it\/cms\/wp-content\/uploads\/2012\/10\/e-virale-mutismo-e-rassegnazione-L-1-241x300.jpeg","keywords":["alessandro chiometti","disinformazione","la repubblica","mass media"],"articleSection":["articoli","riflessioni"],"inLanguage":"it-IT"},{"@type":"WebPage","@id":"https:\/\/www.civiltalaica.it\/cms\/la-puntualita-della-disinformazione\/","url":"https:\/\/www.civiltalaica.it\/cms\/la-puntualita-della-disinformazione\/","name":"La puntualit\u00e0 della disinformazione - Associazione Culturale Civilt\u00e0 Laica","isPartOf":{"@id":"https:\/\/www.civiltalaica.it\/cms\/#website"},"primaryImageOfPage":{"@id":"https:\/\/www.civiltalaica.it\/cms\/la-puntualita-della-disinformazione\/#primaryimage"},"image":{"@id":"https:\/\/www.civiltalaica.it\/cms\/la-puntualita-della-disinformazione\/#primaryimage"},"thumbnailUrl":"http:\/\/www.civiltalaica.it\/cms\/wp-content\/uploads\/2012\/10\/e-virale-mutismo-e-rassegnazione-L-1-241x300.jpeg","datePublished":"2014-10-20T17:51:37+00:00","author":{"@id":"https:\/\/www.civiltalaica.it\/cms\/#\/schema\/person\/4efef56f866329a1e0943eb27336df1d"},"breadcrumb":{"@id":"https:\/\/www.civiltalaica.it\/cms\/la-puntualita-della-disinformazione\/#breadcrumb"},"inLanguage":"it-IT","potentialAction":[{"@type":"ReadAction","target":["https:\/\/www.civiltalaica.it\/cms\/la-puntualita-della-disinformazione\/"]}]},{"@type":"ImageObject","inLanguage":"it-IT","@id":"https:\/\/www.civiltalaica.it\/cms\/la-puntualita-della-disinformazione\/#primaryimage","url":"http:\/\/www.civiltalaica.it\/cms\/wp-content\/uploads\/2012\/10\/e-virale-mutismo-e-rassegnazione-L-1-241x300.jpeg","contentUrl":"http:\/\/www.civiltalaica.it\/cms\/wp-content\/uploads\/2012\/10\/e-virale-mutismo-e-rassegnazione-L-1-241x300.jpeg"},{"@type":"BreadcrumbList","@id":"https:\/\/www.civiltalaica.it\/cms\/la-puntualita-della-disinformazione\/#breadcrumb","itemListElement":[{"@type":"ListItem","position":1,"name":"Home","item":"https:\/\/www.civiltalaica.it\/cms\/"},{"@type":"ListItem","position":2,"name":"La puntualit\u00e0 della disinformazione"}]},{"@type":"WebSite","@id":"https:\/\/www.civiltalaica.it\/cms\/#website","url":"https:\/\/www.civiltalaica.it\/cms\/","name":"Associazione Culturale Civilt\u00e0 Laica","description":"Per un movimento culturale volto a difendere la Laicit\u00e0 dello Stato.","potentialAction":[{"@type":"SearchAction","target":{"@type":"EntryPoint","urlTemplate":"https:\/\/www.civiltalaica.it\/cms\/?s={search_term_string}"},"query-input":{"@type":"PropertyValueSpecification","valueRequired":true,"valueName":"search_term_string"}}],"inLanguage":"it-IT"},{"@type":"Person","@id":"https:\/\/www.civiltalaica.it\/cms\/#\/schema\/person\/4efef56f866329a1e0943eb27336df1d","name":"alexjc","url":"https:\/\/www.civiltalaica.it\/cms\/author\/alexjc\/"}]}},"_links":{"self":[{"href":"https:\/\/www.civiltalaica.it\/cms\/wp-json\/wp\/v2\/posts\/12660","targetHints":{"allow":["GET"]}}],"collection":[{"href":"https:\/\/www.civiltalaica.it\/cms\/wp-json\/wp\/v2\/posts"}],"about":[{"href":"https:\/\/www.civiltalaica.it\/cms\/wp-json\/wp\/v2\/types\/post"}],"author":[{"embeddable":true,"href":"https:\/\/www.civiltalaica.it\/cms\/wp-json\/wp\/v2\/users\/7"}],"replies":[{"embeddable":true,"href":"https:\/\/www.civiltalaica.it\/cms\/wp-json\/wp\/v2\/comments?post=12660"}],"version-history":[{"count":0,"href":"https:\/\/www.civiltalaica.it\/cms\/wp-json\/wp\/v2\/posts\/12660\/revisions"}],"wp:attachment":[{"href":"https:\/\/www.civiltalaica.it\/cms\/wp-json\/wp\/v2\/media?parent=12660"}],"wp:term":[{"taxonomy":"category","embeddable":true,"href":"https:\/\/www.civiltalaica.it\/cms\/wp-json\/wp\/v2\/categories?post=12660"},{"taxonomy":"post_tag","embeddable":true,"href":"https:\/\/www.civiltalaica.it\/cms\/wp-json\/wp\/v2\/tags?post=12660"}],"curies":[{"name":"wp","href":"https:\/\/api.w.org\/{rel}","templated":true}]}}