{"id":12614,"date":"2014-10-01T18:47:04","date_gmt":"2014-10-01T18:47:04","guid":{"rendered":"http:\/\/www.civiltalaica.it\/cms\/?p=12614"},"modified":"2014-10-01T18:47:04","modified_gmt":"2014-10-01T18:47:04","slug":"chi-e-gesu-cristo-per-noi-laici","status":"publish","type":"post","link":"https:\/\/www.civiltalaica.it\/cms\/chi-e-gesu-cristo-per-noi-laici\/","title":{"rendered":"Chi \u00e8 Ges\u00f9 Cristo per noi laici?"},"content":{"rendered":"<p>Avevamo lanciato un sondaggio nel mese di Luglio con questa domanda: \u201cchi \u00e8 Ges\u00f9 Cristo per noi laici?\u201d sia su questo sito che sul nostro gruppo di facebook che sulla nostra mailing list.<\/p>\n<p>Le opzioni erano le seguenti:<!--more--><\/p>\n<p><a href=\"http:\/\/www.civiltalaica.it\/cms\/wp-content\/uploads\/2011\/07\/1284386369.jpg\"><img loading=\"lazy\" decoding=\"async\" class=\"alignleft size-medium wp-image-9827\" src=\"http:\/\/www.civiltalaica.it\/cms\/wp-content\/uploads\/2011\/07\/1284386369-300x261.jpg\" alt=\"1284386369\" width=\"300\" height=\"261\" srcset=\"https:\/\/www.civiltalaica.it\/cms\/wp-content\/uploads\/2011\/07\/1284386369-300x261.jpg 300w, https:\/\/www.civiltalaica.it\/cms\/wp-content\/uploads\/2011\/07\/1284386369.jpg 551w\" sizes=\"auto, (max-width: 300px) 100vw, 300px\" \/><\/a>1) Un Dio con tutto quel che ne consegue <br \/>2) Un uomo il cui messaggio si pu\u00f2 pi\u00f9 o meno condividere<br \/> 3) Un mito inventato o ricalcato dalla figura di Mitra e da altre divinit\u00e0 precedenti <br \/>4) La sovrapposizione di pi\u00f9 figure storiche in un contesto ormai irricostruibile<br \/> 5) Non lo so e non mi interessa a me interessa la laicit\u00e0 oggi <\/p>\n<p>La raccolta dei voti ha dato i seguenti risultati:<br \/> Opzione 1 = 0 voti <br \/>Opzione 2 = 6 voti <br \/>Opzione 3 = 5 voti <br \/>Opzione 4 = 21 voti<br \/> Opzione 5 = 0 voti <\/p>\n<p>La prima riflessione riguarda il numero dei votanti, 32 voti raccolti su una platea potenziale di oltre 500 persone tra mailing list e gruppo di facebook, pi\u00f9 gli eventuali visitatori del sito. A una prima lettura sembrerebbe che il tema non attiri molto, in realt\u00e0 il problema \u00e8 pi\u00f9 vasto e riguarda in primis le effettive potenzialit\u00e0 di facebook su queste tematiche e in secondo luogo \u00a0l\u2019annosa ritrosia dei laici ad esprimere la loro opinione. <\/p>\n<p>Il primo tema, ovvero le effettive potenzialit\u00e0 di facebook su queste tematiche (in cui includeremmo tutte quelle culturali) \u00e8 uno spunto di riflessione che riteniamo interessante, da quel che possiamo vedere per domande poste a gruppi di 500 persone le risposte sono sempre al massimo una ventina, nonch\u00e9 per gli \u201ceventi\u201d in cui gli invitati sono pi\u00f9 di mille a rispondere, quando va bene, sono 50-60 persone. E questo non vale solo per il nostro gruppo ma per tutti i gruppi di carattere culturale, mentre la partecipazione magari abbonda per quelli a carattere ludico.<br \/>Il secondo tema \u00e8 un argomento con cui dobbiamo sempre fare i conti; domande diverse che hanno riguardato pressoch\u00e9 tutto lo scibile umano rivolte alla stessa platea non hanno ricevuto molte pi\u00f9 risposte. Se c\u2019\u00e8 qualcuno che vuole avanzare delle ipotesi su questo fenomeno noi, come si suol dire, siamo tutt\u2019orecchie. <\/p>\n<p>Detto questo una brevissima analisi dei risultati \u00e8 doverosa. L\u2019ipotesi pi\u00f9 pragmatica (la n. 5) non ha raccolto nessun voto, significa che comunque intorno alla figura di Cristo c\u2019\u00e8 interesse (almeno da parte di quelli che compiono la fatica di rispondere), cos\u00ec come del resto gli 0 voti per l\u2019opzione 1 stanno a significare evidentemente che in ambito laico la \u201cdivinit\u00e0\u201d di Ges\u00f9 ha pochissimi seguaci. La risposta n. 3, la pi\u00f9 \u201catea\u201d se vogliamo, raccoglie qualche consenso ma non troppi, mentre i sei voti per la numero 2 implicano che diversi laici ritengono Ges\u00f9 un uomo realmente esistito e che ha effettivamente detto le cose riportate nei vangeli, cosa che non era scontata. <br \/>L\u2019opzione 4 stravince di gran lunga sulle altre, ed \u00e8 se vogliamo la pi\u00f9 \u201cagnostica\u201d, sta a significare che si, secondo la maggior parte dei laici qualcuno \u00e8 esistito ma su chi sia stato realmente e cosa abbia realmente detto probabilmente non lo sapremo mai perch\u00e9 di casini sulla sua figura ne sono stati fatti troppi.<\/p>\n<p>Grazie per la collaborazione.<\/p>\n","protected":false},"excerpt":{"rendered":"<p>Avevamo lanciato un sondaggio nel mese di Luglio con questa domanda: \u201cchi \u00e8 Ges\u00f9 Cristo per noi laici?\u201d sia su questo sito che sul nostro gruppo di facebook che sulla nostra mailing list. Le opzioni erano le seguenti:<\/p>\n","protected":false},"author":7,"featured_media":0,"comment_status":"closed","ping_status":"closed","sticky":false,"template":"","format":"standard","meta":{"footnotes":""},"categories":[238,235],"tags":[],"class_list":["post-12614","post","type-post","status-publish","format-standard","hentry","category-articoli","category-andata"],"yoast_head":"<!-- This site is optimized with the Yoast SEO plugin v27.1.1 - https:\/\/yoast.com\/product\/yoast-seo-wordpress\/ -->\n<title>Chi \u00e8 Ges\u00f9 Cristo per noi laici?  - Associazione Culturale Civilt\u00e0 Laica<\/title>\n<meta name=\"robots\" content=\"index, follow, max-snippet:-1, max-image-preview:large, max-video-preview:-1\" \/>\n<link rel=\"canonical\" href=\"https:\/\/www.civiltalaica.it\/cms\/chi-e-gesu-cristo-per-noi-laici\/\" \/>\n<meta property=\"og:locale\" content=\"it_IT\" \/>\n<meta property=\"og:type\" content=\"article\" \/>\n<meta property=\"og:title\" content=\"Chi \u00e8 Ges\u00f9 Cristo per noi laici?  - Associazione Culturale Civilt\u00e0 Laica\" \/>\n<meta property=\"og:description\" content=\"Avevamo lanciato un sondaggio nel mese di Luglio con questa domanda: \u201cchi \u00e8 Ges\u00f9 Cristo per noi laici?\u201d sia su questo sito che sul nostro gruppo di facebook che sulla nostra mailing list. Le opzioni erano le seguenti:\" \/>\n<meta property=\"og:url\" content=\"https:\/\/www.civiltalaica.it\/cms\/chi-e-gesu-cristo-per-noi-laici\/\" \/>\n<meta property=\"og:site_name\" content=\"Associazione Culturale Civilt\u00e0 Laica\" \/>\n<meta property=\"article:publisher\" content=\"https:\/\/www.facebook.com\/civiltalaica\" \/>\n<meta property=\"article:published_time\" content=\"2014-10-01T18:47:04+00:00\" \/>\n<meta property=\"og:image\" content=\"http:\/\/www.civiltalaica.it\/cms\/wp-content\/uploads\/2011\/07\/1284386369-300x261.jpg\" \/>\n<meta name=\"author\" content=\"alexjc\" \/>\n<meta name=\"twitter:card\" content=\"summary_large_image\" \/>\n<meta name=\"twitter:label1\" content=\"Scritto da\" \/>\n\t<meta name=\"twitter:data1\" content=\"alexjc\" \/>\n\t<meta name=\"twitter:label2\" content=\"Tempo di lettura stimato\" \/>\n\t<meta name=\"twitter:data2\" content=\"2 minuti\" \/>\n<script type=\"application\/ld+json\" class=\"yoast-schema-graph\">{\"@context\":\"https:\/\/schema.org\",\"@graph\":[{\"@type\":\"Article\",\"@id\":\"https:\/\/www.civiltalaica.it\/cms\/chi-e-gesu-cristo-per-noi-laici\/#article\",\"isPartOf\":{\"@id\":\"https:\/\/www.civiltalaica.it\/cms\/chi-e-gesu-cristo-per-noi-laici\/\"},\"author\":{\"name\":\"alexjc\",\"@id\":\"https:\/\/www.civiltalaica.it\/cms\/#\/schema\/person\/4efef56f866329a1e0943eb27336df1d\"},\"headline\":\"Chi \u00e8 Ges\u00f9 Cristo per noi laici?\",\"datePublished\":\"2014-10-01T18:47:04+00:00\",\"mainEntityOfPage\":{\"@id\":\"https:\/\/www.civiltalaica.it\/cms\/chi-e-gesu-cristo-per-noi-laici\/\"},\"wordCount\":503,\"image\":{\"@id\":\"https:\/\/www.civiltalaica.it\/cms\/chi-e-gesu-cristo-per-noi-laici\/#primaryimage\"},\"thumbnailUrl\":\"http:\/\/www.civiltalaica.it\/cms\/wp-content\/uploads\/2011\/07\/1284386369-300x261.jpg\",\"articleSection\":[\"articoli\",\"come \u00e8 andata?\"],\"inLanguage\":\"it-IT\"},{\"@type\":\"WebPage\",\"@id\":\"https:\/\/www.civiltalaica.it\/cms\/chi-e-gesu-cristo-per-noi-laici\/\",\"url\":\"https:\/\/www.civiltalaica.it\/cms\/chi-e-gesu-cristo-per-noi-laici\/\",\"name\":\"Chi \u00e8 Ges\u00f9 Cristo per noi laici? - Associazione Culturale Civilt\u00e0 Laica\",\"isPartOf\":{\"@id\":\"https:\/\/www.civiltalaica.it\/cms\/#website\"},\"primaryImageOfPage\":{\"@id\":\"https:\/\/www.civiltalaica.it\/cms\/chi-e-gesu-cristo-per-noi-laici\/#primaryimage\"},\"image\":{\"@id\":\"https:\/\/www.civiltalaica.it\/cms\/chi-e-gesu-cristo-per-noi-laici\/#primaryimage\"},\"thumbnailUrl\":\"http:\/\/www.civiltalaica.it\/cms\/wp-content\/uploads\/2011\/07\/1284386369-300x261.jpg\",\"datePublished\":\"2014-10-01T18:47:04+00:00\",\"author\":{\"@id\":\"https:\/\/www.civiltalaica.it\/cms\/#\/schema\/person\/4efef56f866329a1e0943eb27336df1d\"},\"breadcrumb\":{\"@id\":\"https:\/\/www.civiltalaica.it\/cms\/chi-e-gesu-cristo-per-noi-laici\/#breadcrumb\"},\"inLanguage\":\"it-IT\",\"potentialAction\":[{\"@type\":\"ReadAction\",\"target\":[\"https:\/\/www.civiltalaica.it\/cms\/chi-e-gesu-cristo-per-noi-laici\/\"]}]},{\"@type\":\"ImageObject\",\"inLanguage\":\"it-IT\",\"@id\":\"https:\/\/www.civiltalaica.it\/cms\/chi-e-gesu-cristo-per-noi-laici\/#primaryimage\",\"url\":\"http:\/\/www.civiltalaica.it\/cms\/wp-content\/uploads\/2011\/07\/1284386369-300x261.jpg\",\"contentUrl\":\"http:\/\/www.civiltalaica.it\/cms\/wp-content\/uploads\/2011\/07\/1284386369-300x261.jpg\"},{\"@type\":\"BreadcrumbList\",\"@id\":\"https:\/\/www.civiltalaica.it\/cms\/chi-e-gesu-cristo-per-noi-laici\/#breadcrumb\",\"itemListElement\":[{\"@type\":\"ListItem\",\"position\":1,\"name\":\"Home\",\"item\":\"https:\/\/www.civiltalaica.it\/cms\/\"},{\"@type\":\"ListItem\",\"position\":2,\"name\":\"Chi \u00e8 Ges\u00f9 Cristo per noi laici?\"}]},{\"@type\":\"WebSite\",\"@id\":\"https:\/\/www.civiltalaica.it\/cms\/#website\",\"url\":\"https:\/\/www.civiltalaica.it\/cms\/\",\"name\":\"Associazione Culturale Civilt\u00e0 Laica\",\"description\":\"Per un movimento culturale volto a difendere la Laicit\u00e0 dello Stato.\",\"potentialAction\":[{\"@type\":\"SearchAction\",\"target\":{\"@type\":\"EntryPoint\",\"urlTemplate\":\"https:\/\/www.civiltalaica.it\/cms\/?s={search_term_string}\"},\"query-input\":{\"@type\":\"PropertyValueSpecification\",\"valueRequired\":true,\"valueName\":\"search_term_string\"}}],\"inLanguage\":\"it-IT\"},{\"@type\":\"Person\",\"@id\":\"https:\/\/www.civiltalaica.it\/cms\/#\/schema\/person\/4efef56f866329a1e0943eb27336df1d\",\"name\":\"alexjc\",\"url\":\"https:\/\/www.civiltalaica.it\/cms\/author\/alexjc\/\"}]}<\/script>\n<!-- \/ Yoast SEO plugin. -->","yoast_head_json":{"title":"Chi \u00e8 Ges\u00f9 Cristo per noi laici?  - Associazione Culturale Civilt\u00e0 Laica","robots":{"index":"index","follow":"follow","max-snippet":"max-snippet:-1","max-image-preview":"max-image-preview:large","max-video-preview":"max-video-preview:-1"},"canonical":"https:\/\/www.civiltalaica.it\/cms\/chi-e-gesu-cristo-per-noi-laici\/","og_locale":"it_IT","og_type":"article","og_title":"Chi \u00e8 Ges\u00f9 Cristo per noi laici?  - Associazione Culturale Civilt\u00e0 Laica","og_description":"Avevamo lanciato un sondaggio nel mese di Luglio con questa domanda: \u201cchi \u00e8 Ges\u00f9 Cristo per noi laici?\u201d sia su questo sito che sul nostro gruppo di facebook che sulla nostra mailing list. Le opzioni erano le seguenti:","og_url":"https:\/\/www.civiltalaica.it\/cms\/chi-e-gesu-cristo-per-noi-laici\/","og_site_name":"Associazione Culturale Civilt\u00e0 Laica","article_publisher":"https:\/\/www.facebook.com\/civiltalaica","article_published_time":"2014-10-01T18:47:04+00:00","og_image":[{"url":"http:\/\/www.civiltalaica.it\/cms\/wp-content\/uploads\/2011\/07\/1284386369-300x261.jpg","type":"","width":"","height":""}],"author":"alexjc","twitter_card":"summary_large_image","twitter_misc":{"Scritto da":"alexjc","Tempo di lettura stimato":"2 minuti"},"schema":{"@context":"https:\/\/schema.org","@graph":[{"@type":"Article","@id":"https:\/\/www.civiltalaica.it\/cms\/chi-e-gesu-cristo-per-noi-laici\/#article","isPartOf":{"@id":"https:\/\/www.civiltalaica.it\/cms\/chi-e-gesu-cristo-per-noi-laici\/"},"author":{"name":"alexjc","@id":"https:\/\/www.civiltalaica.it\/cms\/#\/schema\/person\/4efef56f866329a1e0943eb27336df1d"},"headline":"Chi \u00e8 Ges\u00f9 Cristo per noi laici?","datePublished":"2014-10-01T18:47:04+00:00","mainEntityOfPage":{"@id":"https:\/\/www.civiltalaica.it\/cms\/chi-e-gesu-cristo-per-noi-laici\/"},"wordCount":503,"image":{"@id":"https:\/\/www.civiltalaica.it\/cms\/chi-e-gesu-cristo-per-noi-laici\/#primaryimage"},"thumbnailUrl":"http:\/\/www.civiltalaica.it\/cms\/wp-content\/uploads\/2011\/07\/1284386369-300x261.jpg","articleSection":["articoli","come \u00e8 andata?"],"inLanguage":"it-IT"},{"@type":"WebPage","@id":"https:\/\/www.civiltalaica.it\/cms\/chi-e-gesu-cristo-per-noi-laici\/","url":"https:\/\/www.civiltalaica.it\/cms\/chi-e-gesu-cristo-per-noi-laici\/","name":"Chi \u00e8 Ges\u00f9 Cristo per noi laici? - Associazione Culturale Civilt\u00e0 Laica","isPartOf":{"@id":"https:\/\/www.civiltalaica.it\/cms\/#website"},"primaryImageOfPage":{"@id":"https:\/\/www.civiltalaica.it\/cms\/chi-e-gesu-cristo-per-noi-laici\/#primaryimage"},"image":{"@id":"https:\/\/www.civiltalaica.it\/cms\/chi-e-gesu-cristo-per-noi-laici\/#primaryimage"},"thumbnailUrl":"http:\/\/www.civiltalaica.it\/cms\/wp-content\/uploads\/2011\/07\/1284386369-300x261.jpg","datePublished":"2014-10-01T18:47:04+00:00","author":{"@id":"https:\/\/www.civiltalaica.it\/cms\/#\/schema\/person\/4efef56f866329a1e0943eb27336df1d"},"breadcrumb":{"@id":"https:\/\/www.civiltalaica.it\/cms\/chi-e-gesu-cristo-per-noi-laici\/#breadcrumb"},"inLanguage":"it-IT","potentialAction":[{"@type":"ReadAction","target":["https:\/\/www.civiltalaica.it\/cms\/chi-e-gesu-cristo-per-noi-laici\/"]}]},{"@type":"ImageObject","inLanguage":"it-IT","@id":"https:\/\/www.civiltalaica.it\/cms\/chi-e-gesu-cristo-per-noi-laici\/#primaryimage","url":"http:\/\/www.civiltalaica.it\/cms\/wp-content\/uploads\/2011\/07\/1284386369-300x261.jpg","contentUrl":"http:\/\/www.civiltalaica.it\/cms\/wp-content\/uploads\/2011\/07\/1284386369-300x261.jpg"},{"@type":"BreadcrumbList","@id":"https:\/\/www.civiltalaica.it\/cms\/chi-e-gesu-cristo-per-noi-laici\/#breadcrumb","itemListElement":[{"@type":"ListItem","position":1,"name":"Home","item":"https:\/\/www.civiltalaica.it\/cms\/"},{"@type":"ListItem","position":2,"name":"Chi \u00e8 Ges\u00f9 Cristo per noi laici?"}]},{"@type":"WebSite","@id":"https:\/\/www.civiltalaica.it\/cms\/#website","url":"https:\/\/www.civiltalaica.it\/cms\/","name":"Associazione Culturale Civilt\u00e0 Laica","description":"Per un movimento culturale volto a difendere la Laicit\u00e0 dello Stato.","potentialAction":[{"@type":"SearchAction","target":{"@type":"EntryPoint","urlTemplate":"https:\/\/www.civiltalaica.it\/cms\/?s={search_term_string}"},"query-input":{"@type":"PropertyValueSpecification","valueRequired":true,"valueName":"search_term_string"}}],"inLanguage":"it-IT"},{"@type":"Person","@id":"https:\/\/www.civiltalaica.it\/cms\/#\/schema\/person\/4efef56f866329a1e0943eb27336df1d","name":"alexjc","url":"https:\/\/www.civiltalaica.it\/cms\/author\/alexjc\/"}]}},"_links":{"self":[{"href":"https:\/\/www.civiltalaica.it\/cms\/wp-json\/wp\/v2\/posts\/12614","targetHints":{"allow":["GET"]}}],"collection":[{"href":"https:\/\/www.civiltalaica.it\/cms\/wp-json\/wp\/v2\/posts"}],"about":[{"href":"https:\/\/www.civiltalaica.it\/cms\/wp-json\/wp\/v2\/types\/post"}],"author":[{"embeddable":true,"href":"https:\/\/www.civiltalaica.it\/cms\/wp-json\/wp\/v2\/users\/7"}],"replies":[{"embeddable":true,"href":"https:\/\/www.civiltalaica.it\/cms\/wp-json\/wp\/v2\/comments?post=12614"}],"version-history":[{"count":0,"href":"https:\/\/www.civiltalaica.it\/cms\/wp-json\/wp\/v2\/posts\/12614\/revisions"}],"wp:attachment":[{"href":"https:\/\/www.civiltalaica.it\/cms\/wp-json\/wp\/v2\/media?parent=12614"}],"wp:term":[{"taxonomy":"category","embeddable":true,"href":"https:\/\/www.civiltalaica.it\/cms\/wp-json\/wp\/v2\/categories?post=12614"},{"taxonomy":"post_tag","embeddable":true,"href":"https:\/\/www.civiltalaica.it\/cms\/wp-json\/wp\/v2\/tags?post=12614"}],"curies":[{"name":"wp","href":"https:\/\/api.w.org\/{rel}","templated":true}]}}