{"id":12597,"date":"2014-09-28T19:29:58","date_gmt":"2014-09-28T19:29:58","guid":{"rendered":"http:\/\/www.civiltalaica.it\/cms\/?p=12597"},"modified":"2014-09-28T19:29:58","modified_gmt":"2014-09-28T19:29:58","slug":"gli-immemori","status":"publish","type":"post","link":"https:\/\/www.civiltalaica.it\/cms\/gli-immemori\/","title":{"rendered":"Gli immemori"},"content":{"rendered":"<p>Le tre religioni monoteiste ci ripropongono, ancora oggi, la mostruosa contraddizione interna che le contraddistingue: \u201c Tu non ucciderai\u201d grida la Bibbia ebraica sulla pietra incisa da Dio con il suo dito ( Esodo XXXI, 18), subito seguita dal Salvatore cristiano che invita ad amare e perdonare il proprio nemico e , a ruota, dal profeta islamico che in ben 3 ( tre) versetti del Corano esorta alla tolleranza ed al rispetto verso il diversamente credente. <!--more--><a href=\"http:\/\/www.civiltalaica.it\/cms\/wp-content\/uploads\/2013\/02\/inquisition-wheel.jpg\"><img loading=\"lazy\" decoding=\"async\" class=\"alignleft size-full wp-image-11164\" src=\"http:\/\/www.civiltalaica.it\/cms\/wp-content\/uploads\/2013\/02\/inquisition-wheel.jpg\" alt=\"inquisition-wheel\" width=\"300\" height=\"298\" srcset=\"https:\/\/www.civiltalaica.it\/cms\/wp-content\/uploads\/2013\/02\/inquisition-wheel.jpg 300w, https:\/\/www.civiltalaica.it\/cms\/wp-content\/uploads\/2013\/02\/inquisition-wheel-150x150.jpg 150w\" sizes=\"auto, (max-width: 300px) 100vw, 300px\" \/><\/a><br \/>In questi giorni il mondo cristiano-occidentale sobbalza ed inorridisce di fronte alla barbarie dei nuovi mostri islamici che sgozzano le loro vittime in nome di una purezza di fede richiamandosi ai ben 250 ( duecentocinquanta ) versetti dello stesso libro sacro che prevedono la morte violenta per i miscredenti. Ma ecco che i cosiddetti \u201cislamici moderati\u201d manifestano la loro contrariet\u00e0 e gli imam di diversi paesi emettono \u201cfatwe\u201d contro l\u2019 IS ed i loro combattenti sostenendo che \u201c L\u2019Islam vieta di uccidere gli innocenti, vieta la schiavit\u00f9, vieta le conversioni forzate\u201d. Eppure gli uni e gli altri si richiamano allo stesso libro sacro, che, guarda caso, d\u00e0 ragione a entrambe le versioni perch\u00e9 esso stesso si contraddice palesemente e sfacciatamente. Del resto il versetto che comanda di non uccidere gli innocenti impone di uccidere i colpevoli: e non sono forse peccatori coloro che non seguono i dettami del profeta? Ed oggi papa Francesco non si risparmia nel predicare al mondo che non si pu\u00f2 uccidere in nome di una religione, che le varie fedi comandano l\u2019amore e che nessun Dio ha mai ordinato la morte di nessuno, ignorando nella maniera pi\u00f9 ipocrita quel che \u00e8 avvenuto negli ultimi venti secoli di storia, anche e soprattutto grazie alla sua religione.<br \/>Non \u00e8 forse vero che, gi\u00e0 nella Bibbia degli ebrei e dei cristiani, lo stesso Dio che ordina di non uccidere si mostra poi autore diretto dei delitti pi\u00f9 orrendi, autorizza le stragi pi\u00f9 efferate ed elenca dettagliatamente a Mos\u00e8, nei primi cinque libri ( Pentateuco) , ben cinquanta casi in cui si deve lapidare o bruciare un peccatore? E che dire dei seguaci della religione dell\u2019amore? I cristiani dei primi tre secoli della loro storia, quando erano minoranza in un mondo politeista, predicavano la non violenza e la tolleranza soprattutto perch\u00e9 li riguardava direttamente, ma appena giunti al potere con Costantino si sono affrettati a distruggere ogni traccia di politeismo usando ogni violenza possibile, compresa la morte per i peccatori. I dottori ed i padri della Chiesa non hanno lesinato messaggi di morte. Tanto per citarne alcuni : San Girolamo ( V sec.) in una lettera del 410 si scagliava contro Vigilanzio, il quale aveva osato criticare il culto delle reliquie, invitando il vescovo a \u201cconsegnarlo alla morte della carne\u201d; S.Agostino, nello scritto \u201c Contro Fausto Manicheo\u201d, invitava ad imitare l\u2019Apostolo che \u201c non per crudelt\u00e0 ma per amore consegn\u00f2 tanti uomini alla morte affinch\u00e9 imparassero a non bestemmiare\u201d. Papa Leone 1\u00b0 Magno ( V\u00b0 sec.), santo e dottore della Chiesa, teorizzava il dovere dell\u2019imperatore ad uccidere senza piet\u00e0 i nemici della Chiesa ( Epistola 5, 13, 177). San Tommaso d\u2019Aquino, il massimo teologo della Chiesa , non esitava a scrivere: \u201c Per quanto riguarda gli eretici essi si sono resi colpevoli di un peccato che non solo giustifica che siano espulsi dalla Chiesa ma anche che vengano allontanati da questo mondo con la morte. Gli eretici non solo debbono essere cacciati dalla comunit\u00e0 ecclesiale ma anche a buon diritto giustiziati!\u201d ( Summa Theologica II a e q. XI, a 3), dando giustificazione teologica agli orrori dell\u2019Inquisizione nei secoli successivi. Come non ricordare il papa Pio V, santo, il quale da cardinale si era gi\u00e0 distinto per aver fatto sgozzare 6.000 valdesi di Calabria e che in una lettera al re di Spagna Filippo II, nel 1570, cos\u00ec dettava: \u201c Riconciliarsi mai, non mai piet\u00e0: sterminate che si sottomette e sterminate chi resiste, perseguitate ad oltranza, uccidete, ardete, tutto vada a fuoco e a sangue purch\u00e9 sia vendicato il Signore\u201d. Egli era stato preceduto da altri papi che avevano teorizzato il diritto di uccidere i non credenti. Tanto per citarne alcuni: Gregorio I\u00b0 ( Epistola a Gianuario, 599), Bonifacio V\u00b0 ( Lettera a Edwin, VII sec.),Innocenzo III ( crociata contro i catari, sec XIII), Gregorio IX ( Decretali, XIII sec.), Concilio Lateranense IV ( 3\u00b0 costituzione: degli eretici), Clemente IV ( bolla \u201c Ad extirpanda\u201d del 1265), Clemente V che nel 1312 con la bolla \u201cVox in excelso\u201d fece torturare e poi bruciare vivi 570 templari, Innocenzo VIII che nel 1484 con la bolla \u201c Summis desiderante affectibus\u201d lanci\u00f2 la caccia alle streghe che caus\u00f2 la morte di almeno 500.000 povere donne. Possiamo dimenticare l\u2019avallo e la compartecipazione papale al genocidio delle popolazioni amerinde durante la grande impresa criminale dei conquistadores spagnoli? E per tornare ai tempi nostri, come non ricordare l\u2019appoggio incondizionato della Chiesa ai peggiori criminali del secolo trascorso, i vari Salazar, Franco, Mussolini, Hitler, Ante Pavelic e compagnia bella?<br \/>Non posso, a questo punto, non citare il filosofo Michel Onfray che nel suo \u201c Trattato di ateologia\u201d invita noi laici e atei a diffidare di coloro che vogliono mettere sullo stesso piano dei diritti e della accettazione sia le religioni sia il pensiero laico: si tratterebbe di un\u2019operazione di relativismo che suggerirebbe di accettare la legittimit\u00e0 sia del pensiero religioso sia del pensiero ateo. Niente affatto. Non possiamo e non dobbiamo pi\u00f9 permettere di essere messi, noi non credenti, sullo stesso piano delle religioni che, mostruosamente e pervicacemente, hanno offeso per secoli la dignit\u00e0 e l\u2019esistenza degli esseri umani. Ribelliamoci a questa idea, non accettiamo che col pretesto della laicit\u00e0 tutti i discorsi si equivalgono: rivendichiamo la nostra superiorit\u00e0 morale ed etica, non tolleriamo che il mito, la menzogna eletta a sistema, la favola equiparata a parola di un dio siano sullo stesso piano della realt\u00e0 e della verit\u00e0. Non dimentichiamo mai che finch\u00e9 le persone umilieranno la propria dignit\u00e0 di esseri forniti dalla natura di intelligenza e raziocinio e si degraderanno a livello di pecore, troveranno sempre pronti gli opportunisti, i profittatori, i parassiti di turno che rivendicheranno per s\u00e9 stessi il rango di pastori.<\/p>\n<p>Eraldo Giulianelli<\/p>\n","protected":false},"excerpt":{"rendered":"<p>Le tre religioni monoteiste ci ripropongono, ancora oggi, la mostruosa contraddizione interna che le contraddistingue: \u201c Tu non ucciderai\u201d grida la Bibbia ebraica sulla pietra incisa da Dio con il suo dito ( Esodo XXXI, 18), subito seguita dal Salvatore cristiano che invita ad amare e perdonare il proprio nemico e , a ruota, dal [&hellip;]<\/p>\n","protected":false},"author":7,"featured_media":0,"comment_status":"closed","ping_status":"closed","sticky":false,"template":"","format":"standard","meta":{"footnotes":""},"categories":[238,234],"tags":[1265,1363,6],"class_list":["post-12597","post","type-post","status-publish","format-standard","hentry","category-articoli","category-storia","tag-erlado-giulianelli","tag-non-uccidere","tag-storia"],"yoast_head":"<!-- This site is optimized with the Yoast SEO plugin v27.1.1 - https:\/\/yoast.com\/product\/yoast-seo-wordpress\/ -->\n<title>Gli immemori - Associazione Culturale Civilt\u00e0 Laica<\/title>\n<meta name=\"robots\" content=\"index, follow, max-snippet:-1, max-image-preview:large, max-video-preview:-1\" \/>\n<link rel=\"canonical\" href=\"https:\/\/www.civiltalaica.it\/cms\/gli-immemori\/\" \/>\n<meta property=\"og:locale\" content=\"it_IT\" \/>\n<meta property=\"og:type\" content=\"article\" \/>\n<meta property=\"og:title\" content=\"Gli immemori - Associazione Culturale Civilt\u00e0 Laica\" \/>\n<meta property=\"og:description\" content=\"Le tre religioni monoteiste ci ripropongono, ancora oggi, la mostruosa contraddizione interna che le contraddistingue: \u201c Tu non ucciderai\u201d grida la Bibbia ebraica sulla pietra incisa da Dio con il suo dito ( Esodo XXXI, 18), subito seguita dal Salvatore cristiano che invita ad amare e perdonare il proprio nemico e , a ruota, dal [&hellip;]\" \/>\n<meta property=\"og:url\" content=\"https:\/\/www.civiltalaica.it\/cms\/gli-immemori\/\" \/>\n<meta property=\"og:site_name\" content=\"Associazione Culturale Civilt\u00e0 Laica\" \/>\n<meta property=\"article:publisher\" content=\"https:\/\/www.facebook.com\/civiltalaica\" \/>\n<meta property=\"article:published_time\" content=\"2014-09-28T19:29:58+00:00\" \/>\n<meta property=\"og:image\" content=\"http:\/\/www.civiltalaica.it\/cms\/wp-content\/uploads\/2013\/02\/inquisition-wheel.jpg\" \/>\n<meta name=\"author\" content=\"alexjc\" \/>\n<meta name=\"twitter:card\" content=\"summary_large_image\" \/>\n<meta name=\"twitter:label1\" content=\"Scritto da\" \/>\n\t<meta name=\"twitter:data1\" content=\"alexjc\" \/>\n\t<meta name=\"twitter:label2\" content=\"Tempo di lettura stimato\" \/>\n\t<meta name=\"twitter:data2\" content=\"5 minuti\" \/>\n<script type=\"application\/ld+json\" class=\"yoast-schema-graph\">{\"@context\":\"https:\/\/schema.org\",\"@graph\":[{\"@type\":\"Article\",\"@id\":\"https:\/\/www.civiltalaica.it\/cms\/gli-immemori\/#article\",\"isPartOf\":{\"@id\":\"https:\/\/www.civiltalaica.it\/cms\/gli-immemori\/\"},\"author\":{\"name\":\"alexjc\",\"@id\":\"https:\/\/www.civiltalaica.it\/cms\/#\/schema\/person\/4efef56f866329a1e0943eb27336df1d\"},\"headline\":\"Gli immemori\",\"datePublished\":\"2014-09-28T19:29:58+00:00\",\"mainEntityOfPage\":{\"@id\":\"https:\/\/www.civiltalaica.it\/cms\/gli-immemori\/\"},\"wordCount\":994,\"image\":{\"@id\":\"https:\/\/www.civiltalaica.it\/cms\/gli-immemori\/#primaryimage\"},\"thumbnailUrl\":\"http:\/\/www.civiltalaica.it\/cms\/wp-content\/uploads\/2013\/02\/inquisition-wheel.jpg\",\"keywords\":[\"erlado giulianelli\",\"non uccidere\",\"Storia\"],\"articleSection\":[\"articoli\",\"storia\"],\"inLanguage\":\"it-IT\"},{\"@type\":\"WebPage\",\"@id\":\"https:\/\/www.civiltalaica.it\/cms\/gli-immemori\/\",\"url\":\"https:\/\/www.civiltalaica.it\/cms\/gli-immemori\/\",\"name\":\"Gli immemori - Associazione Culturale Civilt\u00e0 Laica\",\"isPartOf\":{\"@id\":\"https:\/\/www.civiltalaica.it\/cms\/#website\"},\"primaryImageOfPage\":{\"@id\":\"https:\/\/www.civiltalaica.it\/cms\/gli-immemori\/#primaryimage\"},\"image\":{\"@id\":\"https:\/\/www.civiltalaica.it\/cms\/gli-immemori\/#primaryimage\"},\"thumbnailUrl\":\"http:\/\/www.civiltalaica.it\/cms\/wp-content\/uploads\/2013\/02\/inquisition-wheel.jpg\",\"datePublished\":\"2014-09-28T19:29:58+00:00\",\"author\":{\"@id\":\"https:\/\/www.civiltalaica.it\/cms\/#\/schema\/person\/4efef56f866329a1e0943eb27336df1d\"},\"breadcrumb\":{\"@id\":\"https:\/\/www.civiltalaica.it\/cms\/gli-immemori\/#breadcrumb\"},\"inLanguage\":\"it-IT\",\"potentialAction\":[{\"@type\":\"ReadAction\",\"target\":[\"https:\/\/www.civiltalaica.it\/cms\/gli-immemori\/\"]}]},{\"@type\":\"ImageObject\",\"inLanguage\":\"it-IT\",\"@id\":\"https:\/\/www.civiltalaica.it\/cms\/gli-immemori\/#primaryimage\",\"url\":\"http:\/\/www.civiltalaica.it\/cms\/wp-content\/uploads\/2013\/02\/inquisition-wheel.jpg\",\"contentUrl\":\"http:\/\/www.civiltalaica.it\/cms\/wp-content\/uploads\/2013\/02\/inquisition-wheel.jpg\"},{\"@type\":\"BreadcrumbList\",\"@id\":\"https:\/\/www.civiltalaica.it\/cms\/gli-immemori\/#breadcrumb\",\"itemListElement\":[{\"@type\":\"ListItem\",\"position\":1,\"name\":\"Home\",\"item\":\"https:\/\/www.civiltalaica.it\/cms\/\"},{\"@type\":\"ListItem\",\"position\":2,\"name\":\"Gli immemori\"}]},{\"@type\":\"WebSite\",\"@id\":\"https:\/\/www.civiltalaica.it\/cms\/#website\",\"url\":\"https:\/\/www.civiltalaica.it\/cms\/\",\"name\":\"Associazione Culturale Civilt\u00e0 Laica\",\"description\":\"Per un movimento culturale volto a difendere la Laicit\u00e0 dello Stato.\",\"potentialAction\":[{\"@type\":\"SearchAction\",\"target\":{\"@type\":\"EntryPoint\",\"urlTemplate\":\"https:\/\/www.civiltalaica.it\/cms\/?s={search_term_string}\"},\"query-input\":{\"@type\":\"PropertyValueSpecification\",\"valueRequired\":true,\"valueName\":\"search_term_string\"}}],\"inLanguage\":\"it-IT\"},{\"@type\":\"Person\",\"@id\":\"https:\/\/www.civiltalaica.it\/cms\/#\/schema\/person\/4efef56f866329a1e0943eb27336df1d\",\"name\":\"alexjc\",\"url\":\"https:\/\/www.civiltalaica.it\/cms\/author\/alexjc\/\"}]}<\/script>\n<!-- \/ Yoast SEO plugin. -->","yoast_head_json":{"title":"Gli immemori - Associazione Culturale Civilt\u00e0 Laica","robots":{"index":"index","follow":"follow","max-snippet":"max-snippet:-1","max-image-preview":"max-image-preview:large","max-video-preview":"max-video-preview:-1"},"canonical":"https:\/\/www.civiltalaica.it\/cms\/gli-immemori\/","og_locale":"it_IT","og_type":"article","og_title":"Gli immemori - Associazione Culturale Civilt\u00e0 Laica","og_description":"Le tre religioni monoteiste ci ripropongono, ancora oggi, la mostruosa contraddizione interna che le contraddistingue: \u201c Tu non ucciderai\u201d grida la Bibbia ebraica sulla pietra incisa da Dio con il suo dito ( Esodo XXXI, 18), subito seguita dal Salvatore cristiano che invita ad amare e perdonare il proprio nemico e , a ruota, dal [&hellip;]","og_url":"https:\/\/www.civiltalaica.it\/cms\/gli-immemori\/","og_site_name":"Associazione Culturale Civilt\u00e0 Laica","article_publisher":"https:\/\/www.facebook.com\/civiltalaica","article_published_time":"2014-09-28T19:29:58+00:00","og_image":[{"url":"http:\/\/www.civiltalaica.it\/cms\/wp-content\/uploads\/2013\/02\/inquisition-wheel.jpg","type":"","width":"","height":""}],"author":"alexjc","twitter_card":"summary_large_image","twitter_misc":{"Scritto da":"alexjc","Tempo di lettura stimato":"5 minuti"},"schema":{"@context":"https:\/\/schema.org","@graph":[{"@type":"Article","@id":"https:\/\/www.civiltalaica.it\/cms\/gli-immemori\/#article","isPartOf":{"@id":"https:\/\/www.civiltalaica.it\/cms\/gli-immemori\/"},"author":{"name":"alexjc","@id":"https:\/\/www.civiltalaica.it\/cms\/#\/schema\/person\/4efef56f866329a1e0943eb27336df1d"},"headline":"Gli immemori","datePublished":"2014-09-28T19:29:58+00:00","mainEntityOfPage":{"@id":"https:\/\/www.civiltalaica.it\/cms\/gli-immemori\/"},"wordCount":994,"image":{"@id":"https:\/\/www.civiltalaica.it\/cms\/gli-immemori\/#primaryimage"},"thumbnailUrl":"http:\/\/www.civiltalaica.it\/cms\/wp-content\/uploads\/2013\/02\/inquisition-wheel.jpg","keywords":["erlado giulianelli","non uccidere","Storia"],"articleSection":["articoli","storia"],"inLanguage":"it-IT"},{"@type":"WebPage","@id":"https:\/\/www.civiltalaica.it\/cms\/gli-immemori\/","url":"https:\/\/www.civiltalaica.it\/cms\/gli-immemori\/","name":"Gli immemori - Associazione Culturale Civilt\u00e0 Laica","isPartOf":{"@id":"https:\/\/www.civiltalaica.it\/cms\/#website"},"primaryImageOfPage":{"@id":"https:\/\/www.civiltalaica.it\/cms\/gli-immemori\/#primaryimage"},"image":{"@id":"https:\/\/www.civiltalaica.it\/cms\/gli-immemori\/#primaryimage"},"thumbnailUrl":"http:\/\/www.civiltalaica.it\/cms\/wp-content\/uploads\/2013\/02\/inquisition-wheel.jpg","datePublished":"2014-09-28T19:29:58+00:00","author":{"@id":"https:\/\/www.civiltalaica.it\/cms\/#\/schema\/person\/4efef56f866329a1e0943eb27336df1d"},"breadcrumb":{"@id":"https:\/\/www.civiltalaica.it\/cms\/gli-immemori\/#breadcrumb"},"inLanguage":"it-IT","potentialAction":[{"@type":"ReadAction","target":["https:\/\/www.civiltalaica.it\/cms\/gli-immemori\/"]}]},{"@type":"ImageObject","inLanguage":"it-IT","@id":"https:\/\/www.civiltalaica.it\/cms\/gli-immemori\/#primaryimage","url":"http:\/\/www.civiltalaica.it\/cms\/wp-content\/uploads\/2013\/02\/inquisition-wheel.jpg","contentUrl":"http:\/\/www.civiltalaica.it\/cms\/wp-content\/uploads\/2013\/02\/inquisition-wheel.jpg"},{"@type":"BreadcrumbList","@id":"https:\/\/www.civiltalaica.it\/cms\/gli-immemori\/#breadcrumb","itemListElement":[{"@type":"ListItem","position":1,"name":"Home","item":"https:\/\/www.civiltalaica.it\/cms\/"},{"@type":"ListItem","position":2,"name":"Gli immemori"}]},{"@type":"WebSite","@id":"https:\/\/www.civiltalaica.it\/cms\/#website","url":"https:\/\/www.civiltalaica.it\/cms\/","name":"Associazione Culturale Civilt\u00e0 Laica","description":"Per un movimento culturale volto a difendere la Laicit\u00e0 dello Stato.","potentialAction":[{"@type":"SearchAction","target":{"@type":"EntryPoint","urlTemplate":"https:\/\/www.civiltalaica.it\/cms\/?s={search_term_string}"},"query-input":{"@type":"PropertyValueSpecification","valueRequired":true,"valueName":"search_term_string"}}],"inLanguage":"it-IT"},{"@type":"Person","@id":"https:\/\/www.civiltalaica.it\/cms\/#\/schema\/person\/4efef56f866329a1e0943eb27336df1d","name":"alexjc","url":"https:\/\/www.civiltalaica.it\/cms\/author\/alexjc\/"}]}},"_links":{"self":[{"href":"https:\/\/www.civiltalaica.it\/cms\/wp-json\/wp\/v2\/posts\/12597","targetHints":{"allow":["GET"]}}],"collection":[{"href":"https:\/\/www.civiltalaica.it\/cms\/wp-json\/wp\/v2\/posts"}],"about":[{"href":"https:\/\/www.civiltalaica.it\/cms\/wp-json\/wp\/v2\/types\/post"}],"author":[{"embeddable":true,"href":"https:\/\/www.civiltalaica.it\/cms\/wp-json\/wp\/v2\/users\/7"}],"replies":[{"embeddable":true,"href":"https:\/\/www.civiltalaica.it\/cms\/wp-json\/wp\/v2\/comments?post=12597"}],"version-history":[{"count":0,"href":"https:\/\/www.civiltalaica.it\/cms\/wp-json\/wp\/v2\/posts\/12597\/revisions"}],"wp:attachment":[{"href":"https:\/\/www.civiltalaica.it\/cms\/wp-json\/wp\/v2\/media?parent=12597"}],"wp:term":[{"taxonomy":"category","embeddable":true,"href":"https:\/\/www.civiltalaica.it\/cms\/wp-json\/wp\/v2\/categories?post=12597"},{"taxonomy":"post_tag","embeddable":true,"href":"https:\/\/www.civiltalaica.it\/cms\/wp-json\/wp\/v2\/tags?post=12597"}],"curies":[{"name":"wp","href":"https:\/\/api.w.org\/{rel}","templated":true}]}}