{"id":12515,"date":"2014-07-23T17:09:04","date_gmt":"2014-07-23T17:09:04","guid":{"rendered":"http:\/\/www.civiltalaica.it\/cms\/?p=12515"},"modified":"2014-07-23T17:10:35","modified_gmt":"2014-07-23T17:10:35","slug":"parita-scolastica-il-paradosso-italiano","status":"publish","type":"post","link":"https:\/\/www.civiltalaica.it\/cms\/parita-scolastica-il-paradosso-italiano\/","title":{"rendered":"Parit\u00e0 scolastica, il paradosso italiano"},"content":{"rendered":"<p><span style=\"font: 14px\/20px Verdana, Geneva, Arial, Helvetica, sans-serif; text-align: justify; color: #000000; text-transform: none; text-indent: 0px; letter-spacing: normal; word-spacing: 0px; float: none; display: inline !important; white-space: normal; background-color: #ffffff; -webkit-text-stroke-width: 0px;\">La vicenda dell&#8217;insegnante trentina alla quale una scuola cattolica non ha rinnovato l&#8217;incarico perch\u00e9 lesbica apre scenari che vanno al di l\u00e0 del semplice principio di non discriminazione sancito dalla nostra Costituzione.<span class=\"Apple-converted-space\">\u00a0<!--more--><\/span><\/span><br style=\"font: 14px\/20px Verdana, Geneva, Arial, Helvetica, sans-serif; text-align: justify; color: #000000; text-transform: none; text-indent: 0px; letter-spacing: normal; word-spacing: 0px; white-space: normal; background-color: #ffffff; -webkit-text-stroke-width: 0px;\" \/><span style=\"font: 14px\/20px Verdana, Geneva, Arial, Helvetica, sans-serif; text-align: justify; color: #000000; text-transform: none; text-indent: 0px; letter-spacing: normal; word-spacing: 0px; float: none; display: inline !important; white-space: normal; background-color: #ffffff; -webkit-text-stroke-width: 0px;\"><a href=\"http:\/\/www.civiltalaica.it\/cms\/wp-content\/uploads\/2011\/07\/bandiera-croce1.jpg\"><img loading=\"lazy\" decoding=\"async\" class=\"alignleft size-full wp-image-9809\" src=\"http:\/\/www.civiltalaica.it\/cms\/wp-content\/uploads\/2011\/07\/bandiera-croce1.jpg\" alt=\"bandiera-croce1\" width=\"300\" height=\"200\" \/><\/a>Il fatto: a contratto in scadenza, la docente viene convocata dalla madre superiora e direttrice dell&#8217;istituto parificato, il Sacro Cuore di Trento. Nel colloquio, le viene chiesto di smentire la sua vociferata omosessualit\u00e0 pena il mancato rinnovo. \u00abChiaramente &#8211; commenta l&#8217;insegnante al<span class=\"Apple-converted-space\">\u00a0<\/span><\/span><i style=\"text-align: justify; color: #000000; text-transform: none; line-height: 20px; text-indent: 0px; letter-spacing: normal; font-family: Verdana, Geneva, Arial, Helvetica, sans-serif; font-size: 14px; font-variant: normal; font-weight: normal; word-spacing: 0px; white-space: normal; background-color: #ffffff; -webkit-text-stroke-width: 0px;\">Fatto quotidiano<\/i><span style=\"font: 14px\/20px Verdana, Geneva, Arial, Helvetica, sans-serif; text-align: justify; color: #000000; text-transform: none; text-indent: 0px; letter-spacing: normal; word-spacing: 0px; float: none; display: inline !important; white-space: normal; background-color: #ffffff; -webkit-text-stroke-width: 0px;\"><span class=\"Apple-converted-space\">\u00a0<\/span>&#8211; mi sono rifiutata di rispondere: mi sono sentita offesa, per quella domanda che entra a gamba tesa dentro la vita privata di una persona. Lei per\u00f2 non ha desistito: sembrava che le bastasse una mia smentita in quella sede, ma alla fine ha detto che se non rispondevo era perch\u00e9 evidentemente le voci erano vere e se non dimostravo il desiderio di risolvere quel problema non c&#8217;erano possibilit\u00e0 d&#8217;intesa\u00bb. E quindi contratto addio.<span class=\"Apple-converted-space\">\u00a0<\/span><\/span><br style=\"font: 14px\/20px Verdana, Geneva, Arial, Helvetica, sans-serif; text-align: justify; color: #000000; text-transform: none; text-indent: 0px; letter-spacing: normal; word-spacing: 0px; white-space: normal; background-color: #ffffff; -webkit-text-stroke-width: 0px;\" \/><br style=\"font: 14px\/20px Verdana, Geneva, Arial, Helvetica, sans-serif; text-align: justify; color: #000000; text-transform: none; text-indent: 0px; letter-spacing: normal; word-spacing: 0px; white-space: normal; background-color: #ffffff; -webkit-text-stroke-width: 0px;\" \/><span style=\"font: 14px\/20px Verdana, Geneva, Arial, Helvetica, sans-serif; text-align: justify; color: #000000; text-transform: none; text-indent: 0px; letter-spacing: normal; word-spacing: 0px; float: none; display: inline !important; white-space: normal; background-color: #ffffff; -webkit-text-stroke-width: 0px;\">Nel putiferio di reazioni che l&#8217;episodio ha scatenato, il fronte cattolico difende la legittimit\u00e0 dell&#8217;operato della direttrice sostenendo che gli insegnanti di un istituto privato devono rispettare i valori professati dall&#8217;istituto stesso. Una persona omosessuale, in sintesi, non pu\u00f2 insegnare in una scuola cattolica perch\u00e9 i suoi comportamenti privati ledono i principi del cattolicesimo sulla famiglia. Questa, almeno, la versione ufficiale, a cui per\u00f2 sarebbe bene aggiungere, almeno per onest\u00e0 intellettuale, che il cattolicesimo continua a considerare l&#8217;omoaffettivit\u00e0 un \u00abdisordine morale\u00bb e a condannarla in tutti i documenti dottrinali, Catechismo compreso.<span class=\"Apple-converted-space\">\u00a0<\/span><\/span><br style=\"font: 14px\/20px Verdana, Geneva, Arial, Helvetica, sans-serif; text-align: justify; color: #000000; text-transform: none; text-indent: 0px; letter-spacing: normal; word-spacing: 0px; white-space: normal; background-color: #ffffff; -webkit-text-stroke-width: 0px;\" \/><br style=\"font: 14px\/20px Verdana, Geneva, Arial, Helvetica, sans-serif; text-align: justify; color: #000000; text-transform: none; text-indent: 0px; letter-spacing: normal; word-spacing: 0px; white-space: normal; background-color: #ffffff; -webkit-text-stroke-width: 0px;\" \/><span style=\"font: 14px\/20px Verdana, Geneva, Arial, Helvetica, sans-serif; text-align: justify; color: #000000; text-transform: none; text-indent: 0px; letter-spacing: normal; word-spacing: 0px; float: none; display: inline !important; white-space: normal; background-color: #ffffff; -webkit-text-stroke-width: 0px;\">Ora, non basta appellarsi alla nostra carta costituzionale, che sancisce la piena uguaglianza sociale di tutti i cittadini \u00abdavanti alla legge, senza distinzione di sesso, di razza, di lingua, di religione, di opinioni politiche, di condizioni personali e sociali\u00bb. Questo \u00e8 solo l&#8217;aspetto pi\u00f9 evidente della faccenda e potr\u00e0 essere impugnato, se la docente lo riterr\u00e0 opportuno, in sede giudiziaria. La riflessione che il mero fatto di cronaca dovrebbe aprire ha un respiro un po&#8217; pi\u00f9 ampio. Le scuole cattoliche, se paritarie come quella di Trento, sono equiparate a tutti gli effetti a quelle pubbliche pur rispondendo a principi completamente diversi. E infatti educano gli studenti a una visione religiosa del mondo con tutto ci\u00f2 che questa comporta, dall&#8217;insegnamento del creazionismo &#8211; per i pi\u00f9 evoluti &#8220;disegno intelligente&#8221; &#8211; al &#8220;peccato&#8221; derivante dall&#8217;esercizio, in ambito sessuale, riproduttivo e affettivo della libert\u00e0 personale. In pi\u00f9 lo Stato italiano finanzia questi istituti per un totale annuo di circa 325 milioni, ai quali si aggiungono gli almeno 500 milioni di contributi che a vario titolo Comuni, Province e Regioni erogano in modo autonomo (inchiesta Uaar &#8220;<\/span><a style=\"font: 14px\/20px Verdana, Geneva, Arial, Helvetica, sans-serif; text-align: justify; color: #4f5ea4; text-transform: none; text-indent: 0px; letter-spacing: normal; text-decoration: underline; word-spacing: 0px; white-space: normal; background-color: #ffffff; -webkit-text-stroke-width: 0px;\" href=\"http:\/\/www.icostidellachiesa.it\/\" target=\"_blank\">I costi della Chiesa<\/a><span style=\"font: 14px\/20px Verdana, Geneva, Arial, Helvetica, sans-serif; text-align: justify; color: #000000; text-transform: none; text-indent: 0px; letter-spacing: normal; word-spacing: 0px; float: none; display: inline !important; white-space: normal; background-color: #ffffff; -webkit-text-stroke-width: 0px;\">&#8220;). Tutti fondi sottratti all&#8217;istruzione pubblica, quella aperta a tutti e che non ammette discriminazioni ideologiche sia verso gli studenti sia verso i docenti perch\u00e9, per principio costituzionale, laica.<span class=\"Apple-converted-space\">\u00a0<\/span><\/span><br style=\"font: 14px\/20px Verdana, Geneva, Arial, Helvetica, sans-serif; text-align: justify; color: #000000; text-transform: none; text-indent: 0px; letter-spacing: normal; word-spacing: 0px; white-space: normal; background-color: #ffffff; -webkit-text-stroke-width: 0px;\" \/><br style=\"font: 14px\/20px Verdana, Geneva, Arial, Helvetica, sans-serif; text-align: justify; color: #000000; text-transform: none; text-indent: 0px; letter-spacing: normal; word-spacing: 0px; white-space: normal; background-color: #ffffff; -webkit-text-stroke-width: 0px;\" \/><span style=\"font: 14px\/20px Verdana, Geneva, Arial, Helvetica, sans-serif; text-align: justify; color: #000000; text-transform: none; text-indent: 0px; letter-spacing: normal; word-spacing: 0px; float: none; display: inline !important; white-space: normal; background-color: #ffffff; -webkit-text-stroke-width: 0px;\">In quest&#8217;ottica, la vicenda di Trento mette il dito in una piaga dolente comunque vada a finire. La discriminazione operata dalle scuole cattoliche non avviene solo<span class=\"Apple-converted-space\">\u00a0<\/span><\/span><i style=\"text-align: justify; color: #000000; text-transform: none; line-height: 20px; text-indent: 0px; letter-spacing: normal; font-family: Verdana, Geneva, Arial, Helvetica, sans-serif; font-size: 14px; font-variant: normal; font-weight: normal; word-spacing: 0px; white-space: normal; background-color: #ffffff; -webkit-text-stroke-width: 0px;\">ex post<\/i><span style=\"font: 14px\/20px Verdana, Geneva, Arial, Helvetica, sans-serif; text-align: justify; color: #000000; text-transform: none; text-indent: 0px; letter-spacing: normal; word-spacing: 0px; float: none; display: inline !important; white-space: normal; background-color: #ffffff; -webkit-text-stroke-width: 0px;\">, come in questo caso, ma anche<\/span><i style=\"text-align: justify; color: #000000; text-transform: none; line-height: 20px; text-indent: 0px; letter-spacing: normal; font-family: Verdana, Geneva, Arial, Helvetica, sans-serif; font-size: 14px; font-variant: normal; font-weight: normal; word-spacing: 0px; white-space: normal; background-color: #ffffff; -webkit-text-stroke-width: 0px;\">ex ante<\/i><span style=\"font: 14px\/20px Verdana, Geneva, Arial, Helvetica, sans-serif; text-align: justify; color: #000000; text-transform: none; text-indent: 0px; letter-spacing: normal; word-spacing: 0px; float: none; display: inline !important; white-space: normal; background-color: #ffffff; -webkit-text-stroke-width: 0px;\"><span class=\"Apple-converted-space\">\u00a0<\/span>senza che ci\u00f2 costituisca una violazione ai principi di uguaglianza fondanti del nostro ordinamento giuridico e scolastico. E, ci\u00f2 che \u00e8 ancor pi\u00f9 grave, con il beneplacito e il sostegno economico dello Stato.<\/span><br style=\"font: 14px\/20px Verdana, Geneva, Arial, Helvetica, sans-serif; text-align: justify; color: #000000; text-transform: none; text-indent: 0px; letter-spacing: normal; word-spacing: 0px; white-space: normal; background-color: #ffffff; -webkit-text-stroke-width: 0px;\" \/><span style=\"font: 14px\/20px Verdana, Geneva, Arial, Helvetica, sans-serif; text-align: justify; color: #000000; text-transform: none; text-indent: 0px; letter-spacing: normal; word-spacing: 0px; float: none; display: inline !important; white-space: normal; background-color: #ffffff; -webkit-text-stroke-width: 0px;\">Il quadro \u00e8 a dir poco schizofrenico: un Paese che si proclama laico e condanna per bocca dei suoi rappresentanti la violenza di stampo omofobico, non lesina nel riconoscere e per giunta finanziare chi semina discriminazione &#8211; ossia il germe di quella stessa violenza &#8211; nei cittadini di domani. Su queste basi, ogni istanza di progresso civile sui temi legati all&#8217;autodeterminazione della persona ha il sapore amaro dell&#8217;ipocrisia.<span class=\"Apple-converted-space\">\u00a0<\/span><\/span><br style=\"font: 14px\/20px Verdana, Geneva, Arial, Helvetica, sans-serif; text-align: justify; color: #000000; text-transform: none; text-indent: 0px; letter-spacing: normal; word-spacing: 0px; white-space: normal; background-color: #ffffff; -webkit-text-stroke-width: 0px;\" \/><br style=\"font: 14px\/20px Verdana, Geneva, Arial, Helvetica, sans-serif; text-align: justify; color: #000000; text-transform: none; text-indent: 0px; letter-spacing: normal; word-spacing: 0px; white-space: normal; background-color: #ffffff; -webkit-text-stroke-width: 0px;\" \/><b style=\"text-align: justify; color: #000000; text-transform: none; line-height: 20px; text-indent: 0px; letter-spacing: normal; font-family: Verdana, Geneva, Arial, Helvetica, sans-serif; font-size: 14px; font-style: normal; font-variant: normal; word-spacing: 0px; white-space: normal; background-color: #ffffff; -webkit-text-stroke-width: 0px;\">Cecilia M. Calamani<\/b><span style=\"font: 14px\/20px Verdana, Geneva, Arial, Helvetica, sans-serif; text-align: justify; color: #000000; text-transform: none; text-indent: 0px; letter-spacing: normal; word-spacing: 0px; float: none; display: inline !important; white-space: normal; background-color: #ffffff; -webkit-text-stroke-width: 0px;\"><span class=\"Apple-converted-space\">\u00a0&#8211; <a href=\"http:\/\/cronachelaiche.globalist.it\/Detail_News_Display?ID=107139&amp;typeb=0&amp;Parita-scolastica-il-paradosso-italiano\">Cronache Laiche<\/a><\/span><\/span><\/p>\n","protected":false},"excerpt":{"rendered":"<p>La vicenda dell&#8217;insegnante trentina alla quale una scuola cattolica non ha rinnovato l&#8217;incarico perch\u00e9 lesbica apre scenari che vanno al di l\u00e0 del semplice principio di non discriminazione sancito dalla nostra Costituzione.\u00a0<\/p>\n","protected":false},"author":7,"featured_media":0,"comment_status":"closed","ping_status":"closed","sticky":false,"template":"","format":"standard","meta":{"footnotes":""},"categories":[238,230],"tags":[75,250,65,487,486],"class_list":["post-12515","post","type-post","status-publish","format-standard","hentry","category-articoli","category-attualita","tag-cecilia-calamani","tag-laicita","tag-scuola","tag-scuola-privata","tag-scuola-pubblica"],"yoast_head":"<!-- This site is optimized with the Yoast SEO plugin v27.1.1 - https:\/\/yoast.com\/product\/yoast-seo-wordpress\/ -->\n<title>Parit\u00e0 scolastica, il paradosso italiano - Associazione Culturale Civilt\u00e0 Laica<\/title>\n<meta name=\"robots\" content=\"index, follow, max-snippet:-1, max-image-preview:large, max-video-preview:-1\" \/>\n<link rel=\"canonical\" href=\"https:\/\/www.civiltalaica.it\/cms\/parita-scolastica-il-paradosso-italiano\/\" \/>\n<meta property=\"og:locale\" content=\"it_IT\" \/>\n<meta property=\"og:type\" content=\"article\" \/>\n<meta property=\"og:title\" content=\"Parit\u00e0 scolastica, il paradosso italiano - Associazione Culturale Civilt\u00e0 Laica\" \/>\n<meta property=\"og:description\" content=\"La vicenda dell&#8217;insegnante trentina alla quale una scuola cattolica non ha rinnovato l&#8217;incarico perch\u00e9 lesbica apre scenari che vanno al di l\u00e0 del semplice principio di non discriminazione sancito dalla nostra Costituzione.\u00a0\" \/>\n<meta property=\"og:url\" content=\"https:\/\/www.civiltalaica.it\/cms\/parita-scolastica-il-paradosso-italiano\/\" \/>\n<meta property=\"og:site_name\" content=\"Associazione Culturale Civilt\u00e0 Laica\" \/>\n<meta property=\"article:publisher\" content=\"https:\/\/www.facebook.com\/civiltalaica\" \/>\n<meta property=\"article:published_time\" content=\"2014-07-23T17:09:04+00:00\" \/>\n<meta property=\"article:modified_time\" content=\"2014-07-23T17:10:35+00:00\" \/>\n<meta property=\"og:image\" content=\"http:\/\/www.civiltalaica.it\/cms\/wp-content\/uploads\/2011\/07\/bandiera-croce1.jpg\" \/>\n<meta name=\"author\" content=\"alexjc\" \/>\n<meta name=\"twitter:card\" content=\"summary_large_image\" \/>\n<meta name=\"twitter:label1\" content=\"Scritto da\" \/>\n\t<meta name=\"twitter:data1\" content=\"alexjc\" \/>\n\t<meta name=\"twitter:label2\" content=\"Tempo di lettura stimato\" \/>\n\t<meta name=\"twitter:data2\" content=\"3 minuti\" \/>\n<script type=\"application\/ld+json\" class=\"yoast-schema-graph\">{\"@context\":\"https:\/\/schema.org\",\"@graph\":[{\"@type\":\"Article\",\"@id\":\"https:\/\/www.civiltalaica.it\/cms\/parita-scolastica-il-paradosso-italiano\/#article\",\"isPartOf\":{\"@id\":\"https:\/\/www.civiltalaica.it\/cms\/parita-scolastica-il-paradosso-italiano\/\"},\"author\":{\"name\":\"alexjc\",\"@id\":\"https:\/\/www.civiltalaica.it\/cms\/#\/schema\/person\/4efef56f866329a1e0943eb27336df1d\"},\"headline\":\"Parit\u00e0 scolastica, il paradosso italiano\",\"datePublished\":\"2014-07-23T17:09:04+00:00\",\"dateModified\":\"2014-07-23T17:10:35+00:00\",\"mainEntityOfPage\":{\"@id\":\"https:\/\/www.civiltalaica.it\/cms\/parita-scolastica-il-paradosso-italiano\/\"},\"wordCount\":598,\"image\":{\"@id\":\"https:\/\/www.civiltalaica.it\/cms\/parita-scolastica-il-paradosso-italiano\/#primaryimage\"},\"thumbnailUrl\":\"http:\/\/www.civiltalaica.it\/cms\/wp-content\/uploads\/2011\/07\/bandiera-croce1.jpg\",\"keywords\":[\"cecilia calamani\",\"laicit\u00e0\",\"Scuola\",\"scuola privata\",\"scuola pubblica\"],\"articleSection\":[\"articoli\",\"attualit\u00e0\"],\"inLanguage\":\"it-IT\"},{\"@type\":\"WebPage\",\"@id\":\"https:\/\/www.civiltalaica.it\/cms\/parita-scolastica-il-paradosso-italiano\/\",\"url\":\"https:\/\/www.civiltalaica.it\/cms\/parita-scolastica-il-paradosso-italiano\/\",\"name\":\"Parit\u00e0 scolastica, il paradosso italiano - Associazione Culturale Civilt\u00e0 Laica\",\"isPartOf\":{\"@id\":\"https:\/\/www.civiltalaica.it\/cms\/#website\"},\"primaryImageOfPage\":{\"@id\":\"https:\/\/www.civiltalaica.it\/cms\/parita-scolastica-il-paradosso-italiano\/#primaryimage\"},\"image\":{\"@id\":\"https:\/\/www.civiltalaica.it\/cms\/parita-scolastica-il-paradosso-italiano\/#primaryimage\"},\"thumbnailUrl\":\"http:\/\/www.civiltalaica.it\/cms\/wp-content\/uploads\/2011\/07\/bandiera-croce1.jpg\",\"datePublished\":\"2014-07-23T17:09:04+00:00\",\"dateModified\":\"2014-07-23T17:10:35+00:00\",\"author\":{\"@id\":\"https:\/\/www.civiltalaica.it\/cms\/#\/schema\/person\/4efef56f866329a1e0943eb27336df1d\"},\"breadcrumb\":{\"@id\":\"https:\/\/www.civiltalaica.it\/cms\/parita-scolastica-il-paradosso-italiano\/#breadcrumb\"},\"inLanguage\":\"it-IT\",\"potentialAction\":[{\"@type\":\"ReadAction\",\"target\":[\"https:\/\/www.civiltalaica.it\/cms\/parita-scolastica-il-paradosso-italiano\/\"]}]},{\"@type\":\"ImageObject\",\"inLanguage\":\"it-IT\",\"@id\":\"https:\/\/www.civiltalaica.it\/cms\/parita-scolastica-il-paradosso-italiano\/#primaryimage\",\"url\":\"http:\/\/www.civiltalaica.it\/cms\/wp-content\/uploads\/2011\/07\/bandiera-croce1.jpg\",\"contentUrl\":\"http:\/\/www.civiltalaica.it\/cms\/wp-content\/uploads\/2011\/07\/bandiera-croce1.jpg\"},{\"@type\":\"BreadcrumbList\",\"@id\":\"https:\/\/www.civiltalaica.it\/cms\/parita-scolastica-il-paradosso-italiano\/#breadcrumb\",\"itemListElement\":[{\"@type\":\"ListItem\",\"position\":1,\"name\":\"Home\",\"item\":\"https:\/\/www.civiltalaica.it\/cms\/\"},{\"@type\":\"ListItem\",\"position\":2,\"name\":\"Parit\u00e0 scolastica, il paradosso italiano\"}]},{\"@type\":\"WebSite\",\"@id\":\"https:\/\/www.civiltalaica.it\/cms\/#website\",\"url\":\"https:\/\/www.civiltalaica.it\/cms\/\",\"name\":\"Associazione Culturale Civilt\u00e0 Laica\",\"description\":\"Per un movimento culturale volto a difendere la Laicit\u00e0 dello Stato.\",\"potentialAction\":[{\"@type\":\"SearchAction\",\"target\":{\"@type\":\"EntryPoint\",\"urlTemplate\":\"https:\/\/www.civiltalaica.it\/cms\/?s={search_term_string}\"},\"query-input\":{\"@type\":\"PropertyValueSpecification\",\"valueRequired\":true,\"valueName\":\"search_term_string\"}}],\"inLanguage\":\"it-IT\"},{\"@type\":\"Person\",\"@id\":\"https:\/\/www.civiltalaica.it\/cms\/#\/schema\/person\/4efef56f866329a1e0943eb27336df1d\",\"name\":\"alexjc\",\"url\":\"https:\/\/www.civiltalaica.it\/cms\/author\/alexjc\/\"}]}<\/script>\n<!-- \/ Yoast SEO plugin. -->","yoast_head_json":{"title":"Parit\u00e0 scolastica, il paradosso italiano - Associazione Culturale Civilt\u00e0 Laica","robots":{"index":"index","follow":"follow","max-snippet":"max-snippet:-1","max-image-preview":"max-image-preview:large","max-video-preview":"max-video-preview:-1"},"canonical":"https:\/\/www.civiltalaica.it\/cms\/parita-scolastica-il-paradosso-italiano\/","og_locale":"it_IT","og_type":"article","og_title":"Parit\u00e0 scolastica, il paradosso italiano - Associazione Culturale Civilt\u00e0 Laica","og_description":"La vicenda dell&#8217;insegnante trentina alla quale una scuola cattolica non ha rinnovato l&#8217;incarico perch\u00e9 lesbica apre scenari che vanno al di l\u00e0 del semplice principio di non discriminazione sancito dalla nostra Costituzione.\u00a0","og_url":"https:\/\/www.civiltalaica.it\/cms\/parita-scolastica-il-paradosso-italiano\/","og_site_name":"Associazione Culturale Civilt\u00e0 Laica","article_publisher":"https:\/\/www.facebook.com\/civiltalaica","article_published_time":"2014-07-23T17:09:04+00:00","article_modified_time":"2014-07-23T17:10:35+00:00","og_image":[{"url":"http:\/\/www.civiltalaica.it\/cms\/wp-content\/uploads\/2011\/07\/bandiera-croce1.jpg","type":"","width":"","height":""}],"author":"alexjc","twitter_card":"summary_large_image","twitter_misc":{"Scritto da":"alexjc","Tempo di lettura stimato":"3 minuti"},"schema":{"@context":"https:\/\/schema.org","@graph":[{"@type":"Article","@id":"https:\/\/www.civiltalaica.it\/cms\/parita-scolastica-il-paradosso-italiano\/#article","isPartOf":{"@id":"https:\/\/www.civiltalaica.it\/cms\/parita-scolastica-il-paradosso-italiano\/"},"author":{"name":"alexjc","@id":"https:\/\/www.civiltalaica.it\/cms\/#\/schema\/person\/4efef56f866329a1e0943eb27336df1d"},"headline":"Parit\u00e0 scolastica, il paradosso italiano","datePublished":"2014-07-23T17:09:04+00:00","dateModified":"2014-07-23T17:10:35+00:00","mainEntityOfPage":{"@id":"https:\/\/www.civiltalaica.it\/cms\/parita-scolastica-il-paradosso-italiano\/"},"wordCount":598,"image":{"@id":"https:\/\/www.civiltalaica.it\/cms\/parita-scolastica-il-paradosso-italiano\/#primaryimage"},"thumbnailUrl":"http:\/\/www.civiltalaica.it\/cms\/wp-content\/uploads\/2011\/07\/bandiera-croce1.jpg","keywords":["cecilia calamani","laicit\u00e0","Scuola","scuola privata","scuola pubblica"],"articleSection":["articoli","attualit\u00e0"],"inLanguage":"it-IT"},{"@type":"WebPage","@id":"https:\/\/www.civiltalaica.it\/cms\/parita-scolastica-il-paradosso-italiano\/","url":"https:\/\/www.civiltalaica.it\/cms\/parita-scolastica-il-paradosso-italiano\/","name":"Parit\u00e0 scolastica, il paradosso italiano - Associazione Culturale Civilt\u00e0 Laica","isPartOf":{"@id":"https:\/\/www.civiltalaica.it\/cms\/#website"},"primaryImageOfPage":{"@id":"https:\/\/www.civiltalaica.it\/cms\/parita-scolastica-il-paradosso-italiano\/#primaryimage"},"image":{"@id":"https:\/\/www.civiltalaica.it\/cms\/parita-scolastica-il-paradosso-italiano\/#primaryimage"},"thumbnailUrl":"http:\/\/www.civiltalaica.it\/cms\/wp-content\/uploads\/2011\/07\/bandiera-croce1.jpg","datePublished":"2014-07-23T17:09:04+00:00","dateModified":"2014-07-23T17:10:35+00:00","author":{"@id":"https:\/\/www.civiltalaica.it\/cms\/#\/schema\/person\/4efef56f866329a1e0943eb27336df1d"},"breadcrumb":{"@id":"https:\/\/www.civiltalaica.it\/cms\/parita-scolastica-il-paradosso-italiano\/#breadcrumb"},"inLanguage":"it-IT","potentialAction":[{"@type":"ReadAction","target":["https:\/\/www.civiltalaica.it\/cms\/parita-scolastica-il-paradosso-italiano\/"]}]},{"@type":"ImageObject","inLanguage":"it-IT","@id":"https:\/\/www.civiltalaica.it\/cms\/parita-scolastica-il-paradosso-italiano\/#primaryimage","url":"http:\/\/www.civiltalaica.it\/cms\/wp-content\/uploads\/2011\/07\/bandiera-croce1.jpg","contentUrl":"http:\/\/www.civiltalaica.it\/cms\/wp-content\/uploads\/2011\/07\/bandiera-croce1.jpg"},{"@type":"BreadcrumbList","@id":"https:\/\/www.civiltalaica.it\/cms\/parita-scolastica-il-paradosso-italiano\/#breadcrumb","itemListElement":[{"@type":"ListItem","position":1,"name":"Home","item":"https:\/\/www.civiltalaica.it\/cms\/"},{"@type":"ListItem","position":2,"name":"Parit\u00e0 scolastica, il paradosso italiano"}]},{"@type":"WebSite","@id":"https:\/\/www.civiltalaica.it\/cms\/#website","url":"https:\/\/www.civiltalaica.it\/cms\/","name":"Associazione Culturale Civilt\u00e0 Laica","description":"Per un movimento culturale volto a difendere la Laicit\u00e0 dello Stato.","potentialAction":[{"@type":"SearchAction","target":{"@type":"EntryPoint","urlTemplate":"https:\/\/www.civiltalaica.it\/cms\/?s={search_term_string}"},"query-input":{"@type":"PropertyValueSpecification","valueRequired":true,"valueName":"search_term_string"}}],"inLanguage":"it-IT"},{"@type":"Person","@id":"https:\/\/www.civiltalaica.it\/cms\/#\/schema\/person\/4efef56f866329a1e0943eb27336df1d","name":"alexjc","url":"https:\/\/www.civiltalaica.it\/cms\/author\/alexjc\/"}]}},"_links":{"self":[{"href":"https:\/\/www.civiltalaica.it\/cms\/wp-json\/wp\/v2\/posts\/12515","targetHints":{"allow":["GET"]}}],"collection":[{"href":"https:\/\/www.civiltalaica.it\/cms\/wp-json\/wp\/v2\/posts"}],"about":[{"href":"https:\/\/www.civiltalaica.it\/cms\/wp-json\/wp\/v2\/types\/post"}],"author":[{"embeddable":true,"href":"https:\/\/www.civiltalaica.it\/cms\/wp-json\/wp\/v2\/users\/7"}],"replies":[{"embeddable":true,"href":"https:\/\/www.civiltalaica.it\/cms\/wp-json\/wp\/v2\/comments?post=12515"}],"version-history":[{"count":0,"href":"https:\/\/www.civiltalaica.it\/cms\/wp-json\/wp\/v2\/posts\/12515\/revisions"}],"wp:attachment":[{"href":"https:\/\/www.civiltalaica.it\/cms\/wp-json\/wp\/v2\/media?parent=12515"}],"wp:term":[{"taxonomy":"category","embeddable":true,"href":"https:\/\/www.civiltalaica.it\/cms\/wp-json\/wp\/v2\/categories?post=12515"},{"taxonomy":"post_tag","embeddable":true,"href":"https:\/\/www.civiltalaica.it\/cms\/wp-json\/wp\/v2\/tags?post=12515"}],"curies":[{"name":"wp","href":"https:\/\/api.w.org\/{rel}","templated":true}]}}