{"id":12497,"date":"2014-07-03T16:12:34","date_gmt":"2014-07-03T16:12:34","guid":{"rendered":"http:\/\/www.civiltalaica.it\/cms\/?p=12497"},"modified":"2014-07-03T16:12:34","modified_gmt":"2014-07-03T16:12:34","slug":"lelefante-nella-stanza","status":"publish","type":"post","link":"https:\/\/www.civiltalaica.it\/cms\/lelefante-nella-stanza\/","title":{"rendered":"L\u2019elefante nella stanza"},"content":{"rendered":"<p>L\u2019espressione inglese da bene l\u2019idea della situazione sulla laicit\u00e0 e sui diritti civili nel nostro paese.<br \/>\u201cThe elephant in the room\u201d \u00e8 un gergo in uso nei paesi anglosassoni per indicare qualcosa che \u00e8 sempre pi\u00f9 ingombrante, che causa disagi, ma dato che nessuno sa come affrontarlo si preferisce evitare la discussione. Quindi la perfetta casalinga inglese che si ritrova un elefante nella stanza da pranzo, continuer\u00e0 imperterrita a preparare la cena al marito, ad invitare le amiche per il th\u00e8, nonostante ci sia questa presenza ingombrante.<!--more--><a href=\"http:\/\/www.civiltalaica.it\/cms\/wp-content\/uploads\/2014\/07\/elephant-in-the-room.jpg\"><img loading=\"lazy\" decoding=\"async\" class=\"alignleft size-medium wp-image-12498\" src=\"http:\/\/www.civiltalaica.it\/cms\/wp-content\/uploads\/2014\/07\/elephant-in-the-room-300x228.jpg\" alt=\"elephant-in-the-room\" width=\"300\" height=\"228\" srcset=\"https:\/\/www.civiltalaica.it\/cms\/wp-content\/uploads\/2014\/07\/elephant-in-the-room-300x228.jpg 300w, https:\/\/www.civiltalaica.it\/cms\/wp-content\/uploads\/2014\/07\/elephant-in-the-room.jpg 540w\" sizes=\"auto, (max-width: 300px) 100vw, 300px\" \/><\/a> E dato che un elefante nella stanza non si pu\u00f2 non vedere tutti sanno che c\u2019\u00e8 ma nessuno dir\u00e0 una parola sul fatto che ci sia. Cos\u00ec l\u2019amica suggerir\u00e0: \u201ccara, dovresti spostare il tavolo pi\u00f9 a sinistra, avresti pi\u00f9 luce e guadagneresti spazio\u201d oppure, dopo che l\u2019elefante ha mollato i suoi escrementi \u201ccara, sai che c\u2019\u00e8 un profumo per ambienti potentissimo in vendita al drugstore?\u201d.<br \/>La situazione nel nostro paese pi\u00f9 o meno \u00e8 questa, tutti sanno che nella \u201cstanza\u201d dove viviamo c&#8217;\u00e8 un \u201celefante\u201d che si chiama Vaticano ed impedisce di perseguire una politica normale di integrazione e di concessione dei diritti civili, che per di pi\u00f9 ci costa (a tutti noi italiani) 6,5 miliardi di euro l\u2019anno, che ingerisce continuamente su una vasta gamma di argomenti che vanno dall\u2019educazione sessuale al proibizionismo sulle droghe, ma tutti (o quasi, noi ovviamente no) continuano a far finta di niente perch\u00e9 nessuno sa come affrontare il problema. O meglio il problema non si pu\u00f2 affrontare pena la propria carriera politica.<br \/>Cos\u00ec continuiamo a prenderci in giro, cambiando per la quarta volta il nome ai Pacs solo perch\u00e9 questa sigla \u00e8 sgradita oltretevere e dopo i Dico e Didore arrivano le Civil Partnership targate Matteo Renzi che promette a Settembre saranno varate. (Perch\u00e9 a Settembre? Tre mesi di vacanze fanno i parlamentari?). Continuiamo ad ignorare i problemi legati al \u201cfine vita\u201d, argomento assolutamente tab\u00f9 per ogni forza politica; solo grazie ad iniziative estemporanee (come quella del primario del Gemelli di Roma) l&#8217;argomento torna ogni tanto all&#8217;attenzione dei media.<br \/>Continuiamo a prenderci in giro dando per buoni i ragionamenti clericali di Umberto Folena dell&#8217;Avvenire ripresi prima dalla Gelmini e poi da tutti gli altri ministri dell&#8217;Istruzione secondo cui finanziare le scuole private sarebbe un risparmio e non un onere per l&#8217;Italia (cosa smentita recentemente anche dalla Fondazione Agnelli).<br \/>Insomma l&#8217;Elefante \u00e8 nella stanza, ma nessuno ne vuole parlare, la situazione va avanti cos\u00ec da decenni e non abbiamo il minimo sentore che le cose possano cambiare.<br \/>L&#8217;unica speranza \u00e8 che muoia prima o poi di vecchiaia.<br \/><strong>Alessandro Chiometti <\/strong><\/p>\n","protected":false},"excerpt":{"rendered":"<p>L\u2019espressione inglese da bene l\u2019idea della situazione sulla laicit\u00e0 e sui diritti civili nel nostro paese.\u201cThe elephant in the room\u201d \u00e8 un gergo in uso nei paesi anglosassoni per indicare qualcosa che \u00e8 sempre pi\u00f9 ingombrante, che causa disagi, ma dato che nessuno sa come affrontarlo si preferisce evitare la discussione. Quindi la perfetta casalinga [&hellip;]<\/p>\n","protected":false},"author":7,"featured_media":0,"comment_status":"closed","ping_status":"closed","sticky":false,"template":"","format":"standard","meta":{"footnotes":""},"categories":[238,230],"tags":[79,158,1349,250],"class_list":["post-12497","post","type-post","status-publish","format-standard","hentry","category-articoli","category-attualita","tag-alessandro-chiometti","tag-diritti-civili","tag-elefante-nella-stanza","tag-laicita"],"yoast_head":"<!-- This site is optimized with the Yoast SEO plugin v27.1.1 - https:\/\/yoast.com\/product\/yoast-seo-wordpress\/ -->\n<title>L\u2019elefante nella stanza - Associazione Culturale Civilt\u00e0 Laica<\/title>\n<meta name=\"robots\" content=\"index, follow, max-snippet:-1, max-image-preview:large, max-video-preview:-1\" \/>\n<link rel=\"canonical\" href=\"https:\/\/www.civiltalaica.it\/cms\/lelefante-nella-stanza\/\" \/>\n<meta property=\"og:locale\" content=\"it_IT\" \/>\n<meta property=\"og:type\" content=\"article\" \/>\n<meta property=\"og:title\" content=\"L\u2019elefante nella stanza - Associazione Culturale Civilt\u00e0 Laica\" \/>\n<meta property=\"og:description\" content=\"L\u2019espressione inglese da bene l\u2019idea della situazione sulla laicit\u00e0 e sui diritti civili nel nostro paese.\u201cThe elephant in the room\u201d \u00e8 un gergo in uso nei paesi anglosassoni per indicare qualcosa che \u00e8 sempre pi\u00f9 ingombrante, che causa disagi, ma dato che nessuno sa come affrontarlo si preferisce evitare la discussione. Quindi la perfetta casalinga [&hellip;]\" \/>\n<meta property=\"og:url\" content=\"https:\/\/www.civiltalaica.it\/cms\/lelefante-nella-stanza\/\" \/>\n<meta property=\"og:site_name\" content=\"Associazione Culturale Civilt\u00e0 Laica\" \/>\n<meta property=\"article:publisher\" content=\"https:\/\/www.facebook.com\/civiltalaica\" \/>\n<meta property=\"article:published_time\" content=\"2014-07-03T16:12:34+00:00\" \/>\n<meta property=\"og:image\" content=\"http:\/\/www.civiltalaica.it\/cms\/wp-content\/uploads\/2014\/07\/elephant-in-the-room-300x228.jpg\" \/>\n<meta name=\"author\" content=\"alexjc\" \/>\n<meta name=\"twitter:card\" content=\"summary_large_image\" \/>\n<meta name=\"twitter:label1\" content=\"Scritto da\" \/>\n\t<meta name=\"twitter:data1\" content=\"alexjc\" \/>\n\t<meta name=\"twitter:label2\" content=\"Tempo di lettura stimato\" \/>\n\t<meta name=\"twitter:data2\" content=\"2 minuti\" \/>\n<script type=\"application\/ld+json\" class=\"yoast-schema-graph\">{\"@context\":\"https:\/\/schema.org\",\"@graph\":[{\"@type\":\"Article\",\"@id\":\"https:\/\/www.civiltalaica.it\/cms\/lelefante-nella-stanza\/#article\",\"isPartOf\":{\"@id\":\"https:\/\/www.civiltalaica.it\/cms\/lelefante-nella-stanza\/\"},\"author\":{\"name\":\"alexjc\",\"@id\":\"https:\/\/www.civiltalaica.it\/cms\/#\/schema\/person\/4efef56f866329a1e0943eb27336df1d\"},\"headline\":\"L\u2019elefante nella stanza\",\"datePublished\":\"2014-07-03T16:12:34+00:00\",\"mainEntityOfPage\":{\"@id\":\"https:\/\/www.civiltalaica.it\/cms\/lelefante-nella-stanza\/\"},\"wordCount\":435,\"image\":{\"@id\":\"https:\/\/www.civiltalaica.it\/cms\/lelefante-nella-stanza\/#primaryimage\"},\"thumbnailUrl\":\"http:\/\/www.civiltalaica.it\/cms\/wp-content\/uploads\/2014\/07\/elephant-in-the-room-300x228.jpg\",\"keywords\":[\"alessandro chiometti\",\"diritti civili\",\"elefante nella stanza\",\"laicit\u00e0\"],\"articleSection\":[\"articoli\",\"attualit\u00e0\"],\"inLanguage\":\"it-IT\"},{\"@type\":\"WebPage\",\"@id\":\"https:\/\/www.civiltalaica.it\/cms\/lelefante-nella-stanza\/\",\"url\":\"https:\/\/www.civiltalaica.it\/cms\/lelefante-nella-stanza\/\",\"name\":\"L\u2019elefante nella stanza - Associazione Culturale Civilt\u00e0 Laica\",\"isPartOf\":{\"@id\":\"https:\/\/www.civiltalaica.it\/cms\/#website\"},\"primaryImageOfPage\":{\"@id\":\"https:\/\/www.civiltalaica.it\/cms\/lelefante-nella-stanza\/#primaryimage\"},\"image\":{\"@id\":\"https:\/\/www.civiltalaica.it\/cms\/lelefante-nella-stanza\/#primaryimage\"},\"thumbnailUrl\":\"http:\/\/www.civiltalaica.it\/cms\/wp-content\/uploads\/2014\/07\/elephant-in-the-room-300x228.jpg\",\"datePublished\":\"2014-07-03T16:12:34+00:00\",\"author\":{\"@id\":\"https:\/\/www.civiltalaica.it\/cms\/#\/schema\/person\/4efef56f866329a1e0943eb27336df1d\"},\"breadcrumb\":{\"@id\":\"https:\/\/www.civiltalaica.it\/cms\/lelefante-nella-stanza\/#breadcrumb\"},\"inLanguage\":\"it-IT\",\"potentialAction\":[{\"@type\":\"ReadAction\",\"target\":[\"https:\/\/www.civiltalaica.it\/cms\/lelefante-nella-stanza\/\"]}]},{\"@type\":\"ImageObject\",\"inLanguage\":\"it-IT\",\"@id\":\"https:\/\/www.civiltalaica.it\/cms\/lelefante-nella-stanza\/#primaryimage\",\"url\":\"http:\/\/www.civiltalaica.it\/cms\/wp-content\/uploads\/2014\/07\/elephant-in-the-room-300x228.jpg\",\"contentUrl\":\"http:\/\/www.civiltalaica.it\/cms\/wp-content\/uploads\/2014\/07\/elephant-in-the-room-300x228.jpg\"},{\"@type\":\"BreadcrumbList\",\"@id\":\"https:\/\/www.civiltalaica.it\/cms\/lelefante-nella-stanza\/#breadcrumb\",\"itemListElement\":[{\"@type\":\"ListItem\",\"position\":1,\"name\":\"Home\",\"item\":\"https:\/\/www.civiltalaica.it\/cms\/\"},{\"@type\":\"ListItem\",\"position\":2,\"name\":\"L\u2019elefante nella stanza\"}]},{\"@type\":\"WebSite\",\"@id\":\"https:\/\/www.civiltalaica.it\/cms\/#website\",\"url\":\"https:\/\/www.civiltalaica.it\/cms\/\",\"name\":\"Associazione Culturale Civilt\u00e0 Laica\",\"description\":\"Per un movimento culturale volto a difendere la Laicit\u00e0 dello Stato.\",\"potentialAction\":[{\"@type\":\"SearchAction\",\"target\":{\"@type\":\"EntryPoint\",\"urlTemplate\":\"https:\/\/www.civiltalaica.it\/cms\/?s={search_term_string}\"},\"query-input\":{\"@type\":\"PropertyValueSpecification\",\"valueRequired\":true,\"valueName\":\"search_term_string\"}}],\"inLanguage\":\"it-IT\"},{\"@type\":\"Person\",\"@id\":\"https:\/\/www.civiltalaica.it\/cms\/#\/schema\/person\/4efef56f866329a1e0943eb27336df1d\",\"name\":\"alexjc\",\"url\":\"https:\/\/www.civiltalaica.it\/cms\/author\/alexjc\/\"}]}<\/script>\n<!-- \/ Yoast SEO plugin. -->","yoast_head_json":{"title":"L\u2019elefante nella stanza - Associazione Culturale Civilt\u00e0 Laica","robots":{"index":"index","follow":"follow","max-snippet":"max-snippet:-1","max-image-preview":"max-image-preview:large","max-video-preview":"max-video-preview:-1"},"canonical":"https:\/\/www.civiltalaica.it\/cms\/lelefante-nella-stanza\/","og_locale":"it_IT","og_type":"article","og_title":"L\u2019elefante nella stanza - Associazione Culturale Civilt\u00e0 Laica","og_description":"L\u2019espressione inglese da bene l\u2019idea della situazione sulla laicit\u00e0 e sui diritti civili nel nostro paese.\u201cThe elephant in the room\u201d \u00e8 un gergo in uso nei paesi anglosassoni per indicare qualcosa che \u00e8 sempre pi\u00f9 ingombrante, che causa disagi, ma dato che nessuno sa come affrontarlo si preferisce evitare la discussione. Quindi la perfetta casalinga [&hellip;]","og_url":"https:\/\/www.civiltalaica.it\/cms\/lelefante-nella-stanza\/","og_site_name":"Associazione Culturale Civilt\u00e0 Laica","article_publisher":"https:\/\/www.facebook.com\/civiltalaica","article_published_time":"2014-07-03T16:12:34+00:00","og_image":[{"url":"http:\/\/www.civiltalaica.it\/cms\/wp-content\/uploads\/2014\/07\/elephant-in-the-room-300x228.jpg","type":"","width":"","height":""}],"author":"alexjc","twitter_card":"summary_large_image","twitter_misc":{"Scritto da":"alexjc","Tempo di lettura stimato":"2 minuti"},"schema":{"@context":"https:\/\/schema.org","@graph":[{"@type":"Article","@id":"https:\/\/www.civiltalaica.it\/cms\/lelefante-nella-stanza\/#article","isPartOf":{"@id":"https:\/\/www.civiltalaica.it\/cms\/lelefante-nella-stanza\/"},"author":{"name":"alexjc","@id":"https:\/\/www.civiltalaica.it\/cms\/#\/schema\/person\/4efef56f866329a1e0943eb27336df1d"},"headline":"L\u2019elefante nella stanza","datePublished":"2014-07-03T16:12:34+00:00","mainEntityOfPage":{"@id":"https:\/\/www.civiltalaica.it\/cms\/lelefante-nella-stanza\/"},"wordCount":435,"image":{"@id":"https:\/\/www.civiltalaica.it\/cms\/lelefante-nella-stanza\/#primaryimage"},"thumbnailUrl":"http:\/\/www.civiltalaica.it\/cms\/wp-content\/uploads\/2014\/07\/elephant-in-the-room-300x228.jpg","keywords":["alessandro chiometti","diritti civili","elefante nella stanza","laicit\u00e0"],"articleSection":["articoli","attualit\u00e0"],"inLanguage":"it-IT"},{"@type":"WebPage","@id":"https:\/\/www.civiltalaica.it\/cms\/lelefante-nella-stanza\/","url":"https:\/\/www.civiltalaica.it\/cms\/lelefante-nella-stanza\/","name":"L\u2019elefante nella stanza - Associazione Culturale Civilt\u00e0 Laica","isPartOf":{"@id":"https:\/\/www.civiltalaica.it\/cms\/#website"},"primaryImageOfPage":{"@id":"https:\/\/www.civiltalaica.it\/cms\/lelefante-nella-stanza\/#primaryimage"},"image":{"@id":"https:\/\/www.civiltalaica.it\/cms\/lelefante-nella-stanza\/#primaryimage"},"thumbnailUrl":"http:\/\/www.civiltalaica.it\/cms\/wp-content\/uploads\/2014\/07\/elephant-in-the-room-300x228.jpg","datePublished":"2014-07-03T16:12:34+00:00","author":{"@id":"https:\/\/www.civiltalaica.it\/cms\/#\/schema\/person\/4efef56f866329a1e0943eb27336df1d"},"breadcrumb":{"@id":"https:\/\/www.civiltalaica.it\/cms\/lelefante-nella-stanza\/#breadcrumb"},"inLanguage":"it-IT","potentialAction":[{"@type":"ReadAction","target":["https:\/\/www.civiltalaica.it\/cms\/lelefante-nella-stanza\/"]}]},{"@type":"ImageObject","inLanguage":"it-IT","@id":"https:\/\/www.civiltalaica.it\/cms\/lelefante-nella-stanza\/#primaryimage","url":"http:\/\/www.civiltalaica.it\/cms\/wp-content\/uploads\/2014\/07\/elephant-in-the-room-300x228.jpg","contentUrl":"http:\/\/www.civiltalaica.it\/cms\/wp-content\/uploads\/2014\/07\/elephant-in-the-room-300x228.jpg"},{"@type":"BreadcrumbList","@id":"https:\/\/www.civiltalaica.it\/cms\/lelefante-nella-stanza\/#breadcrumb","itemListElement":[{"@type":"ListItem","position":1,"name":"Home","item":"https:\/\/www.civiltalaica.it\/cms\/"},{"@type":"ListItem","position":2,"name":"L\u2019elefante nella stanza"}]},{"@type":"WebSite","@id":"https:\/\/www.civiltalaica.it\/cms\/#website","url":"https:\/\/www.civiltalaica.it\/cms\/","name":"Associazione Culturale Civilt\u00e0 Laica","description":"Per un movimento culturale volto a difendere la Laicit\u00e0 dello Stato.","potentialAction":[{"@type":"SearchAction","target":{"@type":"EntryPoint","urlTemplate":"https:\/\/www.civiltalaica.it\/cms\/?s={search_term_string}"},"query-input":{"@type":"PropertyValueSpecification","valueRequired":true,"valueName":"search_term_string"}}],"inLanguage":"it-IT"},{"@type":"Person","@id":"https:\/\/www.civiltalaica.it\/cms\/#\/schema\/person\/4efef56f866329a1e0943eb27336df1d","name":"alexjc","url":"https:\/\/www.civiltalaica.it\/cms\/author\/alexjc\/"}]}},"_links":{"self":[{"href":"https:\/\/www.civiltalaica.it\/cms\/wp-json\/wp\/v2\/posts\/12497","targetHints":{"allow":["GET"]}}],"collection":[{"href":"https:\/\/www.civiltalaica.it\/cms\/wp-json\/wp\/v2\/posts"}],"about":[{"href":"https:\/\/www.civiltalaica.it\/cms\/wp-json\/wp\/v2\/types\/post"}],"author":[{"embeddable":true,"href":"https:\/\/www.civiltalaica.it\/cms\/wp-json\/wp\/v2\/users\/7"}],"replies":[{"embeddable":true,"href":"https:\/\/www.civiltalaica.it\/cms\/wp-json\/wp\/v2\/comments?post=12497"}],"version-history":[{"count":0,"href":"https:\/\/www.civiltalaica.it\/cms\/wp-json\/wp\/v2\/posts\/12497\/revisions"}],"wp:attachment":[{"href":"https:\/\/www.civiltalaica.it\/cms\/wp-json\/wp\/v2\/media?parent=12497"}],"wp:term":[{"taxonomy":"category","embeddable":true,"href":"https:\/\/www.civiltalaica.it\/cms\/wp-json\/wp\/v2\/categories?post=12497"},{"taxonomy":"post_tag","embeddable":true,"href":"https:\/\/www.civiltalaica.it\/cms\/wp-json\/wp\/v2\/tags?post=12497"}],"curies":[{"name":"wp","href":"https:\/\/api.w.org\/{rel}","templated":true}]}}