{"id":12254,"date":"2014-04-01T17:32:59","date_gmt":"2014-04-01T17:32:59","guid":{"rendered":"http:\/\/www.civiltalaica.it\/cms\/?p=12254"},"modified":"2014-04-01T17:32:59","modified_gmt":"2014-04-01T17:32:59","slug":"laicita-e-costituzione-vii-e-ultima-parte","status":"publish","type":"post","link":"https:\/\/www.civiltalaica.it\/cms\/laicita-e-costituzione-vii-e-ultima-parte\/","title":{"rendered":"Laicit\u00e0 e costituzione (VII e ultima parte)"},"content":{"rendered":"<p><em>Riconduzione al diritto comune.<\/em><\/p>\n<p>Si fa sempre pi\u00f9 spazio nella cultura occidentale la tendenza a ritenere la religione un fatto privato, da vivere come intimo convincimento personale, in alternativa all\u2019idea che la religione abbia anche il compito di assolvere a funzioni sociali di tipo identitario e di coesione. <!--more--><a href=\"http:\/\/www.civiltalaica.it\/cms\/wp-content\/uploads\/2011\/07\/bandiera-croce1.jpg\"><img loading=\"lazy\" decoding=\"async\" class=\"alignleft size-full wp-image-9809\" alt=\"bandiera-croce1\" src=\"http:\/\/www.civiltalaica.it\/cms\/wp-content\/uploads\/2011\/07\/bandiera-croce1.jpg\" width=\"300\" height=\"200\" \/><\/a><br \/>Anche in Italia si avverte da qualche tempo un cambiamento nei confronti della religione, soprattutto presso le nuove generazioni che manifestano un atteggiamento di forte critico, o addirittura di totale indifferenza, nei confronti della religione e del clero.<br \/>Nonostante queste confortanti tendenze la realt\u00e0 Italiana \u00e8 ancora lontanissima rispetto alla meta di chi crede nella laicit\u00e0 dello Stato, la cui speranza \u00e8 che un giorno nel nostro paese si realizzi una nuova repubblica in cui le istituzioni e i politici siano distaccati dalle religioni e dalle Chiese e le leggi siano prive di ogni disposizione che agevola e avvantaggia la religione, finalmente considerata una semplice espressione del pensiero individuale. Il processo che dovrebbe condurre a questo Stato ideale dovr\u00e0 alimentarsi con nuove mutate convinzioni e solo allora potr\u00e0 mettersi mano al processo di revisione legislativa per modificare tutte le leggi &#8211; costituzionali, penali, civili, fiscal &#8211; che contengono norme che in qualche modo trattano della religione, riconoscono uno status particolare alla materia religiosa e assegnano, al cattolicesimo in particolare, un ruolo di rilievo pubblico e istituzionale. <br \/>Se si volesse preparare per un futuro legislatore un elenco delle norme da abrogare o modificare per far perdere all\u2019Italia il suo attuale carattere semi-confessionale, ecco le principali leggi su cui si dovrebbe intervenire. Non si tratta certamente di un elenco completo, visto l\u2019altissimo numero di disposizioni sulla materia: <br \/>abrogazione degli artt. 7, 8, 19 e 20 della Costituzione, o il loro superamento in via interpretativa;<br \/>abolizione del Concordato con la Chiesa Cattolica e delle Intese stipulate ai sensi dell\u2019art. 8 della Costituzione;<br \/>revoca della personalit\u00e0 giuridica degli enti ecclesiastici;<br \/>eliminazione di ogni norma che equipara le attivit\u00e0 di culto a quelle di beneficienza;<br \/>esclusione di ogni forma di presenza della religione nelle scuole e nelle comunit\u00e0;<br \/>abolizione delle festivit\u00e0 strettamente religiose;<br \/>soppressione delle erogazioni economiche dello Stato alle Chiese e del meccanismo dell\u20198 per mille; <br \/>cancellazione delle leggi che determinano vantaggi ed esenzioni fiscali alle Chiese;<br \/>ridimensionamento delle norme che prevedono l\u2019insediamento degli edifici di culto e la revoca di ogni tipo di finanziamento;<br \/>revoca dei contributi e delle agevolazioni dirette e indirette alle scuole paritarie;<br \/>eliminazione di ogni disposizione civile o penale che consente deroghe a comportamenti, altrimenti vietati, in quanto giustificati dalla religione o dal culto;<br \/>introduzione del divieto di esporre simboli religiosi negli spazi pubblici e in quelli istituzionali;<br \/>cancellazione degli esponenti del clero dall\u2019elenco delle autorit\u00e0 ammesse alle cerimonie pubbliche civili;<br \/>divieto per gli esponenti politici e delle istituzioni di partecipare alle cerimonie religiose se non a titolo personale;<br \/>abrogazione di ogni altra norma compresa nel diritto ecclesiastico.<br \/>Ma in una siffatta Italia ideale, in cui il Cattolicesimo non avr\u00e0 agevolazioni, privilegi ed eccezioni quale sar\u00e0 la sua condizione?<br \/>Proviamo a rifletterci:<br \/>Il fenomeno religioso non sarebbe pi\u00f9 trattato come appartenente a una categoria filosofica di rango superiore, ma sarebbe correttamente ricondotto nella pi\u00f9 ampia e generica categoria delle attivit\u00e0 culturali.<br \/>La libert\u00e0 religiosa e di culto sarebbe garantita non da norme particolari ma dalle generali garanzie previste dagli artt. 2 e 3 della Costituzione che gi\u00e0 riconoscono a tutti i cittadini i diritti inviolabili di libert\u00e0 e uguaglianza senza alcuna distinzione. <br \/>Le religioni sarebbero regolate dal \u201cdiritto comune\u201d ossia dalle leggi di carattere generale valide per tutti i cittadini. Le Chiese in quanto organizzazioni religiose sarebbero riconosciute come associazioni culturali di diritto privato e regolate dalle norme in materia. Chi riterr\u00e0 di sviluppare e credere all\u2019esistenza di una realt\u00e0 invisibile potr\u00e0 continuare a farlo ma non potr\u00e0 ottenere, per questo suo modo di concepire il mondo, particolari trattamenti da parte dello Stato. <br \/>Verrebbe meno ogni forma di riconoscimento di eccezioni o di favori per le religioni al di fuori di quelli previsti per le associazioni no-profit in cui le organizzazioni religiose potranno inquadrarsi semprech\u00e9 ne rispettino le caratteristiche.<br \/>Le attivit\u00e0 benefiche e assistenziali esercitate dalle organizzazioni di ispirazione religiosa potranno continuare ad operare beneficiando delle agevolazioni gi\u00e0 previste per tale tipo di attivit\u00e0.<br \/>Per rendere concretamente l\u2019idea, il Cattolicesimo in questa Italia futura avrebbe di fronte alla legge lo stesso rilievo che ha la Croce Rossa, la Federazione Gioco Calcio, Amnesty International e l\u2019Ente Nazionale Protezione animali, tutte organizzazioni di specchiata rispettabilit\u00e0 e indiscussa utilit\u00e0 sociale. <br \/>E\u2019 chiaro che uno Stato laico come quello descritto \u00e8 uno dei peggiori incubi delle gerarchie cattoliche. <br \/>Che cosa rappresenti per la Chiesa cattolica la prospettiva di un\u2019evoluzione laica dello Stato, l\u2019ha spiegato chiaramente l\u2019allora segretario della Cei Giuseppe Betori in un\u2019audizione davanti alla Commissione parlamentare per gli affari costituzionali (1):<br \/>\u201cLa finalit\u00e0 di garantire l\u2019eguale libert\u00e0 delle confessioni religiose si tradurrebbe in una normativa che prevede una sostanziale omologazione tra realt\u00e0 assai diverse e comporterebbe una tendenziale riconduzione al diritto comune della disciplina del fenomeno religioso. Questo risultato, da tempo auspicato da correnti dottrinali e gruppi politici minoritari, da un lato non appare fondato n\u00e9 coerente rispetto al disegno costituzionale delineato dagli artt. 7 e 8 Cost., n\u00e9 tanto meno in linea con la tradizione culturale del nostro paese e con il sentimento religioso della maggior parte della popolazione.\u201d Tradotto in un linguaggio, pi\u00f9 comprensibile Giuseppe Betori ha dichiarato che la Chiesa cattolica non vuole vedersi equiparata alle altre religioni, n\u00e9 tantomeno veder svuotato il sistema di privilegi che la Costituzione e le leggi hanno assegnato alla religione cattolica, il cui mantenimento, aggiungiamo noi, appare sempre pi\u00f9 anacronistico e inopportuno.<\/p>\n<p><strong>Dagoberto Frattaroli<\/strong><\/p>\n<p>(1) Audizione resa dal Segretario della Cei Giuseppe Betori alla Commissione parlamentare per gli affari costituzionali il 16 luglio 2007 sulle proposte di legge C. 36 Boato e C. 134 Spini recanti \u201cNorme sulla libert\u00e0 religiosa e abrogazione della legislazione sui culti ammessi\u201d.<\/p>\n","protected":false},"excerpt":{"rendered":"<p>Riconduzione al diritto comune. Si fa sempre pi\u00f9 spazio nella cultura occidentale la tendenza a ritenere la religione un fatto privato, da vivere come intimo convincimento personale, in alternativa all\u2019idea che la religione abbia anche il compito di assolvere a funzioni sociali di tipo identitario e di coesione.<\/p>\n","protected":false},"author":7,"featured_media":0,"comment_status":"closed","ping_status":"closed","sticky":false,"template":"","format":"standard","meta":{"footnotes":""},"categories":[238,232],"tags":[251,1325,250,1326],"class_list":["post-12254","post","type-post","status-publish","format-standard","hentry","category-articoli","category-riflessioni-2","tag-costituzione-italiana","tag-dagobertto-frattaroli","tag-laicita","tag-laicita-e-costituzione"],"yoast_head":"<!-- This site is optimized with the Yoast SEO plugin v27.1.1 - https:\/\/yoast.com\/product\/yoast-seo-wordpress\/ -->\n<title>Laicit\u00e0 e costituzione (VII e ultima parte) - Associazione Culturale Civilt\u00e0 Laica<\/title>\n<meta name=\"robots\" content=\"index, follow, max-snippet:-1, max-image-preview:large, max-video-preview:-1\" \/>\n<link rel=\"canonical\" href=\"https:\/\/www.civiltalaica.it\/cms\/laicita-e-costituzione-vii-e-ultima-parte\/\" \/>\n<meta property=\"og:locale\" content=\"it_IT\" \/>\n<meta property=\"og:type\" content=\"article\" \/>\n<meta property=\"og:title\" content=\"Laicit\u00e0 e costituzione (VII e ultima parte) - Associazione Culturale Civilt\u00e0 Laica\" \/>\n<meta property=\"og:description\" content=\"Riconduzione al diritto comune. Si fa sempre pi\u00f9 spazio nella cultura occidentale la tendenza a ritenere la religione un fatto privato, da vivere come intimo convincimento personale, in alternativa all\u2019idea che la religione abbia anche il compito di assolvere a funzioni sociali di tipo identitario e di coesione.\" \/>\n<meta property=\"og:url\" content=\"https:\/\/www.civiltalaica.it\/cms\/laicita-e-costituzione-vii-e-ultima-parte\/\" \/>\n<meta property=\"og:site_name\" content=\"Associazione Culturale Civilt\u00e0 Laica\" \/>\n<meta property=\"article:publisher\" content=\"https:\/\/www.facebook.com\/civiltalaica\" \/>\n<meta property=\"article:published_time\" content=\"2014-04-01T17:32:59+00:00\" \/>\n<meta property=\"og:image\" content=\"http:\/\/www.civiltalaica.it\/cms\/wp-content\/uploads\/2011\/07\/bandiera-croce1.jpg\" \/>\n<meta name=\"author\" content=\"alexjc\" \/>\n<meta name=\"twitter:card\" content=\"summary_large_image\" \/>\n<meta name=\"twitter:label1\" content=\"Scritto da\" \/>\n\t<meta name=\"twitter:data1\" content=\"alexjc\" \/>\n\t<meta name=\"twitter:label2\" content=\"Tempo di lettura stimato\" \/>\n\t<meta name=\"twitter:data2\" content=\"5 minuti\" \/>\n<script type=\"application\/ld+json\" class=\"yoast-schema-graph\">{\"@context\":\"https:\/\/schema.org\",\"@graph\":[{\"@type\":\"Article\",\"@id\":\"https:\/\/www.civiltalaica.it\/cms\/laicita-e-costituzione-vii-e-ultima-parte\/#article\",\"isPartOf\":{\"@id\":\"https:\/\/www.civiltalaica.it\/cms\/laicita-e-costituzione-vii-e-ultima-parte\/\"},\"author\":{\"name\":\"alexjc\",\"@id\":\"https:\/\/www.civiltalaica.it\/cms\/#\/schema\/person\/4efef56f866329a1e0943eb27336df1d\"},\"headline\":\"Laicit\u00e0 e costituzione (VII e ultima parte)\",\"datePublished\":\"2014-04-01T17:32:59+00:00\",\"mainEntityOfPage\":{\"@id\":\"https:\/\/www.civiltalaica.it\/cms\/laicita-e-costituzione-vii-e-ultima-parte\/\"},\"wordCount\":985,\"image\":{\"@id\":\"https:\/\/www.civiltalaica.it\/cms\/laicita-e-costituzione-vii-e-ultima-parte\/#primaryimage\"},\"thumbnailUrl\":\"http:\/\/www.civiltalaica.it\/cms\/wp-content\/uploads\/2011\/07\/bandiera-croce1.jpg\",\"keywords\":[\"costituzione italiana\",\"dagobertto frattaroli\",\"laicit\u00e0\",\"laicit\u00e0 e costituzione\"],\"articleSection\":[\"articoli\",\"riflessioni\"],\"inLanguage\":\"it-IT\"},{\"@type\":\"WebPage\",\"@id\":\"https:\/\/www.civiltalaica.it\/cms\/laicita-e-costituzione-vii-e-ultima-parte\/\",\"url\":\"https:\/\/www.civiltalaica.it\/cms\/laicita-e-costituzione-vii-e-ultima-parte\/\",\"name\":\"Laicit\u00e0 e costituzione (VII e ultima parte) - Associazione Culturale Civilt\u00e0 Laica\",\"isPartOf\":{\"@id\":\"https:\/\/www.civiltalaica.it\/cms\/#website\"},\"primaryImageOfPage\":{\"@id\":\"https:\/\/www.civiltalaica.it\/cms\/laicita-e-costituzione-vii-e-ultima-parte\/#primaryimage\"},\"image\":{\"@id\":\"https:\/\/www.civiltalaica.it\/cms\/laicita-e-costituzione-vii-e-ultima-parte\/#primaryimage\"},\"thumbnailUrl\":\"http:\/\/www.civiltalaica.it\/cms\/wp-content\/uploads\/2011\/07\/bandiera-croce1.jpg\",\"datePublished\":\"2014-04-01T17:32:59+00:00\",\"author\":{\"@id\":\"https:\/\/www.civiltalaica.it\/cms\/#\/schema\/person\/4efef56f866329a1e0943eb27336df1d\"},\"breadcrumb\":{\"@id\":\"https:\/\/www.civiltalaica.it\/cms\/laicita-e-costituzione-vii-e-ultima-parte\/#breadcrumb\"},\"inLanguage\":\"it-IT\",\"potentialAction\":[{\"@type\":\"ReadAction\",\"target\":[\"https:\/\/www.civiltalaica.it\/cms\/laicita-e-costituzione-vii-e-ultima-parte\/\"]}]},{\"@type\":\"ImageObject\",\"inLanguage\":\"it-IT\",\"@id\":\"https:\/\/www.civiltalaica.it\/cms\/laicita-e-costituzione-vii-e-ultima-parte\/#primaryimage\",\"url\":\"http:\/\/www.civiltalaica.it\/cms\/wp-content\/uploads\/2011\/07\/bandiera-croce1.jpg\",\"contentUrl\":\"http:\/\/www.civiltalaica.it\/cms\/wp-content\/uploads\/2011\/07\/bandiera-croce1.jpg\"},{\"@type\":\"BreadcrumbList\",\"@id\":\"https:\/\/www.civiltalaica.it\/cms\/laicita-e-costituzione-vii-e-ultima-parte\/#breadcrumb\",\"itemListElement\":[{\"@type\":\"ListItem\",\"position\":1,\"name\":\"Home\",\"item\":\"https:\/\/www.civiltalaica.it\/cms\/\"},{\"@type\":\"ListItem\",\"position\":2,\"name\":\"Laicit\u00e0 e costituzione (VII e ultima parte)\"}]},{\"@type\":\"WebSite\",\"@id\":\"https:\/\/www.civiltalaica.it\/cms\/#website\",\"url\":\"https:\/\/www.civiltalaica.it\/cms\/\",\"name\":\"Associazione Culturale Civilt\u00e0 Laica\",\"description\":\"Per un movimento culturale volto a difendere la Laicit\u00e0 dello Stato.\",\"potentialAction\":[{\"@type\":\"SearchAction\",\"target\":{\"@type\":\"EntryPoint\",\"urlTemplate\":\"https:\/\/www.civiltalaica.it\/cms\/?s={search_term_string}\"},\"query-input\":{\"@type\":\"PropertyValueSpecification\",\"valueRequired\":true,\"valueName\":\"search_term_string\"}}],\"inLanguage\":\"it-IT\"},{\"@type\":\"Person\",\"@id\":\"https:\/\/www.civiltalaica.it\/cms\/#\/schema\/person\/4efef56f866329a1e0943eb27336df1d\",\"name\":\"alexjc\",\"url\":\"https:\/\/www.civiltalaica.it\/cms\/author\/alexjc\/\"}]}<\/script>\n<!-- \/ Yoast SEO plugin. -->","yoast_head_json":{"title":"Laicit\u00e0 e costituzione (VII e ultima parte) - Associazione Culturale Civilt\u00e0 Laica","robots":{"index":"index","follow":"follow","max-snippet":"max-snippet:-1","max-image-preview":"max-image-preview:large","max-video-preview":"max-video-preview:-1"},"canonical":"https:\/\/www.civiltalaica.it\/cms\/laicita-e-costituzione-vii-e-ultima-parte\/","og_locale":"it_IT","og_type":"article","og_title":"Laicit\u00e0 e costituzione (VII e ultima parte) - Associazione Culturale Civilt\u00e0 Laica","og_description":"Riconduzione al diritto comune. Si fa sempre pi\u00f9 spazio nella cultura occidentale la tendenza a ritenere la religione un fatto privato, da vivere come intimo convincimento personale, in alternativa all\u2019idea che la religione abbia anche il compito di assolvere a funzioni sociali di tipo identitario e di coesione.","og_url":"https:\/\/www.civiltalaica.it\/cms\/laicita-e-costituzione-vii-e-ultima-parte\/","og_site_name":"Associazione Culturale Civilt\u00e0 Laica","article_publisher":"https:\/\/www.facebook.com\/civiltalaica","article_published_time":"2014-04-01T17:32:59+00:00","og_image":[{"url":"http:\/\/www.civiltalaica.it\/cms\/wp-content\/uploads\/2011\/07\/bandiera-croce1.jpg","type":"","width":"","height":""}],"author":"alexjc","twitter_card":"summary_large_image","twitter_misc":{"Scritto da":"alexjc","Tempo di lettura stimato":"5 minuti"},"schema":{"@context":"https:\/\/schema.org","@graph":[{"@type":"Article","@id":"https:\/\/www.civiltalaica.it\/cms\/laicita-e-costituzione-vii-e-ultima-parte\/#article","isPartOf":{"@id":"https:\/\/www.civiltalaica.it\/cms\/laicita-e-costituzione-vii-e-ultima-parte\/"},"author":{"name":"alexjc","@id":"https:\/\/www.civiltalaica.it\/cms\/#\/schema\/person\/4efef56f866329a1e0943eb27336df1d"},"headline":"Laicit\u00e0 e costituzione (VII e ultima parte)","datePublished":"2014-04-01T17:32:59+00:00","mainEntityOfPage":{"@id":"https:\/\/www.civiltalaica.it\/cms\/laicita-e-costituzione-vii-e-ultima-parte\/"},"wordCount":985,"image":{"@id":"https:\/\/www.civiltalaica.it\/cms\/laicita-e-costituzione-vii-e-ultima-parte\/#primaryimage"},"thumbnailUrl":"http:\/\/www.civiltalaica.it\/cms\/wp-content\/uploads\/2011\/07\/bandiera-croce1.jpg","keywords":["costituzione italiana","dagobertto frattaroli","laicit\u00e0","laicit\u00e0 e costituzione"],"articleSection":["articoli","riflessioni"],"inLanguage":"it-IT"},{"@type":"WebPage","@id":"https:\/\/www.civiltalaica.it\/cms\/laicita-e-costituzione-vii-e-ultima-parte\/","url":"https:\/\/www.civiltalaica.it\/cms\/laicita-e-costituzione-vii-e-ultima-parte\/","name":"Laicit\u00e0 e costituzione (VII e ultima parte) - Associazione Culturale Civilt\u00e0 Laica","isPartOf":{"@id":"https:\/\/www.civiltalaica.it\/cms\/#website"},"primaryImageOfPage":{"@id":"https:\/\/www.civiltalaica.it\/cms\/laicita-e-costituzione-vii-e-ultima-parte\/#primaryimage"},"image":{"@id":"https:\/\/www.civiltalaica.it\/cms\/laicita-e-costituzione-vii-e-ultima-parte\/#primaryimage"},"thumbnailUrl":"http:\/\/www.civiltalaica.it\/cms\/wp-content\/uploads\/2011\/07\/bandiera-croce1.jpg","datePublished":"2014-04-01T17:32:59+00:00","author":{"@id":"https:\/\/www.civiltalaica.it\/cms\/#\/schema\/person\/4efef56f866329a1e0943eb27336df1d"},"breadcrumb":{"@id":"https:\/\/www.civiltalaica.it\/cms\/laicita-e-costituzione-vii-e-ultima-parte\/#breadcrumb"},"inLanguage":"it-IT","potentialAction":[{"@type":"ReadAction","target":["https:\/\/www.civiltalaica.it\/cms\/laicita-e-costituzione-vii-e-ultima-parte\/"]}]},{"@type":"ImageObject","inLanguage":"it-IT","@id":"https:\/\/www.civiltalaica.it\/cms\/laicita-e-costituzione-vii-e-ultima-parte\/#primaryimage","url":"http:\/\/www.civiltalaica.it\/cms\/wp-content\/uploads\/2011\/07\/bandiera-croce1.jpg","contentUrl":"http:\/\/www.civiltalaica.it\/cms\/wp-content\/uploads\/2011\/07\/bandiera-croce1.jpg"},{"@type":"BreadcrumbList","@id":"https:\/\/www.civiltalaica.it\/cms\/laicita-e-costituzione-vii-e-ultima-parte\/#breadcrumb","itemListElement":[{"@type":"ListItem","position":1,"name":"Home","item":"https:\/\/www.civiltalaica.it\/cms\/"},{"@type":"ListItem","position":2,"name":"Laicit\u00e0 e costituzione (VII e ultima parte)"}]},{"@type":"WebSite","@id":"https:\/\/www.civiltalaica.it\/cms\/#website","url":"https:\/\/www.civiltalaica.it\/cms\/","name":"Associazione Culturale Civilt\u00e0 Laica","description":"Per un movimento culturale volto a difendere la Laicit\u00e0 dello Stato.","potentialAction":[{"@type":"SearchAction","target":{"@type":"EntryPoint","urlTemplate":"https:\/\/www.civiltalaica.it\/cms\/?s={search_term_string}"},"query-input":{"@type":"PropertyValueSpecification","valueRequired":true,"valueName":"search_term_string"}}],"inLanguage":"it-IT"},{"@type":"Person","@id":"https:\/\/www.civiltalaica.it\/cms\/#\/schema\/person\/4efef56f866329a1e0943eb27336df1d","name":"alexjc","url":"https:\/\/www.civiltalaica.it\/cms\/author\/alexjc\/"}]}},"_links":{"self":[{"href":"https:\/\/www.civiltalaica.it\/cms\/wp-json\/wp\/v2\/posts\/12254","targetHints":{"allow":["GET"]}}],"collection":[{"href":"https:\/\/www.civiltalaica.it\/cms\/wp-json\/wp\/v2\/posts"}],"about":[{"href":"https:\/\/www.civiltalaica.it\/cms\/wp-json\/wp\/v2\/types\/post"}],"author":[{"embeddable":true,"href":"https:\/\/www.civiltalaica.it\/cms\/wp-json\/wp\/v2\/users\/7"}],"replies":[{"embeddable":true,"href":"https:\/\/www.civiltalaica.it\/cms\/wp-json\/wp\/v2\/comments?post=12254"}],"version-history":[{"count":0,"href":"https:\/\/www.civiltalaica.it\/cms\/wp-json\/wp\/v2\/posts\/12254\/revisions"}],"wp:attachment":[{"href":"https:\/\/www.civiltalaica.it\/cms\/wp-json\/wp\/v2\/media?parent=12254"}],"wp:term":[{"taxonomy":"category","embeddable":true,"href":"https:\/\/www.civiltalaica.it\/cms\/wp-json\/wp\/v2\/categories?post=12254"},{"taxonomy":"post_tag","embeddable":true,"href":"https:\/\/www.civiltalaica.it\/cms\/wp-json\/wp\/v2\/tags?post=12254"}],"curies":[{"name":"wp","href":"https:\/\/api.w.org\/{rel}","templated":true}]}}