{"id":12224,"date":"2014-03-25T19:08:32","date_gmt":"2014-03-25T19:08:32","guid":{"rendered":"http:\/\/www.civiltalaica.it\/cms\/?p=12224"},"modified":"2014-03-25T19:09:10","modified_gmt":"2014-03-25T19:09:10","slug":"il-santo-e-cosa-nostra-quei-devoti-intoccabili","status":"publish","type":"post","link":"https:\/\/www.civiltalaica.it\/cms\/il-santo-e-cosa-nostra-quei-devoti-intoccabili\/","title":{"rendered":"Il Santo \u00e8 cosa nostra: quei devoti intoccabili"},"content":{"rendered":"<p>A breve distanza di tempo dall&#8217;efferato triplice omicidio di stampo mafioso che si \u00e8 consumato a Taranto, in cui un pregiudicato in libert\u00e0 vigliata, la sua compagna e il figlio di pochi anni sono stati crivellati di proiettili in auto per strada senza che nessuno abbia visto nulla, un altro episodio, certamente meno grave ma non meno oscuro, si \u00e8 consumato nella citt\u00e0 pugliese. <!--more--><a href=\"http:\/\/www.civiltalaica.it\/cms\/wp-content\/uploads\/2014\/03\/mafia.jpg\"><img loading=\"lazy\" decoding=\"async\" class=\"alignleft size-medium wp-image-12225\" alt=\"mafia\" src=\"http:\/\/www.civiltalaica.it\/cms\/wp-content\/uploads\/2014\/03\/mafia-300x225.jpg\" width=\"300\" height=\"225\" srcset=\"https:\/\/www.civiltalaica.it\/cms\/wp-content\/uploads\/2014\/03\/mafia-300x225.jpg 300w, https:\/\/www.civiltalaica.it\/cms\/wp-content\/uploads\/2014\/03\/mafia.jpg 460w\" sizes=\"auto, (max-width: 300px) 100vw, 300px\" \/><\/a>Il furto sacrilego di una teca settecentesca contenente le reliquie di sant&#8217;Egidio, sottratta dalla chiesa di san Pasquale, si \u00e8 risolto in poche ore con la riconsegna dell&#8217;oggetto sacro nelle sicure mani dell&#8217;arcivescovo Filippo Santoro. A recuperare il maltolto non sono state le forze dell&#8217;ordine, ma una persona che ha voluto rimanere anonima, sconosciuta allo stesso prelato, che ha riportato personalmente l&#8217;oggetto di culto in curia. Questa la dichiarazione dell&#8217;arcivescovo secondo quanto riferisce il quotidiano locale\u00a0<a href=\"http:\/\/www.tarantobuonasera.it\/taranto-news\/cronaca\/274367\/news.aspx\" target=\"_blank\">Taranto Buonasera<\/a>: \u00abSono da un lato rammaricato di questo atto oltraggioso verso un oggetto di culto, ma altres\u00ec commosso per la nobilt\u00e0 d&#8217;animo della persona che ha voluto consegnare le reliquie del santo tarantino\u00bb. Seguir\u00e0 messa di riparazione, quel che serve per mettere la parola fine sopra a questa storiaccia, da celebrare domenica prossima nella chiesa di San Pasquale.\u00a0<\/p>\n<p>Restano per\u00f2 molti interrogativi. Ad esempio chi \u00e8 lo sconosciuto che ha ottenuto di farsi ricevere personalmente dall&#8217;arcivescovo per restituirgli un corpo di reato e grazie a quali frequentazioni si \u00e8 procurato in cos\u00ec breve tempo (&#8220;da terze persone&#8221;) una refurtiva cos\u00ec ingombrante. L&#8217;ignoto ricettatore avr\u00e0 avuto dei validi motivi per non rivolgersi alla polizia e presentarsi invece con il voluminoso reperto direttamente in curia, dove sicuramente non ha dovuto fornire generalit\u00e0 n\u00e9 ampie spiegazioni. Quel che appare inaudito \u00e8 come l&#8217;arcivescovo abbia accettato questo &#8220;dono&#8221; da parte del misterioso devoto, apparentemente senza esitazioni e senza porsi domande; eppure prima ancora che un atto sacrilego, un peccato emendabile con un gesto di ravvedimento e pentimento, c&#8217;era un reato e dei colpevoli da individuare e punire, e c&#8217;erano le forze di polizia impegnate nelle indagini.\u00a0<\/p>\n<p>Taranto \u00e8 una citt\u00e0 moralmente ed economicamente in crisi, in preda alla criminalit\u00e0 organizzata e a una classe politica sotto inchiesta per le collusioni con il grande avvelenatore Ilva. Una citt\u00e0 nella quale si deve riaffermare il primato della legalit\u00e0 e della moralit\u00e0 nella vita civile. Ma per fare questo occorrono comportamenti pubblici che siano di esempio, da parte delle Istituzioni ma anche da parte degli uomini di Chiesa che tuttora godono di ampio credito. Per recuperare una reliquia rubata un vescovo non pu\u00f2 mostrare approvazione e riconoscenza verso misteriosi personaggi che per devozione, ma senza metterci la faccia, si offrono come riparatori dei torti al posto dello Stato.\u00a0<\/p>\n<p>Stridono, a tal proposito, le parole pronunciate giusto il 21 marzo dal papa in occasione della XIX Giornata in ricordo delle vittime di mafia: \u00abIl potere, il denaro che voi avete adesso da tanti affari sporchi, da tanti crimini, denaro insanguinato e potere insanguinato, non potrai portarlo all&#8217;altra vita. Convertitevi, c&#8217;\u00e8 ancora tempo per non finire nell&#8217;inferno, quello che vi aspetta se continuate su questa strada\u00bb. C&#8217;\u00e8 poco da convertirsi, la criminalit\u00e0 organizzata mostra da sempre enorme devozione e rispetto verso la Chiesa, come dimostra (tra i tanti altri) l&#8217;episodio avvenuto in Puglia. Forse Bergoglio, invece di rivolgersi ai mafiosi &#8211; sempre in prima fila nelle messe domenicali e pronti a difendere il culto e gli oggetti di cui si serve &#8211; farebbe bene a chiedere ai suoi di prendere le distanze per primi da una devozione macchiata di crimine, come quella che ha fatto ricomparire magicamente, per miracolo della fede, la sacra reliquia al suo posto nella chiesa tarantina.\u00a0<\/p>\n<p><b>Giuseppe Ancona<\/b>\u00a0&#8211; <a href=\"http:\/\/cronachelaiche.globalist.it\/Detail_News_Display?ID=100081&amp;typeb=0&amp;Il-Santo-e-cosa-nostra-quei-devoti-intoccabili\">Cronache Laiche<\/a><\/p>\n","protected":false},"excerpt":{"rendered":"<p>A breve distanza di tempo dall&#8217;efferato triplice omicidio di stampo mafioso che si \u00e8 consumato a Taranto, in cui un pregiudicato in libert\u00e0 vigliata, la sua compagna e il figlio di pochi anni sono stati crivellati di proiettili in auto per strada senza che nessuno abbia visto nulla, un altro episodio, certamente meno grave ma [&hellip;]<\/p>\n","protected":false},"author":7,"featured_media":0,"comment_status":"closed","ping_status":"closed","sticky":false,"template":"","format":"standard","meta":{"footnotes":""},"categories":[238,230],"tags":[1007,239,1284],"class_list":["post-12224","post","type-post","status-publish","format-standard","hentry","category-articoli","category-attualita","tag-giuseppe-ancona","tag-mafia","tag-taranto"],"yoast_head":"<!-- This site is optimized with the Yoast SEO plugin v27.1.1 - https:\/\/yoast.com\/product\/yoast-seo-wordpress\/ -->\n<title>Il Santo \u00e8 cosa nostra: quei devoti intoccabili - Associazione Culturale Civilt\u00e0 Laica<\/title>\n<meta name=\"robots\" content=\"index, follow, max-snippet:-1, max-image-preview:large, max-video-preview:-1\" \/>\n<link rel=\"canonical\" href=\"https:\/\/www.civiltalaica.it\/cms\/il-santo-e-cosa-nostra-quei-devoti-intoccabili\/\" \/>\n<meta property=\"og:locale\" content=\"it_IT\" \/>\n<meta property=\"og:type\" content=\"article\" \/>\n<meta property=\"og:title\" content=\"Il Santo \u00e8 cosa nostra: quei devoti intoccabili - Associazione Culturale Civilt\u00e0 Laica\" \/>\n<meta property=\"og:description\" content=\"A breve distanza di tempo dall&#8217;efferato triplice omicidio di stampo mafioso che si \u00e8 consumato a Taranto, in cui un pregiudicato in libert\u00e0 vigliata, la sua compagna e il figlio di pochi anni sono stati crivellati di proiettili in auto per strada senza che nessuno abbia visto nulla, un altro episodio, certamente meno grave ma [&hellip;]\" \/>\n<meta property=\"og:url\" content=\"https:\/\/www.civiltalaica.it\/cms\/il-santo-e-cosa-nostra-quei-devoti-intoccabili\/\" \/>\n<meta property=\"og:site_name\" content=\"Associazione Culturale Civilt\u00e0 Laica\" \/>\n<meta property=\"article:publisher\" content=\"https:\/\/www.facebook.com\/civiltalaica\" \/>\n<meta property=\"article:published_time\" content=\"2014-03-25T19:08:32+00:00\" \/>\n<meta property=\"article:modified_time\" content=\"2014-03-25T19:09:10+00:00\" \/>\n<meta property=\"og:image\" content=\"http:\/\/www.civiltalaica.it\/cms\/wp-content\/uploads\/2014\/03\/mafia-300x225.jpg\" \/>\n<meta name=\"author\" content=\"alexjc\" \/>\n<meta name=\"twitter:card\" content=\"summary_large_image\" \/>\n<meta name=\"twitter:label1\" content=\"Scritto da\" \/>\n\t<meta name=\"twitter:data1\" content=\"alexjc\" \/>\n\t<meta name=\"twitter:label2\" content=\"Tempo di lettura stimato\" \/>\n\t<meta name=\"twitter:data2\" content=\"3 minuti\" \/>\n<script type=\"application\/ld+json\" class=\"yoast-schema-graph\">{\"@context\":\"https:\/\/schema.org\",\"@graph\":[{\"@type\":\"Article\",\"@id\":\"https:\/\/www.civiltalaica.it\/cms\/il-santo-e-cosa-nostra-quei-devoti-intoccabili\/#article\",\"isPartOf\":{\"@id\":\"https:\/\/www.civiltalaica.it\/cms\/il-santo-e-cosa-nostra-quei-devoti-intoccabili\/\"},\"author\":{\"name\":\"alexjc\",\"@id\":\"https:\/\/www.civiltalaica.it\/cms\/#\/schema\/person\/4efef56f866329a1e0943eb27336df1d\"},\"headline\":\"Il Santo \u00e8 cosa nostra: quei devoti intoccabili\",\"datePublished\":\"2014-03-25T19:08:32+00:00\",\"dateModified\":\"2014-03-25T19:09:10+00:00\",\"mainEntityOfPage\":{\"@id\":\"https:\/\/www.civiltalaica.it\/cms\/il-santo-e-cosa-nostra-quei-devoti-intoccabili\/\"},\"wordCount\":606,\"image\":{\"@id\":\"https:\/\/www.civiltalaica.it\/cms\/il-santo-e-cosa-nostra-quei-devoti-intoccabili\/#primaryimage\"},\"thumbnailUrl\":\"http:\/\/www.civiltalaica.it\/cms\/wp-content\/uploads\/2014\/03\/mafia-300x225.jpg\",\"keywords\":[\"giuseppe ancona\",\"mafia\",\"taranto\"],\"articleSection\":[\"articoli\",\"attualit\u00e0\"],\"inLanguage\":\"it-IT\"},{\"@type\":\"WebPage\",\"@id\":\"https:\/\/www.civiltalaica.it\/cms\/il-santo-e-cosa-nostra-quei-devoti-intoccabili\/\",\"url\":\"https:\/\/www.civiltalaica.it\/cms\/il-santo-e-cosa-nostra-quei-devoti-intoccabili\/\",\"name\":\"Il Santo \u00e8 cosa nostra: quei devoti intoccabili - Associazione Culturale Civilt\u00e0 Laica\",\"isPartOf\":{\"@id\":\"https:\/\/www.civiltalaica.it\/cms\/#website\"},\"primaryImageOfPage\":{\"@id\":\"https:\/\/www.civiltalaica.it\/cms\/il-santo-e-cosa-nostra-quei-devoti-intoccabili\/#primaryimage\"},\"image\":{\"@id\":\"https:\/\/www.civiltalaica.it\/cms\/il-santo-e-cosa-nostra-quei-devoti-intoccabili\/#primaryimage\"},\"thumbnailUrl\":\"http:\/\/www.civiltalaica.it\/cms\/wp-content\/uploads\/2014\/03\/mafia-300x225.jpg\",\"datePublished\":\"2014-03-25T19:08:32+00:00\",\"dateModified\":\"2014-03-25T19:09:10+00:00\",\"author\":{\"@id\":\"https:\/\/www.civiltalaica.it\/cms\/#\/schema\/person\/4efef56f866329a1e0943eb27336df1d\"},\"breadcrumb\":{\"@id\":\"https:\/\/www.civiltalaica.it\/cms\/il-santo-e-cosa-nostra-quei-devoti-intoccabili\/#breadcrumb\"},\"inLanguage\":\"it-IT\",\"potentialAction\":[{\"@type\":\"ReadAction\",\"target\":[\"https:\/\/www.civiltalaica.it\/cms\/il-santo-e-cosa-nostra-quei-devoti-intoccabili\/\"]}]},{\"@type\":\"ImageObject\",\"inLanguage\":\"it-IT\",\"@id\":\"https:\/\/www.civiltalaica.it\/cms\/il-santo-e-cosa-nostra-quei-devoti-intoccabili\/#primaryimage\",\"url\":\"http:\/\/www.civiltalaica.it\/cms\/wp-content\/uploads\/2014\/03\/mafia-300x225.jpg\",\"contentUrl\":\"http:\/\/www.civiltalaica.it\/cms\/wp-content\/uploads\/2014\/03\/mafia-300x225.jpg\"},{\"@type\":\"BreadcrumbList\",\"@id\":\"https:\/\/www.civiltalaica.it\/cms\/il-santo-e-cosa-nostra-quei-devoti-intoccabili\/#breadcrumb\",\"itemListElement\":[{\"@type\":\"ListItem\",\"position\":1,\"name\":\"Home\",\"item\":\"https:\/\/www.civiltalaica.it\/cms\/\"},{\"@type\":\"ListItem\",\"position\":2,\"name\":\"Il Santo \u00e8 cosa nostra: quei devoti intoccabili\"}]},{\"@type\":\"WebSite\",\"@id\":\"https:\/\/www.civiltalaica.it\/cms\/#website\",\"url\":\"https:\/\/www.civiltalaica.it\/cms\/\",\"name\":\"Associazione Culturale Civilt\u00e0 Laica\",\"description\":\"Per un movimento culturale volto a difendere la Laicit\u00e0 dello Stato.\",\"potentialAction\":[{\"@type\":\"SearchAction\",\"target\":{\"@type\":\"EntryPoint\",\"urlTemplate\":\"https:\/\/www.civiltalaica.it\/cms\/?s={search_term_string}\"},\"query-input\":{\"@type\":\"PropertyValueSpecification\",\"valueRequired\":true,\"valueName\":\"search_term_string\"}}],\"inLanguage\":\"it-IT\"},{\"@type\":\"Person\",\"@id\":\"https:\/\/www.civiltalaica.it\/cms\/#\/schema\/person\/4efef56f866329a1e0943eb27336df1d\",\"name\":\"alexjc\",\"url\":\"https:\/\/www.civiltalaica.it\/cms\/author\/alexjc\/\"}]}<\/script>\n<!-- \/ Yoast SEO plugin. -->","yoast_head_json":{"title":"Il Santo \u00e8 cosa nostra: quei devoti intoccabili - Associazione Culturale Civilt\u00e0 Laica","robots":{"index":"index","follow":"follow","max-snippet":"max-snippet:-1","max-image-preview":"max-image-preview:large","max-video-preview":"max-video-preview:-1"},"canonical":"https:\/\/www.civiltalaica.it\/cms\/il-santo-e-cosa-nostra-quei-devoti-intoccabili\/","og_locale":"it_IT","og_type":"article","og_title":"Il Santo \u00e8 cosa nostra: quei devoti intoccabili - Associazione Culturale Civilt\u00e0 Laica","og_description":"A breve distanza di tempo dall&#8217;efferato triplice omicidio di stampo mafioso che si \u00e8 consumato a Taranto, in cui un pregiudicato in libert\u00e0 vigliata, la sua compagna e il figlio di pochi anni sono stati crivellati di proiettili in auto per strada senza che nessuno abbia visto nulla, un altro episodio, certamente meno grave ma [&hellip;]","og_url":"https:\/\/www.civiltalaica.it\/cms\/il-santo-e-cosa-nostra-quei-devoti-intoccabili\/","og_site_name":"Associazione Culturale Civilt\u00e0 Laica","article_publisher":"https:\/\/www.facebook.com\/civiltalaica","article_published_time":"2014-03-25T19:08:32+00:00","article_modified_time":"2014-03-25T19:09:10+00:00","og_image":[{"url":"http:\/\/www.civiltalaica.it\/cms\/wp-content\/uploads\/2014\/03\/mafia-300x225.jpg","type":"","width":"","height":""}],"author":"alexjc","twitter_card":"summary_large_image","twitter_misc":{"Scritto da":"alexjc","Tempo di lettura stimato":"3 minuti"},"schema":{"@context":"https:\/\/schema.org","@graph":[{"@type":"Article","@id":"https:\/\/www.civiltalaica.it\/cms\/il-santo-e-cosa-nostra-quei-devoti-intoccabili\/#article","isPartOf":{"@id":"https:\/\/www.civiltalaica.it\/cms\/il-santo-e-cosa-nostra-quei-devoti-intoccabili\/"},"author":{"name":"alexjc","@id":"https:\/\/www.civiltalaica.it\/cms\/#\/schema\/person\/4efef56f866329a1e0943eb27336df1d"},"headline":"Il Santo \u00e8 cosa nostra: quei devoti intoccabili","datePublished":"2014-03-25T19:08:32+00:00","dateModified":"2014-03-25T19:09:10+00:00","mainEntityOfPage":{"@id":"https:\/\/www.civiltalaica.it\/cms\/il-santo-e-cosa-nostra-quei-devoti-intoccabili\/"},"wordCount":606,"image":{"@id":"https:\/\/www.civiltalaica.it\/cms\/il-santo-e-cosa-nostra-quei-devoti-intoccabili\/#primaryimage"},"thumbnailUrl":"http:\/\/www.civiltalaica.it\/cms\/wp-content\/uploads\/2014\/03\/mafia-300x225.jpg","keywords":["giuseppe ancona","mafia","taranto"],"articleSection":["articoli","attualit\u00e0"],"inLanguage":"it-IT"},{"@type":"WebPage","@id":"https:\/\/www.civiltalaica.it\/cms\/il-santo-e-cosa-nostra-quei-devoti-intoccabili\/","url":"https:\/\/www.civiltalaica.it\/cms\/il-santo-e-cosa-nostra-quei-devoti-intoccabili\/","name":"Il Santo \u00e8 cosa nostra: quei devoti intoccabili - Associazione Culturale Civilt\u00e0 Laica","isPartOf":{"@id":"https:\/\/www.civiltalaica.it\/cms\/#website"},"primaryImageOfPage":{"@id":"https:\/\/www.civiltalaica.it\/cms\/il-santo-e-cosa-nostra-quei-devoti-intoccabili\/#primaryimage"},"image":{"@id":"https:\/\/www.civiltalaica.it\/cms\/il-santo-e-cosa-nostra-quei-devoti-intoccabili\/#primaryimage"},"thumbnailUrl":"http:\/\/www.civiltalaica.it\/cms\/wp-content\/uploads\/2014\/03\/mafia-300x225.jpg","datePublished":"2014-03-25T19:08:32+00:00","dateModified":"2014-03-25T19:09:10+00:00","author":{"@id":"https:\/\/www.civiltalaica.it\/cms\/#\/schema\/person\/4efef56f866329a1e0943eb27336df1d"},"breadcrumb":{"@id":"https:\/\/www.civiltalaica.it\/cms\/il-santo-e-cosa-nostra-quei-devoti-intoccabili\/#breadcrumb"},"inLanguage":"it-IT","potentialAction":[{"@type":"ReadAction","target":["https:\/\/www.civiltalaica.it\/cms\/il-santo-e-cosa-nostra-quei-devoti-intoccabili\/"]}]},{"@type":"ImageObject","inLanguage":"it-IT","@id":"https:\/\/www.civiltalaica.it\/cms\/il-santo-e-cosa-nostra-quei-devoti-intoccabili\/#primaryimage","url":"http:\/\/www.civiltalaica.it\/cms\/wp-content\/uploads\/2014\/03\/mafia-300x225.jpg","contentUrl":"http:\/\/www.civiltalaica.it\/cms\/wp-content\/uploads\/2014\/03\/mafia-300x225.jpg"},{"@type":"BreadcrumbList","@id":"https:\/\/www.civiltalaica.it\/cms\/il-santo-e-cosa-nostra-quei-devoti-intoccabili\/#breadcrumb","itemListElement":[{"@type":"ListItem","position":1,"name":"Home","item":"https:\/\/www.civiltalaica.it\/cms\/"},{"@type":"ListItem","position":2,"name":"Il Santo \u00e8 cosa nostra: quei devoti intoccabili"}]},{"@type":"WebSite","@id":"https:\/\/www.civiltalaica.it\/cms\/#website","url":"https:\/\/www.civiltalaica.it\/cms\/","name":"Associazione Culturale Civilt\u00e0 Laica","description":"Per un movimento culturale volto a difendere la Laicit\u00e0 dello Stato.","potentialAction":[{"@type":"SearchAction","target":{"@type":"EntryPoint","urlTemplate":"https:\/\/www.civiltalaica.it\/cms\/?s={search_term_string}"},"query-input":{"@type":"PropertyValueSpecification","valueRequired":true,"valueName":"search_term_string"}}],"inLanguage":"it-IT"},{"@type":"Person","@id":"https:\/\/www.civiltalaica.it\/cms\/#\/schema\/person\/4efef56f866329a1e0943eb27336df1d","name":"alexjc","url":"https:\/\/www.civiltalaica.it\/cms\/author\/alexjc\/"}]}},"_links":{"self":[{"href":"https:\/\/www.civiltalaica.it\/cms\/wp-json\/wp\/v2\/posts\/12224","targetHints":{"allow":["GET"]}}],"collection":[{"href":"https:\/\/www.civiltalaica.it\/cms\/wp-json\/wp\/v2\/posts"}],"about":[{"href":"https:\/\/www.civiltalaica.it\/cms\/wp-json\/wp\/v2\/types\/post"}],"author":[{"embeddable":true,"href":"https:\/\/www.civiltalaica.it\/cms\/wp-json\/wp\/v2\/users\/7"}],"replies":[{"embeddable":true,"href":"https:\/\/www.civiltalaica.it\/cms\/wp-json\/wp\/v2\/comments?post=12224"}],"version-history":[{"count":0,"href":"https:\/\/www.civiltalaica.it\/cms\/wp-json\/wp\/v2\/posts\/12224\/revisions"}],"wp:attachment":[{"href":"https:\/\/www.civiltalaica.it\/cms\/wp-json\/wp\/v2\/media?parent=12224"}],"wp:term":[{"taxonomy":"category","embeddable":true,"href":"https:\/\/www.civiltalaica.it\/cms\/wp-json\/wp\/v2\/categories?post=12224"},{"taxonomy":"post_tag","embeddable":true,"href":"https:\/\/www.civiltalaica.it\/cms\/wp-json\/wp\/v2\/tags?post=12224"}],"curies":[{"name":"wp","href":"https:\/\/api.w.org\/{rel}","templated":true}]}}