{"id":12220,"date":"2014-03-23T12:06:19","date_gmt":"2014-03-23T12:06:19","guid":{"rendered":"http:\/\/www.civiltalaica.it\/cms\/?p=12220"},"modified":"2014-03-23T12:06:19","modified_gmt":"2014-03-23T12:06:19","slug":"questioni-di-tifo","status":"publish","type":"post","link":"https:\/\/www.civiltalaica.it\/cms\/questioni-di-tifo\/","title":{"rendered":"Questioni di tifo"},"content":{"rendered":"<p>Un paio di settimane fa sono stato al\u00a0<a href=\"http:\/\/www.civiltalaica.it\/cms\/index.php\/dieci-anni-di-darwin-day-a-terni.html\">Darwin Day di Terni<\/a>, a parlare di antidarwinismo. \u00c8 stato un bell\u2019incontro, cui \u00e8 seguito un dibattito vivace e stimolante. Avevo iniziato a scrivere un resoconto della giornata ma poi i pensieri hanno preso la strada che volevano loro e quindi eccomi qui a parlare di tifo. Quello da stadio, per intenderci.<!--more--><\/p>\n<p><a href=\"http:\/\/www.civiltalaica.it\/cms\/wp-content\/uploads\/2012\/09\/dialogo1.jpg\"><img loading=\"lazy\" decoding=\"async\" class=\"alignleft size-medium wp-image-10793\" alt=\"dialogo1\" src=\"http:\/\/www.civiltalaica.it\/cms\/wp-content\/uploads\/2012\/09\/dialogo1-300x248.jpg\" width=\"300\" height=\"248\" srcset=\"https:\/\/www.civiltalaica.it\/cms\/wp-content\/uploads\/2012\/09\/dialogo1-300x248.jpg 300w, https:\/\/www.civiltalaica.it\/cms\/wp-content\/uploads\/2012\/09\/dialogo1.jpg 450w\" sizes=\"auto, (max-width: 300px) 100vw, 300px\" \/><\/a>Non sono un appassionato di calcio e ho sempre osservato da esterno le discussioni fra i tanti amici tifosi. Tifare vuol dire sentirsi parte di un gruppo, dimostrare lealt\u00e0 e sostenersi a vicenda, anche quando si tratta di reclamare un fuorigioco o insultare un arbitro e tutta la sua stirpe andando a ritroso di parecchie generazioni. Niente di nuovo sotto il sole, dinamiche del genere sono studiatissime e, ovviamente, non si limitano al calcio. Sono molto diffuse, per esempio, anche in politica, dove chiunque abbia un colore politico anche solo minimamente diverso dal proprio ha spesso torto a prescindere.<\/p>\n<p>Neanche il mondo scientifico \u00e8 immune dalla sindrome delle tifoserie, soprattutto su quei temi controversi che vanno a coinvolgere aspetti etici, filosofici, politici e religiosi. Cio\u00e8 tutti quegli elementi che, spesso,\u00a0<a href=\"http:\/\/ovadia-lescienze.blogautore.espresso.repubblica.it\/2013\/07\/18\/perche-non-riesci-a-crederci-e-scienza\/\">hanno la meglio<\/a>\u00a0nell\u2019influenzare le nostre decisioni.\u00a0Proviamo ora a immaginare un osservatore esterno, che assista a uno di questi dibattiti: egli vedr\u00e0 due schieramenti scontrarsi con vigore, esibendo dati e citando scienziati in un turbinio di numeri, parole tecniche e prestigiosi virgolettati. Il nostro povero osservatore, che di scienza non capisce molto, si far\u00e0 l\u2019idea che gli scienziati stessi sono divisi sul tema in questione e che entrambe le posizioni sono quindi credibili dal punto di vista scientifico.\u00a0Tutto ci\u00f2 rappresenta un serio problema per chi fa comunicazione della scienza, poich\u00e9 non sempre le evidenze scientifiche sono distribuite equamente \u2013 sia in termini di quantit\u00e0 che, soprattutto, di qualit\u00e0 \u2013 ai due lati della barricata.<\/p>\n<p>Il che ci riporta all\u2019antidarwinismo.<\/p>\n<p>L\u2019antidarwinismo esiste fin da quando Darwin ha pubblicato\u00a0<i>L\u2019origine delle specie<\/i>\u00a0e da allora ha subito, ironia della sorte, una vera e propria evoluzione. Creazionismo hardcore (cio\u00e8 quelli che credono che la Bibbia vada interpretata\u00a0<a href=\"http:\/\/en.wikipedia.org\/wiki\/Young_Earth_creationism\">pi\u00f9<\/a>\u00a0o\u00a0<a href=\"http:\/\/en.wikipedia.org\/wiki\/Old_Earth_creationism\">meno<\/a>\u00a0letteralmente),\u00a0<a href=\"http:\/\/en.wikipedia.org\/wiki\/Theistic_evolution\">evoluzionismo teistico<\/a>,<a href=\"http:\/\/en.wikipedia.org\/wiki\/Intelligent_design\">intelligent design<\/a>, neoantidarwinismo (di cui ho parlato\u00a0<a href=\"http:\/\/www.arpa.umbria.it\/Resources\/docs\/micron%2026\/micron_26_56.pdf\">qui<\/a>); nella nebulosa antidarwinista c\u2019\u00e8 spazio per tutti.\u00a0Le argomentazioni sono sempre le stesse, come pure le strategie retoriche. Una delle pi\u00f9 sfruttate \u00e8 quella che consiste nel mettere alla sbarra un darwinismo spesso ipersemplificato, distorto, radicale, rigidamente riduzionista e, soprattutto, impregnato fino al midollo di ateismo militante (qualcuno ha detto\u00a0<a href=\"http:\/\/en.wikipedia.org\/wiki\/Richard_Dawkins\">Richard Dawkins<\/a>?), sostenendo che tutti i darwinisti sono cos\u00ec e che hanno dato vita a un dogma inattaccabile che condiziona tutta la ricerca in biologia. Partendo da qui, la critica antidarwinista si muove quindi su due binari: da un lato si contesta chi usa la teoria di Darwin per supportare filosofie materialistiche e atee, e per dimostrare scientificamente che non esiste alcun dio; dall\u2019altro si sostiene che la stessa teoria darwiniana non \u00e8 scienza ma filosofia. In pratica, un\u2019opinione.<\/p>\n<p>Ora, sul primo punto si potrebbe anche essere d\u2019accordo. Darwin ha dimostrato che la scienza non ha bisogno di una divinit\u00e0 per spiegare i fenomeni del mondo naturale. Non ha dimostrato l\u2019inesistenza di una qualsiasi divinit\u00e0. Anche perch\u00e9 una dimostrazione simile non ha senso, da un punto di vista scientifico. La scienza non si occupa di divinit\u00e0.<\/p>\n<p>Il secondo punto, invece, \u00e8 una\u00a0<strong>bufala<\/strong>. Il problema \u00e8 che questa bufala \u00e8 sostenuta anche da alcuni scienziati. Pochi, non sempre molto competenti in biologia, a volte condizionati da posizioni religiose (ma ce n\u2019\u00e8 anche qualcuno ateo), spesso convinti che la vera scienza sia solo quella che pu\u00f2 essere testata in laboratorio, il che significa che siccome non si pu\u00f2 riprodurre in un esperimento l\u2019evoluzione di una rana in una lucertola, allora la biologia evolutiva non \u00e8 scienza.<\/p>\n<p>Il punto \u00e8 che tanto la figura storica di Darwin quanto la teoria dell\u2019evoluzione si ritrovano al centro di una battaglia nella quale la scienza rischia di essere l\u2019unica a perderci. Fin da quando pubblic\u00f2\u00a0<i>L\u2019origine delle specie<\/i>, lo scienziato inglese si sforz\u00f2 di non farsi coinvolgere nel dibattito fra atei e credenti. Sono passati pi\u00f9 di 150 anni e la situazione non \u00e8 cambiata, il che ci riporta alla sindrome delle tifoserie: scienza versus fede, ennesimo round.\u00a0Siccome ora ci sono anche antidarwinisti che prendono le distanze da qualsiasi forma di creazionismo (incluso quello criptico che si cela dietro all\u2019intelligent design), il rischio \u00e8 che il dibattito venga visto \u2013 dal nostro solito osservatore esterno e digiuno di scienza \u2013 come uno scontro fra una scienza darwiniana dogmatica, atea e intollerante da un lato, e una scienza antidarwiniana aperta e non dogmatica dall\u2019altro.<\/p>\n<p>Come fare per uscire da questo inghippo?<\/p>\n<p>Tanto per cominciare, per contrastare gli antidarwinisti bisogna conoscerne l\u2019evoluzione. Per esempio, alcuni di loro non propongono spiegazioni alternative finalistiche, quindi non li si dovrebbe chiamare creazionisti. D\u2019accordo, usano gli stessi argomenti della destra fondamentalista americana, anche nei rari casi in cui non se la prendono con Darwin, per\u00f2 non propongono una spiegazione basata su un creatore o un qualsivoglia disegno (in realt\u00e0 non propongono nulla, ma questa \u00e8 un\u2019altra storia). Ergo, non sono creazionisti. Inutile criticarli quando generalizzano \u2013 \u201ctutti i darwinisti la pensano come Dawkins\u201d \u2013 se poi si \u00e8 i primi a farlo.<\/p>\n<p>Altra cosa: bisogna raccontare meglio l\u2019evoluzione e la teoria che la spiega, per esempio sfatando le\u00a0<a href=\"http:\/\/www.wired.it\/scienza\/2014\/02\/07\/migliori-bufale-evoluzione\/\">bufale<\/a>\u00a0che la riguardano, spiegando che si \u00e8 fatto\u00a0<a href=\"http:\/\/philpapers.org\/rec\/PIGET\">qualche passo avanti<\/a>\u00a0rispetto al neodarwinismo degli anni \u201930, e facendo molta pi\u00f9 attenzione\u00a0<a href=\"http:\/\/silviabencivelli.it\/2012\/darwin-non-lha-mai-detto-storia-di-una-bufala-con-morale\/\">alle parole che si usano<\/a>. Per fare questo \u00e8 necessario migliorare la qualit\u00e0 sia dell\u2019informazione nei mass media sia dell\u2019istruzione, anche per non dover pi\u00f9 vedere certi titoli sui giornali o certe immagini sui libri di testo.<\/p>\n<p>Oltre a ci\u00f2, penso sia veramente giunto il momento di lasciar fuori la religione dal dibattito. Che senso ha usare Darwin per dimostrare che dio non esiste? Scientificamente parlando, nessuno. Qualcuno obietter\u00e0 dicendo \u201cper\u00f2 ci sono religiosi che pretendono di addomesticare la scienza\u201d. \u00c8 vero, e quindi? Si risponde cercando di fare la stessa cosa? La scienza non si occupa degli dei, quindi lasciamoli dove sono e togliamo agli antidarwinisti uno dei loro argomenti preferiti.<\/p>\n<p>C\u2019\u00e8 poi la questione dei termini. Personalmente, \u201cdarwinismo\u201d non mi piace, sa un po\u2019 di ideologia. Anche per questo sono contento che la versione pi\u00f9 recente della teoria dell\u2019evoluzione si chiami Sintesi Estesa (la versione precedente si chiamava Sintesi Moderna ma anche neodarwinismo, quindi siamo sempre l\u00ec). Lasciamo l\u2019ideologia agli \u201canti\u201d, la scienza non ne ha bisogno. E neanche la laicit\u00e0.<\/p>\n<p>Infine, mi piace l\u2019idea, accennata anche all\u2019inizio dell\u2019incontro di Terni e gi\u00e0 messa in pratica in alcuni casi, di cambiare nome al Darwin Day per chiamarlo Evolution Day. Il che non significa dimenticarsi del buon vecchio Charles, bens\u00ec rendere giustizia alla sua natura di scienziato scettico e poco incline a farsi tirare la giacchetta nel dibattito fra credenti e non credenti. Trasformandolo in una bandiera lo si rende solo un facile bersaglio per chi critica la scienza per motivi che di scientifico hanno ben poco; si rischia quindi di innescare la sindrome delle tifoserie e di trasformare lo scienziato inglese in un simbolo disturbante per chiunque creda in una qualsiasi divinit\u00e0. Il modo migliore per celebrare Darwin \u00e8 sbugiardare le falsit\u00e0 che gli antidarwinisti raccontano su di lui e la sua teoria, non sbatterlo in prima linea in una battaglia che lui per primo non avrebbe voluto combattere.<\/p>\n<p><strong>Michele Bellone &#8211; <a href=\"http:\/\/www.lineegrigie.it\/2014\/03\/questioni-di-tifo\/\">Linee grigie<\/a><\/strong><\/p>\n","protected":false},"excerpt":{"rendered":"<p>Un paio di settimane fa sono stato al\u00a0Darwin Day di Terni, a parlare di antidarwinismo. \u00c8 stato un bell\u2019incontro, cui \u00e8 seguito un dibattito vivace e stimolante. Avevo iniziato a scrivere un resoconto della giornata ma poi i pensieri hanno preso la strada che volevano loro e quindi eccomi qui a parlare di tifo. Quello [&hellip;]<\/p>\n","protected":false},"author":7,"featured_media":0,"comment_status":"closed","ping_status":"closed","sticky":false,"template":"","format":"standard","meta":{"footnotes":""},"categories":[238,233],"tags":[1178,583,1321],"class_list":["post-12220","post","type-post","status-publish","format-standard","hentry","category-articoli","category-filosofia-2","tag-antidarwinismo","tag-darwin-day","tag-michele-bellone"],"yoast_head":"<!-- This site is optimized with the Yoast SEO plugin v27.1.1 - https:\/\/yoast.com\/product\/yoast-seo-wordpress\/ -->\n<title>Questioni di tifo - Associazione Culturale Civilt\u00e0 Laica<\/title>\n<meta name=\"robots\" content=\"index, follow, max-snippet:-1, max-image-preview:large, max-video-preview:-1\" \/>\n<link rel=\"canonical\" href=\"https:\/\/www.civiltalaica.it\/cms\/questioni-di-tifo\/\" \/>\n<meta property=\"og:locale\" content=\"it_IT\" \/>\n<meta property=\"og:type\" content=\"article\" \/>\n<meta property=\"og:title\" content=\"Questioni di tifo - Associazione Culturale Civilt\u00e0 Laica\" \/>\n<meta property=\"og:description\" content=\"Un paio di settimane fa sono stato al\u00a0Darwin Day di Terni, a parlare di antidarwinismo. \u00c8 stato un bell\u2019incontro, cui \u00e8 seguito un dibattito vivace e stimolante. Avevo iniziato a scrivere un resoconto della giornata ma poi i pensieri hanno preso la strada che volevano loro e quindi eccomi qui a parlare di tifo. Quello [&hellip;]\" \/>\n<meta property=\"og:url\" content=\"https:\/\/www.civiltalaica.it\/cms\/questioni-di-tifo\/\" \/>\n<meta property=\"og:site_name\" content=\"Associazione Culturale Civilt\u00e0 Laica\" \/>\n<meta property=\"article:publisher\" content=\"https:\/\/www.facebook.com\/civiltalaica\" \/>\n<meta property=\"article:published_time\" content=\"2014-03-23T12:06:19+00:00\" \/>\n<meta property=\"og:image\" content=\"http:\/\/www.civiltalaica.it\/cms\/wp-content\/uploads\/2012\/09\/dialogo1-300x248.jpg\" \/>\n<meta name=\"author\" content=\"alexjc\" \/>\n<meta name=\"twitter:card\" content=\"summary_large_image\" \/>\n<meta name=\"twitter:label1\" content=\"Scritto da\" \/>\n\t<meta name=\"twitter:data1\" content=\"alexjc\" \/>\n\t<meta name=\"twitter:label2\" content=\"Tempo di lettura stimato\" \/>\n\t<meta name=\"twitter:data2\" content=\"6 minuti\" \/>\n<script type=\"application\/ld+json\" class=\"yoast-schema-graph\">{\"@context\":\"https:\/\/schema.org\",\"@graph\":[{\"@type\":\"Article\",\"@id\":\"https:\/\/www.civiltalaica.it\/cms\/questioni-di-tifo\/#article\",\"isPartOf\":{\"@id\":\"https:\/\/www.civiltalaica.it\/cms\/questioni-di-tifo\/\"},\"author\":{\"name\":\"alexjc\",\"@id\":\"https:\/\/www.civiltalaica.it\/cms\/#\/schema\/person\/4efef56f866329a1e0943eb27336df1d\"},\"headline\":\"Questioni di tifo\",\"datePublished\":\"2014-03-23T12:06:19+00:00\",\"mainEntityOfPage\":{\"@id\":\"https:\/\/www.civiltalaica.it\/cms\/questioni-di-tifo\/\"},\"wordCount\":1241,\"image\":{\"@id\":\"https:\/\/www.civiltalaica.it\/cms\/questioni-di-tifo\/#primaryimage\"},\"thumbnailUrl\":\"http:\/\/www.civiltalaica.it\/cms\/wp-content\/uploads\/2012\/09\/dialogo1-300x248.jpg\",\"keywords\":[\"antidarwinismo\",\"darwin day\",\"michele bellone\"],\"articleSection\":[\"articoli\",\"filosofia e scienza\"],\"inLanguage\":\"it-IT\"},{\"@type\":\"WebPage\",\"@id\":\"https:\/\/www.civiltalaica.it\/cms\/questioni-di-tifo\/\",\"url\":\"https:\/\/www.civiltalaica.it\/cms\/questioni-di-tifo\/\",\"name\":\"Questioni di tifo - Associazione Culturale Civilt\u00e0 Laica\",\"isPartOf\":{\"@id\":\"https:\/\/www.civiltalaica.it\/cms\/#website\"},\"primaryImageOfPage\":{\"@id\":\"https:\/\/www.civiltalaica.it\/cms\/questioni-di-tifo\/#primaryimage\"},\"image\":{\"@id\":\"https:\/\/www.civiltalaica.it\/cms\/questioni-di-tifo\/#primaryimage\"},\"thumbnailUrl\":\"http:\/\/www.civiltalaica.it\/cms\/wp-content\/uploads\/2012\/09\/dialogo1-300x248.jpg\",\"datePublished\":\"2014-03-23T12:06:19+00:00\",\"author\":{\"@id\":\"https:\/\/www.civiltalaica.it\/cms\/#\/schema\/person\/4efef56f866329a1e0943eb27336df1d\"},\"breadcrumb\":{\"@id\":\"https:\/\/www.civiltalaica.it\/cms\/questioni-di-tifo\/#breadcrumb\"},\"inLanguage\":\"it-IT\",\"potentialAction\":[{\"@type\":\"ReadAction\",\"target\":[\"https:\/\/www.civiltalaica.it\/cms\/questioni-di-tifo\/\"]}]},{\"@type\":\"ImageObject\",\"inLanguage\":\"it-IT\",\"@id\":\"https:\/\/www.civiltalaica.it\/cms\/questioni-di-tifo\/#primaryimage\",\"url\":\"http:\/\/www.civiltalaica.it\/cms\/wp-content\/uploads\/2012\/09\/dialogo1-300x248.jpg\",\"contentUrl\":\"http:\/\/www.civiltalaica.it\/cms\/wp-content\/uploads\/2012\/09\/dialogo1-300x248.jpg\"},{\"@type\":\"BreadcrumbList\",\"@id\":\"https:\/\/www.civiltalaica.it\/cms\/questioni-di-tifo\/#breadcrumb\",\"itemListElement\":[{\"@type\":\"ListItem\",\"position\":1,\"name\":\"Home\",\"item\":\"https:\/\/www.civiltalaica.it\/cms\/\"},{\"@type\":\"ListItem\",\"position\":2,\"name\":\"Questioni di tifo\"}]},{\"@type\":\"WebSite\",\"@id\":\"https:\/\/www.civiltalaica.it\/cms\/#website\",\"url\":\"https:\/\/www.civiltalaica.it\/cms\/\",\"name\":\"Associazione Culturale Civilt\u00e0 Laica\",\"description\":\"Per un movimento culturale volto a difendere la Laicit\u00e0 dello Stato.\",\"potentialAction\":[{\"@type\":\"SearchAction\",\"target\":{\"@type\":\"EntryPoint\",\"urlTemplate\":\"https:\/\/www.civiltalaica.it\/cms\/?s={search_term_string}\"},\"query-input\":{\"@type\":\"PropertyValueSpecification\",\"valueRequired\":true,\"valueName\":\"search_term_string\"}}],\"inLanguage\":\"it-IT\"},{\"@type\":\"Person\",\"@id\":\"https:\/\/www.civiltalaica.it\/cms\/#\/schema\/person\/4efef56f866329a1e0943eb27336df1d\",\"name\":\"alexjc\",\"url\":\"https:\/\/www.civiltalaica.it\/cms\/author\/alexjc\/\"}]}<\/script>\n<!-- \/ Yoast SEO plugin. -->","yoast_head_json":{"title":"Questioni di tifo - Associazione Culturale Civilt\u00e0 Laica","robots":{"index":"index","follow":"follow","max-snippet":"max-snippet:-1","max-image-preview":"max-image-preview:large","max-video-preview":"max-video-preview:-1"},"canonical":"https:\/\/www.civiltalaica.it\/cms\/questioni-di-tifo\/","og_locale":"it_IT","og_type":"article","og_title":"Questioni di tifo - Associazione Culturale Civilt\u00e0 Laica","og_description":"Un paio di settimane fa sono stato al\u00a0Darwin Day di Terni, a parlare di antidarwinismo. \u00c8 stato un bell\u2019incontro, cui \u00e8 seguito un dibattito vivace e stimolante. Avevo iniziato a scrivere un resoconto della giornata ma poi i pensieri hanno preso la strada che volevano loro e quindi eccomi qui a parlare di tifo. Quello [&hellip;]","og_url":"https:\/\/www.civiltalaica.it\/cms\/questioni-di-tifo\/","og_site_name":"Associazione Culturale Civilt\u00e0 Laica","article_publisher":"https:\/\/www.facebook.com\/civiltalaica","article_published_time":"2014-03-23T12:06:19+00:00","og_image":[{"url":"http:\/\/www.civiltalaica.it\/cms\/wp-content\/uploads\/2012\/09\/dialogo1-300x248.jpg","type":"","width":"","height":""}],"author":"alexjc","twitter_card":"summary_large_image","twitter_misc":{"Scritto da":"alexjc","Tempo di lettura stimato":"6 minuti"},"schema":{"@context":"https:\/\/schema.org","@graph":[{"@type":"Article","@id":"https:\/\/www.civiltalaica.it\/cms\/questioni-di-tifo\/#article","isPartOf":{"@id":"https:\/\/www.civiltalaica.it\/cms\/questioni-di-tifo\/"},"author":{"name":"alexjc","@id":"https:\/\/www.civiltalaica.it\/cms\/#\/schema\/person\/4efef56f866329a1e0943eb27336df1d"},"headline":"Questioni di tifo","datePublished":"2014-03-23T12:06:19+00:00","mainEntityOfPage":{"@id":"https:\/\/www.civiltalaica.it\/cms\/questioni-di-tifo\/"},"wordCount":1241,"image":{"@id":"https:\/\/www.civiltalaica.it\/cms\/questioni-di-tifo\/#primaryimage"},"thumbnailUrl":"http:\/\/www.civiltalaica.it\/cms\/wp-content\/uploads\/2012\/09\/dialogo1-300x248.jpg","keywords":["antidarwinismo","darwin day","michele bellone"],"articleSection":["articoli","filosofia e scienza"],"inLanguage":"it-IT"},{"@type":"WebPage","@id":"https:\/\/www.civiltalaica.it\/cms\/questioni-di-tifo\/","url":"https:\/\/www.civiltalaica.it\/cms\/questioni-di-tifo\/","name":"Questioni di tifo - Associazione Culturale Civilt\u00e0 Laica","isPartOf":{"@id":"https:\/\/www.civiltalaica.it\/cms\/#website"},"primaryImageOfPage":{"@id":"https:\/\/www.civiltalaica.it\/cms\/questioni-di-tifo\/#primaryimage"},"image":{"@id":"https:\/\/www.civiltalaica.it\/cms\/questioni-di-tifo\/#primaryimage"},"thumbnailUrl":"http:\/\/www.civiltalaica.it\/cms\/wp-content\/uploads\/2012\/09\/dialogo1-300x248.jpg","datePublished":"2014-03-23T12:06:19+00:00","author":{"@id":"https:\/\/www.civiltalaica.it\/cms\/#\/schema\/person\/4efef56f866329a1e0943eb27336df1d"},"breadcrumb":{"@id":"https:\/\/www.civiltalaica.it\/cms\/questioni-di-tifo\/#breadcrumb"},"inLanguage":"it-IT","potentialAction":[{"@type":"ReadAction","target":["https:\/\/www.civiltalaica.it\/cms\/questioni-di-tifo\/"]}]},{"@type":"ImageObject","inLanguage":"it-IT","@id":"https:\/\/www.civiltalaica.it\/cms\/questioni-di-tifo\/#primaryimage","url":"http:\/\/www.civiltalaica.it\/cms\/wp-content\/uploads\/2012\/09\/dialogo1-300x248.jpg","contentUrl":"http:\/\/www.civiltalaica.it\/cms\/wp-content\/uploads\/2012\/09\/dialogo1-300x248.jpg"},{"@type":"BreadcrumbList","@id":"https:\/\/www.civiltalaica.it\/cms\/questioni-di-tifo\/#breadcrumb","itemListElement":[{"@type":"ListItem","position":1,"name":"Home","item":"https:\/\/www.civiltalaica.it\/cms\/"},{"@type":"ListItem","position":2,"name":"Questioni di tifo"}]},{"@type":"WebSite","@id":"https:\/\/www.civiltalaica.it\/cms\/#website","url":"https:\/\/www.civiltalaica.it\/cms\/","name":"Associazione Culturale Civilt\u00e0 Laica","description":"Per un movimento culturale volto a difendere la Laicit\u00e0 dello Stato.","potentialAction":[{"@type":"SearchAction","target":{"@type":"EntryPoint","urlTemplate":"https:\/\/www.civiltalaica.it\/cms\/?s={search_term_string}"},"query-input":{"@type":"PropertyValueSpecification","valueRequired":true,"valueName":"search_term_string"}}],"inLanguage":"it-IT"},{"@type":"Person","@id":"https:\/\/www.civiltalaica.it\/cms\/#\/schema\/person\/4efef56f866329a1e0943eb27336df1d","name":"alexjc","url":"https:\/\/www.civiltalaica.it\/cms\/author\/alexjc\/"}]}},"_links":{"self":[{"href":"https:\/\/www.civiltalaica.it\/cms\/wp-json\/wp\/v2\/posts\/12220","targetHints":{"allow":["GET"]}}],"collection":[{"href":"https:\/\/www.civiltalaica.it\/cms\/wp-json\/wp\/v2\/posts"}],"about":[{"href":"https:\/\/www.civiltalaica.it\/cms\/wp-json\/wp\/v2\/types\/post"}],"author":[{"embeddable":true,"href":"https:\/\/www.civiltalaica.it\/cms\/wp-json\/wp\/v2\/users\/7"}],"replies":[{"embeddable":true,"href":"https:\/\/www.civiltalaica.it\/cms\/wp-json\/wp\/v2\/comments?post=12220"}],"version-history":[{"count":0,"href":"https:\/\/www.civiltalaica.it\/cms\/wp-json\/wp\/v2\/posts\/12220\/revisions"}],"wp:attachment":[{"href":"https:\/\/www.civiltalaica.it\/cms\/wp-json\/wp\/v2\/media?parent=12220"}],"wp:term":[{"taxonomy":"category","embeddable":true,"href":"https:\/\/www.civiltalaica.it\/cms\/wp-json\/wp\/v2\/categories?post=12220"},{"taxonomy":"post_tag","embeddable":true,"href":"https:\/\/www.civiltalaica.it\/cms\/wp-json\/wp\/v2\/tags?post=12220"}],"curies":[{"name":"wp","href":"https:\/\/api.w.org\/{rel}","templated":true}]}}