{"id":12195,"date":"2014-03-17T18:37:35","date_gmt":"2014-03-17T18:37:35","guid":{"rendered":"http:\/\/www.civiltalaica.it\/cms\/?p=12195"},"modified":"2014-03-17T18:38:17","modified_gmt":"2014-03-17T18:38:17","slug":"laicita-e-costituzione-parte-quinta","status":"publish","type":"post","link":"https:\/\/www.civiltalaica.it\/cms\/laicita-e-costituzione-parte-quinta\/","title":{"rendered":"Laicit\u00e0 e Costituzione (parte quinta)"},"content":{"rendered":"<p><em>Credenza e non credenza<\/em><\/p>\n<p>La nostra Costituzione non tutela esplicitamente il pensiero di chi non crede in alcuna religione, mentre contiene molte norme a garanzia del pensiero religioso e dei culti.<!--more--><a href=\"http:\/\/www.civiltalaica.it\/cms\/wp-content\/uploads\/2011\/07\/bandiera-croce1.jpg\"><img loading=\"lazy\" decoding=\"async\" class=\"alignleft size-full wp-image-9809\" alt=\"bandiera-croce1\" src=\"http:\/\/www.civiltalaica.it\/cms\/wp-content\/uploads\/2011\/07\/bandiera-croce1.jpg\" width=\"300\" height=\"200\" \/><\/a> L\u2019estensione delle garanzie costituzionali anche ai non credenti \u00e8 stata riconosciuta solo nel 1979 dalla Corte Costituzionale (1) con una sentenza che ha dichiarato che l\u2019art. 19 della Costituzione (2), che si riferisce al diritto di professare una religione, comprende anche il diritto opposto di non professarne nessuna. <br \/> Non si pu\u00f2 che essere soddisfatti del risultato anche se il processo interpretativo con cui si giunti all\u2019equiparazione presenta delle ambiguit\u00e0. In primo luogo, perch\u00e9 l\u2019estensione appare una forzatura alla luce del testo dell\u2019art. 19 che indica in modo netto che la garanzia si riferisce solo alla religione e in secondo luogo perch\u00e9 \u00e8 discutibile ritenere che la religione e la non credenza appartengano allo stesso genere tutelato dall\u2019art. 19. <br \/>Equiparare i due fenomeni avalla l\u2019interpretazione che il credere e il non credere siano due modi diversi di porsi di fronte al soprannaturale: l\u2019uno che ne ammette l\u2019esistenza e crede che sia abitato da entit\u00e0 incorporee, l\u2019altro invece che, seppur con una gamma variegata di posizioni, non lo accetta ma comunque si interroga di fronte all\u2019ipotesi religiosa di un mondo trascendente. Si tratterebbe dello stesso modo di porsi di fronte al problema cui si darebbero risposte opposte. Quindi una posizione filosofica diversa, ma sullo stesso piano.<br \/>Non sembra questo il modo giusto di porre la questione perch\u00e9 il credere e il non credere appartengono quasi sempre ad ambiti diversi. Per rendersene conto basta pensare alle forme di non credenza che non affermano nulla e non sostengono l\u2019inesistenza di Dio in termini formali, ma si limitano a constatarne l\u2019assenza dal mondo reale o la sua altissima improbabilit\u00e0 dal punto di vista delle scienze fisiche. Oppure alle diffuse forme di non credenza caratterizzate da indifferenza e totale estraneit\u00e0 verso il fenomeno religioso. <br \/>La comune radice delle opposte posizioni \u00e8 stata alimentata e sostenuta da quanti hanno interesse ad affermare, nel dualismo affermazione\/negazione, la priorit\u00e0 del pensiero religioso su quello non religioso e il conseguente maggior pregio di chi crede rispetto a chi non crede, a cui anche linguisticamente mancherebbe qualcosa. <br \/>La convinzione della superiorit\u00e0 morale e filosofica della religione rispetto ad altre forme del pensiero umano, trova una curiosa conferma anche nel campo dei diritti umani, le cui solenni dichiarazioni utilizzano una formula in cui la libert\u00e0 di pensiero e di coscienza \u00e8 affiancata alla libert\u00e0 di religione (3). Un testo siffatto induce a pensare che la triplice elencazione indichi diverse categorie di diritti, mentre in realt\u00e0 le libert\u00e0 di pensiero e coscienza si identificano tra di loro e la libert\u00e0 religiosa \u00e8 un sottoinsieme della pi\u00f9 ampia categoria di libert\u00e0 di pensiero. La separata citazione alimenta l\u2019equivoco che la libert\u00e0 religiosa abbia uno status distinto e paritetico rispetto alla libert\u00e0 di pensiero\/coscienza e superiore ad altre libert\u00e0 individuali non esplicitamente menzionate. Se pare corretta l\u2019ipotesi che spiega la distinta triplice menzione con la necessit\u00e0 di dare maggior forza alla condanna delle persecuzioni religiose nei secoli scorsi presenti in Europa, un maggior rigore semantico da parte degli estensori delle Carte sovranazionali avrebbe evitato il perpetuarsi di confusioni filosofiche alla base di nuove dispute e divisioni.<br \/>Senza dire che \u00e8 anche il diffuso preconcetto che colloca la religione su un piano superiore a ogni altra manifestazione del pensiero umano che ha autorizzato le Chiese ad avanzare il diritto-pretesa di un trattamento privilegiato rispetto ad altre grandi organizzazioni umane.<\/p>\n<p><strong>Dagoberto Frattaroli<\/strong><\/p>\n<p>(1) Sentenza della Corte Costituzionale n. 117 del 2 ottobre 1979, \u201cIllegittimit\u00e0 costituzionale del giuramento davanti a Dio\u201d.<br \/>(2) Il testo dell\u2019art. 19 della Costituzione \u00e8 il seguente \u201cTutti hanno diritto di professare liberamente la propria fede religiosa in qualsiasi forma, individuale o associata, di farne propaganda e di esercitarne in privato e in pubblico il culto, purch\u00e9 non si tratti di riti contrari alla buon costume.\u201d<br \/>(3) Il riferimento \u00e8 alla \u201cDichiarazione Universale dei Diritti dell\u2019Uomo\u201d Onu, alla \u201cConvenzione per la difesa dei diritti dell\u2019uomo\u201d del Consiglio d\u2019Europa e alla \u201cCarta dei diritti fondamentali dell\u2019Unione Europea\u201d che usano costantemente la formula \u201clibert\u00e0 di pensiero, coscienza e religione\u201d.<\/p>\n<p>&nbsp;<\/p>\n","protected":false},"excerpt":{"rendered":"<p>Credenza e non credenza La nostra Costituzione non tutela esplicitamente il pensiero di chi non crede in alcuna religione, mentre contiene molte norme a garanzia del pensiero religioso e dei culti.<\/p>\n","protected":false},"author":7,"featured_media":0,"comment_status":"closed","ping_status":"closed","sticky":false,"template":"","format":"standard","meta":{"footnotes":""},"categories":[238,232],"tags":[725,1039,250],"class_list":["post-12195","post","type-post","status-publish","format-standard","hentry","category-articoli","category-riflessioni-2","tag-costituzione","tag-dagoberto-frattaroli","tag-laicita"],"yoast_head":"<!-- This site is optimized with the Yoast SEO plugin v27.1.1 - https:\/\/yoast.com\/product\/yoast-seo-wordpress\/ -->\n<title>Laicit\u00e0 e Costituzione (parte quinta) - Associazione Culturale Civilt\u00e0 Laica<\/title>\n<meta name=\"robots\" content=\"index, follow, max-snippet:-1, max-image-preview:large, max-video-preview:-1\" \/>\n<link rel=\"canonical\" href=\"https:\/\/www.civiltalaica.it\/cms\/laicita-e-costituzione-parte-quinta\/\" \/>\n<meta property=\"og:locale\" content=\"it_IT\" \/>\n<meta property=\"og:type\" content=\"article\" \/>\n<meta property=\"og:title\" content=\"Laicit\u00e0 e Costituzione (parte quinta) - Associazione Culturale Civilt\u00e0 Laica\" \/>\n<meta property=\"og:description\" content=\"Credenza e non credenza La nostra Costituzione non tutela esplicitamente il pensiero di chi non crede in alcuna religione, mentre contiene molte norme a garanzia del pensiero religioso e dei culti.\" \/>\n<meta property=\"og:url\" content=\"https:\/\/www.civiltalaica.it\/cms\/laicita-e-costituzione-parte-quinta\/\" \/>\n<meta property=\"og:site_name\" content=\"Associazione Culturale Civilt\u00e0 Laica\" \/>\n<meta property=\"article:publisher\" content=\"https:\/\/www.facebook.com\/civiltalaica\" \/>\n<meta property=\"article:published_time\" content=\"2014-03-17T18:37:35+00:00\" \/>\n<meta property=\"article:modified_time\" content=\"2014-03-17T18:38:17+00:00\" \/>\n<meta property=\"og:image\" content=\"http:\/\/www.civiltalaica.it\/cms\/wp-content\/uploads\/2011\/07\/bandiera-croce1.jpg\" \/>\n<meta name=\"author\" content=\"alexjc\" \/>\n<meta name=\"twitter:card\" content=\"summary_large_image\" \/>\n<meta name=\"twitter:label1\" content=\"Scritto da\" \/>\n\t<meta name=\"twitter:data1\" content=\"alexjc\" \/>\n\t<meta name=\"twitter:label2\" content=\"Tempo di lettura stimato\" \/>\n\t<meta name=\"twitter:data2\" content=\"3 minuti\" \/>\n<script type=\"application\/ld+json\" class=\"yoast-schema-graph\">{\"@context\":\"https:\/\/schema.org\",\"@graph\":[{\"@type\":\"Article\",\"@id\":\"https:\/\/www.civiltalaica.it\/cms\/laicita-e-costituzione-parte-quinta\/#article\",\"isPartOf\":{\"@id\":\"https:\/\/www.civiltalaica.it\/cms\/laicita-e-costituzione-parte-quinta\/\"},\"author\":{\"name\":\"alexjc\",\"@id\":\"https:\/\/www.civiltalaica.it\/cms\/#\/schema\/person\/4efef56f866329a1e0943eb27336df1d\"},\"headline\":\"Laicit\u00e0 e Costituzione (parte quinta)\",\"datePublished\":\"2014-03-17T18:37:35+00:00\",\"dateModified\":\"2014-03-17T18:38:17+00:00\",\"mainEntityOfPage\":{\"@id\":\"https:\/\/www.civiltalaica.it\/cms\/laicita-e-costituzione-parte-quinta\/\"},\"wordCount\":700,\"image\":{\"@id\":\"https:\/\/www.civiltalaica.it\/cms\/laicita-e-costituzione-parte-quinta\/#primaryimage\"},\"thumbnailUrl\":\"http:\/\/www.civiltalaica.it\/cms\/wp-content\/uploads\/2011\/07\/bandiera-croce1.jpg\",\"keywords\":[\"costituzione\",\"dagoberto frattaroli\",\"laicit\u00e0\"],\"articleSection\":[\"articoli\",\"riflessioni\"],\"inLanguage\":\"it-IT\"},{\"@type\":\"WebPage\",\"@id\":\"https:\/\/www.civiltalaica.it\/cms\/laicita-e-costituzione-parte-quinta\/\",\"url\":\"https:\/\/www.civiltalaica.it\/cms\/laicita-e-costituzione-parte-quinta\/\",\"name\":\"Laicit\u00e0 e Costituzione (parte quinta) - Associazione Culturale Civilt\u00e0 Laica\",\"isPartOf\":{\"@id\":\"https:\/\/www.civiltalaica.it\/cms\/#website\"},\"primaryImageOfPage\":{\"@id\":\"https:\/\/www.civiltalaica.it\/cms\/laicita-e-costituzione-parte-quinta\/#primaryimage\"},\"image\":{\"@id\":\"https:\/\/www.civiltalaica.it\/cms\/laicita-e-costituzione-parte-quinta\/#primaryimage\"},\"thumbnailUrl\":\"http:\/\/www.civiltalaica.it\/cms\/wp-content\/uploads\/2011\/07\/bandiera-croce1.jpg\",\"datePublished\":\"2014-03-17T18:37:35+00:00\",\"dateModified\":\"2014-03-17T18:38:17+00:00\",\"author\":{\"@id\":\"https:\/\/www.civiltalaica.it\/cms\/#\/schema\/person\/4efef56f866329a1e0943eb27336df1d\"},\"breadcrumb\":{\"@id\":\"https:\/\/www.civiltalaica.it\/cms\/laicita-e-costituzione-parte-quinta\/#breadcrumb\"},\"inLanguage\":\"it-IT\",\"potentialAction\":[{\"@type\":\"ReadAction\",\"target\":[\"https:\/\/www.civiltalaica.it\/cms\/laicita-e-costituzione-parte-quinta\/\"]}]},{\"@type\":\"ImageObject\",\"inLanguage\":\"it-IT\",\"@id\":\"https:\/\/www.civiltalaica.it\/cms\/laicita-e-costituzione-parte-quinta\/#primaryimage\",\"url\":\"http:\/\/www.civiltalaica.it\/cms\/wp-content\/uploads\/2011\/07\/bandiera-croce1.jpg\",\"contentUrl\":\"http:\/\/www.civiltalaica.it\/cms\/wp-content\/uploads\/2011\/07\/bandiera-croce1.jpg\"},{\"@type\":\"BreadcrumbList\",\"@id\":\"https:\/\/www.civiltalaica.it\/cms\/laicita-e-costituzione-parte-quinta\/#breadcrumb\",\"itemListElement\":[{\"@type\":\"ListItem\",\"position\":1,\"name\":\"Home\",\"item\":\"https:\/\/www.civiltalaica.it\/cms\/\"},{\"@type\":\"ListItem\",\"position\":2,\"name\":\"Laicit\u00e0 e Costituzione (parte quinta)\"}]},{\"@type\":\"WebSite\",\"@id\":\"https:\/\/www.civiltalaica.it\/cms\/#website\",\"url\":\"https:\/\/www.civiltalaica.it\/cms\/\",\"name\":\"Associazione Culturale Civilt\u00e0 Laica\",\"description\":\"Per un movimento culturale volto a difendere la Laicit\u00e0 dello Stato.\",\"potentialAction\":[{\"@type\":\"SearchAction\",\"target\":{\"@type\":\"EntryPoint\",\"urlTemplate\":\"https:\/\/www.civiltalaica.it\/cms\/?s={search_term_string}\"},\"query-input\":{\"@type\":\"PropertyValueSpecification\",\"valueRequired\":true,\"valueName\":\"search_term_string\"}}],\"inLanguage\":\"it-IT\"},{\"@type\":\"Person\",\"@id\":\"https:\/\/www.civiltalaica.it\/cms\/#\/schema\/person\/4efef56f866329a1e0943eb27336df1d\",\"name\":\"alexjc\",\"url\":\"https:\/\/www.civiltalaica.it\/cms\/author\/alexjc\/\"}]}<\/script>\n<!-- \/ Yoast SEO plugin. -->","yoast_head_json":{"title":"Laicit\u00e0 e Costituzione (parte quinta) - Associazione Culturale Civilt\u00e0 Laica","robots":{"index":"index","follow":"follow","max-snippet":"max-snippet:-1","max-image-preview":"max-image-preview:large","max-video-preview":"max-video-preview:-1"},"canonical":"https:\/\/www.civiltalaica.it\/cms\/laicita-e-costituzione-parte-quinta\/","og_locale":"it_IT","og_type":"article","og_title":"Laicit\u00e0 e Costituzione (parte quinta) - Associazione Culturale Civilt\u00e0 Laica","og_description":"Credenza e non credenza La nostra Costituzione non tutela esplicitamente il pensiero di chi non crede in alcuna religione, mentre contiene molte norme a garanzia del pensiero religioso e dei culti.","og_url":"https:\/\/www.civiltalaica.it\/cms\/laicita-e-costituzione-parte-quinta\/","og_site_name":"Associazione Culturale Civilt\u00e0 Laica","article_publisher":"https:\/\/www.facebook.com\/civiltalaica","article_published_time":"2014-03-17T18:37:35+00:00","article_modified_time":"2014-03-17T18:38:17+00:00","og_image":[{"url":"http:\/\/www.civiltalaica.it\/cms\/wp-content\/uploads\/2011\/07\/bandiera-croce1.jpg","type":"","width":"","height":""}],"author":"alexjc","twitter_card":"summary_large_image","twitter_misc":{"Scritto da":"alexjc","Tempo di lettura stimato":"3 minuti"},"schema":{"@context":"https:\/\/schema.org","@graph":[{"@type":"Article","@id":"https:\/\/www.civiltalaica.it\/cms\/laicita-e-costituzione-parte-quinta\/#article","isPartOf":{"@id":"https:\/\/www.civiltalaica.it\/cms\/laicita-e-costituzione-parte-quinta\/"},"author":{"name":"alexjc","@id":"https:\/\/www.civiltalaica.it\/cms\/#\/schema\/person\/4efef56f866329a1e0943eb27336df1d"},"headline":"Laicit\u00e0 e Costituzione (parte quinta)","datePublished":"2014-03-17T18:37:35+00:00","dateModified":"2014-03-17T18:38:17+00:00","mainEntityOfPage":{"@id":"https:\/\/www.civiltalaica.it\/cms\/laicita-e-costituzione-parte-quinta\/"},"wordCount":700,"image":{"@id":"https:\/\/www.civiltalaica.it\/cms\/laicita-e-costituzione-parte-quinta\/#primaryimage"},"thumbnailUrl":"http:\/\/www.civiltalaica.it\/cms\/wp-content\/uploads\/2011\/07\/bandiera-croce1.jpg","keywords":["costituzione","dagoberto frattaroli","laicit\u00e0"],"articleSection":["articoli","riflessioni"],"inLanguage":"it-IT"},{"@type":"WebPage","@id":"https:\/\/www.civiltalaica.it\/cms\/laicita-e-costituzione-parte-quinta\/","url":"https:\/\/www.civiltalaica.it\/cms\/laicita-e-costituzione-parte-quinta\/","name":"Laicit\u00e0 e Costituzione (parte quinta) - Associazione Culturale Civilt\u00e0 Laica","isPartOf":{"@id":"https:\/\/www.civiltalaica.it\/cms\/#website"},"primaryImageOfPage":{"@id":"https:\/\/www.civiltalaica.it\/cms\/laicita-e-costituzione-parte-quinta\/#primaryimage"},"image":{"@id":"https:\/\/www.civiltalaica.it\/cms\/laicita-e-costituzione-parte-quinta\/#primaryimage"},"thumbnailUrl":"http:\/\/www.civiltalaica.it\/cms\/wp-content\/uploads\/2011\/07\/bandiera-croce1.jpg","datePublished":"2014-03-17T18:37:35+00:00","dateModified":"2014-03-17T18:38:17+00:00","author":{"@id":"https:\/\/www.civiltalaica.it\/cms\/#\/schema\/person\/4efef56f866329a1e0943eb27336df1d"},"breadcrumb":{"@id":"https:\/\/www.civiltalaica.it\/cms\/laicita-e-costituzione-parte-quinta\/#breadcrumb"},"inLanguage":"it-IT","potentialAction":[{"@type":"ReadAction","target":["https:\/\/www.civiltalaica.it\/cms\/laicita-e-costituzione-parte-quinta\/"]}]},{"@type":"ImageObject","inLanguage":"it-IT","@id":"https:\/\/www.civiltalaica.it\/cms\/laicita-e-costituzione-parte-quinta\/#primaryimage","url":"http:\/\/www.civiltalaica.it\/cms\/wp-content\/uploads\/2011\/07\/bandiera-croce1.jpg","contentUrl":"http:\/\/www.civiltalaica.it\/cms\/wp-content\/uploads\/2011\/07\/bandiera-croce1.jpg"},{"@type":"BreadcrumbList","@id":"https:\/\/www.civiltalaica.it\/cms\/laicita-e-costituzione-parte-quinta\/#breadcrumb","itemListElement":[{"@type":"ListItem","position":1,"name":"Home","item":"https:\/\/www.civiltalaica.it\/cms\/"},{"@type":"ListItem","position":2,"name":"Laicit\u00e0 e Costituzione (parte quinta)"}]},{"@type":"WebSite","@id":"https:\/\/www.civiltalaica.it\/cms\/#website","url":"https:\/\/www.civiltalaica.it\/cms\/","name":"Associazione Culturale Civilt\u00e0 Laica","description":"Per un movimento culturale volto a difendere la Laicit\u00e0 dello Stato.","potentialAction":[{"@type":"SearchAction","target":{"@type":"EntryPoint","urlTemplate":"https:\/\/www.civiltalaica.it\/cms\/?s={search_term_string}"},"query-input":{"@type":"PropertyValueSpecification","valueRequired":true,"valueName":"search_term_string"}}],"inLanguage":"it-IT"},{"@type":"Person","@id":"https:\/\/www.civiltalaica.it\/cms\/#\/schema\/person\/4efef56f866329a1e0943eb27336df1d","name":"alexjc","url":"https:\/\/www.civiltalaica.it\/cms\/author\/alexjc\/"}]}},"_links":{"self":[{"href":"https:\/\/www.civiltalaica.it\/cms\/wp-json\/wp\/v2\/posts\/12195","targetHints":{"allow":["GET"]}}],"collection":[{"href":"https:\/\/www.civiltalaica.it\/cms\/wp-json\/wp\/v2\/posts"}],"about":[{"href":"https:\/\/www.civiltalaica.it\/cms\/wp-json\/wp\/v2\/types\/post"}],"author":[{"embeddable":true,"href":"https:\/\/www.civiltalaica.it\/cms\/wp-json\/wp\/v2\/users\/7"}],"replies":[{"embeddable":true,"href":"https:\/\/www.civiltalaica.it\/cms\/wp-json\/wp\/v2\/comments?post=12195"}],"version-history":[{"count":0,"href":"https:\/\/www.civiltalaica.it\/cms\/wp-json\/wp\/v2\/posts\/12195\/revisions"}],"wp:attachment":[{"href":"https:\/\/www.civiltalaica.it\/cms\/wp-json\/wp\/v2\/media?parent=12195"}],"wp:term":[{"taxonomy":"category","embeddable":true,"href":"https:\/\/www.civiltalaica.it\/cms\/wp-json\/wp\/v2\/categories?post=12195"},{"taxonomy":"post_tag","embeddable":true,"href":"https:\/\/www.civiltalaica.it\/cms\/wp-json\/wp\/v2\/tags?post=12195"}],"curies":[{"name":"wp","href":"https:\/\/api.w.org\/{rel}","templated":true}]}}