{"id":12175,"date":"2014-03-08T10:14:54","date_gmt":"2014-03-08T10:14:54","guid":{"rendered":"http:\/\/www.civiltalaica.it\/cms\/?p=12175"},"modified":"2014-03-08T10:14:54","modified_gmt":"2014-03-08T10:14:54","slug":"laicita-e-costituzione-parte-quarta","status":"publish","type":"post","link":"https:\/\/www.civiltalaica.it\/cms\/laicita-e-costituzione-parte-quarta\/","title":{"rendered":"Laicit\u00e0 e Costituzione (parte quarta)"},"content":{"rendered":"<p><em>Tutela della non credenza e art. 19<\/em><\/p>\n<p>Dalla lettura degli articoli della Costituzione che trattano le fondamentali libert\u00e0 individuali nelle varie forme ed espressioni (artt. 2, 3, 7, 8, 19, 21) emerge l\u2019assenza di una norma che affermi solennemente la libert\u00e0 di pensiero e di coscienza, n\u00e9 si trova una menzione dell\u2019ateismo e della non-credenza.<!--more--><a href=\"http:\/\/www.civiltalaica.it\/cms\/wp-content\/uploads\/2011\/07\/bandiera-croce1.jpg\"><img loading=\"lazy\" decoding=\"async\" class=\"alignleft size-full wp-image-9809\" alt=\"bandiera-croce1\" src=\"http:\/\/www.civiltalaica.it\/cms\/wp-content\/uploads\/2011\/07\/bandiera-croce1.jpg\" width=\"300\" height=\"200\" \/><\/a> Al contrario, la religione e ci\u00f2 che la concerne (accordi con lo Stato, tutela, non discriminazione, ecc.) \u00e8 ampiamente trattata negli artt. 3 e 19 che riguardano il diritto dell\u2019individuo a praticare il proprio credo e negli artt. 7, 8, e 20 che si riferiscono alle religioni in quanto organizzazioni.<br \/>Con un simile diverso trattamento la nostra Costituzione ha voluto esprimere un giudizio di maggior importanza e valore del pensiero religioso nei confronti di quello non religioso, assegnando, al primo, ampio valore filosofico e sociale e lasciando a quello non religioso un mero interesse residuale, non ritenendolo meritevole nemmeno della generica tutela della libert\u00e0 di pensiero (che abbiamo visto non \u00e8 esplicitamente tutelata). Un quadro di norme in cui il pensiero non religioso non \u00e8 protetto comporta una grave discriminazione nei confronti di coloro che credenti non sono e non si riconoscono in alcuna religione, oltre a contraddire il principio di uguaglianza dei cittadini sancito dall\u2019art. 3 della stessa Costituzione.<br \/>In questa cornice legislativa discriminatoria \u00e8 naturale che negli anni successivi all\u2019approvazione della Costituzione ci s\u2019interrogasse sul diritto del pensiero non religioso ad essere tutelato nella sua espressione individuale e associativa e in che modo. Rientra solo nella generale libert\u00e0 di pensiero o pu\u00f2 trovare la stessa tutela dei fenomeni religiosi la cui libera espressione \u00e8 prevista dall\u2019art. 19 della Costituzione, secondo cui tutti hanno diritto di professare liberamente la propria fede religiosa? Questo interrogativo apr\u00ec una disputa giuridica e il riconoscimento della tutela del pensiero non-credente impegn\u00f2 i decenni successivi alla nascita della nostra Costituzione.<br \/>Da una parte si sosteneva che, in assenza di specifiche previsioni, l\u2019art. 19 sulla libert\u00e0 religiosa estendesse la sua tutela anche al pensiero agnostico ed ateo; tesi che trovava accesi avversari in coloro che sostenevano, appoggiandosi anche alla lettera dell\u2019art. 19, che la tutela riguardasse solo la religione e non si applicasse anche al pensiero non religioso. Da parte di costoro si affermava inoltre che tutta la Costituzione riconosceva uno status privilegiato al pensiero religioso e non tutelava quello non religioso, da ritenersi irrilevante dal punto di vista giuridico o, addirittura, illecito nel caso si fosse proposto nella forma di ateismo attivo. Negli anni successivi l\u2019inclusione della non credenza nella tutela dell\u2019art. 19 e la sua equiparazione alla religione prese man mano forza grazie anche a nuove interpretazioni giuridiche della nostra Costituzione. Comunque il dibattito si protrasse a lungo, tra tentennamenti e ripensamenti, e si dovette giungere al 1979, con la sentenza n. 117, per vedere affermato chiaramente dalla Corte Costituzionale che la Costituzione tutela anche la libert\u00e0 di coscienza dei non credenti e lo fa proprio con lo stesso art. 19 che si riferisce alla libert\u00e0 religiosa, da ritenere comprensiva della corrispondente libert\u00e0 negativa di non credere. <br \/>Da quel momento l\u2019ateismo ha trovato una sua tutela che \u00e8 potuto essere richiamata nelle successive sentenze dei giudici ordinari. <br \/>Questa interpretazione si \u00e8 rafforzata nel tempo anche in conseguenza della forza vincolante che hanno avuto per lo Stato Italiano le Carte sovranazionali, come la \u201cConvenzione per la salvaguardia dei diritti dell\u2019uomo\u201d del Consiglio d\u2019Europa e la \u201cCarta dei diritti fondamentali dell\u2019Unione Europea\u201d, nei cui testi si trova chiaramente espresso il principio della libert\u00e0 di pensiero e di coscienza.<br \/>La vicenda dell\u2019art. 19, conferma che i principi fondamentali, ancorch\u00e9 ovvi, come quello della libert\u00e0 di pensiero\/coscienza, di cui la libert\u00e0 di non credere \u00e8 una espressione, \u00e8 opportuno che siano sempre esplicitamente e chiaramente affermati, in modo da sottrarli alle tentazioni interpretative che, non sempre in buona fede, possono sorgere ed affermarsi nelle diverse realt\u00e0 politiche e sociali. <br \/>E\u2019 motivo di compiacimento costatare come il pensiero giuridico abbia infine realizzato certe conquiste, anche se per arrivare a riconoscere piena dignit\u00e0 alla libert\u00e0 di pensiero dei \u201cnon credenti\u201d \u00e8 stato necessario attendere oltre un trentennio, nel corso del quale le interpretazioni che volevano mantenere la supremazia, o addirittura la esclusiva tutela giuridica del pensiero religioso, si sono presentate in modo sempre energico, articolato e, per lungo tempo, vincente. <br \/>Nonostante oggi non esistano pi\u00f9 dubbi o ostacoli in merito alla parificazione giuridica tra credenza e non credenza, dobbiamo prendere atto in modo scarsamente confortante che tale riconoscimento \u00e8 avvenuto attraverso l\u2019equiparazione del pensiero ateo e agnostico al pensiero religioso, mantenendo l\u2019impressione che la religiosit\u00e0 sia superiore agli altri tipi di pensiero. <\/p>\n<p><strong>Dagoberto Frattaroli<\/strong><\/p>\n<p>(1) Sentenza della Corte Costituzionale n. 117 del 2 ottobre 1979 \u201cIllegittimit\u00e0 costituzionale del giuramento davanti a Dio\u201d.<\/p>\n","protected":false},"excerpt":{"rendered":"<p>Tutela della non credenza e art. 19 Dalla lettura degli articoli della Costituzione che trattano le fondamentali libert\u00e0 individuali nelle varie forme ed espressioni (artt. 2, 3, 7, 8, 19, 21) emerge l\u2019assenza di una norma che affermi solennemente la libert\u00e0 di pensiero e di coscienza, n\u00e9 si trova una menzione dell\u2019ateismo e della non-credenza.<\/p>\n","protected":false},"author":7,"featured_media":0,"comment_status":"closed","ping_status":"closed","sticky":false,"template":"","format":"standard","meta":{"footnotes":""},"categories":[238,232],"tags":[251,1039,250],"class_list":["post-12175","post","type-post","status-publish","format-standard","hentry","category-articoli","category-riflessioni-2","tag-costituzione-italiana","tag-dagoberto-frattaroli","tag-laicita"],"yoast_head":"<!-- This site is optimized with the Yoast SEO plugin v27.1.1 - https:\/\/yoast.com\/product\/yoast-seo-wordpress\/ -->\n<title>Laicit\u00e0 e Costituzione (parte quarta) - Associazione Culturale Civilt\u00e0 Laica<\/title>\n<meta name=\"robots\" content=\"index, follow, max-snippet:-1, max-image-preview:large, max-video-preview:-1\" \/>\n<link rel=\"canonical\" href=\"https:\/\/www.civiltalaica.it\/cms\/laicita-e-costituzione-parte-quarta\/\" \/>\n<meta property=\"og:locale\" content=\"it_IT\" \/>\n<meta property=\"og:type\" content=\"article\" \/>\n<meta property=\"og:title\" content=\"Laicit\u00e0 e Costituzione (parte quarta) - Associazione Culturale Civilt\u00e0 Laica\" \/>\n<meta property=\"og:description\" content=\"Tutela della non credenza e art. 19 Dalla lettura degli articoli della Costituzione che trattano le fondamentali libert\u00e0 individuali nelle varie forme ed espressioni (artt. 2, 3, 7, 8, 19, 21) emerge l\u2019assenza di una norma che affermi solennemente la libert\u00e0 di pensiero e di coscienza, n\u00e9 si trova una menzione dell\u2019ateismo e della non-credenza.\" \/>\n<meta property=\"og:url\" content=\"https:\/\/www.civiltalaica.it\/cms\/laicita-e-costituzione-parte-quarta\/\" \/>\n<meta property=\"og:site_name\" content=\"Associazione Culturale Civilt\u00e0 Laica\" \/>\n<meta property=\"article:publisher\" content=\"https:\/\/www.facebook.com\/civiltalaica\" \/>\n<meta property=\"article:published_time\" content=\"2014-03-08T10:14:54+00:00\" \/>\n<meta property=\"og:image\" content=\"http:\/\/www.civiltalaica.it\/cms\/wp-content\/uploads\/2011\/07\/bandiera-croce1.jpg\" \/>\n<meta name=\"author\" content=\"alexjc\" \/>\n<meta name=\"twitter:card\" content=\"summary_large_image\" \/>\n<meta name=\"twitter:label1\" content=\"Scritto da\" \/>\n\t<meta name=\"twitter:data1\" content=\"alexjc\" \/>\n\t<meta name=\"twitter:label2\" content=\"Tempo di lettura stimato\" \/>\n\t<meta name=\"twitter:data2\" content=\"4 minuti\" \/>\n<script type=\"application\/ld+json\" class=\"yoast-schema-graph\">{\"@context\":\"https:\/\/schema.org\",\"@graph\":[{\"@type\":\"Article\",\"@id\":\"https:\/\/www.civiltalaica.it\/cms\/laicita-e-costituzione-parte-quarta\/#article\",\"isPartOf\":{\"@id\":\"https:\/\/www.civiltalaica.it\/cms\/laicita-e-costituzione-parte-quarta\/\"},\"author\":{\"name\":\"alexjc\",\"@id\":\"https:\/\/www.civiltalaica.it\/cms\/#\/schema\/person\/4efef56f866329a1e0943eb27336df1d\"},\"headline\":\"Laicit\u00e0 e Costituzione (parte quarta)\",\"datePublished\":\"2014-03-08T10:14:54+00:00\",\"mainEntityOfPage\":{\"@id\":\"https:\/\/www.civiltalaica.it\/cms\/laicita-e-costituzione-parte-quarta\/\"},\"wordCount\":776,\"image\":{\"@id\":\"https:\/\/www.civiltalaica.it\/cms\/laicita-e-costituzione-parte-quarta\/#primaryimage\"},\"thumbnailUrl\":\"http:\/\/www.civiltalaica.it\/cms\/wp-content\/uploads\/2011\/07\/bandiera-croce1.jpg\",\"keywords\":[\"costituzione italiana\",\"dagoberto frattaroli\",\"laicit\u00e0\"],\"articleSection\":[\"articoli\",\"riflessioni\"],\"inLanguage\":\"it-IT\"},{\"@type\":\"WebPage\",\"@id\":\"https:\/\/www.civiltalaica.it\/cms\/laicita-e-costituzione-parte-quarta\/\",\"url\":\"https:\/\/www.civiltalaica.it\/cms\/laicita-e-costituzione-parte-quarta\/\",\"name\":\"Laicit\u00e0 e Costituzione (parte quarta) - Associazione Culturale Civilt\u00e0 Laica\",\"isPartOf\":{\"@id\":\"https:\/\/www.civiltalaica.it\/cms\/#website\"},\"primaryImageOfPage\":{\"@id\":\"https:\/\/www.civiltalaica.it\/cms\/laicita-e-costituzione-parte-quarta\/#primaryimage\"},\"image\":{\"@id\":\"https:\/\/www.civiltalaica.it\/cms\/laicita-e-costituzione-parte-quarta\/#primaryimage\"},\"thumbnailUrl\":\"http:\/\/www.civiltalaica.it\/cms\/wp-content\/uploads\/2011\/07\/bandiera-croce1.jpg\",\"datePublished\":\"2014-03-08T10:14:54+00:00\",\"author\":{\"@id\":\"https:\/\/www.civiltalaica.it\/cms\/#\/schema\/person\/4efef56f866329a1e0943eb27336df1d\"},\"breadcrumb\":{\"@id\":\"https:\/\/www.civiltalaica.it\/cms\/laicita-e-costituzione-parte-quarta\/#breadcrumb\"},\"inLanguage\":\"it-IT\",\"potentialAction\":[{\"@type\":\"ReadAction\",\"target\":[\"https:\/\/www.civiltalaica.it\/cms\/laicita-e-costituzione-parte-quarta\/\"]}]},{\"@type\":\"ImageObject\",\"inLanguage\":\"it-IT\",\"@id\":\"https:\/\/www.civiltalaica.it\/cms\/laicita-e-costituzione-parte-quarta\/#primaryimage\",\"url\":\"http:\/\/www.civiltalaica.it\/cms\/wp-content\/uploads\/2011\/07\/bandiera-croce1.jpg\",\"contentUrl\":\"http:\/\/www.civiltalaica.it\/cms\/wp-content\/uploads\/2011\/07\/bandiera-croce1.jpg\"},{\"@type\":\"BreadcrumbList\",\"@id\":\"https:\/\/www.civiltalaica.it\/cms\/laicita-e-costituzione-parte-quarta\/#breadcrumb\",\"itemListElement\":[{\"@type\":\"ListItem\",\"position\":1,\"name\":\"Home\",\"item\":\"https:\/\/www.civiltalaica.it\/cms\/\"},{\"@type\":\"ListItem\",\"position\":2,\"name\":\"Laicit\u00e0 e Costituzione (parte quarta)\"}]},{\"@type\":\"WebSite\",\"@id\":\"https:\/\/www.civiltalaica.it\/cms\/#website\",\"url\":\"https:\/\/www.civiltalaica.it\/cms\/\",\"name\":\"Associazione Culturale Civilt\u00e0 Laica\",\"description\":\"Per un movimento culturale volto a difendere la Laicit\u00e0 dello Stato.\",\"potentialAction\":[{\"@type\":\"SearchAction\",\"target\":{\"@type\":\"EntryPoint\",\"urlTemplate\":\"https:\/\/www.civiltalaica.it\/cms\/?s={search_term_string}\"},\"query-input\":{\"@type\":\"PropertyValueSpecification\",\"valueRequired\":true,\"valueName\":\"search_term_string\"}}],\"inLanguage\":\"it-IT\"},{\"@type\":\"Person\",\"@id\":\"https:\/\/www.civiltalaica.it\/cms\/#\/schema\/person\/4efef56f866329a1e0943eb27336df1d\",\"name\":\"alexjc\",\"url\":\"https:\/\/www.civiltalaica.it\/cms\/author\/alexjc\/\"}]}<\/script>\n<!-- \/ Yoast SEO plugin. -->","yoast_head_json":{"title":"Laicit\u00e0 e Costituzione (parte quarta) - Associazione Culturale Civilt\u00e0 Laica","robots":{"index":"index","follow":"follow","max-snippet":"max-snippet:-1","max-image-preview":"max-image-preview:large","max-video-preview":"max-video-preview:-1"},"canonical":"https:\/\/www.civiltalaica.it\/cms\/laicita-e-costituzione-parte-quarta\/","og_locale":"it_IT","og_type":"article","og_title":"Laicit\u00e0 e Costituzione (parte quarta) - Associazione Culturale Civilt\u00e0 Laica","og_description":"Tutela della non credenza e art. 19 Dalla lettura degli articoli della Costituzione che trattano le fondamentali libert\u00e0 individuali nelle varie forme ed espressioni (artt. 2, 3, 7, 8, 19, 21) emerge l\u2019assenza di una norma che affermi solennemente la libert\u00e0 di pensiero e di coscienza, n\u00e9 si trova una menzione dell\u2019ateismo e della non-credenza.","og_url":"https:\/\/www.civiltalaica.it\/cms\/laicita-e-costituzione-parte-quarta\/","og_site_name":"Associazione Culturale Civilt\u00e0 Laica","article_publisher":"https:\/\/www.facebook.com\/civiltalaica","article_published_time":"2014-03-08T10:14:54+00:00","og_image":[{"url":"http:\/\/www.civiltalaica.it\/cms\/wp-content\/uploads\/2011\/07\/bandiera-croce1.jpg","type":"","width":"","height":""}],"author":"alexjc","twitter_card":"summary_large_image","twitter_misc":{"Scritto da":"alexjc","Tempo di lettura stimato":"4 minuti"},"schema":{"@context":"https:\/\/schema.org","@graph":[{"@type":"Article","@id":"https:\/\/www.civiltalaica.it\/cms\/laicita-e-costituzione-parte-quarta\/#article","isPartOf":{"@id":"https:\/\/www.civiltalaica.it\/cms\/laicita-e-costituzione-parte-quarta\/"},"author":{"name":"alexjc","@id":"https:\/\/www.civiltalaica.it\/cms\/#\/schema\/person\/4efef56f866329a1e0943eb27336df1d"},"headline":"Laicit\u00e0 e Costituzione (parte quarta)","datePublished":"2014-03-08T10:14:54+00:00","mainEntityOfPage":{"@id":"https:\/\/www.civiltalaica.it\/cms\/laicita-e-costituzione-parte-quarta\/"},"wordCount":776,"image":{"@id":"https:\/\/www.civiltalaica.it\/cms\/laicita-e-costituzione-parte-quarta\/#primaryimage"},"thumbnailUrl":"http:\/\/www.civiltalaica.it\/cms\/wp-content\/uploads\/2011\/07\/bandiera-croce1.jpg","keywords":["costituzione italiana","dagoberto frattaroli","laicit\u00e0"],"articleSection":["articoli","riflessioni"],"inLanguage":"it-IT"},{"@type":"WebPage","@id":"https:\/\/www.civiltalaica.it\/cms\/laicita-e-costituzione-parte-quarta\/","url":"https:\/\/www.civiltalaica.it\/cms\/laicita-e-costituzione-parte-quarta\/","name":"Laicit\u00e0 e Costituzione (parte quarta) - Associazione Culturale Civilt\u00e0 Laica","isPartOf":{"@id":"https:\/\/www.civiltalaica.it\/cms\/#website"},"primaryImageOfPage":{"@id":"https:\/\/www.civiltalaica.it\/cms\/laicita-e-costituzione-parte-quarta\/#primaryimage"},"image":{"@id":"https:\/\/www.civiltalaica.it\/cms\/laicita-e-costituzione-parte-quarta\/#primaryimage"},"thumbnailUrl":"http:\/\/www.civiltalaica.it\/cms\/wp-content\/uploads\/2011\/07\/bandiera-croce1.jpg","datePublished":"2014-03-08T10:14:54+00:00","author":{"@id":"https:\/\/www.civiltalaica.it\/cms\/#\/schema\/person\/4efef56f866329a1e0943eb27336df1d"},"breadcrumb":{"@id":"https:\/\/www.civiltalaica.it\/cms\/laicita-e-costituzione-parte-quarta\/#breadcrumb"},"inLanguage":"it-IT","potentialAction":[{"@type":"ReadAction","target":["https:\/\/www.civiltalaica.it\/cms\/laicita-e-costituzione-parte-quarta\/"]}]},{"@type":"ImageObject","inLanguage":"it-IT","@id":"https:\/\/www.civiltalaica.it\/cms\/laicita-e-costituzione-parte-quarta\/#primaryimage","url":"http:\/\/www.civiltalaica.it\/cms\/wp-content\/uploads\/2011\/07\/bandiera-croce1.jpg","contentUrl":"http:\/\/www.civiltalaica.it\/cms\/wp-content\/uploads\/2011\/07\/bandiera-croce1.jpg"},{"@type":"BreadcrumbList","@id":"https:\/\/www.civiltalaica.it\/cms\/laicita-e-costituzione-parte-quarta\/#breadcrumb","itemListElement":[{"@type":"ListItem","position":1,"name":"Home","item":"https:\/\/www.civiltalaica.it\/cms\/"},{"@type":"ListItem","position":2,"name":"Laicit\u00e0 e Costituzione (parte quarta)"}]},{"@type":"WebSite","@id":"https:\/\/www.civiltalaica.it\/cms\/#website","url":"https:\/\/www.civiltalaica.it\/cms\/","name":"Associazione Culturale Civilt\u00e0 Laica","description":"Per un movimento culturale volto a difendere la Laicit\u00e0 dello Stato.","potentialAction":[{"@type":"SearchAction","target":{"@type":"EntryPoint","urlTemplate":"https:\/\/www.civiltalaica.it\/cms\/?s={search_term_string}"},"query-input":{"@type":"PropertyValueSpecification","valueRequired":true,"valueName":"search_term_string"}}],"inLanguage":"it-IT"},{"@type":"Person","@id":"https:\/\/www.civiltalaica.it\/cms\/#\/schema\/person\/4efef56f866329a1e0943eb27336df1d","name":"alexjc","url":"https:\/\/www.civiltalaica.it\/cms\/author\/alexjc\/"}]}},"_links":{"self":[{"href":"https:\/\/www.civiltalaica.it\/cms\/wp-json\/wp\/v2\/posts\/12175","targetHints":{"allow":["GET"]}}],"collection":[{"href":"https:\/\/www.civiltalaica.it\/cms\/wp-json\/wp\/v2\/posts"}],"about":[{"href":"https:\/\/www.civiltalaica.it\/cms\/wp-json\/wp\/v2\/types\/post"}],"author":[{"embeddable":true,"href":"https:\/\/www.civiltalaica.it\/cms\/wp-json\/wp\/v2\/users\/7"}],"replies":[{"embeddable":true,"href":"https:\/\/www.civiltalaica.it\/cms\/wp-json\/wp\/v2\/comments?post=12175"}],"version-history":[{"count":0,"href":"https:\/\/www.civiltalaica.it\/cms\/wp-json\/wp\/v2\/posts\/12175\/revisions"}],"wp:attachment":[{"href":"https:\/\/www.civiltalaica.it\/cms\/wp-json\/wp\/v2\/media?parent=12175"}],"wp:term":[{"taxonomy":"category","embeddable":true,"href":"https:\/\/www.civiltalaica.it\/cms\/wp-json\/wp\/v2\/categories?post=12175"},{"taxonomy":"post_tag","embeddable":true,"href":"https:\/\/www.civiltalaica.it\/cms\/wp-json\/wp\/v2\/tags?post=12175"}],"curies":[{"name":"wp","href":"https:\/\/api.w.org\/{rel}","templated":true}]}}