{"id":12111,"date":"2014-02-10T18:14:15","date_gmt":"2014-02-10T18:14:15","guid":{"rendered":"http:\/\/www.civiltalaica.it\/cms\/?p=12111"},"modified":"2014-02-10T18:18:18","modified_gmt":"2014-02-10T18:18:18","slug":"chiesa-cattolica-e-diritti-umani-inconciliabili","status":"publish","type":"post","link":"https:\/\/www.civiltalaica.it\/cms\/chiesa-cattolica-e-diritti-umani-inconciliabili\/","title":{"rendered":"Chiesa cattolica e diritti umani: inconciliabili"},"content":{"rendered":"<p>C&#8217;\u00e8 un aspetto importante della replica della Santa Sede al Rapporto Onu sulle numerose violazioni della Convenzione sui diritti del fanciullo da parte della Chiesa. Mentre da un lato il Vaticano ribadisce il suo impegno nella protezione dell&#8217;infanzia, facendo ovvio riferimento alle migliaia di casi di pedofilia clericale\u00a0<a href=\"http:\/\/cronachelaiche.globalist.it\/Detail_News_Display?ID=96996&amp;typeb=0&amp;Pedofilia-la-morale-perversa-della-Chiesa-cattolica\" target=\"_blank\">su cui l&#8217;Onu chiede conto<\/a>, <!--more--><a href=\"http:\/\/www.civiltalaica.it\/cms\/wp-content\/uploads\/2013\/07\/faith-reason1.jpg\"><img loading=\"lazy\" decoding=\"async\" class=\"alignleft size-medium wp-image-11633\" alt=\"faith-reason\" src=\"http:\/\/www.civiltalaica.it\/cms\/wp-content\/uploads\/2013\/07\/faith-reason1-300x235.jpg\" width=\"300\" height=\"235\" srcset=\"https:\/\/www.civiltalaica.it\/cms\/wp-content\/uploads\/2013\/07\/faith-reason1-300x235.jpg 300w, https:\/\/www.civiltalaica.it\/cms\/wp-content\/uploads\/2013\/07\/faith-reason1.jpg 594w\" sizes=\"auto, (max-width: 300px) 100vw, 300px\" \/><\/a>dall&#8217;altro mostra stupore e addirittura rincrescimento perch\u00e9 in alcuni punti del Rapporto si intravede \u00abun tentativo di interferire nell&#8217;insegnamento della Chiesa Cattolica sulla dignit\u00e0 della persona umana e nell&#8217;esercizio della libert\u00e0 religiosa\u00bb.<\/p>\n<p>Leggendo il Rapporto, non \u00e8 difficile capire quali siano questi punti: l&#8217;Onu chiede una revisione del diritto canonico e dell&#8217;insegnamento morale della Chiesa riguardo alla pedofilia, alla confessione (il cui inviolabile segreto, pena la scomunica\u00a0<i>latae sententiae<\/i>, ha permesso il proliferare indisturbato degli abusi), alla contraccezione, all&#8217;aborto, e alle discriminazioni verso l&#8217;omosessualit\u00e0. Ci\u00f2 che fa infuriare Oltretevere, in sostanza, non \u00e8 tanto la richiesta di rimuovere immediatamente e consegnare alla giustizia i responsabili delle violenze o chi li ha coperti, n\u00e9 di adottare misure pi\u00f9 restrittive per individuare i colpevoli. Al Vaticano non va gi\u00f9 la richiesta di modificare la legislazione interna e la dottrina, e giustifica l&#8217;irritazione denunciando un presunto tentativo di ingerenza e di violazione della libert\u00e0 religiosa da parte delle Nazioni Unite.\u00a0<\/p>\n<p>Il che porta a farsi un paio di domande. La prima: \u00e8 possibile che la libert\u00e0 religiosa di alcuni, un aspetto fondamentale della libert\u00e0 personale, possa comportare la violazione dei diritti di altri? La risposta \u00e8 facile: s\u00ec. Non serve guardare all&#8217;Islam perch\u00e9, come l&#8217;Onu ci fa notare, anche il cattolicesimo non rispetta alcuni diritti umani. La seconda domanda invece \u00e8 insidiosa: si pu\u00f2 istituzionalmente tollerare una religione che promulga la condanna della libera scelta su sessualit\u00e0 e maternit\u00e0 e la discriminazione di intere categorie di persone &#8211; i gay ma anche le donne, che non possono accedere agli ordini sacerdotali &#8211; contro la legislazione nazionale e tutte le convenzioni internazionali sui diritti umani?\u00a0<br \/>Qualsiasi risposta \u00e8 un autogoal per la democrazia. Se si risponde s\u00ec si sta creando una zona franca del diritto, una sfera protetta, quella religiosa appunto, in cui sono lecite la discriminazione e la violazione delle libert\u00e0 fondamentali. Se si risponde no, invece, si infrange il principio di libert\u00e0 religiosa, come ci ricorda la replica all&#8217;Onu del Vaticano. L&#8217;argomento, insomma, \u00e8 spinoso, perch\u00e9 nell&#8217;alveo &#8220;religione&#8221; pu\u00f2 essere compreso tutto e il suo contrario.\u00a0<\/p>\n<p>In Italia in particolare siamo in un vicolo cieco, perch\u00e9 riconosciamo l&#8217;ordinamento giuridico e morale della Chiesa addirittura nella nostra Carta costituzionale e le permettiamo, in virt\u00f9 del Concordato, di insegnare ai ragazzi delle scuole pubbliche che l&#8217;omosessualit\u00e0 \u00e8 un inaccettabile \u00abdisordine morale\u00bb, che l&#8217;aborto \u00e8 un peccato tale da portare alla scomunica immediata &#8211; anch&#8217;essa\u00a0<i>latae sententiae<\/i>\u00a0&#8211; della donna e, invece, che l&#8217;abuso su un minore \u00e8 solo un &#8220;delitto contro la morale&#8221;, come lo definisce il diritto canonico, e non un orrendo crimine su un bambino. E questo per restare nell&#8217;ambito delle osservazioni dell&#8217;Onu, perch\u00e9 potremmo anche parlare della demonizzazione di altre libert\u00e0 personali e persino delle distorsioni scientifiche che compromettono la conoscenza e quindi la capacit\u00e0 di scelta, ma lasciamo perdere.\u00a0<br \/>Ora, che la religione cattolica promuova la discriminazione \u00e8 un fatto. Perch\u00e9 condanna chiunque scelga in libert\u00e0, e contro gli insegnamenti della Chiesa, sulla sua vita. Perch\u00e9 crea un discrimine tra chi \u00e8 &#8220;giusto&#8221; e chi non lo \u00e8. Perch\u00e9 instilla nelle menti che gli appartenenti alla seconda categoria non possono avere gli stessi diritti degli altri. Perch\u00e9 mischia la morale privata con l&#8217;etica pubblica. E a poco valgono esternazioni quali \u00abChi sono io per giudicare un gay?\u00bb di papa Francesco quando a giudicare i gay ci pensano proprio il Catechismo e i documenti della Congregazione della dottrina per la fede.\u00a0<\/p>\n<p>Ma torniamo alla seconda domanda, e proviamo a superare l&#8217;impasse della risposta con una formulazione diversa: uno Stato democratico che sancisce, giustamente, l&#8217;irrinunciabile diritto alla libert\u00e0 religiosa, pu\u00f2 accettare che questa libert\u00e0 sia lesiva di altri diritti?<br \/>Nel mondo dei sogni una strada per salvare la libert\u00e0 degli uni e i diritti degli altri c&#8217;\u00e8. La fede \u00e8 personale, e come tale rientra nella libert\u00e0 di opinione garantita da ogni democrazia. L&#8217;istituzionalizzazione della fede, invece, se va contro i principi di autodeterminazione e non discriminazione che uno Stato garantisce tramite le sue leggi e la ratifica di convenzioni internazionali, non pu\u00f2 essere in alcun modo riconosciuta.\u00a0<br \/>Ma siamo nel mondo dei sogni, appunto. Al solo immaginare che il parlamento italiano depenni l&#8217;articolo 7 della Costituzione e rescinda il Concordato, ci si sveglia.\u00a0<\/p>\n<p><b>Cecilia M. Calamani<\/b>\u00a0&#8211; <a href=\"http:\/\/cronachelaiche.globalist.it\/Detail_News_Display?ID=97212&amp;typeb=0&amp;Chiesa-cattolica-e-diritti-umani-inconciliabili\">\u00a0Cronache Laiche<\/a><\/p>\n","protected":false},"excerpt":{"rendered":"<p>C&#8217;\u00e8 un aspetto importante della replica della Santa Sede al Rapporto Onu sulle numerose violazioni della Convenzione sui diritti del fanciullo da parte della Chiesa. Mentre da un lato il Vaticano ribadisce il suo impegno nella protezione dell&#8217;infanzia, facendo ovvio riferimento alle migliaia di casi di pedofilia clericale\u00a0su cui l&#8217;Onu chiede conto,<\/p>\n","protected":false},"author":7,"featured_media":0,"comment_status":"closed","ping_status":"closed","sticky":false,"template":"","format":"standard","meta":{"footnotes":""},"categories":[238,230],"tags":[75,16,157,1247,1307],"class_list":["post-12111","post","type-post","status-publish","format-standard","hentry","category-articoli","category-attualita","tag-cecilia-calamani","tag-chiesa-cattolica","tag-diritti-umani","tag-onu","tag-pedofili"],"yoast_head":"<!-- This site is optimized with the Yoast SEO plugin v27.1.1 - https:\/\/yoast.com\/product\/yoast-seo-wordpress\/ -->\n<title>Chiesa cattolica e diritti umani: inconciliabili - Associazione Culturale Civilt\u00e0 Laica<\/title>\n<meta name=\"robots\" content=\"index, follow, max-snippet:-1, max-image-preview:large, max-video-preview:-1\" \/>\n<link rel=\"canonical\" href=\"https:\/\/www.civiltalaica.it\/cms\/chiesa-cattolica-e-diritti-umani-inconciliabili\/\" \/>\n<meta property=\"og:locale\" content=\"it_IT\" \/>\n<meta property=\"og:type\" content=\"article\" \/>\n<meta property=\"og:title\" content=\"Chiesa cattolica e diritti umani: inconciliabili - Associazione Culturale Civilt\u00e0 Laica\" \/>\n<meta property=\"og:description\" content=\"C&#8217;\u00e8 un aspetto importante della replica della Santa Sede al Rapporto Onu sulle numerose violazioni della Convenzione sui diritti del fanciullo da parte della Chiesa. Mentre da un lato il Vaticano ribadisce il suo impegno nella protezione dell&#8217;infanzia, facendo ovvio riferimento alle migliaia di casi di pedofilia clericale\u00a0su cui l&#8217;Onu chiede conto,\" \/>\n<meta property=\"og:url\" content=\"https:\/\/www.civiltalaica.it\/cms\/chiesa-cattolica-e-diritti-umani-inconciliabili\/\" \/>\n<meta property=\"og:site_name\" content=\"Associazione Culturale Civilt\u00e0 Laica\" \/>\n<meta property=\"article:publisher\" content=\"https:\/\/www.facebook.com\/civiltalaica\" \/>\n<meta property=\"article:published_time\" content=\"2014-02-10T18:14:15+00:00\" \/>\n<meta property=\"article:modified_time\" content=\"2014-02-10T18:18:18+00:00\" \/>\n<meta property=\"og:image\" content=\"http:\/\/www.civiltalaica.it\/cms\/wp-content\/uploads\/2013\/07\/faith-reason1-300x235.jpg\" \/>\n<meta name=\"author\" content=\"alexjc\" \/>\n<meta name=\"twitter:card\" content=\"summary_large_image\" \/>\n<meta name=\"twitter:label1\" content=\"Scritto da\" \/>\n\t<meta name=\"twitter:data1\" content=\"alexjc\" \/>\n\t<meta name=\"twitter:label2\" content=\"Tempo di lettura stimato\" \/>\n\t<meta name=\"twitter:data2\" content=\"4 minuti\" \/>\n<script type=\"application\/ld+json\" class=\"yoast-schema-graph\">{\"@context\":\"https:\/\/schema.org\",\"@graph\":[{\"@type\":\"Article\",\"@id\":\"https:\/\/www.civiltalaica.it\/cms\/chiesa-cattolica-e-diritti-umani-inconciliabili\/#article\",\"isPartOf\":{\"@id\":\"https:\/\/www.civiltalaica.it\/cms\/chiesa-cattolica-e-diritti-umani-inconciliabili\/\"},\"author\":{\"name\":\"alexjc\",\"@id\":\"https:\/\/www.civiltalaica.it\/cms\/#\/schema\/person\/4efef56f866329a1e0943eb27336df1d\"},\"headline\":\"Chiesa cattolica e diritti umani: inconciliabili\",\"datePublished\":\"2014-02-10T18:14:15+00:00\",\"dateModified\":\"2014-02-10T18:18:18+00:00\",\"mainEntityOfPage\":{\"@id\":\"https:\/\/www.civiltalaica.it\/cms\/chiesa-cattolica-e-diritti-umani-inconciliabili\/\"},\"wordCount\":752,\"image\":{\"@id\":\"https:\/\/www.civiltalaica.it\/cms\/chiesa-cattolica-e-diritti-umani-inconciliabili\/#primaryimage\"},\"thumbnailUrl\":\"http:\/\/www.civiltalaica.it\/cms\/wp-content\/uploads\/2013\/07\/faith-reason1-300x235.jpg\",\"keywords\":[\"cecilia calamani\",\"Chiesa Cattolica\",\"diritti umani\",\"onu\",\"pedofili\"],\"articleSection\":[\"articoli\",\"attualit\u00e0\"],\"inLanguage\":\"it-IT\"},{\"@type\":\"WebPage\",\"@id\":\"https:\/\/www.civiltalaica.it\/cms\/chiesa-cattolica-e-diritti-umani-inconciliabili\/\",\"url\":\"https:\/\/www.civiltalaica.it\/cms\/chiesa-cattolica-e-diritti-umani-inconciliabili\/\",\"name\":\"Chiesa cattolica e diritti umani: inconciliabili - Associazione Culturale Civilt\u00e0 Laica\",\"isPartOf\":{\"@id\":\"https:\/\/www.civiltalaica.it\/cms\/#website\"},\"primaryImageOfPage\":{\"@id\":\"https:\/\/www.civiltalaica.it\/cms\/chiesa-cattolica-e-diritti-umani-inconciliabili\/#primaryimage\"},\"image\":{\"@id\":\"https:\/\/www.civiltalaica.it\/cms\/chiesa-cattolica-e-diritti-umani-inconciliabili\/#primaryimage\"},\"thumbnailUrl\":\"http:\/\/www.civiltalaica.it\/cms\/wp-content\/uploads\/2013\/07\/faith-reason1-300x235.jpg\",\"datePublished\":\"2014-02-10T18:14:15+00:00\",\"dateModified\":\"2014-02-10T18:18:18+00:00\",\"author\":{\"@id\":\"https:\/\/www.civiltalaica.it\/cms\/#\/schema\/person\/4efef56f866329a1e0943eb27336df1d\"},\"breadcrumb\":{\"@id\":\"https:\/\/www.civiltalaica.it\/cms\/chiesa-cattolica-e-diritti-umani-inconciliabili\/#breadcrumb\"},\"inLanguage\":\"it-IT\",\"potentialAction\":[{\"@type\":\"ReadAction\",\"target\":[\"https:\/\/www.civiltalaica.it\/cms\/chiesa-cattolica-e-diritti-umani-inconciliabili\/\"]}]},{\"@type\":\"ImageObject\",\"inLanguage\":\"it-IT\",\"@id\":\"https:\/\/www.civiltalaica.it\/cms\/chiesa-cattolica-e-diritti-umani-inconciliabili\/#primaryimage\",\"url\":\"http:\/\/www.civiltalaica.it\/cms\/wp-content\/uploads\/2013\/07\/faith-reason1-300x235.jpg\",\"contentUrl\":\"http:\/\/www.civiltalaica.it\/cms\/wp-content\/uploads\/2013\/07\/faith-reason1-300x235.jpg\"},{\"@type\":\"BreadcrumbList\",\"@id\":\"https:\/\/www.civiltalaica.it\/cms\/chiesa-cattolica-e-diritti-umani-inconciliabili\/#breadcrumb\",\"itemListElement\":[{\"@type\":\"ListItem\",\"position\":1,\"name\":\"Home\",\"item\":\"https:\/\/www.civiltalaica.it\/cms\/\"},{\"@type\":\"ListItem\",\"position\":2,\"name\":\"Chiesa cattolica e diritti umani: inconciliabili\"}]},{\"@type\":\"WebSite\",\"@id\":\"https:\/\/www.civiltalaica.it\/cms\/#website\",\"url\":\"https:\/\/www.civiltalaica.it\/cms\/\",\"name\":\"Associazione Culturale Civilt\u00e0 Laica\",\"description\":\"Per un movimento culturale volto a difendere la Laicit\u00e0 dello Stato.\",\"potentialAction\":[{\"@type\":\"SearchAction\",\"target\":{\"@type\":\"EntryPoint\",\"urlTemplate\":\"https:\/\/www.civiltalaica.it\/cms\/?s={search_term_string}\"},\"query-input\":{\"@type\":\"PropertyValueSpecification\",\"valueRequired\":true,\"valueName\":\"search_term_string\"}}],\"inLanguage\":\"it-IT\"},{\"@type\":\"Person\",\"@id\":\"https:\/\/www.civiltalaica.it\/cms\/#\/schema\/person\/4efef56f866329a1e0943eb27336df1d\",\"name\":\"alexjc\",\"url\":\"https:\/\/www.civiltalaica.it\/cms\/author\/alexjc\/\"}]}<\/script>\n<!-- \/ Yoast SEO plugin. -->","yoast_head_json":{"title":"Chiesa cattolica e diritti umani: inconciliabili - Associazione Culturale Civilt\u00e0 Laica","robots":{"index":"index","follow":"follow","max-snippet":"max-snippet:-1","max-image-preview":"max-image-preview:large","max-video-preview":"max-video-preview:-1"},"canonical":"https:\/\/www.civiltalaica.it\/cms\/chiesa-cattolica-e-diritti-umani-inconciliabili\/","og_locale":"it_IT","og_type":"article","og_title":"Chiesa cattolica e diritti umani: inconciliabili - Associazione Culturale Civilt\u00e0 Laica","og_description":"C&#8217;\u00e8 un aspetto importante della replica della Santa Sede al Rapporto Onu sulle numerose violazioni della Convenzione sui diritti del fanciullo da parte della Chiesa. Mentre da un lato il Vaticano ribadisce il suo impegno nella protezione dell&#8217;infanzia, facendo ovvio riferimento alle migliaia di casi di pedofilia clericale\u00a0su cui l&#8217;Onu chiede conto,","og_url":"https:\/\/www.civiltalaica.it\/cms\/chiesa-cattolica-e-diritti-umani-inconciliabili\/","og_site_name":"Associazione Culturale Civilt\u00e0 Laica","article_publisher":"https:\/\/www.facebook.com\/civiltalaica","article_published_time":"2014-02-10T18:14:15+00:00","article_modified_time":"2014-02-10T18:18:18+00:00","og_image":[{"url":"http:\/\/www.civiltalaica.it\/cms\/wp-content\/uploads\/2013\/07\/faith-reason1-300x235.jpg","type":"","width":"","height":""}],"author":"alexjc","twitter_card":"summary_large_image","twitter_misc":{"Scritto da":"alexjc","Tempo di lettura stimato":"4 minuti"},"schema":{"@context":"https:\/\/schema.org","@graph":[{"@type":"Article","@id":"https:\/\/www.civiltalaica.it\/cms\/chiesa-cattolica-e-diritti-umani-inconciliabili\/#article","isPartOf":{"@id":"https:\/\/www.civiltalaica.it\/cms\/chiesa-cattolica-e-diritti-umani-inconciliabili\/"},"author":{"name":"alexjc","@id":"https:\/\/www.civiltalaica.it\/cms\/#\/schema\/person\/4efef56f866329a1e0943eb27336df1d"},"headline":"Chiesa cattolica e diritti umani: inconciliabili","datePublished":"2014-02-10T18:14:15+00:00","dateModified":"2014-02-10T18:18:18+00:00","mainEntityOfPage":{"@id":"https:\/\/www.civiltalaica.it\/cms\/chiesa-cattolica-e-diritti-umani-inconciliabili\/"},"wordCount":752,"image":{"@id":"https:\/\/www.civiltalaica.it\/cms\/chiesa-cattolica-e-diritti-umani-inconciliabili\/#primaryimage"},"thumbnailUrl":"http:\/\/www.civiltalaica.it\/cms\/wp-content\/uploads\/2013\/07\/faith-reason1-300x235.jpg","keywords":["cecilia calamani","Chiesa Cattolica","diritti umani","onu","pedofili"],"articleSection":["articoli","attualit\u00e0"],"inLanguage":"it-IT"},{"@type":"WebPage","@id":"https:\/\/www.civiltalaica.it\/cms\/chiesa-cattolica-e-diritti-umani-inconciliabili\/","url":"https:\/\/www.civiltalaica.it\/cms\/chiesa-cattolica-e-diritti-umani-inconciliabili\/","name":"Chiesa cattolica e diritti umani: inconciliabili - Associazione Culturale Civilt\u00e0 Laica","isPartOf":{"@id":"https:\/\/www.civiltalaica.it\/cms\/#website"},"primaryImageOfPage":{"@id":"https:\/\/www.civiltalaica.it\/cms\/chiesa-cattolica-e-diritti-umani-inconciliabili\/#primaryimage"},"image":{"@id":"https:\/\/www.civiltalaica.it\/cms\/chiesa-cattolica-e-diritti-umani-inconciliabili\/#primaryimage"},"thumbnailUrl":"http:\/\/www.civiltalaica.it\/cms\/wp-content\/uploads\/2013\/07\/faith-reason1-300x235.jpg","datePublished":"2014-02-10T18:14:15+00:00","dateModified":"2014-02-10T18:18:18+00:00","author":{"@id":"https:\/\/www.civiltalaica.it\/cms\/#\/schema\/person\/4efef56f866329a1e0943eb27336df1d"},"breadcrumb":{"@id":"https:\/\/www.civiltalaica.it\/cms\/chiesa-cattolica-e-diritti-umani-inconciliabili\/#breadcrumb"},"inLanguage":"it-IT","potentialAction":[{"@type":"ReadAction","target":["https:\/\/www.civiltalaica.it\/cms\/chiesa-cattolica-e-diritti-umani-inconciliabili\/"]}]},{"@type":"ImageObject","inLanguage":"it-IT","@id":"https:\/\/www.civiltalaica.it\/cms\/chiesa-cattolica-e-diritti-umani-inconciliabili\/#primaryimage","url":"http:\/\/www.civiltalaica.it\/cms\/wp-content\/uploads\/2013\/07\/faith-reason1-300x235.jpg","contentUrl":"http:\/\/www.civiltalaica.it\/cms\/wp-content\/uploads\/2013\/07\/faith-reason1-300x235.jpg"},{"@type":"BreadcrumbList","@id":"https:\/\/www.civiltalaica.it\/cms\/chiesa-cattolica-e-diritti-umani-inconciliabili\/#breadcrumb","itemListElement":[{"@type":"ListItem","position":1,"name":"Home","item":"https:\/\/www.civiltalaica.it\/cms\/"},{"@type":"ListItem","position":2,"name":"Chiesa cattolica e diritti umani: inconciliabili"}]},{"@type":"WebSite","@id":"https:\/\/www.civiltalaica.it\/cms\/#website","url":"https:\/\/www.civiltalaica.it\/cms\/","name":"Associazione Culturale Civilt\u00e0 Laica","description":"Per un movimento culturale volto a difendere la Laicit\u00e0 dello Stato.","potentialAction":[{"@type":"SearchAction","target":{"@type":"EntryPoint","urlTemplate":"https:\/\/www.civiltalaica.it\/cms\/?s={search_term_string}"},"query-input":{"@type":"PropertyValueSpecification","valueRequired":true,"valueName":"search_term_string"}}],"inLanguage":"it-IT"},{"@type":"Person","@id":"https:\/\/www.civiltalaica.it\/cms\/#\/schema\/person\/4efef56f866329a1e0943eb27336df1d","name":"alexjc","url":"https:\/\/www.civiltalaica.it\/cms\/author\/alexjc\/"}]}},"_links":{"self":[{"href":"https:\/\/www.civiltalaica.it\/cms\/wp-json\/wp\/v2\/posts\/12111","targetHints":{"allow":["GET"]}}],"collection":[{"href":"https:\/\/www.civiltalaica.it\/cms\/wp-json\/wp\/v2\/posts"}],"about":[{"href":"https:\/\/www.civiltalaica.it\/cms\/wp-json\/wp\/v2\/types\/post"}],"author":[{"embeddable":true,"href":"https:\/\/www.civiltalaica.it\/cms\/wp-json\/wp\/v2\/users\/7"}],"replies":[{"embeddable":true,"href":"https:\/\/www.civiltalaica.it\/cms\/wp-json\/wp\/v2\/comments?post=12111"}],"version-history":[{"count":0,"href":"https:\/\/www.civiltalaica.it\/cms\/wp-json\/wp\/v2\/posts\/12111\/revisions"}],"wp:attachment":[{"href":"https:\/\/www.civiltalaica.it\/cms\/wp-json\/wp\/v2\/media?parent=12111"}],"wp:term":[{"taxonomy":"category","embeddable":true,"href":"https:\/\/www.civiltalaica.it\/cms\/wp-json\/wp\/v2\/categories?post=12111"},{"taxonomy":"post_tag","embeddable":true,"href":"https:\/\/www.civiltalaica.it\/cms\/wp-json\/wp\/v2\/tags?post=12111"}],"curies":[{"name":"wp","href":"https:\/\/api.w.org\/{rel}","templated":true}]}}