{"id":11971,"date":"2013-12-09T21:04:36","date_gmt":"2013-12-09T21:04:36","guid":{"rendered":"http:\/\/www.civiltalaica.it\/cms\/?p=11971"},"modified":"2013-12-09T21:04:36","modified_gmt":"2013-12-09T21:04:36","slug":"colpi-bassi-dai-paesi-bassi","status":"publish","type":"post","link":"https:\/\/www.civiltalaica.it\/cms\/colpi-bassi-dai-paesi-bassi\/","title":{"rendered":"Colpi bassi dai Paesi Bassi"},"content":{"rendered":"<p>Le province settentrionali sono da sempre state dei territori &#8216;difficili&#8217; da amministrare per la Santa Romana Chiesa. Infatti, gi\u00e0 nell&#8217;ormai lontano &#8216;500 i Paesi Bassi erano in prima fila fra coloro che protestavano contro le usanze e soprattutto gli abusi ampiamente diffusi nella Chiesa Cattolica. <!--more--><a href=\"http:\/\/www.civiltalaica.it\/cms\/wp-content\/uploads\/2013\/12\/P1000681.jpg\"><img loading=\"lazy\" decoding=\"async\" class=\"alignleft size-medium wp-image-11972\" alt=\"P1000681\" src=\"http:\/\/www.civiltalaica.it\/cms\/wp-content\/uploads\/2013\/12\/P1000681-300x225.jpg\" width=\"300\" height=\"225\" srcset=\"https:\/\/www.civiltalaica.it\/cms\/wp-content\/uploads\/2013\/12\/P1000681-300x225.jpg 300w, https:\/\/www.civiltalaica.it\/cms\/wp-content\/uploads\/2013\/12\/P1000681-1024x768.jpg 1024w\" sizes=\"auto, (max-width: 300px) 100vw, 300px\" \/><\/a><br \/>Mettevano &#8211; gi\u00e0 allora, \u00e8 cambiato qualcosa nel frattempo? &#8211; alla gogna la ricchezza inappropriata della gerarchia ecclesiastica; il loro stile di vita da vera e propria Corte Reale; i loro rapporti promiscui e carnali con cortigiane e prostitute varie; i loro lucri con la pratica dell\u2019Indulgenza, con la quale scambiavano volentieri sconti secolari su pene purgatoriali contro fiorini e ducati decisamente terrestri ! <br \/>Nei Paesi Bassi fu fondata una nuova Chiesa, quella Protestante, che avrebbe dovuto essere pi\u00f9 giusta, pi\u00f9 vicina alle predicazioni di povert\u00e0 e di castit\u00e0, fatte da quello strano profeta marginale Josua il Nazareno, di cui loro volevano essere seguaci fedeli.<br \/>Ma la Santa Romana Chiesa la vedeva diversamente e con l&#8217;appoggio di Re Filippo II, cattolico fanatico e fondamentalista, nonch\u00e8 del Duca d&#8217;Alva tent\u00f2 di restaurare il suo potere nelle Province Basse Unite. <br \/>L&#8217;operazione militare fu invece un disastro e fin\u00ec con la frammentazione del Paese grande, ricco e prospero che erano i Paesi Bassi Uniti, intellettualmente e culturalmente all\u2019avanguardia in Europa, in tre staterelli minuscoli: appunto gli attuali Belgio, Olanda e Lussemburgo. <br \/>La parte meridionale dei Paesi Bassi sub\u00ec una recessione senza precedenti, sia economico, culturale che intellettuale, in quanto i banchieri (ebrei), gli artisti, gli scienziati, gli intellettuali, &#8230; insomma tutti coloro che si potevano salvare, fugivano dalle citt\u00e0 di Gand, Anversa, Malines e Bruxelles verso il Nord libero.<br \/>Fu un bel disastro ed esso era causato e portato a termine da &#8230; appunto : la Santa Romana Chiesa !!!<br \/>Anche nel XX\u00b0 secolo i Paesi Bassi sono rimasti fedeli alla loro riputazione di un territorio &#8216;difficile&#8217; per la Santa Sede, dimostrandosi un bastione della teologia della liberazione, nella figura del teologo fiammingo E. Schillebeeckx; o portando avvanti presso l&#8217;Universit\u00e0 Cattolica di Lovanio delle ricerche mediche-scientifiche nel campo della fecondazione assistita, malgrado le critiche e le pressioni romane.<br \/>Oggigiorno invece la ribellione dei Paesi Bassi contro la Chiesa Cattolica sembra arrivare da famosi scienziati nel campo della neurobiologia, dell&#8217;etologia e della psicologia evolutiva. <br \/>Fra di loro troviamo il famoso etologo olandese prof. Frans de Waal, cattedratico alla Emory University di Atlanta e direttore della Yerkes National Primate Research Center (Atlanta, USA); il prof. Dick Swaab, emerito all&#8217; Universit\u00e0 di Amsterdam e ricercatore di fama mondiale presso l&#8217;Istituto Nederlandese per Neuroscienze; il dott. Steven Laureys, capo ricercatore presso il Coma Science Group dell&#8217;Universit\u00e0 di Liegi e candidato premio Nobel. <br \/>Le loro ricerche hanno capovolto e frantumato, l\u2019uno dopo l\u2019altro, gli ultimi specchi a cui credenti, cattolici e religiosi di ogni genere finora hanno pensato di potersi ancora arrampicare. Invano per\u00f2 !<br \/>Appunto: colpi bassi dai Paesi Bassi !<br \/>Un primo specchio su cui credenti e religiosi si vogliono ancora arrampicare \u00e8 l\u2019idea dell\u2019esclusivit\u00e0 umana del possesso dell&#8217;autocoscienza. E&#8217; un cavallo di battaglia noto delle religioni abramitiche e per loro necessario per poter pretendere che l&#8217;Uomo sarebbe &#8216;di conseguenza&#8217; l&#8217;unica specie con un&#8217; Anima eterna, datagli ovviamente &#8211; per loro &#8211; da il loro Dio (o Jahweh o Allah o come altro ancora lo volessero chiamare. <br \/>E invece no, molti esperimenti hanno ripetutamente dimostrato che certi mammiferi (ma non solo!) sociali superano la cosiddetta &#8216;prova dello specchio&#8217;. In quella prova viene applicata agli animali &#8211; a loro insaputa &#8211; una macchia di vernice sulla fronte; gli animali in seguito arrivati davanti allo specchio cominciano a ripulirsi la propria fronte, non quella dell&#8217;animale nello specchio. Ci\u00f2 dimostra che sono autocoscienti ! Fra coloro che superano questa prova d&#8217;autocoscienza ci sono i delfini, gli elefanti, i bonobo e gli scimpanz\u00e9, mentre gli umani invece non la superano prima dell&#8217;et\u00e0 di 3 anni ! <br \/>Una cornacchia \u00e8 stata osservata ritornare in quel posto dove prima aveva sotterrata una ghianda, sotto gli sguardi di altre cornacchie, per riscavare la preziosa riserva alimentare e sotterrarla di nuovo in un altro posto segreto, ora che l&#8217;uccello era solo e non veniva spiato dagli altri. Questo evento dimostra che la cornacchia \u00e8 capace di immedesimarsi nel pensiero di un&#8217; altra cornacchia, quindi di sentire empatia. Cio\u00e8 la cornacchia dimostra di avere un sentimento per il quale il possesso dell&#8217;autocoscienza \u00e8 una conditio sine qua non. <br \/>Parlando di empatia, Frans de Waal ha descritto il caso di un bonobo che alzava un pulcino da terra ed accarezzandolo lo rimetteva nel suo nido, dal quale era sfortunatamente caduto gi\u00f9. Questa osservazione rivela che l\u2019empatia in certe specie assume addiritura un carattere transpecifico !<br \/>Un altro specchio al quale si sono arrampicati finora credenti e religiosi sono gli cosiddetti &#8216;indizi&#8217; dell&#8217;esistenza dell&#8217; Aldil\u00e0 e di una vita dopo la morte terrestre. Questi &#8216;indizi&#8217; provengono spesso dalle esperienze raccontate da pazienti ritornati ad una vita cosciente dopo aver visuto per un certo periodo in uno stato di coma (&#8216;near death experience&#8217;). Attenzione, non confondiamoci ! Questi pazienti non sono stati morti: un paziente in uno stato di coma continua a dimostrare una &#8211; sebbene ridotta &#8211; attivit\u00e0 cerebrale, ma sono inattive in lui le reti cerebrali attribuite allo stato di coscienza. Da una vera e propria morte cerebrale completa invece non si \u00e8 mai visto tornare in vita nessuno ! <br \/>Allora, i pazienti che raccontano quelle famose &#8216;esperienze di quasi morte&#8217; spesso dicono che si sono sentiti uscire dal proprio corpo, vedere la stanza e il loro corpo sdraiato da in s\u00f9, come se fossero ascesi fino al soffito. Altri raccontano che sono entrati in un lunghissimo traforo, all\u2019uscita del quale splendeva una luce brillante. Durante il loro viaggio attraverso quel traforo hanno incontrato degli amici e dei parenti deceduti, oppure hanno visto come in un film veloce la loro intera vita. Raccontano che si sono sentiti in estrema pace e strafelici, senza voglia di tornare indietro (e certi si sono addirittura arrabbiati con i medici che hanno salvato loro la vita !). <br \/>Facile indovinare che per i credenti e religiosi di turno il descritto &#8216;sollevamento&#8217; \u00e8 prova della separazione dell&#8217;anima eterna dal corpo; che il viaggio attraverso il traforo e gli incontri con i deceduti sono prova del viaggio verso l&#8217;Aldil\u00e0; che la luce brillante all&#8217;uscita del traforo \u00e8 prova dell&#8217;esistenza di Dio o Jahweh o Allah o del Paradiso (con o senza le 72 vergini per ogni uomo neo-arrivato, magari !).<br \/>Invece no !!! Tutte queste esperienze sono fenomeni puramente mentali dovuti ai danni provocati (fra l&#8217;altro per carenze di ossigeno) alle rispettive reti cerebrali del cervello moribondo. <br \/>Le stesse esperienze si possono d&#8217;altronde manifestare anche in altre circostanze estreme per il cervello che non \u00e8 l&#8217;atto di morire. Certi ciclisti, per esempio, partecipanti ai vari Tour de France, di Spagna o d&#8217;Italia hanno raccontato di essersi sentiti abbandonare il proprio corpo e di aver visto se stessi pedalanti da una posizione alcuni metri in avanti. Un relatore nervoso dovendo parlare davanti ad un vasto pubblico durante una riunione per lui importantissima, ha descritto la stessa esperienza vissuta dopo aver preso un&#8217; esagerata quantit\u00e0 di farmaci calmanti. <br \/>In laboratorio invece le esperienze di dislocazione dal proprio corpo si possono provocare stimolando elettricamente quella parte del cervello che si chiama il &#8216;gyrus angularis&#8217;. <br \/>La cosiddetta &#8216;uscita dal proprio corpo&#8217; risulta dunque essere una mera illusione cerebrale, senza la minima traccia di un&#8217; Anima eterna che abbandona il suo corpo per recarsi due metri in s\u00f9, a guardarlo dal soffitto o da sopra l&#8217;armadio ! <br \/>Appunto, numerosi esperimenti intrapresi in America e in Europa, hanno voluto invitare l&#8217;Anima eterna di mostrare la sua esistenza. Ci\u00f2 malgrado, nessun paziente fra coloro che hanno raccontato un&#8217; esperienza di &#8216;sollevamento dell&#8217;anima dal corpo&#8217; ha mai saputo individuare nessuno degli oggetti posizionati appositamente in alto ed invisibili dalla posizione bassa dove si trovava il suo corpo sdraiato! <br \/>Allo stesso modo il traforo con la luce brillante, l&#8217;incontro con le persone decedute, il film veloce della propria vita, il sentimento di estrema pace e di strafelicit\u00e0, &#8230; l&#8217;uno dopo l&#8217;altro si sono dimostrati tutti fenomeni attribuibili solo al disfunzionamento di diverse parti del cervello ormai ben individuate (la corteccia visuale, l&#8217;ippocampo, ecc) oppure all&#8217;azione di certe sostanze chimiche (dopamina, oppiacei), che vengono prodotti e diffusi nel cervello quando quello \u00e8 sottoposto all&#8217;angoscia o allo stress.<br \/>Ma il cavallo di battaglia per eccellenza, per le religioni varie, l&#8217;ultimissimo specchio davvero al quale arrampicarsi per giustificare la propria ragione di esistenza \u00e8 senz&#8217;altro la questione della morale. <br \/>Dove arriveremmo, noi umani, senza la guida morale delle religioni, basata sulla sacra parola di Dio, Jahweh o Allah? La nostra pacifica, onesta e gioiosa convivenza, la nostra intera Societ\u00e0 si trasformerebbe in pochissimo tempo in un inferno di furti e di omicidi, di rapine e di stupri, di violenze gratuite, in una giungla, insomma, dove regnerebbe la legge per eccellenza delle bestie feroci: quella del pi\u00f9 forte e del pi\u00f9 potente !<br \/>Invece no, e parlare degli animali in maniera come ho appena fatto \u00e8 un vero insulto a loro, per niente meritato, molto diverso dalla realt\u00e0 e soltanto testimonio della nostra ignoranza ed arroganza &#8230; umana !<br \/>Infatti, avete ancora presente il caso descritto qui sopra del bonobo che rimetteva il pulcino nel suo nido da dove quest\u2019ultimo era sfortunatamente caduto gi\u00f9 ? Vi sembra un atto di bestialit\u00e0 feroce, degno soltanto ad un animale piuttosto che ad un cristiano o ad un musulmano ? Non solo con questo comportamento il bonobo ha dimostrato di sentire empatia, cio\u00e8 la capacit\u00e0 di capire i bisogni del pulcino, immedesimandosi dunque di fatto nel pensiero di un altro essere vivente. Ha dimostrato anche altruismo, cio\u00e8 la capacit\u00e0 di investire dalle proprie risorse &#8211; quantunque limitato l&#8217;investimento sia stato in questo caso &#8211; per favorire la sopravvivenza di un altro essere vivente. <br \/>Ora non credo che esista leader religioso &#8211; papa, parroco o imam che sia &#8211; che vorr\u00e0 spiegare il comportamento altamente morale del bonobo attribuendogli il possesso di un&#8217; Anima, eterna o meno che sia, che gli \u00e8 stata data da Dio o da Allah. <br \/>Eppure, gli esempi nel regno animale di specie che sanno distinguere fra comportamenti buoni e cattivi sono numerosi. Frans de Waal ha condotto degli esperimenti che hanno rivelato la protesta in una colonia di Primati contro una premiazione disuguale dopo l&#8217;esecuzione di un compito collettivo in maniera uguale da tutti. In altri esperimenti ha dimostrato la preferenza dei Primati per assumere un comportamento prosociale nei confronti degli altri membri della colonia. Altre osservazioni riguardano il comportamento altruistico di delfini a sostegno di un compagno ferito o addirittura di un subacqueo umano rimasto in difficolt\u00e0. <br \/>Conclude il famoso studioso olandese che i principi cardinali della morale ce li abbiamo innati. Fanno parte del nostro patrimonio genetico e non ce li deve insegnare nessuno, religioni incluse. Sono comuni fra diverse specie di mammiferi sociali &#8211; primati e non &#8211; e ci sono stati trasmessi con il meccanismo della evoluzione darwiniana. <br \/>Con questa affermazione un figlio dei Paesi Bassi frantuma con un finale colpo basso l&#8217;ultimo specchio illusorio rimasto a credenti e religiosi vari.<\/p>\n<p><strong>Marc Simons<\/strong><\/p>\n","protected":false},"excerpt":{"rendered":"<p>Le province settentrionali sono da sempre state dei territori &#8216;difficili&#8217; da amministrare per la Santa Romana Chiesa. Infatti, gi\u00e0 nell&#8217;ormai lontano &#8216;500 i Paesi Bassi erano in prima fila fra coloro che protestavano contro le usanze e soprattutto gli abusi ampiamente diffusi nella Chiesa Cattolica.<\/p>\n","protected":false},"author":7,"featured_media":0,"comment_status":"closed","ping_status":"closed","sticky":false,"template":"","format":"standard","meta":{"footnotes":""},"categories":[238,233],"tags":[864,1286,1287,14],"class_list":["post-11971","post","type-post","status-publish","format-standard","hentry","category-articoli","category-filosofia-2","tag-etica","tag-marc-simons","tag-morale","tag-scienza"],"yoast_head":"<!-- This site is optimized with the Yoast SEO plugin v27.1.1 - https:\/\/yoast.com\/product\/yoast-seo-wordpress\/ -->\n<title>Colpi bassi dai Paesi Bassi - Associazione Culturale Civilt\u00e0 Laica<\/title>\n<meta name=\"robots\" content=\"index, follow, max-snippet:-1, max-image-preview:large, max-video-preview:-1\" \/>\n<link rel=\"canonical\" href=\"https:\/\/www.civiltalaica.it\/cms\/colpi-bassi-dai-paesi-bassi\/\" \/>\n<meta property=\"og:locale\" content=\"it_IT\" \/>\n<meta property=\"og:type\" content=\"article\" \/>\n<meta property=\"og:title\" content=\"Colpi bassi dai Paesi Bassi - Associazione Culturale Civilt\u00e0 Laica\" \/>\n<meta property=\"og:description\" content=\"Le province settentrionali sono da sempre state dei territori &#8216;difficili&#8217; da amministrare per la Santa Romana Chiesa. Infatti, gi\u00e0 nell&#8217;ormai lontano &#8216;500 i Paesi Bassi erano in prima fila fra coloro che protestavano contro le usanze e soprattutto gli abusi ampiamente diffusi nella Chiesa Cattolica.\" \/>\n<meta property=\"og:url\" content=\"https:\/\/www.civiltalaica.it\/cms\/colpi-bassi-dai-paesi-bassi\/\" \/>\n<meta property=\"og:site_name\" content=\"Associazione Culturale Civilt\u00e0 Laica\" \/>\n<meta property=\"article:publisher\" content=\"https:\/\/www.facebook.com\/civiltalaica\" \/>\n<meta property=\"article:published_time\" content=\"2013-12-09T21:04:36+00:00\" \/>\n<meta property=\"og:image\" content=\"http:\/\/www.civiltalaica.it\/cms\/wp-content\/uploads\/2013\/12\/P1000681-300x225.jpg\" \/>\n<meta name=\"author\" content=\"alexjc\" \/>\n<meta name=\"twitter:card\" content=\"summary_large_image\" \/>\n<meta name=\"twitter:label1\" content=\"Scritto da\" \/>\n\t<meta name=\"twitter:data1\" content=\"alexjc\" \/>\n\t<meta name=\"twitter:label2\" content=\"Tempo di lettura stimato\" \/>\n\t<meta name=\"twitter:data2\" content=\"9 minuti\" \/>\n<script type=\"application\/ld+json\" class=\"yoast-schema-graph\">{\"@context\":\"https:\/\/schema.org\",\"@graph\":[{\"@type\":\"Article\",\"@id\":\"https:\/\/www.civiltalaica.it\/cms\/colpi-bassi-dai-paesi-bassi\/#article\",\"isPartOf\":{\"@id\":\"https:\/\/www.civiltalaica.it\/cms\/colpi-bassi-dai-paesi-bassi\/\"},\"author\":{\"name\":\"alexjc\",\"@id\":\"https:\/\/www.civiltalaica.it\/cms\/#\/schema\/person\/4efef56f866329a1e0943eb27336df1d\"},\"headline\":\"Colpi bassi dai Paesi Bassi\",\"datePublished\":\"2013-12-09T21:04:36+00:00\",\"mainEntityOfPage\":{\"@id\":\"https:\/\/www.civiltalaica.it\/cms\/colpi-bassi-dai-paesi-bassi\/\"},\"wordCount\":1834,\"image\":{\"@id\":\"https:\/\/www.civiltalaica.it\/cms\/colpi-bassi-dai-paesi-bassi\/#primaryimage\"},\"thumbnailUrl\":\"http:\/\/www.civiltalaica.it\/cms\/wp-content\/uploads\/2013\/12\/P1000681-300x225.jpg\",\"keywords\":[\"etica\",\"marc simons\",\"morale\",\"Scienza\"],\"articleSection\":[\"articoli\",\"filosofia e scienza\"],\"inLanguage\":\"it-IT\"},{\"@type\":\"WebPage\",\"@id\":\"https:\/\/www.civiltalaica.it\/cms\/colpi-bassi-dai-paesi-bassi\/\",\"url\":\"https:\/\/www.civiltalaica.it\/cms\/colpi-bassi-dai-paesi-bassi\/\",\"name\":\"Colpi bassi dai Paesi Bassi - Associazione Culturale Civilt\u00e0 Laica\",\"isPartOf\":{\"@id\":\"https:\/\/www.civiltalaica.it\/cms\/#website\"},\"primaryImageOfPage\":{\"@id\":\"https:\/\/www.civiltalaica.it\/cms\/colpi-bassi-dai-paesi-bassi\/#primaryimage\"},\"image\":{\"@id\":\"https:\/\/www.civiltalaica.it\/cms\/colpi-bassi-dai-paesi-bassi\/#primaryimage\"},\"thumbnailUrl\":\"http:\/\/www.civiltalaica.it\/cms\/wp-content\/uploads\/2013\/12\/P1000681-300x225.jpg\",\"datePublished\":\"2013-12-09T21:04:36+00:00\",\"author\":{\"@id\":\"https:\/\/www.civiltalaica.it\/cms\/#\/schema\/person\/4efef56f866329a1e0943eb27336df1d\"},\"breadcrumb\":{\"@id\":\"https:\/\/www.civiltalaica.it\/cms\/colpi-bassi-dai-paesi-bassi\/#breadcrumb\"},\"inLanguage\":\"it-IT\",\"potentialAction\":[{\"@type\":\"ReadAction\",\"target\":[\"https:\/\/www.civiltalaica.it\/cms\/colpi-bassi-dai-paesi-bassi\/\"]}]},{\"@type\":\"ImageObject\",\"inLanguage\":\"it-IT\",\"@id\":\"https:\/\/www.civiltalaica.it\/cms\/colpi-bassi-dai-paesi-bassi\/#primaryimage\",\"url\":\"http:\/\/www.civiltalaica.it\/cms\/wp-content\/uploads\/2013\/12\/P1000681-300x225.jpg\",\"contentUrl\":\"http:\/\/www.civiltalaica.it\/cms\/wp-content\/uploads\/2013\/12\/P1000681-300x225.jpg\"},{\"@type\":\"BreadcrumbList\",\"@id\":\"https:\/\/www.civiltalaica.it\/cms\/colpi-bassi-dai-paesi-bassi\/#breadcrumb\",\"itemListElement\":[{\"@type\":\"ListItem\",\"position\":1,\"name\":\"Home\",\"item\":\"https:\/\/www.civiltalaica.it\/cms\/\"},{\"@type\":\"ListItem\",\"position\":2,\"name\":\"Colpi bassi dai Paesi Bassi\"}]},{\"@type\":\"WebSite\",\"@id\":\"https:\/\/www.civiltalaica.it\/cms\/#website\",\"url\":\"https:\/\/www.civiltalaica.it\/cms\/\",\"name\":\"Associazione Culturale Civilt\u00e0 Laica\",\"description\":\"Per un movimento culturale volto a difendere la Laicit\u00e0 dello Stato.\",\"potentialAction\":[{\"@type\":\"SearchAction\",\"target\":{\"@type\":\"EntryPoint\",\"urlTemplate\":\"https:\/\/www.civiltalaica.it\/cms\/?s={search_term_string}\"},\"query-input\":{\"@type\":\"PropertyValueSpecification\",\"valueRequired\":true,\"valueName\":\"search_term_string\"}}],\"inLanguage\":\"it-IT\"},{\"@type\":\"Person\",\"@id\":\"https:\/\/www.civiltalaica.it\/cms\/#\/schema\/person\/4efef56f866329a1e0943eb27336df1d\",\"name\":\"alexjc\",\"url\":\"https:\/\/www.civiltalaica.it\/cms\/author\/alexjc\/\"}]}<\/script>\n<!-- \/ Yoast SEO plugin. -->","yoast_head_json":{"title":"Colpi bassi dai Paesi Bassi - Associazione Culturale Civilt\u00e0 Laica","robots":{"index":"index","follow":"follow","max-snippet":"max-snippet:-1","max-image-preview":"max-image-preview:large","max-video-preview":"max-video-preview:-1"},"canonical":"https:\/\/www.civiltalaica.it\/cms\/colpi-bassi-dai-paesi-bassi\/","og_locale":"it_IT","og_type":"article","og_title":"Colpi bassi dai Paesi Bassi - Associazione Culturale Civilt\u00e0 Laica","og_description":"Le province settentrionali sono da sempre state dei territori &#8216;difficili&#8217; da amministrare per la Santa Romana Chiesa. Infatti, gi\u00e0 nell&#8217;ormai lontano &#8216;500 i Paesi Bassi erano in prima fila fra coloro che protestavano contro le usanze e soprattutto gli abusi ampiamente diffusi nella Chiesa Cattolica.","og_url":"https:\/\/www.civiltalaica.it\/cms\/colpi-bassi-dai-paesi-bassi\/","og_site_name":"Associazione Culturale Civilt\u00e0 Laica","article_publisher":"https:\/\/www.facebook.com\/civiltalaica","article_published_time":"2013-12-09T21:04:36+00:00","og_image":[{"url":"http:\/\/www.civiltalaica.it\/cms\/wp-content\/uploads\/2013\/12\/P1000681-300x225.jpg","type":"","width":"","height":""}],"author":"alexjc","twitter_card":"summary_large_image","twitter_misc":{"Scritto da":"alexjc","Tempo di lettura stimato":"9 minuti"},"schema":{"@context":"https:\/\/schema.org","@graph":[{"@type":"Article","@id":"https:\/\/www.civiltalaica.it\/cms\/colpi-bassi-dai-paesi-bassi\/#article","isPartOf":{"@id":"https:\/\/www.civiltalaica.it\/cms\/colpi-bassi-dai-paesi-bassi\/"},"author":{"name":"alexjc","@id":"https:\/\/www.civiltalaica.it\/cms\/#\/schema\/person\/4efef56f866329a1e0943eb27336df1d"},"headline":"Colpi bassi dai Paesi Bassi","datePublished":"2013-12-09T21:04:36+00:00","mainEntityOfPage":{"@id":"https:\/\/www.civiltalaica.it\/cms\/colpi-bassi-dai-paesi-bassi\/"},"wordCount":1834,"image":{"@id":"https:\/\/www.civiltalaica.it\/cms\/colpi-bassi-dai-paesi-bassi\/#primaryimage"},"thumbnailUrl":"http:\/\/www.civiltalaica.it\/cms\/wp-content\/uploads\/2013\/12\/P1000681-300x225.jpg","keywords":["etica","marc simons","morale","Scienza"],"articleSection":["articoli","filosofia e scienza"],"inLanguage":"it-IT"},{"@type":"WebPage","@id":"https:\/\/www.civiltalaica.it\/cms\/colpi-bassi-dai-paesi-bassi\/","url":"https:\/\/www.civiltalaica.it\/cms\/colpi-bassi-dai-paesi-bassi\/","name":"Colpi bassi dai Paesi Bassi - Associazione Culturale Civilt\u00e0 Laica","isPartOf":{"@id":"https:\/\/www.civiltalaica.it\/cms\/#website"},"primaryImageOfPage":{"@id":"https:\/\/www.civiltalaica.it\/cms\/colpi-bassi-dai-paesi-bassi\/#primaryimage"},"image":{"@id":"https:\/\/www.civiltalaica.it\/cms\/colpi-bassi-dai-paesi-bassi\/#primaryimage"},"thumbnailUrl":"http:\/\/www.civiltalaica.it\/cms\/wp-content\/uploads\/2013\/12\/P1000681-300x225.jpg","datePublished":"2013-12-09T21:04:36+00:00","author":{"@id":"https:\/\/www.civiltalaica.it\/cms\/#\/schema\/person\/4efef56f866329a1e0943eb27336df1d"},"breadcrumb":{"@id":"https:\/\/www.civiltalaica.it\/cms\/colpi-bassi-dai-paesi-bassi\/#breadcrumb"},"inLanguage":"it-IT","potentialAction":[{"@type":"ReadAction","target":["https:\/\/www.civiltalaica.it\/cms\/colpi-bassi-dai-paesi-bassi\/"]}]},{"@type":"ImageObject","inLanguage":"it-IT","@id":"https:\/\/www.civiltalaica.it\/cms\/colpi-bassi-dai-paesi-bassi\/#primaryimage","url":"http:\/\/www.civiltalaica.it\/cms\/wp-content\/uploads\/2013\/12\/P1000681-300x225.jpg","contentUrl":"http:\/\/www.civiltalaica.it\/cms\/wp-content\/uploads\/2013\/12\/P1000681-300x225.jpg"},{"@type":"BreadcrumbList","@id":"https:\/\/www.civiltalaica.it\/cms\/colpi-bassi-dai-paesi-bassi\/#breadcrumb","itemListElement":[{"@type":"ListItem","position":1,"name":"Home","item":"https:\/\/www.civiltalaica.it\/cms\/"},{"@type":"ListItem","position":2,"name":"Colpi bassi dai Paesi Bassi"}]},{"@type":"WebSite","@id":"https:\/\/www.civiltalaica.it\/cms\/#website","url":"https:\/\/www.civiltalaica.it\/cms\/","name":"Associazione Culturale Civilt\u00e0 Laica","description":"Per un movimento culturale volto a difendere la Laicit\u00e0 dello Stato.","potentialAction":[{"@type":"SearchAction","target":{"@type":"EntryPoint","urlTemplate":"https:\/\/www.civiltalaica.it\/cms\/?s={search_term_string}"},"query-input":{"@type":"PropertyValueSpecification","valueRequired":true,"valueName":"search_term_string"}}],"inLanguage":"it-IT"},{"@type":"Person","@id":"https:\/\/www.civiltalaica.it\/cms\/#\/schema\/person\/4efef56f866329a1e0943eb27336df1d","name":"alexjc","url":"https:\/\/www.civiltalaica.it\/cms\/author\/alexjc\/"}]}},"_links":{"self":[{"href":"https:\/\/www.civiltalaica.it\/cms\/wp-json\/wp\/v2\/posts\/11971","targetHints":{"allow":["GET"]}}],"collection":[{"href":"https:\/\/www.civiltalaica.it\/cms\/wp-json\/wp\/v2\/posts"}],"about":[{"href":"https:\/\/www.civiltalaica.it\/cms\/wp-json\/wp\/v2\/types\/post"}],"author":[{"embeddable":true,"href":"https:\/\/www.civiltalaica.it\/cms\/wp-json\/wp\/v2\/users\/7"}],"replies":[{"embeddable":true,"href":"https:\/\/www.civiltalaica.it\/cms\/wp-json\/wp\/v2\/comments?post=11971"}],"version-history":[{"count":0,"href":"https:\/\/www.civiltalaica.it\/cms\/wp-json\/wp\/v2\/posts\/11971\/revisions"}],"wp:attachment":[{"href":"https:\/\/www.civiltalaica.it\/cms\/wp-json\/wp\/v2\/media?parent=11971"}],"wp:term":[{"taxonomy":"category","embeddable":true,"href":"https:\/\/www.civiltalaica.it\/cms\/wp-json\/wp\/v2\/categories?post=11971"},{"taxonomy":"post_tag","embeddable":true,"href":"https:\/\/www.civiltalaica.it\/cms\/wp-json\/wp\/v2\/tags?post=11971"}],"curies":[{"name":"wp","href":"https:\/\/api.w.org\/{rel}","templated":true}]}}