{"id":11857,"date":"2013-10-27T16:18:06","date_gmt":"2013-10-27T16:18:06","guid":{"rendered":"http:\/\/www.civiltalaica.it\/cms\/?p=11857"},"modified":"2013-10-27T16:18:06","modified_gmt":"2013-10-27T16:18:06","slug":"la-santa-inquisizione-parte-ii","status":"publish","type":"post","link":"https:\/\/www.civiltalaica.it\/cms\/la-santa-inquisizione-parte-ii\/","title":{"rendered":"La santa inquisizione &#8211; parte II"},"content":{"rendered":"<p><strong><span style=\"font-size: medium;\">Le prigioni e la tortura<\/span><\/strong><\/p>\n<p>\u00a0I<span style=\"font-size: medium;\">l tribunale dell&#8217; Inquisizione era aperto da una invocazione allo Spirito Santo e da una preghiera alla misericordia di Dio ed accanto al cavalletto per la tortura pendeva un grosso crocifisso.<!--more--><\/span><\/p>\n<p><span style=\"font-size: medium;\"><a href=\"http:\/\/www.civiltalaica.it\/cms\/wp-content\/uploads\/2013\/02\/inquisition-wheel.jpg\"><img loading=\"lazy\" decoding=\"async\" class=\"alignleft size-full wp-image-11164\" alt=\"inquisition-wheel\" src=\"http:\/\/www.civiltalaica.it\/cms\/wp-content\/uploads\/2013\/02\/inquisition-wheel.jpg\" width=\"300\" height=\"298\" srcset=\"https:\/\/www.civiltalaica.it\/cms\/wp-content\/uploads\/2013\/02\/inquisition-wheel.jpg 300w, https:\/\/www.civiltalaica.it\/cms\/wp-content\/uploads\/2013\/02\/inquisition-wheel-150x150.jpg 150w\" sizes=\"auto, (max-width: 300px) 100vw, 300px\" \/><\/a>Alla vittima non era concessa alcuna forma di difesa o di tutela legale, al contrario durante l&#8217;inchiesta sugli accusati erano consentiti espressamente tutti i mezzi atti a trarli in inganno. La Chiesa utilizzava anche scritti anonimi, senza trascurare di esortare direttamente alla delazione. I figli che non avessero denunciato i genitori eretici dovevano essere certi della perdita del patrimonio. Gli \u201ceretici\u201d che si dichiaravano pentiti venivano condannati a punizioni quali il digiuno, il pellegrinaggio, il pagamento di ammende in denaro e spesso per anni dovevano portare sugli abiti segni di riconoscimento, usanza che la Chiesa, secoli prima dei nazisti, avevano gi\u00e0 utilizzato con gli ebrei.<\/span><\/p>\n<p><span style=\"font-size: medium;\">Le autorit\u00e0 civili erano chiamate ad eseguire senza porre alcun ostacolo le sentenze di morte: si raccomandava loro di avere piet\u00e0 e trattare i condannati con misericordia ma li si scomunicava se la sentenza non veniva eseguita: insuperabile alchimia ipocrita che serviva a salvare la faccia dei veri assassini che potevano considerarsi innocenti della morte dei condannati.<\/span><\/p>\n<p><span style=\"font-size: medium;\">Le prigioni erano luoghi di un orrore inimmaginabile, strette e buie, prive di qualunque illuminazione, piene di immondizie e di fetore, dove i condannati scontavano una pena peggiore della rapida morte sul rogo, spesso per lunghi anni senza essere n\u00e9 condannati n\u00e9 assolti. Cos\u00ec un uomo chiamato Wilhelm Salavert , interrogato la prima vota il 24 febbraio del 1300, fu condannato il 30 settembre 1319, dopo diciannove anni di sofferenze e a Tolosa, una donna fu perdonata e condannata a portare la croce dopo aver trascorso trentatre anni nella prigione locale. Le vittime erano stipate a mucchi in uno spazio angusto, in buchi putridi e maleodoranti, in ambienti generalmente sotterranei, non di rado incatenate al muro, nutrite a stento a pane e acqua, spesso per anni e per tutta la vita, dove si consumavano finch\u00e9 impazzivano o morivano di stenti e di malattie infettive. La pratica della tortura venne ufficialmente prescritta ed inserita nel diritto canonico da papa Innocenzo IV nella bolla \u201c Ad exstirpanda\u201d del 1252 e negli anni seguenti confermata da Alessandro IV e Clemente IV. Nel 1261 Urbano IV concesse che gli inquisitori , ai quali nel corso di una pratica di tortura fosse morto un inquisito, potessero assolversi reciprocamente, perch\u00e9 torturare a morte qualcuno non era permesso ma si veniva liberati da ogni colpa se un confratello dell&#8217;inquisitore colpevole lo assolveva al momento con la formula magica \u201c ego te absolvo\u201d.<\/span><\/p>\n<p><span style=\"font-size: medium;\">All&#8217;inizio del XIV secolo anche papa Clemente V ordin\u00f2 la tortura durante lo sterminio dei Templari e non si esitava a torturare e uccidere anche monaci, come avvenne agli \u201cSpirituali\u201d che tendevano a uno stile di vita ispirato alla primitiva regola francescana ( centotredici di loro furono torturati e bruciati nel 1358 a Carcassonne). I tipi di tortura, come espressamente scritto nei manuali, non erano fissati dal diritto canonico ma lasciati all&#8217;arbitrio dell&#8217;inquisitore: era vietata solamente la tortura per la seconda volta ma questo divieto veniva aggirato chiamando la seconda o la terza e quarta seduta come \u201ccontinuata\u201d e non \u201cripetuta\u201d anche se avveniva a giorni di distanza. Fra Bernardo Rategno, nel suo trattato \u201c Lucerna inquisitorum haereticae pravitatis\u201d, si dilunga sui diversi possibili tormenti da usare: attanagliamento con ferri roventi, bruciatura dei piedi, cavalletto con smembramento degli arti, fustigazione, corda con e senza squassi(pesi), ordalia dell&#8217;acqua bollente o gelata, ruota con smembramento, punture con spilli, veglia forzata, impalamento ecc..).<\/span><\/p>\n<p><span><span style=\"font-size: medium;\">Il canonista spagnolo Francisco Pena ( 1540-1612) cos\u00ec si esprimeva : \u201c Lodo senz&#8217;altro l&#8217;abitudine di torturare l&#8217;imputato, soprattutto di questi tempi: bisogna ricordare che lo scopo principale del processo non \u00e8 salvare l&#8217;anima del reo ma procurare il bene pubblico e terrorizzare il popolo. Se un innocente viene ingiustamente condannato non deve lamentarsi della sentenza della Chiesa e se dei falsi testimoni l&#8217;hanno fatto condannare a morte egli deve accettare la sentenza con rassegnazione e rallegrarsi di morire per la verit\u00e0!\u201d(4)<\/span><\/span><\/p>\n<p><span><span style=\"font-size: medium;\">Un manuale che non mancava mai nella disponibilit\u00e0 dell&#8217;inquisitore era il <\/span><span style=\"font-size: medium;\"><i>\u201c Malleus maleficarum\u201d<\/i><\/span><span style=\"font-size: medium;\">, edito per la prima volta a Strasburgo negli anni 1486-87, un vero e proprio vademecum del processo che indicava nei dettagli tutti gli accorgimenti consigliati per ingannare l&#8217;inquisito, i modi per estorcergli la confessione, i tipi e l&#8217;intensit\u00e0 dei tormenti da infliggere: tale manuale, scritto da due domenicani, Heinrich Institor ( Kramer) e Jakob Sprenger come guida alla caccia alle streghe , divenne un vero best-sellers dell&#8217;epoca, adottato da tutti i tribunali dell&#8217;Inquisizione e divenuto, nel tempo, a seguito di innumerevoli ristampe, secondo per edizioni e diffusione solamente alla Bibbia.<\/span><\/span><\/p>\n<p><span style=\"font-size: medium;\">Anche il limite di et\u00e0 era incerto: senza limiti , ovviamente, verso l&#8217;alto mentre per i giovani i concili di Tolosa, Albi, B\u00e9ziers lo fissarono a quattordici anni , ma ci furono autorit\u00e0 ecclesiastiche che lo abbassarono: il \u201cSacro Arsenale\u201d dell&#8217;inquisitore domenicano Tommaso Meneghini lo ridusse fino a sette anni e autorizzava anche la flagellazione dei minorenni.<\/span><\/p>\n<p><span style=\"font-size: medium;\">Per quanto riguarda i testimoni l&#8217;inquisitore papale Royas, attivo in Francia, aveva come principio: <\/span><\/p>\n<p>\u201c <span style=\"font-size: medium;\">I testimoni che dicono male di un eretico sono da preferire a quelli che lo discolpano\u201d. In generale si volevano ascoltare solo testimoni a carico. Donne, bambini, servi, ebrei, infami, delinquenti, spergiuri, scomunicati, gente che secondo la visione della Chiesa era priva di ogni diritto e inadeguata a testimoniare, erano tuttavia ammessi a farlo qualora fossero testimoni di accusa, ma mai a difesa. Gli stessi testimoni potevano essere torturati per indurli ad accusare l&#8217;inquisito.<\/span><\/p>\n<p><span style=\"font-size: medium;\">Candidamente un francescano , Bernardo Delicieux, confessava : \u201c Le osservazioni degli inquisitori non meritano alcuna fiducia perch\u00e9 perfino San Pietro e San Paolo, se interrogati col metodo degli inquisitori, sarebbero condannati per eresia\u201d.<\/span><\/p>\n<p><span style=\"font-size: medium;\">Uno specialista nella tortura non cruenta si rivel\u00f2 Mattew Hopkins (XVII sec.), avvocato dell&#8217;inquisizione, che costringeva le vittime a camminare anche per giorni interi fino allo sfinimento e alla confessione.<\/span><\/p>\n<p><strong>Eraldo Giulianelli<\/strong><\/p>\n<p>&nbsp;<\/p>\n<p><span style=\"font-size: medium;\"><i>4) Francisco Pena: Commentario al manuale dell&#8217;inquisitore Eymerich &#8211; 1578<\/i><\/span><\/p>\n","protected":false},"excerpt":{"rendered":"<p>Le prigioni e la tortura \u00a0Il tribunale dell&#8217; Inquisizione era aperto da una invocazione allo Spirito Santo e da una preghiera alla misericordia di Dio ed accanto al cavalletto per la tortura pendeva un grosso crocifisso.<\/p>\n","protected":false},"author":7,"featured_media":0,"comment_status":"closed","ping_status":"closed","sticky":false,"template":"","format":"standard","meta":{"footnotes":""},"categories":[238,234],"tags":[16,732,120,6],"class_list":["post-11857","post","type-post","status-publish","format-standard","hentry","category-articoli","category-storia","tag-chiesa-cattolica","tag-eraldo-giulianelli","tag-inquisizione","tag-storia"],"yoast_head":"<!-- This site is optimized with the Yoast SEO plugin v27.1.1 - https:\/\/yoast.com\/product\/yoast-seo-wordpress\/ -->\n<title>La santa inquisizione - parte II - Associazione Culturale Civilt\u00e0 Laica<\/title>\n<meta name=\"robots\" content=\"index, follow, max-snippet:-1, max-image-preview:large, max-video-preview:-1\" \/>\n<link rel=\"canonical\" href=\"https:\/\/www.civiltalaica.it\/cms\/la-santa-inquisizione-parte-ii\/\" \/>\n<meta property=\"og:locale\" content=\"it_IT\" \/>\n<meta property=\"og:type\" content=\"article\" \/>\n<meta property=\"og:title\" content=\"La santa inquisizione - parte II - Associazione Culturale Civilt\u00e0 Laica\" \/>\n<meta property=\"og:description\" content=\"Le prigioni e la tortura \u00a0Il tribunale dell&#8217; Inquisizione era aperto da una invocazione allo Spirito Santo e da una preghiera alla misericordia di Dio ed accanto al cavalletto per la tortura pendeva un grosso crocifisso.\" \/>\n<meta property=\"og:url\" content=\"https:\/\/www.civiltalaica.it\/cms\/la-santa-inquisizione-parte-ii\/\" \/>\n<meta property=\"og:site_name\" content=\"Associazione Culturale Civilt\u00e0 Laica\" \/>\n<meta property=\"article:publisher\" content=\"https:\/\/www.facebook.com\/civiltalaica\" \/>\n<meta property=\"article:published_time\" content=\"2013-10-27T16:18:06+00:00\" \/>\n<meta property=\"og:image\" content=\"http:\/\/www.civiltalaica.it\/cms\/wp-content\/uploads\/2013\/02\/inquisition-wheel.jpg\" \/>\n<meta name=\"author\" content=\"alexjc\" \/>\n<meta name=\"twitter:card\" content=\"summary_large_image\" \/>\n<meta name=\"twitter:label1\" content=\"Scritto da\" \/>\n\t<meta name=\"twitter:data1\" content=\"alexjc\" \/>\n\t<meta name=\"twitter:label2\" content=\"Tempo di lettura stimato\" \/>\n\t<meta name=\"twitter:data2\" content=\"5 minuti\" \/>\n<script type=\"application\/ld+json\" class=\"yoast-schema-graph\">{\"@context\":\"https:\/\/schema.org\",\"@graph\":[{\"@type\":\"Article\",\"@id\":\"https:\/\/www.civiltalaica.it\/cms\/la-santa-inquisizione-parte-ii\/#article\",\"isPartOf\":{\"@id\":\"https:\/\/www.civiltalaica.it\/cms\/la-santa-inquisizione-parte-ii\/\"},\"author\":{\"name\":\"alexjc\",\"@id\":\"https:\/\/www.civiltalaica.it\/cms\/#\/schema\/person\/4efef56f866329a1e0943eb27336df1d\"},\"headline\":\"La santa inquisizione &#8211; parte II\",\"datePublished\":\"2013-10-27T16:18:06+00:00\",\"mainEntityOfPage\":{\"@id\":\"https:\/\/www.civiltalaica.it\/cms\/la-santa-inquisizione-parte-ii\/\"},\"wordCount\":982,\"image\":{\"@id\":\"https:\/\/www.civiltalaica.it\/cms\/la-santa-inquisizione-parte-ii\/#primaryimage\"},\"thumbnailUrl\":\"http:\/\/www.civiltalaica.it\/cms\/wp-content\/uploads\/2013\/02\/inquisition-wheel.jpg\",\"keywords\":[\"Chiesa Cattolica\",\"eraldo giulianelli\",\"inquisizione\",\"Storia\"],\"articleSection\":[\"articoli\",\"storia\"],\"inLanguage\":\"it-IT\"},{\"@type\":\"WebPage\",\"@id\":\"https:\/\/www.civiltalaica.it\/cms\/la-santa-inquisizione-parte-ii\/\",\"url\":\"https:\/\/www.civiltalaica.it\/cms\/la-santa-inquisizione-parte-ii\/\",\"name\":\"La santa inquisizione - parte II - Associazione Culturale Civilt\u00e0 Laica\",\"isPartOf\":{\"@id\":\"https:\/\/www.civiltalaica.it\/cms\/#website\"},\"primaryImageOfPage\":{\"@id\":\"https:\/\/www.civiltalaica.it\/cms\/la-santa-inquisizione-parte-ii\/#primaryimage\"},\"image\":{\"@id\":\"https:\/\/www.civiltalaica.it\/cms\/la-santa-inquisizione-parte-ii\/#primaryimage\"},\"thumbnailUrl\":\"http:\/\/www.civiltalaica.it\/cms\/wp-content\/uploads\/2013\/02\/inquisition-wheel.jpg\",\"datePublished\":\"2013-10-27T16:18:06+00:00\",\"author\":{\"@id\":\"https:\/\/www.civiltalaica.it\/cms\/#\/schema\/person\/4efef56f866329a1e0943eb27336df1d\"},\"breadcrumb\":{\"@id\":\"https:\/\/www.civiltalaica.it\/cms\/la-santa-inquisizione-parte-ii\/#breadcrumb\"},\"inLanguage\":\"it-IT\",\"potentialAction\":[{\"@type\":\"ReadAction\",\"target\":[\"https:\/\/www.civiltalaica.it\/cms\/la-santa-inquisizione-parte-ii\/\"]}]},{\"@type\":\"ImageObject\",\"inLanguage\":\"it-IT\",\"@id\":\"https:\/\/www.civiltalaica.it\/cms\/la-santa-inquisizione-parte-ii\/#primaryimage\",\"url\":\"http:\/\/www.civiltalaica.it\/cms\/wp-content\/uploads\/2013\/02\/inquisition-wheel.jpg\",\"contentUrl\":\"http:\/\/www.civiltalaica.it\/cms\/wp-content\/uploads\/2013\/02\/inquisition-wheel.jpg\"},{\"@type\":\"BreadcrumbList\",\"@id\":\"https:\/\/www.civiltalaica.it\/cms\/la-santa-inquisizione-parte-ii\/#breadcrumb\",\"itemListElement\":[{\"@type\":\"ListItem\",\"position\":1,\"name\":\"Home\",\"item\":\"https:\/\/www.civiltalaica.it\/cms\/\"},{\"@type\":\"ListItem\",\"position\":2,\"name\":\"La santa inquisizione &#8211; parte II\"}]},{\"@type\":\"WebSite\",\"@id\":\"https:\/\/www.civiltalaica.it\/cms\/#website\",\"url\":\"https:\/\/www.civiltalaica.it\/cms\/\",\"name\":\"Associazione Culturale Civilt\u00e0 Laica\",\"description\":\"Per un movimento culturale volto a difendere la Laicit\u00e0 dello Stato.\",\"potentialAction\":[{\"@type\":\"SearchAction\",\"target\":{\"@type\":\"EntryPoint\",\"urlTemplate\":\"https:\/\/www.civiltalaica.it\/cms\/?s={search_term_string}\"},\"query-input\":{\"@type\":\"PropertyValueSpecification\",\"valueRequired\":true,\"valueName\":\"search_term_string\"}}],\"inLanguage\":\"it-IT\"},{\"@type\":\"Person\",\"@id\":\"https:\/\/www.civiltalaica.it\/cms\/#\/schema\/person\/4efef56f866329a1e0943eb27336df1d\",\"name\":\"alexjc\",\"url\":\"https:\/\/www.civiltalaica.it\/cms\/author\/alexjc\/\"}]}<\/script>\n<!-- \/ Yoast SEO plugin. -->","yoast_head_json":{"title":"La santa inquisizione - parte II - Associazione Culturale Civilt\u00e0 Laica","robots":{"index":"index","follow":"follow","max-snippet":"max-snippet:-1","max-image-preview":"max-image-preview:large","max-video-preview":"max-video-preview:-1"},"canonical":"https:\/\/www.civiltalaica.it\/cms\/la-santa-inquisizione-parte-ii\/","og_locale":"it_IT","og_type":"article","og_title":"La santa inquisizione - parte II - Associazione Culturale Civilt\u00e0 Laica","og_description":"Le prigioni e la tortura \u00a0Il tribunale dell&#8217; Inquisizione era aperto da una invocazione allo Spirito Santo e da una preghiera alla misericordia di Dio ed accanto al cavalletto per la tortura pendeva un grosso crocifisso.","og_url":"https:\/\/www.civiltalaica.it\/cms\/la-santa-inquisizione-parte-ii\/","og_site_name":"Associazione Culturale Civilt\u00e0 Laica","article_publisher":"https:\/\/www.facebook.com\/civiltalaica","article_published_time":"2013-10-27T16:18:06+00:00","og_image":[{"url":"http:\/\/www.civiltalaica.it\/cms\/wp-content\/uploads\/2013\/02\/inquisition-wheel.jpg","type":"","width":"","height":""}],"author":"alexjc","twitter_card":"summary_large_image","twitter_misc":{"Scritto da":"alexjc","Tempo di lettura stimato":"5 minuti"},"schema":{"@context":"https:\/\/schema.org","@graph":[{"@type":"Article","@id":"https:\/\/www.civiltalaica.it\/cms\/la-santa-inquisizione-parte-ii\/#article","isPartOf":{"@id":"https:\/\/www.civiltalaica.it\/cms\/la-santa-inquisizione-parte-ii\/"},"author":{"name":"alexjc","@id":"https:\/\/www.civiltalaica.it\/cms\/#\/schema\/person\/4efef56f866329a1e0943eb27336df1d"},"headline":"La santa inquisizione &#8211; parte II","datePublished":"2013-10-27T16:18:06+00:00","mainEntityOfPage":{"@id":"https:\/\/www.civiltalaica.it\/cms\/la-santa-inquisizione-parte-ii\/"},"wordCount":982,"image":{"@id":"https:\/\/www.civiltalaica.it\/cms\/la-santa-inquisizione-parte-ii\/#primaryimage"},"thumbnailUrl":"http:\/\/www.civiltalaica.it\/cms\/wp-content\/uploads\/2013\/02\/inquisition-wheel.jpg","keywords":["Chiesa Cattolica","eraldo giulianelli","inquisizione","Storia"],"articleSection":["articoli","storia"],"inLanguage":"it-IT"},{"@type":"WebPage","@id":"https:\/\/www.civiltalaica.it\/cms\/la-santa-inquisizione-parte-ii\/","url":"https:\/\/www.civiltalaica.it\/cms\/la-santa-inquisizione-parte-ii\/","name":"La santa inquisizione - parte II - Associazione Culturale Civilt\u00e0 Laica","isPartOf":{"@id":"https:\/\/www.civiltalaica.it\/cms\/#website"},"primaryImageOfPage":{"@id":"https:\/\/www.civiltalaica.it\/cms\/la-santa-inquisizione-parte-ii\/#primaryimage"},"image":{"@id":"https:\/\/www.civiltalaica.it\/cms\/la-santa-inquisizione-parte-ii\/#primaryimage"},"thumbnailUrl":"http:\/\/www.civiltalaica.it\/cms\/wp-content\/uploads\/2013\/02\/inquisition-wheel.jpg","datePublished":"2013-10-27T16:18:06+00:00","author":{"@id":"https:\/\/www.civiltalaica.it\/cms\/#\/schema\/person\/4efef56f866329a1e0943eb27336df1d"},"breadcrumb":{"@id":"https:\/\/www.civiltalaica.it\/cms\/la-santa-inquisizione-parte-ii\/#breadcrumb"},"inLanguage":"it-IT","potentialAction":[{"@type":"ReadAction","target":["https:\/\/www.civiltalaica.it\/cms\/la-santa-inquisizione-parte-ii\/"]}]},{"@type":"ImageObject","inLanguage":"it-IT","@id":"https:\/\/www.civiltalaica.it\/cms\/la-santa-inquisizione-parte-ii\/#primaryimage","url":"http:\/\/www.civiltalaica.it\/cms\/wp-content\/uploads\/2013\/02\/inquisition-wheel.jpg","contentUrl":"http:\/\/www.civiltalaica.it\/cms\/wp-content\/uploads\/2013\/02\/inquisition-wheel.jpg"},{"@type":"BreadcrumbList","@id":"https:\/\/www.civiltalaica.it\/cms\/la-santa-inquisizione-parte-ii\/#breadcrumb","itemListElement":[{"@type":"ListItem","position":1,"name":"Home","item":"https:\/\/www.civiltalaica.it\/cms\/"},{"@type":"ListItem","position":2,"name":"La santa inquisizione &#8211; parte II"}]},{"@type":"WebSite","@id":"https:\/\/www.civiltalaica.it\/cms\/#website","url":"https:\/\/www.civiltalaica.it\/cms\/","name":"Associazione Culturale Civilt\u00e0 Laica","description":"Per un movimento culturale volto a difendere la Laicit\u00e0 dello Stato.","potentialAction":[{"@type":"SearchAction","target":{"@type":"EntryPoint","urlTemplate":"https:\/\/www.civiltalaica.it\/cms\/?s={search_term_string}"},"query-input":{"@type":"PropertyValueSpecification","valueRequired":true,"valueName":"search_term_string"}}],"inLanguage":"it-IT"},{"@type":"Person","@id":"https:\/\/www.civiltalaica.it\/cms\/#\/schema\/person\/4efef56f866329a1e0943eb27336df1d","name":"alexjc","url":"https:\/\/www.civiltalaica.it\/cms\/author\/alexjc\/"}]}},"_links":{"self":[{"href":"https:\/\/www.civiltalaica.it\/cms\/wp-json\/wp\/v2\/posts\/11857","targetHints":{"allow":["GET"]}}],"collection":[{"href":"https:\/\/www.civiltalaica.it\/cms\/wp-json\/wp\/v2\/posts"}],"about":[{"href":"https:\/\/www.civiltalaica.it\/cms\/wp-json\/wp\/v2\/types\/post"}],"author":[{"embeddable":true,"href":"https:\/\/www.civiltalaica.it\/cms\/wp-json\/wp\/v2\/users\/7"}],"replies":[{"embeddable":true,"href":"https:\/\/www.civiltalaica.it\/cms\/wp-json\/wp\/v2\/comments?post=11857"}],"version-history":[{"count":0,"href":"https:\/\/www.civiltalaica.it\/cms\/wp-json\/wp\/v2\/posts\/11857\/revisions"}],"wp:attachment":[{"href":"https:\/\/www.civiltalaica.it\/cms\/wp-json\/wp\/v2\/media?parent=11857"}],"wp:term":[{"taxonomy":"category","embeddable":true,"href":"https:\/\/www.civiltalaica.it\/cms\/wp-json\/wp\/v2\/categories?post=11857"},{"taxonomy":"post_tag","embeddable":true,"href":"https:\/\/www.civiltalaica.it\/cms\/wp-json\/wp\/v2\/tags?post=11857"}],"curies":[{"name":"wp","href":"https:\/\/api.w.org\/{rel}","templated":true}]}}