{"id":11496,"date":"2013-05-28T17:08:57","date_gmt":"2013-05-28T17:08:57","guid":{"rendered":"http:\/\/www.civiltalaica.it\/cms\/?p=11496"},"modified":"2013-05-28T17:08:57","modified_gmt":"2013-05-28T17:08:57","slug":"dove-vola-lavvoltoio","status":"publish","type":"post","link":"https:\/\/www.civiltalaica.it\/cms\/dove-vola-lavvoltoio\/","title":{"rendered":"Dove vola l&#8217;avvoltoio"},"content":{"rendered":"<p>E&#8217; destino dei cattolici del dissenso muoversi lungo l&#8217;incerta linea di confine che separa l&#8217;eresia dalla complicit\u00e0 finendo per essere, volta a volta, spine nel fianco della Chiesa, di cui denunciano le vergogne, o foglie di fico che le coprono, restituendo all&#8217;istituzione un credito immeritato.\u00a0<!--more--><br \/><a href=\"http:\/\/www.civiltalaica.it\/cms\/wp-content\/uploads\/2013\/05\/funerali-gallo.jpg\"><img loading=\"lazy\" decoding=\"async\" class=\"alignleft size-medium wp-image-11497\" alt=\"funerali gallo\" src=\"http:\/\/www.civiltalaica.it\/cms\/wp-content\/uploads\/2013\/05\/funerali-gallo-300x187.jpg\" width=\"300\" height=\"187\" srcset=\"https:\/\/www.civiltalaica.it\/cms\/wp-content\/uploads\/2013\/05\/funerali-gallo-300x187.jpg 300w, https:\/\/www.civiltalaica.it\/cms\/wp-content\/uploads\/2013\/05\/funerali-gallo.jpg 490w\" sizes=\"auto, (max-width: 300px) 100vw, 300px\" \/><\/a>Si potrebbe anche dire che molti di loro si muovono lungo tale linea fino a essere alternativamente l&#8217;una cosa e l&#8217;altra, in una costante ambiguit\u00e0, e fungendo in ultima analisi da copertura di sinistra per l&#8217;istituzione, che li emargina e li usa in base al tornaconto del momento. Cos\u00ec la Chiesa fece con i cattolici liberali del risorgimento o con i cattolici democratici sotto il fascismo e cos\u00ec continua a fare oggi con i molti cattolici pacifisti, antirazzisti, impegnati contro la mafia o contro Berlusconi, che a queste lodevoli iniziative abbinano un deplorevole silenzio se non un&#8217;aperta condivisione (cito per tutti Pax Christi o Famiglia cristiana) quando si parla di \u00abvalori non negoziabili\u00bb.\u00a0<\/p>\n<p>Non mancano tuttavia alcuni cattolici (pochi ma buoni), che sono prevalentemente scomode spine nel fianco per la franchezza con cui sbugiardano e criticano la Chiesa proprio sui famigerati \u00abvalori non negoziabili\u00bb. Si tratta di laici o preti cattolici che si battono al fianco dei &#8220;laicisti&#8221; per le coppie di fatto, contro l&#8217;omofobia, per l&#8217;eutanasia, per il diritto d&#8217;aborto e contro l&#8217;ora di religione o contro l&#8217;esposizione del crocifisso negli spazi pubblici. Cattolici come Enzo Mazzi, il parroco dell&#8217;Isolotto, non per caso colpito dalle censure ecclesiastiche in vita e ignorato in morte, o come don Andrea Gallo, il cui funerale \u00e8 stato salutato dai pugni chiusi, al canto di \u00abBella ciao\u00bb. Rispetto a Mazzi, per\u00f2, Gallo aveva un di pi\u00f9 di risonanza mediatica che ha reso impossibile alla Chiesa ignorarne la morte e ha consigliato al generale Angelo Bagnasco di celebrarne i funerali, anche a costo di sfidare quel dissenso cattolico che si era raccolto intorno al \u00abdon\u00bb.\u00a0<\/p>\n<p>Cos\u00ec al pacifista Gallo \u00e8 toccato di essere benedetto, insieme alla bandiera arcobaleno, dallo stesso aspersorio che il general Bagnasco adopera per benedire le truppe &#8211; con i fedeli che zittiscono l&#8217;ipocrita omelia cardinalizia, ma subito dopo se ne scusano, ristabilendo l&#8217;autorit\u00e0 del vescovo. Si tratta di un&#8217;ambiguit\u00e0 inevitabile se, come ha detto Luigi Ciotti, \u00abAndrea era per la Chiesa che non dimentica la dottrina, ma che non permette diventi pi\u00f9 importante dell&#8217;attenzione agli ultimi\u00bb. Il guaio, infatti, \u00e8 proprio la dottrina. Quella insensata in materia sessuale (che Gallo almeno, ma non Ciotti o Zanotelli, pubblicamente irrideva). Quella del peccato originale, messo in conto a un&#8217;umanit\u00e0 incolpevole da un dio capriccioso e ingiusto. Quella dell&#8217;infallibilit\u00e0 di papi e concili, cento volte smentita dalla storia. Quella della giustizia che il Ges\u00f9 dei Vangeli, nonostante le leggende sul Ges\u00f9 socialista, rimanda &#8211; per tranquillit\u00e0 dei ricchi epuloni &#8211; all&#8217;altra vita.\u00a0<\/p>\n<p>Se non si dimentica questa dottrina, e non si rompe con essa, nessuna attenzione agli ultimi potr\u00e0 bastare. E ai cattolici del dissenso non baster\u00e0 neppure essere spine nel fianco da vivi per avere la sicurezza di non diventare foglie di fico da morti.\u00a0<\/p>\n<p><b>Walter Peruzzi<\/b><\/p>\n","protected":false},"excerpt":{"rendered":"<p>E&#8217; destino dei cattolici del dissenso muoversi lungo l&#8217;incerta linea di confine che separa l&#8217;eresia dalla complicit\u00e0 finendo per essere, volta a volta, spine nel fianco della Chiesa, di cui denunciano le vergogne, o foglie di fico che le coprono, restituendo all&#8217;istituzione un credito immeritato.\u00a0<\/p>\n","protected":false},"author":7,"featured_media":0,"comment_status":"closed","ping_status":"closed","sticky":false,"template":"","format":"standard","meta":{"footnotes":""},"categories":[238,232],"tags":[116,1230,777],"class_list":["post-11496","post","type-post","status-publish","format-standard","hentry","category-articoli","category-riflessioni-2","tag-bagnasco","tag-don-gallo","tag-walter-peruzzi"],"yoast_head":"<!-- This site is optimized with the Yoast SEO plugin v27.1.1 - https:\/\/yoast.com\/product\/yoast-seo-wordpress\/ -->\n<title>Dove vola l&#039;avvoltoio - Associazione Culturale Civilt\u00e0 Laica<\/title>\n<meta name=\"robots\" content=\"index, follow, max-snippet:-1, max-image-preview:large, max-video-preview:-1\" \/>\n<link rel=\"canonical\" href=\"https:\/\/www.civiltalaica.it\/cms\/dove-vola-lavvoltoio\/\" \/>\n<meta property=\"og:locale\" content=\"it_IT\" \/>\n<meta property=\"og:type\" content=\"article\" \/>\n<meta property=\"og:title\" content=\"Dove vola l&#039;avvoltoio - Associazione Culturale Civilt\u00e0 Laica\" \/>\n<meta property=\"og:description\" content=\"E&#8217; destino dei cattolici del dissenso muoversi lungo l&#8217;incerta linea di confine che separa l&#8217;eresia dalla complicit\u00e0 finendo per essere, volta a volta, spine nel fianco della Chiesa, di cui denunciano le vergogne, o foglie di fico che le coprono, restituendo all&#8217;istituzione un credito immeritato.\u00a0\" \/>\n<meta property=\"og:url\" content=\"https:\/\/www.civiltalaica.it\/cms\/dove-vola-lavvoltoio\/\" \/>\n<meta property=\"og:site_name\" content=\"Associazione Culturale Civilt\u00e0 Laica\" \/>\n<meta property=\"article:publisher\" content=\"https:\/\/www.facebook.com\/civiltalaica\" \/>\n<meta property=\"article:published_time\" content=\"2013-05-28T17:08:57+00:00\" \/>\n<meta property=\"og:image\" content=\"http:\/\/www.civiltalaica.it\/cms\/wp-content\/uploads\/2013\/05\/funerali-gallo-300x187.jpg\" \/>\n<meta name=\"author\" content=\"alexjc\" \/>\n<meta name=\"twitter:card\" content=\"summary_large_image\" \/>\n<meta name=\"twitter:label1\" content=\"Scritto da\" \/>\n\t<meta name=\"twitter:data1\" content=\"alexjc\" \/>\n\t<meta name=\"twitter:label2\" content=\"Tempo di lettura stimato\" \/>\n\t<meta name=\"twitter:data2\" content=\"3 minuti\" \/>\n<script type=\"application\/ld+json\" class=\"yoast-schema-graph\">{\"@context\":\"https:\/\/schema.org\",\"@graph\":[{\"@type\":\"Article\",\"@id\":\"https:\/\/www.civiltalaica.it\/cms\/dove-vola-lavvoltoio\/#article\",\"isPartOf\":{\"@id\":\"https:\/\/www.civiltalaica.it\/cms\/dove-vola-lavvoltoio\/\"},\"author\":{\"name\":\"alexjc\",\"@id\":\"https:\/\/www.civiltalaica.it\/cms\/#\/schema\/person\/4efef56f866329a1e0943eb27336df1d\"},\"headline\":\"Dove vola l&#8217;avvoltoio\",\"datePublished\":\"2013-05-28T17:08:57+00:00\",\"mainEntityOfPage\":{\"@id\":\"https:\/\/www.civiltalaica.it\/cms\/dove-vola-lavvoltoio\/\"},\"wordCount\":509,\"image\":{\"@id\":\"https:\/\/www.civiltalaica.it\/cms\/dove-vola-lavvoltoio\/#primaryimage\"},\"thumbnailUrl\":\"http:\/\/www.civiltalaica.it\/cms\/wp-content\/uploads\/2013\/05\/funerali-gallo-300x187.jpg\",\"keywords\":[\"bagnasco\",\"don gallo\",\"walter peruzzi\"],\"articleSection\":[\"articoli\",\"riflessioni\"],\"inLanguage\":\"it-IT\"},{\"@type\":\"WebPage\",\"@id\":\"https:\/\/www.civiltalaica.it\/cms\/dove-vola-lavvoltoio\/\",\"url\":\"https:\/\/www.civiltalaica.it\/cms\/dove-vola-lavvoltoio\/\",\"name\":\"Dove vola l'avvoltoio - Associazione Culturale Civilt\u00e0 Laica\",\"isPartOf\":{\"@id\":\"https:\/\/www.civiltalaica.it\/cms\/#website\"},\"primaryImageOfPage\":{\"@id\":\"https:\/\/www.civiltalaica.it\/cms\/dove-vola-lavvoltoio\/#primaryimage\"},\"image\":{\"@id\":\"https:\/\/www.civiltalaica.it\/cms\/dove-vola-lavvoltoio\/#primaryimage\"},\"thumbnailUrl\":\"http:\/\/www.civiltalaica.it\/cms\/wp-content\/uploads\/2013\/05\/funerali-gallo-300x187.jpg\",\"datePublished\":\"2013-05-28T17:08:57+00:00\",\"author\":{\"@id\":\"https:\/\/www.civiltalaica.it\/cms\/#\/schema\/person\/4efef56f866329a1e0943eb27336df1d\"},\"breadcrumb\":{\"@id\":\"https:\/\/www.civiltalaica.it\/cms\/dove-vola-lavvoltoio\/#breadcrumb\"},\"inLanguage\":\"it-IT\",\"potentialAction\":[{\"@type\":\"ReadAction\",\"target\":[\"https:\/\/www.civiltalaica.it\/cms\/dove-vola-lavvoltoio\/\"]}]},{\"@type\":\"ImageObject\",\"inLanguage\":\"it-IT\",\"@id\":\"https:\/\/www.civiltalaica.it\/cms\/dove-vola-lavvoltoio\/#primaryimage\",\"url\":\"http:\/\/www.civiltalaica.it\/cms\/wp-content\/uploads\/2013\/05\/funerali-gallo-300x187.jpg\",\"contentUrl\":\"http:\/\/www.civiltalaica.it\/cms\/wp-content\/uploads\/2013\/05\/funerali-gallo-300x187.jpg\"},{\"@type\":\"BreadcrumbList\",\"@id\":\"https:\/\/www.civiltalaica.it\/cms\/dove-vola-lavvoltoio\/#breadcrumb\",\"itemListElement\":[{\"@type\":\"ListItem\",\"position\":1,\"name\":\"Home\",\"item\":\"https:\/\/www.civiltalaica.it\/cms\/\"},{\"@type\":\"ListItem\",\"position\":2,\"name\":\"Dove vola l&#8217;avvoltoio\"}]},{\"@type\":\"WebSite\",\"@id\":\"https:\/\/www.civiltalaica.it\/cms\/#website\",\"url\":\"https:\/\/www.civiltalaica.it\/cms\/\",\"name\":\"Associazione Culturale Civilt\u00e0 Laica\",\"description\":\"Per un movimento culturale volto a difendere la Laicit\u00e0 dello Stato.\",\"potentialAction\":[{\"@type\":\"SearchAction\",\"target\":{\"@type\":\"EntryPoint\",\"urlTemplate\":\"https:\/\/www.civiltalaica.it\/cms\/?s={search_term_string}\"},\"query-input\":{\"@type\":\"PropertyValueSpecification\",\"valueRequired\":true,\"valueName\":\"search_term_string\"}}],\"inLanguage\":\"it-IT\"},{\"@type\":\"Person\",\"@id\":\"https:\/\/www.civiltalaica.it\/cms\/#\/schema\/person\/4efef56f866329a1e0943eb27336df1d\",\"name\":\"alexjc\",\"url\":\"https:\/\/www.civiltalaica.it\/cms\/author\/alexjc\/\"}]}<\/script>\n<!-- \/ Yoast SEO plugin. -->","yoast_head_json":{"title":"Dove vola l'avvoltoio - Associazione Culturale Civilt\u00e0 Laica","robots":{"index":"index","follow":"follow","max-snippet":"max-snippet:-1","max-image-preview":"max-image-preview:large","max-video-preview":"max-video-preview:-1"},"canonical":"https:\/\/www.civiltalaica.it\/cms\/dove-vola-lavvoltoio\/","og_locale":"it_IT","og_type":"article","og_title":"Dove vola l'avvoltoio - Associazione Culturale Civilt\u00e0 Laica","og_description":"E&#8217; destino dei cattolici del dissenso muoversi lungo l&#8217;incerta linea di confine che separa l&#8217;eresia dalla complicit\u00e0 finendo per essere, volta a volta, spine nel fianco della Chiesa, di cui denunciano le vergogne, o foglie di fico che le coprono, restituendo all&#8217;istituzione un credito immeritato.\u00a0","og_url":"https:\/\/www.civiltalaica.it\/cms\/dove-vola-lavvoltoio\/","og_site_name":"Associazione Culturale Civilt\u00e0 Laica","article_publisher":"https:\/\/www.facebook.com\/civiltalaica","article_published_time":"2013-05-28T17:08:57+00:00","og_image":[{"url":"http:\/\/www.civiltalaica.it\/cms\/wp-content\/uploads\/2013\/05\/funerali-gallo-300x187.jpg","type":"","width":"","height":""}],"author":"alexjc","twitter_card":"summary_large_image","twitter_misc":{"Scritto da":"alexjc","Tempo di lettura stimato":"3 minuti"},"schema":{"@context":"https:\/\/schema.org","@graph":[{"@type":"Article","@id":"https:\/\/www.civiltalaica.it\/cms\/dove-vola-lavvoltoio\/#article","isPartOf":{"@id":"https:\/\/www.civiltalaica.it\/cms\/dove-vola-lavvoltoio\/"},"author":{"name":"alexjc","@id":"https:\/\/www.civiltalaica.it\/cms\/#\/schema\/person\/4efef56f866329a1e0943eb27336df1d"},"headline":"Dove vola l&#8217;avvoltoio","datePublished":"2013-05-28T17:08:57+00:00","mainEntityOfPage":{"@id":"https:\/\/www.civiltalaica.it\/cms\/dove-vola-lavvoltoio\/"},"wordCount":509,"image":{"@id":"https:\/\/www.civiltalaica.it\/cms\/dove-vola-lavvoltoio\/#primaryimage"},"thumbnailUrl":"http:\/\/www.civiltalaica.it\/cms\/wp-content\/uploads\/2013\/05\/funerali-gallo-300x187.jpg","keywords":["bagnasco","don gallo","walter peruzzi"],"articleSection":["articoli","riflessioni"],"inLanguage":"it-IT"},{"@type":"WebPage","@id":"https:\/\/www.civiltalaica.it\/cms\/dove-vola-lavvoltoio\/","url":"https:\/\/www.civiltalaica.it\/cms\/dove-vola-lavvoltoio\/","name":"Dove vola l'avvoltoio - Associazione Culturale Civilt\u00e0 Laica","isPartOf":{"@id":"https:\/\/www.civiltalaica.it\/cms\/#website"},"primaryImageOfPage":{"@id":"https:\/\/www.civiltalaica.it\/cms\/dove-vola-lavvoltoio\/#primaryimage"},"image":{"@id":"https:\/\/www.civiltalaica.it\/cms\/dove-vola-lavvoltoio\/#primaryimage"},"thumbnailUrl":"http:\/\/www.civiltalaica.it\/cms\/wp-content\/uploads\/2013\/05\/funerali-gallo-300x187.jpg","datePublished":"2013-05-28T17:08:57+00:00","author":{"@id":"https:\/\/www.civiltalaica.it\/cms\/#\/schema\/person\/4efef56f866329a1e0943eb27336df1d"},"breadcrumb":{"@id":"https:\/\/www.civiltalaica.it\/cms\/dove-vola-lavvoltoio\/#breadcrumb"},"inLanguage":"it-IT","potentialAction":[{"@type":"ReadAction","target":["https:\/\/www.civiltalaica.it\/cms\/dove-vola-lavvoltoio\/"]}]},{"@type":"ImageObject","inLanguage":"it-IT","@id":"https:\/\/www.civiltalaica.it\/cms\/dove-vola-lavvoltoio\/#primaryimage","url":"http:\/\/www.civiltalaica.it\/cms\/wp-content\/uploads\/2013\/05\/funerali-gallo-300x187.jpg","contentUrl":"http:\/\/www.civiltalaica.it\/cms\/wp-content\/uploads\/2013\/05\/funerali-gallo-300x187.jpg"},{"@type":"BreadcrumbList","@id":"https:\/\/www.civiltalaica.it\/cms\/dove-vola-lavvoltoio\/#breadcrumb","itemListElement":[{"@type":"ListItem","position":1,"name":"Home","item":"https:\/\/www.civiltalaica.it\/cms\/"},{"@type":"ListItem","position":2,"name":"Dove vola l&#8217;avvoltoio"}]},{"@type":"WebSite","@id":"https:\/\/www.civiltalaica.it\/cms\/#website","url":"https:\/\/www.civiltalaica.it\/cms\/","name":"Associazione Culturale Civilt\u00e0 Laica","description":"Per un movimento culturale volto a difendere la Laicit\u00e0 dello Stato.","potentialAction":[{"@type":"SearchAction","target":{"@type":"EntryPoint","urlTemplate":"https:\/\/www.civiltalaica.it\/cms\/?s={search_term_string}"},"query-input":{"@type":"PropertyValueSpecification","valueRequired":true,"valueName":"search_term_string"}}],"inLanguage":"it-IT"},{"@type":"Person","@id":"https:\/\/www.civiltalaica.it\/cms\/#\/schema\/person\/4efef56f866329a1e0943eb27336df1d","name":"alexjc","url":"https:\/\/www.civiltalaica.it\/cms\/author\/alexjc\/"}]}},"_links":{"self":[{"href":"https:\/\/www.civiltalaica.it\/cms\/wp-json\/wp\/v2\/posts\/11496","targetHints":{"allow":["GET"]}}],"collection":[{"href":"https:\/\/www.civiltalaica.it\/cms\/wp-json\/wp\/v2\/posts"}],"about":[{"href":"https:\/\/www.civiltalaica.it\/cms\/wp-json\/wp\/v2\/types\/post"}],"author":[{"embeddable":true,"href":"https:\/\/www.civiltalaica.it\/cms\/wp-json\/wp\/v2\/users\/7"}],"replies":[{"embeddable":true,"href":"https:\/\/www.civiltalaica.it\/cms\/wp-json\/wp\/v2\/comments?post=11496"}],"version-history":[{"count":0,"href":"https:\/\/www.civiltalaica.it\/cms\/wp-json\/wp\/v2\/posts\/11496\/revisions"}],"wp:attachment":[{"href":"https:\/\/www.civiltalaica.it\/cms\/wp-json\/wp\/v2\/media?parent=11496"}],"wp:term":[{"taxonomy":"category","embeddable":true,"href":"https:\/\/www.civiltalaica.it\/cms\/wp-json\/wp\/v2\/categories?post=11496"},{"taxonomy":"post_tag","embeddable":true,"href":"https:\/\/www.civiltalaica.it\/cms\/wp-json\/wp\/v2\/tags?post=11496"}],"curies":[{"name":"wp","href":"https:\/\/api.w.org\/{rel}","templated":true}]}}