{"id":11475,"date":"2013-05-20T21:37:57","date_gmt":"2013-05-20T21:37:57","guid":{"rendered":"http:\/\/www.civiltalaica.it\/cms\/?p=11475"},"modified":"2013-05-20T21:37:57","modified_gmt":"2013-05-20T21:37:57","slug":"dicono-che-non-hanno-paura-degli-sbattezzi-eppure","status":"publish","type":"post","link":"https:\/\/www.civiltalaica.it\/cms\/dicono-che-non-hanno-paura-degli-sbattezzi-eppure\/","title":{"rendered":"Dicono che non hanno paura degli sbattezzi, eppure&#8230;"},"content":{"rendered":"<p><a href=\"http:\/\/www.civiltalaica.it\/cms\/wp-content\/uploads\/2013\/05\/mediacritica_quasi-quasi-mi-sbattezzo.jpg\"><img loading=\"lazy\" decoding=\"async\" class=\"alignleft size-thumbnail wp-image-11476\" alt=\"mediacritica_quasi-quasi-mi-sbattezzo\" src=\"http:\/\/www.civiltalaica.it\/cms\/wp-content\/uploads\/2013\/05\/mediacritica_quasi-quasi-mi-sbattezzo-150x150.jpg\" width=\"150\" height=\"150\" srcset=\"https:\/\/www.civiltalaica.it\/cms\/wp-content\/uploads\/2013\/05\/mediacritica_quasi-quasi-mi-sbattezzo-150x150.jpg 150w, https:\/\/www.civiltalaica.it\/cms\/wp-content\/uploads\/2013\/05\/mediacritica_quasi-quasi-mi-sbattezzo.jpg 290w\" sizes=\"auto, (max-width: 150px) 100vw, 150px\" \/><\/a>Lo sbattezzo, pur rimanendo un fenomeno di nicchia, \u00e8 in lenta ma costante crescita da alcuni anni, ormai si stimano diverse migliaia di persone che hanno compiuto quest&#8217;atto di cui 2600 lo hanno anche registrato su sbattezzati.it.<\/p>\n<p>E&#8217; bene ricordare di cosa si tratta: in pratica si comunica con un raccomandata A\/R la propria volont\u00e0 di non essere pi\u00f9 annotato fra gli appartenenti alla Chiesa Cattolica Apostolica Romana al prete che gestisce la parrocchia in cui si \u00e8 stati battezzati in tenera et\u00e0.<\/p>\n<p>Costui, in base alla sentenza del Garante della Privacy nel 1999 \u00e8 tenuto a dar conto dell&#8217;avvenuta cancellazione e di conseguenza a comunicare allo sbattezzato la \u201cscomunica latae sententiae\u201d.<!--more--><\/p>\n<p>Generalmente, dopo ormai 14 anni dalla sentenza suddetta, la pratica messa a punto dall&#8217;Uaar procede senza particolari intoppi, qualche volta dei preti che hanno voglia di parlare chiamano lo sbattezzando per capire le sue ragioni o magari per tentare di ricondurlo in extremis alla casa del Signore.<\/p>\n<p>Ma capitano ancora episodi gustosi.<\/p>\n<p>Capita a Terni, a Elisabetta (nome fittizio), dopo aver scritto due raccomandate negli ultimi due anni al prete che gestisce una parrocchia in una delle periferie della citt\u00e0 che non sono state ritirate al terzo tentativo finalmente vede recapitarsi l&#8217;agognata ricevuta di ritorno. Pensa che \u00e8 la volta buona ma dopo due mesi il prete ancora non si fa sentire. Allora si rivolge al circolo locale dell&#8217;Uaar per sapere come comportarsi e prima di scrivere al vescovo come la prassi vuole, uno dei soci contatta il prete per sapere che intenzioni ha, chiss\u00e0,&#8230; magari trattasi di dimenticanza!<\/p>\n<p>Invece, udite udite, il prete in questione dice che a lui le leggi dello Stato italiano non interessano e che si rif\u00e0 solo al diritto canonico per cui il battesimo, essendo un sacramento, \u00e8 incancellabile.<\/p>\n<p>Sarebbe stato gustoso sapere se altre leggi dello stato italiano, come quella che prevede l&#8217;otto per mille con il quale il suddetto prete recepisce lo stipendio e i soldi per mandare avanti la sua chiesa gli interessano ma il curato non aveva molta voglia di parlare con i miscredenti quindi la discussione si \u00e8 conclusa presto.<\/p>\n<p>Ora il percorso per Elisabetta \u00e8 il seguente, raccomandata al vescovo (o in questo caso al curatore straordinario della diocesi di Terni Narni Amelia che ricordiamo essere finita su tutti i giornali per le gestioni economiche rocambolesche) e poi se neanche questo riuscisse a riportare il prete in oggetto a pi\u00f9 miti consigli ricorrere al Garante dei dati personali. <br \/>Anche se ci sono delle spese da affrontare \u00e8 confortante sapere che la giurisprudenza finora ha sempre dato ragione agli sbattezzandi e torto ai preti troppo zelanti.<\/p>\n<p>Quello che non capiamo \u00e8 come si fanno a far coesistere le reazioni ufficiali della Chiesa (riassumibili in: \u201cfatelo pure tanto non conta niente\u201d) con questi preti che minacciano le fiamme dell&#8217;inferno e si rifiutano ad ottemperare a un loro dovere.<\/p>\n<p>Ma tant&#8217;\u00e8, in un oceano di contraddizioni e ossimori come quello della fede cattolica capiamo che questo fatto pu\u00f2 passare inosservato a i pi\u00f9.<\/p>\n<p>&nbsp;<\/p>\n<p><b>Alessandro Chiometti<\/b><\/p>\n","protected":false},"excerpt":{"rendered":"<p>Lo sbattezzo, pur rimanendo un fenomeno di nicchia, \u00e8 in lenta ma costante crescita da alcuni anni, ormai si stimano diverse migliaia di persone che hanno compiuto quest&#8217;atto di cui 2600 lo hanno anche registrato su sbattezzati.it. E&#8217; bene ricordare di cosa si tratta: in pratica si comunica con un raccomandata A\/R la propria volont\u00e0 [&hellip;]<\/p>\n","protected":false},"author":7,"featured_media":0,"comment_status":"closed","ping_status":"closed","sticky":false,"template":"","format":"standard","meta":{"footnotes":""},"categories":[238,228],"tags":[79,863,127],"class_list":["post-11475","post","type-post","status-publish","format-standard","hentry","category-articoli","category-blog","tag-alessandro-chiometti","tag-sbattezzo","tag-terni"],"yoast_head":"<!-- This site is optimized with the Yoast SEO plugin v27.1.1 - https:\/\/yoast.com\/product\/yoast-seo-wordpress\/ -->\n<title>Dicono che non hanno paura degli sbattezzi, eppure... - Associazione Culturale Civilt\u00e0 Laica<\/title>\n<meta name=\"robots\" content=\"index, follow, max-snippet:-1, max-image-preview:large, max-video-preview:-1\" \/>\n<link rel=\"canonical\" href=\"https:\/\/www.civiltalaica.it\/cms\/dicono-che-non-hanno-paura-degli-sbattezzi-eppure\/\" \/>\n<meta property=\"og:locale\" content=\"it_IT\" \/>\n<meta property=\"og:type\" content=\"article\" \/>\n<meta property=\"og:title\" content=\"Dicono che non hanno paura degli sbattezzi, eppure... - Associazione Culturale Civilt\u00e0 Laica\" \/>\n<meta property=\"og:description\" content=\"Lo sbattezzo, pur rimanendo un fenomeno di nicchia, \u00e8 in lenta ma costante crescita da alcuni anni, ormai si stimano diverse migliaia di persone che hanno compiuto quest&#8217;atto di cui 2600 lo hanno anche registrato su sbattezzati.it. E&#8217; bene ricordare di cosa si tratta: in pratica si comunica con un raccomandata A\/R la propria volont\u00e0 [&hellip;]\" \/>\n<meta property=\"og:url\" content=\"https:\/\/www.civiltalaica.it\/cms\/dicono-che-non-hanno-paura-degli-sbattezzi-eppure\/\" \/>\n<meta property=\"og:site_name\" content=\"Associazione Culturale Civilt\u00e0 Laica\" \/>\n<meta property=\"article:publisher\" content=\"https:\/\/www.facebook.com\/civiltalaica\" \/>\n<meta property=\"article:published_time\" content=\"2013-05-20T21:37:57+00:00\" \/>\n<meta property=\"og:image\" content=\"http:\/\/www.civiltalaica.it\/cms\/wp-content\/uploads\/2013\/05\/mediacritica_quasi-quasi-mi-sbattezzo-150x150.jpg\" \/>\n<meta name=\"author\" content=\"alexjc\" \/>\n<meta name=\"twitter:card\" content=\"summary_large_image\" \/>\n<meta name=\"twitter:label1\" content=\"Scritto da\" \/>\n\t<meta name=\"twitter:data1\" content=\"alexjc\" \/>\n\t<meta name=\"twitter:label2\" content=\"Tempo di lettura stimato\" \/>\n\t<meta name=\"twitter:data2\" content=\"2 minuti\" \/>\n<script type=\"application\/ld+json\" class=\"yoast-schema-graph\">{\"@context\":\"https:\/\/schema.org\",\"@graph\":[{\"@type\":\"Article\",\"@id\":\"https:\/\/www.civiltalaica.it\/cms\/dicono-che-non-hanno-paura-degli-sbattezzi-eppure\/#article\",\"isPartOf\":{\"@id\":\"https:\/\/www.civiltalaica.it\/cms\/dicono-che-non-hanno-paura-degli-sbattezzi-eppure\/\"},\"author\":{\"name\":\"alexjc\",\"@id\":\"https:\/\/www.civiltalaica.it\/cms\/#\/schema\/person\/4efef56f866329a1e0943eb27336df1d\"},\"headline\":\"Dicono che non hanno paura degli sbattezzi, eppure&#8230;\",\"datePublished\":\"2013-05-20T21:37:57+00:00\",\"mainEntityOfPage\":{\"@id\":\"https:\/\/www.civiltalaica.it\/cms\/dicono-che-non-hanno-paura-degli-sbattezzi-eppure\/\"},\"wordCount\":504,\"image\":{\"@id\":\"https:\/\/www.civiltalaica.it\/cms\/dicono-che-non-hanno-paura-degli-sbattezzi-eppure\/#primaryimage\"},\"thumbnailUrl\":\"http:\/\/www.civiltalaica.it\/cms\/wp-content\/uploads\/2013\/05\/mediacritica_quasi-quasi-mi-sbattezzo-150x150.jpg\",\"keywords\":[\"alessandro chiometti\",\"sbattezzo\",\"terni\"],\"articleSection\":[\"articoli\",\"blog\"],\"inLanguage\":\"it-IT\"},{\"@type\":\"WebPage\",\"@id\":\"https:\/\/www.civiltalaica.it\/cms\/dicono-che-non-hanno-paura-degli-sbattezzi-eppure\/\",\"url\":\"https:\/\/www.civiltalaica.it\/cms\/dicono-che-non-hanno-paura-degli-sbattezzi-eppure\/\",\"name\":\"Dicono che non hanno paura degli sbattezzi, eppure... - Associazione Culturale Civilt\u00e0 Laica\",\"isPartOf\":{\"@id\":\"https:\/\/www.civiltalaica.it\/cms\/#website\"},\"primaryImageOfPage\":{\"@id\":\"https:\/\/www.civiltalaica.it\/cms\/dicono-che-non-hanno-paura-degli-sbattezzi-eppure\/#primaryimage\"},\"image\":{\"@id\":\"https:\/\/www.civiltalaica.it\/cms\/dicono-che-non-hanno-paura-degli-sbattezzi-eppure\/#primaryimage\"},\"thumbnailUrl\":\"http:\/\/www.civiltalaica.it\/cms\/wp-content\/uploads\/2013\/05\/mediacritica_quasi-quasi-mi-sbattezzo-150x150.jpg\",\"datePublished\":\"2013-05-20T21:37:57+00:00\",\"author\":{\"@id\":\"https:\/\/www.civiltalaica.it\/cms\/#\/schema\/person\/4efef56f866329a1e0943eb27336df1d\"},\"breadcrumb\":{\"@id\":\"https:\/\/www.civiltalaica.it\/cms\/dicono-che-non-hanno-paura-degli-sbattezzi-eppure\/#breadcrumb\"},\"inLanguage\":\"it-IT\",\"potentialAction\":[{\"@type\":\"ReadAction\",\"target\":[\"https:\/\/www.civiltalaica.it\/cms\/dicono-che-non-hanno-paura-degli-sbattezzi-eppure\/\"]}]},{\"@type\":\"ImageObject\",\"inLanguage\":\"it-IT\",\"@id\":\"https:\/\/www.civiltalaica.it\/cms\/dicono-che-non-hanno-paura-degli-sbattezzi-eppure\/#primaryimage\",\"url\":\"http:\/\/www.civiltalaica.it\/cms\/wp-content\/uploads\/2013\/05\/mediacritica_quasi-quasi-mi-sbattezzo-150x150.jpg\",\"contentUrl\":\"http:\/\/www.civiltalaica.it\/cms\/wp-content\/uploads\/2013\/05\/mediacritica_quasi-quasi-mi-sbattezzo-150x150.jpg\"},{\"@type\":\"BreadcrumbList\",\"@id\":\"https:\/\/www.civiltalaica.it\/cms\/dicono-che-non-hanno-paura-degli-sbattezzi-eppure\/#breadcrumb\",\"itemListElement\":[{\"@type\":\"ListItem\",\"position\":1,\"name\":\"Home\",\"item\":\"https:\/\/www.civiltalaica.it\/cms\/\"},{\"@type\":\"ListItem\",\"position\":2,\"name\":\"Dicono che non hanno paura degli sbattezzi, eppure&#8230;\"}]},{\"@type\":\"WebSite\",\"@id\":\"https:\/\/www.civiltalaica.it\/cms\/#website\",\"url\":\"https:\/\/www.civiltalaica.it\/cms\/\",\"name\":\"Associazione Culturale Civilt\u00e0 Laica\",\"description\":\"Per un movimento culturale volto a difendere la Laicit\u00e0 dello Stato.\",\"potentialAction\":[{\"@type\":\"SearchAction\",\"target\":{\"@type\":\"EntryPoint\",\"urlTemplate\":\"https:\/\/www.civiltalaica.it\/cms\/?s={search_term_string}\"},\"query-input\":{\"@type\":\"PropertyValueSpecification\",\"valueRequired\":true,\"valueName\":\"search_term_string\"}}],\"inLanguage\":\"it-IT\"},{\"@type\":\"Person\",\"@id\":\"https:\/\/www.civiltalaica.it\/cms\/#\/schema\/person\/4efef56f866329a1e0943eb27336df1d\",\"name\":\"alexjc\",\"url\":\"https:\/\/www.civiltalaica.it\/cms\/author\/alexjc\/\"}]}<\/script>\n<!-- \/ Yoast SEO plugin. -->","yoast_head_json":{"title":"Dicono che non hanno paura degli sbattezzi, eppure... - Associazione Culturale Civilt\u00e0 Laica","robots":{"index":"index","follow":"follow","max-snippet":"max-snippet:-1","max-image-preview":"max-image-preview:large","max-video-preview":"max-video-preview:-1"},"canonical":"https:\/\/www.civiltalaica.it\/cms\/dicono-che-non-hanno-paura-degli-sbattezzi-eppure\/","og_locale":"it_IT","og_type":"article","og_title":"Dicono che non hanno paura degli sbattezzi, eppure... - Associazione Culturale Civilt\u00e0 Laica","og_description":"Lo sbattezzo, pur rimanendo un fenomeno di nicchia, \u00e8 in lenta ma costante crescita da alcuni anni, ormai si stimano diverse migliaia di persone che hanno compiuto quest&#8217;atto di cui 2600 lo hanno anche registrato su sbattezzati.it. E&#8217; bene ricordare di cosa si tratta: in pratica si comunica con un raccomandata A\/R la propria volont\u00e0 [&hellip;]","og_url":"https:\/\/www.civiltalaica.it\/cms\/dicono-che-non-hanno-paura-degli-sbattezzi-eppure\/","og_site_name":"Associazione Culturale Civilt\u00e0 Laica","article_publisher":"https:\/\/www.facebook.com\/civiltalaica","article_published_time":"2013-05-20T21:37:57+00:00","og_image":[{"url":"http:\/\/www.civiltalaica.it\/cms\/wp-content\/uploads\/2013\/05\/mediacritica_quasi-quasi-mi-sbattezzo-150x150.jpg","type":"","width":"","height":""}],"author":"alexjc","twitter_card":"summary_large_image","twitter_misc":{"Scritto da":"alexjc","Tempo di lettura stimato":"2 minuti"},"schema":{"@context":"https:\/\/schema.org","@graph":[{"@type":"Article","@id":"https:\/\/www.civiltalaica.it\/cms\/dicono-che-non-hanno-paura-degli-sbattezzi-eppure\/#article","isPartOf":{"@id":"https:\/\/www.civiltalaica.it\/cms\/dicono-che-non-hanno-paura-degli-sbattezzi-eppure\/"},"author":{"name":"alexjc","@id":"https:\/\/www.civiltalaica.it\/cms\/#\/schema\/person\/4efef56f866329a1e0943eb27336df1d"},"headline":"Dicono che non hanno paura degli sbattezzi, eppure&#8230;","datePublished":"2013-05-20T21:37:57+00:00","mainEntityOfPage":{"@id":"https:\/\/www.civiltalaica.it\/cms\/dicono-che-non-hanno-paura-degli-sbattezzi-eppure\/"},"wordCount":504,"image":{"@id":"https:\/\/www.civiltalaica.it\/cms\/dicono-che-non-hanno-paura-degli-sbattezzi-eppure\/#primaryimage"},"thumbnailUrl":"http:\/\/www.civiltalaica.it\/cms\/wp-content\/uploads\/2013\/05\/mediacritica_quasi-quasi-mi-sbattezzo-150x150.jpg","keywords":["alessandro chiometti","sbattezzo","terni"],"articleSection":["articoli","blog"],"inLanguage":"it-IT"},{"@type":"WebPage","@id":"https:\/\/www.civiltalaica.it\/cms\/dicono-che-non-hanno-paura-degli-sbattezzi-eppure\/","url":"https:\/\/www.civiltalaica.it\/cms\/dicono-che-non-hanno-paura-degli-sbattezzi-eppure\/","name":"Dicono che non hanno paura degli sbattezzi, eppure... - Associazione Culturale Civilt\u00e0 Laica","isPartOf":{"@id":"https:\/\/www.civiltalaica.it\/cms\/#website"},"primaryImageOfPage":{"@id":"https:\/\/www.civiltalaica.it\/cms\/dicono-che-non-hanno-paura-degli-sbattezzi-eppure\/#primaryimage"},"image":{"@id":"https:\/\/www.civiltalaica.it\/cms\/dicono-che-non-hanno-paura-degli-sbattezzi-eppure\/#primaryimage"},"thumbnailUrl":"http:\/\/www.civiltalaica.it\/cms\/wp-content\/uploads\/2013\/05\/mediacritica_quasi-quasi-mi-sbattezzo-150x150.jpg","datePublished":"2013-05-20T21:37:57+00:00","author":{"@id":"https:\/\/www.civiltalaica.it\/cms\/#\/schema\/person\/4efef56f866329a1e0943eb27336df1d"},"breadcrumb":{"@id":"https:\/\/www.civiltalaica.it\/cms\/dicono-che-non-hanno-paura-degli-sbattezzi-eppure\/#breadcrumb"},"inLanguage":"it-IT","potentialAction":[{"@type":"ReadAction","target":["https:\/\/www.civiltalaica.it\/cms\/dicono-che-non-hanno-paura-degli-sbattezzi-eppure\/"]}]},{"@type":"ImageObject","inLanguage":"it-IT","@id":"https:\/\/www.civiltalaica.it\/cms\/dicono-che-non-hanno-paura-degli-sbattezzi-eppure\/#primaryimage","url":"http:\/\/www.civiltalaica.it\/cms\/wp-content\/uploads\/2013\/05\/mediacritica_quasi-quasi-mi-sbattezzo-150x150.jpg","contentUrl":"http:\/\/www.civiltalaica.it\/cms\/wp-content\/uploads\/2013\/05\/mediacritica_quasi-quasi-mi-sbattezzo-150x150.jpg"},{"@type":"BreadcrumbList","@id":"https:\/\/www.civiltalaica.it\/cms\/dicono-che-non-hanno-paura-degli-sbattezzi-eppure\/#breadcrumb","itemListElement":[{"@type":"ListItem","position":1,"name":"Home","item":"https:\/\/www.civiltalaica.it\/cms\/"},{"@type":"ListItem","position":2,"name":"Dicono che non hanno paura degli sbattezzi, eppure&#8230;"}]},{"@type":"WebSite","@id":"https:\/\/www.civiltalaica.it\/cms\/#website","url":"https:\/\/www.civiltalaica.it\/cms\/","name":"Associazione Culturale Civilt\u00e0 Laica","description":"Per un movimento culturale volto a difendere la Laicit\u00e0 dello Stato.","potentialAction":[{"@type":"SearchAction","target":{"@type":"EntryPoint","urlTemplate":"https:\/\/www.civiltalaica.it\/cms\/?s={search_term_string}"},"query-input":{"@type":"PropertyValueSpecification","valueRequired":true,"valueName":"search_term_string"}}],"inLanguage":"it-IT"},{"@type":"Person","@id":"https:\/\/www.civiltalaica.it\/cms\/#\/schema\/person\/4efef56f866329a1e0943eb27336df1d","name":"alexjc","url":"https:\/\/www.civiltalaica.it\/cms\/author\/alexjc\/"}]}},"_links":{"self":[{"href":"https:\/\/www.civiltalaica.it\/cms\/wp-json\/wp\/v2\/posts\/11475","targetHints":{"allow":["GET"]}}],"collection":[{"href":"https:\/\/www.civiltalaica.it\/cms\/wp-json\/wp\/v2\/posts"}],"about":[{"href":"https:\/\/www.civiltalaica.it\/cms\/wp-json\/wp\/v2\/types\/post"}],"author":[{"embeddable":true,"href":"https:\/\/www.civiltalaica.it\/cms\/wp-json\/wp\/v2\/users\/7"}],"replies":[{"embeddable":true,"href":"https:\/\/www.civiltalaica.it\/cms\/wp-json\/wp\/v2\/comments?post=11475"}],"version-history":[{"count":0,"href":"https:\/\/www.civiltalaica.it\/cms\/wp-json\/wp\/v2\/posts\/11475\/revisions"}],"wp:attachment":[{"href":"https:\/\/www.civiltalaica.it\/cms\/wp-json\/wp\/v2\/media?parent=11475"}],"wp:term":[{"taxonomy":"category","embeddable":true,"href":"https:\/\/www.civiltalaica.it\/cms\/wp-json\/wp\/v2\/categories?post=11475"},{"taxonomy":"post_tag","embeddable":true,"href":"https:\/\/www.civiltalaica.it\/cms\/wp-json\/wp\/v2\/tags?post=11475"}],"curies":[{"name":"wp","href":"https:\/\/api.w.org\/{rel}","templated":true}]}}