{"id":11388,"date":"2013-04-16T14:32:16","date_gmt":"2013-04-16T14:32:16","guid":{"rendered":"http:\/\/www.civiltalaica.it\/cms\/?p=11388"},"modified":"2013-04-16T14:32:16","modified_gmt":"2013-04-16T14:32:16","slug":"eutanasia-legale","status":"publish","type":"post","link":"https:\/\/www.civiltalaica.it\/cms\/eutanasia-legale\/","title":{"rendered":"Eutanasia Legale"},"content":{"rendered":"<p>Ha preso avvio, con il deposito presso la Corte di Cassazione, l\u2019iter per l\u2019approvazione di una proposta di legge di iniziativa popolare, promossa dalle associazioni Exit Italia, Luca Coscioni, Amici di Eleonora, Radicali Italiani e UAAR (Unione Atei Agnosti Razionalisti), che ha per oggetto la regolamentazione delle cure mediche e dell\u2019eutanasia. (1)<!--more--><!--more--><br \/><a href=\"http:\/\/www.civiltalaica.it\/cms\/wp-content\/uploads\/2013\/04\/eutanasia.jpg\"><img loading=\"lazy\" decoding=\"async\" class=\"alignleft size-medium wp-image-11389\" alt=\"eutanasia\" src=\"http:\/\/www.civiltalaica.it\/cms\/wp-content\/uploads\/2013\/04\/eutanasia-300x184.jpg\" width=\"300\" height=\"184\" srcset=\"https:\/\/www.civiltalaica.it\/cms\/wp-content\/uploads\/2013\/04\/eutanasia-300x184.jpg 300w, https:\/\/www.civiltalaica.it\/cms\/wp-content\/uploads\/2013\/04\/eutanasia-1024x628.jpg 1024w, https:\/\/www.civiltalaica.it\/cms\/wp-content\/uploads\/2013\/04\/eutanasia.jpg 1864w\" sizes=\"auto, (max-width: 300px) 100vw, 300px\" \/><\/a>L\u2019iniziativa applica una previsione costituzionale di democrazia diretta. La Costituzione italiana prevede che si possa sottoporre direttamente all\u2019esame del Parlamento un disegno di legge elaborato e sostenuto dalle firme di almeno 50.000 cittadini promotori. Nelle piazze e nelle segreterie dei Comuni \u00e8 gi\u00e0 stata avviata la raccolta delle firme.<br \/>La proposta di legge intende regolamentare una materia che suscita ancor\u2019oggi reazioni negative e talvolta di totale chiusura, frutto di preconcetti culturali e di convinzioni dogmatiche di stampo religioso. Un\u2019adeguata opera di illustrazione del progetto di legge potrebbe far chiarezza, presso i cittadini pi\u00f9 disponibili, e dimostrare che non c\u2019\u00e8 niente di terribile nel prevedere e attuare pratiche mediche che rendono la malattia e il trapasso un atto dignitoso e pacato. <br \/>La nostra societ\u00e0 sembra ormai pronta a discutere un simile provvedimento. Lo conferma la percezione del comune sentire e i sondaggi di opinione che indicano come la maggioranza degli italiani vuole poter decidere pienamente sulle proprie cure mediche e scegliere come morire, nel caso si giunga alla fine della vita in condizioni che fanno prevedere una morte dolorosa e priva di dignit\u00e0. Sinora i politici italiani hanno preferito guardare dall\u2019altra parte e far finta che il fenomeno della sofferenza di fine vita non esista, cos\u00ec come hanno ignorato che sono sorte organizzazioni che consentono, all\u2019estero, di anticipare la morte quando la malattia, come troppo spesso accade, \u00e8 pura sofferenza fine a se stessa. <br \/>La pratica dell\u2019eutanasia oggi in Italia \u00e8 considerata omicidio e come tale punita, cos\u00ec come \u00e8 sanzionata penalmente ogni forma di intervento che agevola la morte di un malato, sia esso omicidio di consenziente, istigazione al suicidio od omissione di soccorso.<br \/>Ci\u00f2 non toglie che l\u2019esigenza di procurare un dolce trapasso sia sentita e diffusa essendo numerose le persone che sono ricorsi, all\u2019estero, all\u2019aiuto di una mano soccorrevole.<br \/>La proposta di legge popolare elaborata dalle associazioni laiche si ispira al principio di autodeterminazione dell\u2019individuo riguardo al proprio corpo e alle cure mediche a cui sottoporsi, e stabilisce con precisione come ciascuno possa esigere legalmente il rispetto delle proprie decisioni in materia di trattamenti sanitari, ivi incluso il ricorso all\u2019eutanasia. <br \/>Sono norme che prevedono un valido sistema di garanzia che mette al riparo il malato da abusi o incertezze applicative e gli operatori sanitari dal dover rispondere penalmente del loro operato, semprech\u00e9 rispettino le condizioni previste dalla legge.<br \/>La proposta di legge nella sua articolazione \u00e8 piuttosto semplice e prevede poche e chiare regole. <br \/>E\u2019 composta di appena quattro articoli: i primi due riconoscono il diritto del malato al rifiuto delle cure mediche con possibilit\u00e0 di esprimere anticipatamente le proprie volont\u00e0, mentre gli altri due articoli trattano dell\u2019eutanasia.<br \/>La proposta si apre con una dichiarazione: \u201dOgni cittadino pu\u00f2 rifiutare l\u2019inizio o la prosecuzione di trattamenti sanitari, nonch\u00e9 ogni tipo di trattamento di sostegno vitale e\/o terapia nutrizionale.\u201d<br \/>Siamo nell\u2019ambito del riconoscimento pieno e totale della volont\u00e0 individuale, con la quale il malato pu\u00f2 rifiutare, oltre alle cure, anche il c.d. sostegno vitale, ossia l\u2019idratazione e l\u2019alimentazione, punto quest\u2019ultimo sul quale le forze di ispirazione cattolica si sono impegnate puntigliosamente. Una distinzione di questo tipo era infatti presente nel disegno di legge Calabr\u00f2 che, elaborato sull\u2019onda emotiva della vicenda Englaro, fu addirittura approvato da un ramo del precedente Parlamento.<br \/>La proposta di legge prosegue: \u201cIl personale sanitario \u00e8 tenuto a rispettare la volont\u00e0 del paziente ove essa provenga da soggetto maggiorenne, sia manifestata inequivocabilmente e il soggetto si trovi in condizioni di intendere e di volere.\u201d L\u2019articolo indica tre precise condizioni cautelari a tutela del malato ed esclude la possibilit\u00e0 per medici e infermieri di eccepire l\u2019obiezione di coscienza.<br \/>Nel caso in cui il malato divenga incapace di intendere e volere la proposta di legge prevede poi la possibilit\u00e0 di nominare, per scritto e con firma autenticata, una persona che per conto del malato, ora per allora, esprima la volont\u00e0 di rifiutare le cure e il trattamento di sostegno vitale. Si tratta della figura del cosiddetto \u201cfiduciario per la manifestazione delle volont\u00e0 di cura\u201d che in caso di incapacit\u00e0 sopravvenuta, valuti e decida sulle condizioni di salute del malato, sulle prospettive di guarigione e sulla qualit\u00e0 della vita futura, rifiutando eventuali e ulteriori cure mediche. E\u2019 chiaro che questo fiduciario non sar\u00e0 una persona qualsiasi ma una persona vicina al malato con la quale quest\u2019ultimo avr\u00e0 in precedenza concordato i criteri da seguire qualora si presenti una simile eventualit\u00e0.<br \/>Per quanto riguarda le norme pi\u00f9 specificamente relative all\u2019eutanasia la proposta di legge prevede all\u2019art. 3 che sono consentite pratiche di eutanasia, che provocano quindi la morte del pa\u00adziente, solo se avvengono nel rispetto delle seguenti precise condizioni:<br \/>il malato lo richieda in modo chiaro ed inequivocabile;<br \/>il malato sia maggiorenne e perfettamente capace di intendere e di volere;<br \/>il malato sia affetto da una malattia inguaribile che causa gravi sofferenze e che conduca a morte entro diciotto mesi;<br \/> il malato sia stato informato sulla sua malattia, sul decorso, sulle possibili terapie e ne abbia discusso con il medico;<br \/>il coniuge del malato e i suoi parenti entro il secondo grado (genitori, figli, fratelli e nipoti) siano stati informati della volont\u00e0 del loro congiunto di porre fine alla sua vita e abbiano avuto modo di parlare con lui.<br \/>La proposta di legge prevede inoltre, anche per il caso di eutanasia, che ognuno possa stilare un atto scritto, con firma autenticata, con il quale chiede l\u2019applicazione dell\u2019eutanasia per il caso in cui egli si venga a trovare nelle stesse condizioni gi\u00e0 dette, ossia malattia incurabile, dolorosa e infausta, e che sia inoltre divenuto incapace di intendere e volere e quindi di parlare ed esprimersi. Per rafforzare questa dichiarazione di volont\u00e0, le norme prescrivono che una persona nominata dal soggetto confermi la volont\u00e0 del dichiarante di accedere all\u2019eutanasia.<br \/>La proposta con le sue scarne ed essenziali norme regola con efficacia e chiarezza un tema tanto tartassato ed equivocato. Si tratta di un provvedimento semplice e pulito che non presenta aspetti di dubbio. <br \/>Questo, per chi lo valuta senza pregiudizi. Certo se si parte dalla convinzione che l\u2019individuo non possa disporre della sua vita, magari perch\u00e9 non gli appartiene, in quanto di propriet\u00e0 di presunte entit\u00e0 metafisiche, allora le premesse stesse della legge divengono inaccettabili. Per costoro, chi chiede l\u2019eutanasia non dispone legittimamente di s\u00e9 e del proprio futuro, ma compie un vero e proprio gesto di ribellione, un gesto blasfemo di orgoglio verso il proprio creatore, padre padrone che di questa vita gli avrebbe fatto dono.<br \/>In questa visione delle cose anche la sofferenza e il dolore non sono pi\u00f9 eventi inutili, senza significato, da rifiutare e allontanare, ma valori positivi connessi ad eventi da accettare con quieta rassegnazione e in qualche caso anche con gioia. <br \/>Complesse elaborazioni speculative giustificano l\u2019esproprio della libert\u00e0 individuale e del diritto all\u2019autodeterminazione, con conclusioni sconcertanti. Ecco come sono interpretate le sofferenze dei malati e le richieste di una morte dolce dal punto di vista cattolico. Secondo Giovanni Paolo II \u201cPu\u00f2 accadere che il dolore prolungato e insopportabile inducano qualcuno a ritenere di poter chiedere di morire. Ma le suppliche dei malati molto gravi che invocano di morire non devono essere intese come espressione di una vera volont\u00e0 di eutanasia: esse infatti sono quasi sempre richieste angosciate di aiuto e di affetto. Oltre le cure mediche, ci\u00f2 di cui l\u2019ammalato ha bisogno \u00e8 l\u2019amore, \u00e8 il calore umano e soprannaturale con il quale possono circondarlo coloro che gli sono vicini genitori e figli, medici e infermieri.\u201d(2)<br \/>Questa \u00e8 miglior risposta che il cattolicesimo \u00e8 oggi in grado di offrire alle migliaia di ammalati che soffrono, inutilmente e senza speranza di guarire, in una corsia di ospedale: carezze, parole di conforto e tante, tante preghiere. <br \/>Ma la cosa pi\u00f9 grave \u00e8 che la Chiesa cattolica non distingue tra credenti e non credenti e le conseguenze pratiche di queste premesse non si applicano solo a chi crede. No. Tutti indistintamente, credenti e non credenti, devono essere privati della possibilit\u00e0 di decidere come risolvere le proprie sofferenze e per far s\u00ec che questa barbarie prosegua la Chiesa si attiva alacremente affinch\u00e9 le leggi dello Stato Italiano siano coerenti con questo modo di vedere il mondo.<\/p>\n<p><strong>Dagoberto Frattaroli<\/strong><\/p>\n<p>(1) Il testo di legge \u00e8 disponibile sul sito UAAR (http:\/\/www.uaar.it\/news\/2012\/12\/22\/eutanasia-depositata-proposta-di-legge-di-iniziativa <br \/>(2) Giovanni Paolo II, \u201cParole sull\u2019uomo\u201d, a cura di A. Montonati, Rizzoli, 1994, pag. 152 e segg.<\/p>\n<p>&nbsp;<\/p>\n","protected":false},"excerpt":{"rendered":"<p>Ha preso avvio, con il deposito presso la Corte di Cassazione, l\u2019iter per l\u2019approvazione di una proposta di legge di iniziativa popolare, promossa dalle associazioni Exit Italia, Luca Coscioni, Amici di Eleonora, Radicali Italiani e UAAR (Unione Atei Agnosti Razionalisti), che ha per oggetto la regolamentazione delle cure mediche e dell\u2019eutanasia. (1)<\/p>\n","protected":false},"author":7,"featured_media":0,"comment_status":"closed","ping_status":"closed","sticky":false,"template":"","format":"standard","meta":{"footnotes":""},"categories":[238,230],"tags":[1039,1211,129],"class_list":["post-11388","post","type-post","status-publish","format-standard","hentry","category-articoli","category-attualita","tag-dagoberto-frattaroli","tag-eutanasia-legale","tag-testamento-biologico"],"yoast_head":"<!-- This site is optimized with the Yoast SEO plugin v27.1.1 - https:\/\/yoast.com\/product\/yoast-seo-wordpress\/ -->\n<title>Eutanasia Legale - Associazione Culturale Civilt\u00e0 Laica<\/title>\n<meta name=\"robots\" content=\"index, follow, max-snippet:-1, max-image-preview:large, max-video-preview:-1\" \/>\n<link rel=\"canonical\" href=\"https:\/\/www.civiltalaica.it\/cms\/eutanasia-legale\/\" \/>\n<meta property=\"og:locale\" content=\"it_IT\" \/>\n<meta property=\"og:type\" content=\"article\" \/>\n<meta property=\"og:title\" content=\"Eutanasia Legale - Associazione Culturale Civilt\u00e0 Laica\" \/>\n<meta property=\"og:description\" content=\"Ha preso avvio, con il deposito presso la Corte di Cassazione, l\u2019iter per l\u2019approvazione di una proposta di legge di iniziativa popolare, promossa dalle associazioni Exit Italia, Luca Coscioni, Amici di Eleonora, Radicali Italiani e UAAR (Unione Atei Agnosti Razionalisti), che ha per oggetto la regolamentazione delle cure mediche e dell\u2019eutanasia. (1)\" \/>\n<meta property=\"og:url\" content=\"https:\/\/www.civiltalaica.it\/cms\/eutanasia-legale\/\" \/>\n<meta property=\"og:site_name\" content=\"Associazione Culturale Civilt\u00e0 Laica\" \/>\n<meta property=\"article:publisher\" content=\"https:\/\/www.facebook.com\/civiltalaica\" \/>\n<meta property=\"article:published_time\" content=\"2013-04-16T14:32:16+00:00\" \/>\n<meta property=\"og:image\" content=\"http:\/\/www.civiltalaica.it\/cms\/wp-content\/uploads\/2013\/04\/eutanasia-300x184.jpg\" \/>\n<meta name=\"author\" content=\"alexjc\" \/>\n<meta name=\"twitter:card\" content=\"summary_large_image\" \/>\n<meta name=\"twitter:label1\" content=\"Scritto da\" \/>\n\t<meta name=\"twitter:data1\" content=\"alexjc\" \/>\n\t<meta name=\"twitter:label2\" content=\"Tempo di lettura stimato\" \/>\n\t<meta name=\"twitter:data2\" content=\"7 minuti\" \/>\n<script type=\"application\/ld+json\" class=\"yoast-schema-graph\">{\"@context\":\"https:\/\/schema.org\",\"@graph\":[{\"@type\":\"Article\",\"@id\":\"https:\/\/www.civiltalaica.it\/cms\/eutanasia-legale\/#article\",\"isPartOf\":{\"@id\":\"https:\/\/www.civiltalaica.it\/cms\/eutanasia-legale\/\"},\"author\":{\"name\":\"alexjc\",\"@id\":\"https:\/\/www.civiltalaica.it\/cms\/#\/schema\/person\/4efef56f866329a1e0943eb27336df1d\"},\"headline\":\"Eutanasia Legale\",\"datePublished\":\"2013-04-16T14:32:16+00:00\",\"mainEntityOfPage\":{\"@id\":\"https:\/\/www.civiltalaica.it\/cms\/eutanasia-legale\/\"},\"wordCount\":1466,\"image\":{\"@id\":\"https:\/\/www.civiltalaica.it\/cms\/eutanasia-legale\/#primaryimage\"},\"thumbnailUrl\":\"http:\/\/www.civiltalaica.it\/cms\/wp-content\/uploads\/2013\/04\/eutanasia-300x184.jpg\",\"keywords\":[\"dagoberto frattaroli\",\"eutanasia legale\",\"testamento biologico\"],\"articleSection\":[\"articoli\",\"attualit\u00e0\"],\"inLanguage\":\"it-IT\"},{\"@type\":\"WebPage\",\"@id\":\"https:\/\/www.civiltalaica.it\/cms\/eutanasia-legale\/\",\"url\":\"https:\/\/www.civiltalaica.it\/cms\/eutanasia-legale\/\",\"name\":\"Eutanasia Legale - Associazione Culturale Civilt\u00e0 Laica\",\"isPartOf\":{\"@id\":\"https:\/\/www.civiltalaica.it\/cms\/#website\"},\"primaryImageOfPage\":{\"@id\":\"https:\/\/www.civiltalaica.it\/cms\/eutanasia-legale\/#primaryimage\"},\"image\":{\"@id\":\"https:\/\/www.civiltalaica.it\/cms\/eutanasia-legale\/#primaryimage\"},\"thumbnailUrl\":\"http:\/\/www.civiltalaica.it\/cms\/wp-content\/uploads\/2013\/04\/eutanasia-300x184.jpg\",\"datePublished\":\"2013-04-16T14:32:16+00:00\",\"author\":{\"@id\":\"https:\/\/www.civiltalaica.it\/cms\/#\/schema\/person\/4efef56f866329a1e0943eb27336df1d\"},\"breadcrumb\":{\"@id\":\"https:\/\/www.civiltalaica.it\/cms\/eutanasia-legale\/#breadcrumb\"},\"inLanguage\":\"it-IT\",\"potentialAction\":[{\"@type\":\"ReadAction\",\"target\":[\"https:\/\/www.civiltalaica.it\/cms\/eutanasia-legale\/\"]}]},{\"@type\":\"ImageObject\",\"inLanguage\":\"it-IT\",\"@id\":\"https:\/\/www.civiltalaica.it\/cms\/eutanasia-legale\/#primaryimage\",\"url\":\"http:\/\/www.civiltalaica.it\/cms\/wp-content\/uploads\/2013\/04\/eutanasia-300x184.jpg\",\"contentUrl\":\"http:\/\/www.civiltalaica.it\/cms\/wp-content\/uploads\/2013\/04\/eutanasia-300x184.jpg\"},{\"@type\":\"BreadcrumbList\",\"@id\":\"https:\/\/www.civiltalaica.it\/cms\/eutanasia-legale\/#breadcrumb\",\"itemListElement\":[{\"@type\":\"ListItem\",\"position\":1,\"name\":\"Home\",\"item\":\"https:\/\/www.civiltalaica.it\/cms\/\"},{\"@type\":\"ListItem\",\"position\":2,\"name\":\"Eutanasia Legale\"}]},{\"@type\":\"WebSite\",\"@id\":\"https:\/\/www.civiltalaica.it\/cms\/#website\",\"url\":\"https:\/\/www.civiltalaica.it\/cms\/\",\"name\":\"Associazione Culturale Civilt\u00e0 Laica\",\"description\":\"Per un movimento culturale volto a difendere la Laicit\u00e0 dello Stato.\",\"potentialAction\":[{\"@type\":\"SearchAction\",\"target\":{\"@type\":\"EntryPoint\",\"urlTemplate\":\"https:\/\/www.civiltalaica.it\/cms\/?s={search_term_string}\"},\"query-input\":{\"@type\":\"PropertyValueSpecification\",\"valueRequired\":true,\"valueName\":\"search_term_string\"}}],\"inLanguage\":\"it-IT\"},{\"@type\":\"Person\",\"@id\":\"https:\/\/www.civiltalaica.it\/cms\/#\/schema\/person\/4efef56f866329a1e0943eb27336df1d\",\"name\":\"alexjc\",\"url\":\"https:\/\/www.civiltalaica.it\/cms\/author\/alexjc\/\"}]}<\/script>\n<!-- \/ Yoast SEO plugin. -->","yoast_head_json":{"title":"Eutanasia Legale - Associazione Culturale Civilt\u00e0 Laica","robots":{"index":"index","follow":"follow","max-snippet":"max-snippet:-1","max-image-preview":"max-image-preview:large","max-video-preview":"max-video-preview:-1"},"canonical":"https:\/\/www.civiltalaica.it\/cms\/eutanasia-legale\/","og_locale":"it_IT","og_type":"article","og_title":"Eutanasia Legale - Associazione Culturale Civilt\u00e0 Laica","og_description":"Ha preso avvio, con il deposito presso la Corte di Cassazione, l\u2019iter per l\u2019approvazione di una proposta di legge di iniziativa popolare, promossa dalle associazioni Exit Italia, Luca Coscioni, Amici di Eleonora, Radicali Italiani e UAAR (Unione Atei Agnosti Razionalisti), che ha per oggetto la regolamentazione delle cure mediche e dell\u2019eutanasia. (1)","og_url":"https:\/\/www.civiltalaica.it\/cms\/eutanasia-legale\/","og_site_name":"Associazione Culturale Civilt\u00e0 Laica","article_publisher":"https:\/\/www.facebook.com\/civiltalaica","article_published_time":"2013-04-16T14:32:16+00:00","og_image":[{"url":"http:\/\/www.civiltalaica.it\/cms\/wp-content\/uploads\/2013\/04\/eutanasia-300x184.jpg","type":"","width":"","height":""}],"author":"alexjc","twitter_card":"summary_large_image","twitter_misc":{"Scritto da":"alexjc","Tempo di lettura stimato":"7 minuti"},"schema":{"@context":"https:\/\/schema.org","@graph":[{"@type":"Article","@id":"https:\/\/www.civiltalaica.it\/cms\/eutanasia-legale\/#article","isPartOf":{"@id":"https:\/\/www.civiltalaica.it\/cms\/eutanasia-legale\/"},"author":{"name":"alexjc","@id":"https:\/\/www.civiltalaica.it\/cms\/#\/schema\/person\/4efef56f866329a1e0943eb27336df1d"},"headline":"Eutanasia Legale","datePublished":"2013-04-16T14:32:16+00:00","mainEntityOfPage":{"@id":"https:\/\/www.civiltalaica.it\/cms\/eutanasia-legale\/"},"wordCount":1466,"image":{"@id":"https:\/\/www.civiltalaica.it\/cms\/eutanasia-legale\/#primaryimage"},"thumbnailUrl":"http:\/\/www.civiltalaica.it\/cms\/wp-content\/uploads\/2013\/04\/eutanasia-300x184.jpg","keywords":["dagoberto frattaroli","eutanasia legale","testamento biologico"],"articleSection":["articoli","attualit\u00e0"],"inLanguage":"it-IT"},{"@type":"WebPage","@id":"https:\/\/www.civiltalaica.it\/cms\/eutanasia-legale\/","url":"https:\/\/www.civiltalaica.it\/cms\/eutanasia-legale\/","name":"Eutanasia Legale - Associazione Culturale Civilt\u00e0 Laica","isPartOf":{"@id":"https:\/\/www.civiltalaica.it\/cms\/#website"},"primaryImageOfPage":{"@id":"https:\/\/www.civiltalaica.it\/cms\/eutanasia-legale\/#primaryimage"},"image":{"@id":"https:\/\/www.civiltalaica.it\/cms\/eutanasia-legale\/#primaryimage"},"thumbnailUrl":"http:\/\/www.civiltalaica.it\/cms\/wp-content\/uploads\/2013\/04\/eutanasia-300x184.jpg","datePublished":"2013-04-16T14:32:16+00:00","author":{"@id":"https:\/\/www.civiltalaica.it\/cms\/#\/schema\/person\/4efef56f866329a1e0943eb27336df1d"},"breadcrumb":{"@id":"https:\/\/www.civiltalaica.it\/cms\/eutanasia-legale\/#breadcrumb"},"inLanguage":"it-IT","potentialAction":[{"@type":"ReadAction","target":["https:\/\/www.civiltalaica.it\/cms\/eutanasia-legale\/"]}]},{"@type":"ImageObject","inLanguage":"it-IT","@id":"https:\/\/www.civiltalaica.it\/cms\/eutanasia-legale\/#primaryimage","url":"http:\/\/www.civiltalaica.it\/cms\/wp-content\/uploads\/2013\/04\/eutanasia-300x184.jpg","contentUrl":"http:\/\/www.civiltalaica.it\/cms\/wp-content\/uploads\/2013\/04\/eutanasia-300x184.jpg"},{"@type":"BreadcrumbList","@id":"https:\/\/www.civiltalaica.it\/cms\/eutanasia-legale\/#breadcrumb","itemListElement":[{"@type":"ListItem","position":1,"name":"Home","item":"https:\/\/www.civiltalaica.it\/cms\/"},{"@type":"ListItem","position":2,"name":"Eutanasia Legale"}]},{"@type":"WebSite","@id":"https:\/\/www.civiltalaica.it\/cms\/#website","url":"https:\/\/www.civiltalaica.it\/cms\/","name":"Associazione Culturale Civilt\u00e0 Laica","description":"Per un movimento culturale volto a difendere la Laicit\u00e0 dello Stato.","potentialAction":[{"@type":"SearchAction","target":{"@type":"EntryPoint","urlTemplate":"https:\/\/www.civiltalaica.it\/cms\/?s={search_term_string}"},"query-input":{"@type":"PropertyValueSpecification","valueRequired":true,"valueName":"search_term_string"}}],"inLanguage":"it-IT"},{"@type":"Person","@id":"https:\/\/www.civiltalaica.it\/cms\/#\/schema\/person\/4efef56f866329a1e0943eb27336df1d","name":"alexjc","url":"https:\/\/www.civiltalaica.it\/cms\/author\/alexjc\/"}]}},"_links":{"self":[{"href":"https:\/\/www.civiltalaica.it\/cms\/wp-json\/wp\/v2\/posts\/11388","targetHints":{"allow":["GET"]}}],"collection":[{"href":"https:\/\/www.civiltalaica.it\/cms\/wp-json\/wp\/v2\/posts"}],"about":[{"href":"https:\/\/www.civiltalaica.it\/cms\/wp-json\/wp\/v2\/types\/post"}],"author":[{"embeddable":true,"href":"https:\/\/www.civiltalaica.it\/cms\/wp-json\/wp\/v2\/users\/7"}],"replies":[{"embeddable":true,"href":"https:\/\/www.civiltalaica.it\/cms\/wp-json\/wp\/v2\/comments?post=11388"}],"version-history":[{"count":0,"href":"https:\/\/www.civiltalaica.it\/cms\/wp-json\/wp\/v2\/posts\/11388\/revisions"}],"wp:attachment":[{"href":"https:\/\/www.civiltalaica.it\/cms\/wp-json\/wp\/v2\/media?parent=11388"}],"wp:term":[{"taxonomy":"category","embeddable":true,"href":"https:\/\/www.civiltalaica.it\/cms\/wp-json\/wp\/v2\/categories?post=11388"},{"taxonomy":"post_tag","embeddable":true,"href":"https:\/\/www.civiltalaica.it\/cms\/wp-json\/wp\/v2\/tags?post=11388"}],"curies":[{"name":"wp","href":"https:\/\/api.w.org\/{rel}","templated":true}]}}