{"id":11332,"date":"2013-03-20T15:18:32","date_gmt":"2013-03-20T15:18:32","guid":{"rendered":"http:\/\/www.civiltalaica.it\/cms\/?p=11332"},"modified":"2013-03-20T15:18:32","modified_gmt":"2013-03-20T15:18:32","slug":"sala-del-commiato-laico-ci-siamo","status":"publish","type":"post","link":"https:\/\/www.civiltalaica.it\/cms\/sala-del-commiato-laico-ci-siamo\/","title":{"rendered":"Sala del Commiato Laico, ci siamo?"},"content":{"rendered":"<p>La querelle sull&#8217;istituzione della Sala del Commiato Laico a Terni sembra essere giunta a una conclusione positiva, finalmente.<\/p>\n<p>Mercoled\u00ec 21 Febbraio il sottoscritto, come presidente di Civilt\u00e0 Laica e Eraldo Giulianelli dell&#8217;Uaar insieme all&#8217;assessore Simone Guerra e il Presidente della Circoscrizione Est, Stefano Bolletta hanno effettuato il sopralluogo presso la sala individuata dal Comune di Terni che consiste nella sala polifunzionale della circoscrizione stessa, in via Puglia.<!--more--><\/p>\n<p><a href=\"http:\/\/www.civiltalaica.it\/cms\/wp-content\/uploads\/2013\/01\/volasalacomm.jpg\"><img loading=\"lazy\" decoding=\"async\" class=\"alignleft size-medium wp-image-11138\" alt=\"volasalacomm\" src=\"http:\/\/www.civiltalaica.it\/cms\/wp-content\/uploads\/2013\/01\/volasalacomm-214x300.jpg\" width=\"214\" height=\"300\" srcset=\"https:\/\/www.civiltalaica.it\/cms\/wp-content\/uploads\/2013\/01\/volasalacomm-214x300.jpg 214w, https:\/\/www.civiltalaica.it\/cms\/wp-content\/uploads\/2013\/01\/volasalacomm-731x1024.jpg 731w, https:\/\/www.civiltalaica.it\/cms\/wp-content\/uploads\/2013\/01\/volasalacomm.jpg 901w\" sizes=\"auto, (max-width: 214px) 100vw, 214px\" \/><\/a>La sala risulta essere adatta ad ospitare i commiati delle persone non credenti o che non si riconoscono nella Chiesa Cattolica o in altre religione istituzionalizzate in quanto si trova al piano terra, \u00e8 ampia un centinaio di metri quadri ed \u00e8 gi\u00e0 attrezzata con sedie e (forse) anche con impianto di amplificazione. \u00c8 inoltre provvista di un ampio parcheggio e si trova al di fuori della ztl o da aree pedonali che ne renderebbero difficile l&#8217;accesso.<\/p>\n<p>L&#8217;assessore alla cultura Simone Guerra dovr\u00e0 adesso concordare con Libero Paci il regolamento di utilizzo e individuare i responsabili che garantiranno l&#8217;accessibilit\u00e0, la pulizia e quuant&#8217;altro per una corretta gestione della sala stessa.<\/p>\n<p>Al di l\u00e0 dei tempi tecnici del passaggio in giunta comunale sembra quindi arrivata a compimento una delle richieste fatte al comune in questi anni di attivismo laico sul territorio.<\/p>\n<p>Speriamo di non incontrare intoppi burocratici e\/o politici e ringraziamo Libero Paci, Simone Guerra e Stefano Bolletta per l&#8217;interesse dimostrato.<\/p>\n<p>Un sentito ringraziamento va anche a quelle trecento persone che hanno firmato la petizione popolare per ottenere la Sala del Commiato che avrebbe impegnato il consiglio comunale a discuterne, ovviamente la petizione non sar\u00e0 presentata visto che la questione si sta risolvendo ma di certo \u00e8 servita come &#8220;stimolo&#8221;.<\/p>\n<p>&nbsp;<\/p>\n<p><b>Alessandro Chiometti<\/b><\/p>\n","protected":false},"excerpt":{"rendered":"<p>La querelle sull&#8217;istituzione della Sala del Commiato Laico a Terni sembra essere giunta a una conclusione positiva, finalmente. Mercoled\u00ec 21 Febbraio il sottoscritto, come presidente di Civilt\u00e0 Laica e Eraldo Giulianelli dell&#8217;Uaar insieme all&#8217;assessore Simone Guerra e il Presidente della Circoscrizione Est, Stefano Bolletta hanno effettuato il sopralluogo presso la sala individuata dal Comune di [&hellip;]<\/p>\n","protected":false},"author":7,"featured_media":0,"comment_status":"closed","ping_status":"closed","sticky":false,"template":"","format":"standard","meta":{"footnotes":""},"categories":[238,235],"tags":[],"class_list":["post-11332","post","type-post","status-publish","format-standard","hentry","category-articoli","category-andata"],"yoast_head":"<!-- This site is optimized with the Yoast SEO plugin v27.1.1 - https:\/\/yoast.com\/product\/yoast-seo-wordpress\/ -->\n<title>Sala del Commiato Laico, ci siamo? - Associazione Culturale Civilt\u00e0 Laica<\/title>\n<meta name=\"robots\" content=\"index, follow, max-snippet:-1, max-image-preview:large, max-video-preview:-1\" \/>\n<link rel=\"canonical\" href=\"https:\/\/www.civiltalaica.it\/cms\/sala-del-commiato-laico-ci-siamo\/\" \/>\n<meta property=\"og:locale\" content=\"it_IT\" \/>\n<meta property=\"og:type\" content=\"article\" \/>\n<meta property=\"og:title\" content=\"Sala del Commiato Laico, ci siamo? - Associazione Culturale Civilt\u00e0 Laica\" \/>\n<meta property=\"og:description\" content=\"La querelle sull&#8217;istituzione della Sala del Commiato Laico a Terni sembra essere giunta a una conclusione positiva, finalmente. Mercoled\u00ec 21 Febbraio il sottoscritto, come presidente di Civilt\u00e0 Laica e Eraldo Giulianelli dell&#8217;Uaar insieme all&#8217;assessore Simone Guerra e il Presidente della Circoscrizione Est, Stefano Bolletta hanno effettuato il sopralluogo presso la sala individuata dal Comune di [&hellip;]\" \/>\n<meta property=\"og:url\" content=\"https:\/\/www.civiltalaica.it\/cms\/sala-del-commiato-laico-ci-siamo\/\" \/>\n<meta property=\"og:site_name\" content=\"Associazione Culturale Civilt\u00e0 Laica\" \/>\n<meta property=\"article:publisher\" content=\"https:\/\/www.facebook.com\/civiltalaica\" \/>\n<meta property=\"article:published_time\" content=\"2013-03-20T15:18:32+00:00\" \/>\n<meta property=\"og:image\" content=\"http:\/\/www.civiltalaica.it\/cms\/wp-content\/uploads\/2013\/01\/volasalacomm-214x300.jpg\" \/>\n<meta name=\"author\" content=\"alexjc\" \/>\n<meta name=\"twitter:card\" content=\"summary_large_image\" \/>\n<meta name=\"twitter:label1\" content=\"Scritto da\" \/>\n\t<meta name=\"twitter:data1\" content=\"alexjc\" \/>\n\t<meta name=\"twitter:label2\" content=\"Tempo di lettura stimato\" \/>\n\t<meta name=\"twitter:data2\" content=\"1 minuto\" \/>\n<script type=\"application\/ld+json\" class=\"yoast-schema-graph\">{\"@context\":\"https:\/\/schema.org\",\"@graph\":[{\"@type\":\"Article\",\"@id\":\"https:\/\/www.civiltalaica.it\/cms\/sala-del-commiato-laico-ci-siamo\/#article\",\"isPartOf\":{\"@id\":\"https:\/\/www.civiltalaica.it\/cms\/sala-del-commiato-laico-ci-siamo\/\"},\"author\":{\"name\":\"alexjc\",\"@id\":\"https:\/\/www.civiltalaica.it\/cms\/#\/schema\/person\/4efef56f866329a1e0943eb27336df1d\"},\"headline\":\"Sala del Commiato Laico, ci siamo?\",\"datePublished\":\"2013-03-20T15:18:32+00:00\",\"mainEntityOfPage\":{\"@id\":\"https:\/\/www.civiltalaica.it\/cms\/sala-del-commiato-laico-ci-siamo\/\"},\"wordCount\":281,\"image\":{\"@id\":\"https:\/\/www.civiltalaica.it\/cms\/sala-del-commiato-laico-ci-siamo\/#primaryimage\"},\"thumbnailUrl\":\"http:\/\/www.civiltalaica.it\/cms\/wp-content\/uploads\/2013\/01\/volasalacomm-214x300.jpg\",\"articleSection\":[\"articoli\",\"come \u00e8 andata?\"],\"inLanguage\":\"it-IT\"},{\"@type\":\"WebPage\",\"@id\":\"https:\/\/www.civiltalaica.it\/cms\/sala-del-commiato-laico-ci-siamo\/\",\"url\":\"https:\/\/www.civiltalaica.it\/cms\/sala-del-commiato-laico-ci-siamo\/\",\"name\":\"Sala del Commiato Laico, ci siamo? - Associazione Culturale Civilt\u00e0 Laica\",\"isPartOf\":{\"@id\":\"https:\/\/www.civiltalaica.it\/cms\/#website\"},\"primaryImageOfPage\":{\"@id\":\"https:\/\/www.civiltalaica.it\/cms\/sala-del-commiato-laico-ci-siamo\/#primaryimage\"},\"image\":{\"@id\":\"https:\/\/www.civiltalaica.it\/cms\/sala-del-commiato-laico-ci-siamo\/#primaryimage\"},\"thumbnailUrl\":\"http:\/\/www.civiltalaica.it\/cms\/wp-content\/uploads\/2013\/01\/volasalacomm-214x300.jpg\",\"datePublished\":\"2013-03-20T15:18:32+00:00\",\"author\":{\"@id\":\"https:\/\/www.civiltalaica.it\/cms\/#\/schema\/person\/4efef56f866329a1e0943eb27336df1d\"},\"breadcrumb\":{\"@id\":\"https:\/\/www.civiltalaica.it\/cms\/sala-del-commiato-laico-ci-siamo\/#breadcrumb\"},\"inLanguage\":\"it-IT\",\"potentialAction\":[{\"@type\":\"ReadAction\",\"target\":[\"https:\/\/www.civiltalaica.it\/cms\/sala-del-commiato-laico-ci-siamo\/\"]}]},{\"@type\":\"ImageObject\",\"inLanguage\":\"it-IT\",\"@id\":\"https:\/\/www.civiltalaica.it\/cms\/sala-del-commiato-laico-ci-siamo\/#primaryimage\",\"url\":\"http:\/\/www.civiltalaica.it\/cms\/wp-content\/uploads\/2013\/01\/volasalacomm-214x300.jpg\",\"contentUrl\":\"http:\/\/www.civiltalaica.it\/cms\/wp-content\/uploads\/2013\/01\/volasalacomm-214x300.jpg\"},{\"@type\":\"BreadcrumbList\",\"@id\":\"https:\/\/www.civiltalaica.it\/cms\/sala-del-commiato-laico-ci-siamo\/#breadcrumb\",\"itemListElement\":[{\"@type\":\"ListItem\",\"position\":1,\"name\":\"Home\",\"item\":\"https:\/\/www.civiltalaica.it\/cms\/\"},{\"@type\":\"ListItem\",\"position\":2,\"name\":\"Sala del Commiato Laico, ci siamo?\"}]},{\"@type\":\"WebSite\",\"@id\":\"https:\/\/www.civiltalaica.it\/cms\/#website\",\"url\":\"https:\/\/www.civiltalaica.it\/cms\/\",\"name\":\"Associazione Culturale Civilt\u00e0 Laica\",\"description\":\"Per un movimento culturale volto a difendere la Laicit\u00e0 dello Stato.\",\"potentialAction\":[{\"@type\":\"SearchAction\",\"target\":{\"@type\":\"EntryPoint\",\"urlTemplate\":\"https:\/\/www.civiltalaica.it\/cms\/?s={search_term_string}\"},\"query-input\":{\"@type\":\"PropertyValueSpecification\",\"valueRequired\":true,\"valueName\":\"search_term_string\"}}],\"inLanguage\":\"it-IT\"},{\"@type\":\"Person\",\"@id\":\"https:\/\/www.civiltalaica.it\/cms\/#\/schema\/person\/4efef56f866329a1e0943eb27336df1d\",\"name\":\"alexjc\",\"url\":\"https:\/\/www.civiltalaica.it\/cms\/author\/alexjc\/\"}]}<\/script>\n<!-- \/ Yoast SEO plugin. -->","yoast_head_json":{"title":"Sala del Commiato Laico, ci siamo? - Associazione Culturale Civilt\u00e0 Laica","robots":{"index":"index","follow":"follow","max-snippet":"max-snippet:-1","max-image-preview":"max-image-preview:large","max-video-preview":"max-video-preview:-1"},"canonical":"https:\/\/www.civiltalaica.it\/cms\/sala-del-commiato-laico-ci-siamo\/","og_locale":"it_IT","og_type":"article","og_title":"Sala del Commiato Laico, ci siamo? - Associazione Culturale Civilt\u00e0 Laica","og_description":"La querelle sull&#8217;istituzione della Sala del Commiato Laico a Terni sembra essere giunta a una conclusione positiva, finalmente. Mercoled\u00ec 21 Febbraio il sottoscritto, come presidente di Civilt\u00e0 Laica e Eraldo Giulianelli dell&#8217;Uaar insieme all&#8217;assessore Simone Guerra e il Presidente della Circoscrizione Est, Stefano Bolletta hanno effettuato il sopralluogo presso la sala individuata dal Comune di [&hellip;]","og_url":"https:\/\/www.civiltalaica.it\/cms\/sala-del-commiato-laico-ci-siamo\/","og_site_name":"Associazione Culturale Civilt\u00e0 Laica","article_publisher":"https:\/\/www.facebook.com\/civiltalaica","article_published_time":"2013-03-20T15:18:32+00:00","og_image":[{"url":"http:\/\/www.civiltalaica.it\/cms\/wp-content\/uploads\/2013\/01\/volasalacomm-214x300.jpg","type":"","width":"","height":""}],"author":"alexjc","twitter_card":"summary_large_image","twitter_misc":{"Scritto da":"alexjc","Tempo di lettura stimato":"1 minuto"},"schema":{"@context":"https:\/\/schema.org","@graph":[{"@type":"Article","@id":"https:\/\/www.civiltalaica.it\/cms\/sala-del-commiato-laico-ci-siamo\/#article","isPartOf":{"@id":"https:\/\/www.civiltalaica.it\/cms\/sala-del-commiato-laico-ci-siamo\/"},"author":{"name":"alexjc","@id":"https:\/\/www.civiltalaica.it\/cms\/#\/schema\/person\/4efef56f866329a1e0943eb27336df1d"},"headline":"Sala del Commiato Laico, ci siamo?","datePublished":"2013-03-20T15:18:32+00:00","mainEntityOfPage":{"@id":"https:\/\/www.civiltalaica.it\/cms\/sala-del-commiato-laico-ci-siamo\/"},"wordCount":281,"image":{"@id":"https:\/\/www.civiltalaica.it\/cms\/sala-del-commiato-laico-ci-siamo\/#primaryimage"},"thumbnailUrl":"http:\/\/www.civiltalaica.it\/cms\/wp-content\/uploads\/2013\/01\/volasalacomm-214x300.jpg","articleSection":["articoli","come \u00e8 andata?"],"inLanguage":"it-IT"},{"@type":"WebPage","@id":"https:\/\/www.civiltalaica.it\/cms\/sala-del-commiato-laico-ci-siamo\/","url":"https:\/\/www.civiltalaica.it\/cms\/sala-del-commiato-laico-ci-siamo\/","name":"Sala del Commiato Laico, ci siamo? - Associazione Culturale Civilt\u00e0 Laica","isPartOf":{"@id":"https:\/\/www.civiltalaica.it\/cms\/#website"},"primaryImageOfPage":{"@id":"https:\/\/www.civiltalaica.it\/cms\/sala-del-commiato-laico-ci-siamo\/#primaryimage"},"image":{"@id":"https:\/\/www.civiltalaica.it\/cms\/sala-del-commiato-laico-ci-siamo\/#primaryimage"},"thumbnailUrl":"http:\/\/www.civiltalaica.it\/cms\/wp-content\/uploads\/2013\/01\/volasalacomm-214x300.jpg","datePublished":"2013-03-20T15:18:32+00:00","author":{"@id":"https:\/\/www.civiltalaica.it\/cms\/#\/schema\/person\/4efef56f866329a1e0943eb27336df1d"},"breadcrumb":{"@id":"https:\/\/www.civiltalaica.it\/cms\/sala-del-commiato-laico-ci-siamo\/#breadcrumb"},"inLanguage":"it-IT","potentialAction":[{"@type":"ReadAction","target":["https:\/\/www.civiltalaica.it\/cms\/sala-del-commiato-laico-ci-siamo\/"]}]},{"@type":"ImageObject","inLanguage":"it-IT","@id":"https:\/\/www.civiltalaica.it\/cms\/sala-del-commiato-laico-ci-siamo\/#primaryimage","url":"http:\/\/www.civiltalaica.it\/cms\/wp-content\/uploads\/2013\/01\/volasalacomm-214x300.jpg","contentUrl":"http:\/\/www.civiltalaica.it\/cms\/wp-content\/uploads\/2013\/01\/volasalacomm-214x300.jpg"},{"@type":"BreadcrumbList","@id":"https:\/\/www.civiltalaica.it\/cms\/sala-del-commiato-laico-ci-siamo\/#breadcrumb","itemListElement":[{"@type":"ListItem","position":1,"name":"Home","item":"https:\/\/www.civiltalaica.it\/cms\/"},{"@type":"ListItem","position":2,"name":"Sala del Commiato Laico, ci siamo?"}]},{"@type":"WebSite","@id":"https:\/\/www.civiltalaica.it\/cms\/#website","url":"https:\/\/www.civiltalaica.it\/cms\/","name":"Associazione Culturale Civilt\u00e0 Laica","description":"Per un movimento culturale volto a difendere la Laicit\u00e0 dello Stato.","potentialAction":[{"@type":"SearchAction","target":{"@type":"EntryPoint","urlTemplate":"https:\/\/www.civiltalaica.it\/cms\/?s={search_term_string}"},"query-input":{"@type":"PropertyValueSpecification","valueRequired":true,"valueName":"search_term_string"}}],"inLanguage":"it-IT"},{"@type":"Person","@id":"https:\/\/www.civiltalaica.it\/cms\/#\/schema\/person\/4efef56f866329a1e0943eb27336df1d","name":"alexjc","url":"https:\/\/www.civiltalaica.it\/cms\/author\/alexjc\/"}]}},"_links":{"self":[{"href":"https:\/\/www.civiltalaica.it\/cms\/wp-json\/wp\/v2\/posts\/11332","targetHints":{"allow":["GET"]}}],"collection":[{"href":"https:\/\/www.civiltalaica.it\/cms\/wp-json\/wp\/v2\/posts"}],"about":[{"href":"https:\/\/www.civiltalaica.it\/cms\/wp-json\/wp\/v2\/types\/post"}],"author":[{"embeddable":true,"href":"https:\/\/www.civiltalaica.it\/cms\/wp-json\/wp\/v2\/users\/7"}],"replies":[{"embeddable":true,"href":"https:\/\/www.civiltalaica.it\/cms\/wp-json\/wp\/v2\/comments?post=11332"}],"version-history":[{"count":0,"href":"https:\/\/www.civiltalaica.it\/cms\/wp-json\/wp\/v2\/posts\/11332\/revisions"}],"wp:attachment":[{"href":"https:\/\/www.civiltalaica.it\/cms\/wp-json\/wp\/v2\/media?parent=11332"}],"wp:term":[{"taxonomy":"category","embeddable":true,"href":"https:\/\/www.civiltalaica.it\/cms\/wp-json\/wp\/v2\/categories?post=11332"},{"taxonomy":"post_tag","embeddable":true,"href":"https:\/\/www.civiltalaica.it\/cms\/wp-json\/wp\/v2\/tags?post=11332"}],"curies":[{"name":"wp","href":"https:\/\/api.w.org\/{rel}","templated":true}]}}