{"id":11286,"date":"2013-03-07T15:28:34","date_gmt":"2013-03-07T15:28:34","guid":{"rendered":"http:\/\/www.civiltalaica.it\/cms\/?p=11286"},"modified":"2013-03-07T15:34:26","modified_gmt":"2013-03-07T15:34:26","slug":"dovevano-bruciarla-prima","status":"publish","type":"post","link":"https:\/\/www.civiltalaica.it\/cms\/dovevano-bruciarla-prima\/","title":{"rendered":"Dovevano bruciarla prima"},"content":{"rendered":"<p>Mentre scorro i post di facebook non faccio caso subito a quelle tre parole, ci sono le ultime esternazioni di Grillo, i funerali di Chavez, la nuova condanna per Berlusconi&#8230; poi mi ricapitano sotto gli occhi: \u201cdovevano bruciarla prima\u201d. Ma chi o che cosa? <!--more--><a href=\"http:\/\/www.civiltalaica.it\/cms\/wp-content\/uploads\/2013\/03\/camillolangone_6.jpg\"><img loading=\"lazy\" decoding=\"async\" class=\"alignleft size-medium wp-image-11283\" alt=\"camillolangone_6\" src=\"http:\/\/www.civiltalaica.it\/cms\/wp-content\/uploads\/2013\/03\/camillolangone_6-200x300.jpg\" width=\"200\" height=\"300\" srcset=\"https:\/\/www.civiltalaica.it\/cms\/wp-content\/uploads\/2013\/03\/camillolangone_6-200x300.jpg 200w, https:\/\/www.civiltalaica.it\/cms\/wp-content\/uploads\/2013\/03\/camillolangone_6.jpg 400w\" sizes=\"auto, (max-width: 200px) 100vw, 200px\" \/><\/a>Inneggiare ai roghi non \u00e8 mai simpatico, chi sar\u00e0 mai l&#8217;esaltato piromane del giorno? Non vorrei approfondire perch\u00e9 non ho voglia di arrabbiarmi ma la curiosit\u00e0 come si sa uccise il gatto, e cos\u00ec clicco sul link e precipito nel delirio personale di Camillo Langone che su \u201cIl foglio\u201d di Giuliano Ferrara inveisce contro la (ormai ex) citt\u00e0 della scienza di Napoli, bruciata da un rogo doloso nei giorni scorsi come tristemente sappiamo.<br \/>Camillo Langone&#8230; un probo giornalista ultracattolico che tante soddisfazioni aveva dato al nostro programma radio quando leggevamo gli estratti dal suo \u201cGuida alla messe\u201d, libro in cui passava in rassegna le messe nel bel paese disquisendo per pagine intere sulla durezza delle sedie, l&#8217;enfasi del prete, l&#8217;aroma dell&#8217;incenso, l&#8217;intonazione del coro. Con la gente che ci telefonava in lacrime per eccesso di risate e ci chiedeva \u201cma ve lo state inventando?\u201d, ovviamente no, era tutto vero, opera di Camillo Langone, recensore di messe.<br \/>Come spesso accade a dare ampio spazio ad esaltati religiosi si passa dalla farsa alla tragedia \u00e8 cos\u00ec che sotto l&#8217;egida di Giuliano Ferrara questo signore pu\u00f2 pubblicare il suo delirio contro la Citt\u00e0 della Scienza di Napoli che aveva il grave torto di insegnare l&#8217;evoluzionismo, pensate un po&#8217;. Perch\u00e9, parole sue: \u201c<em>Ho scoperto che nei capannoni dell\u2019ex Italsider si propagandava l\u2019evoluzionismo, una superstizione ottocentesca ancora presente negli ambienti parascientifici [&#8230;] Il darwinismo \u00e8 una forma di nichilismo e secondo il filosofo Fabrice Hadjadj dire a un ragazzo che discende dai primati significa approfittare della sua natura fiduciosa per gettarlo nella disperazione e indurlo a comportarsi da scimmia. Dovevano bruciarla prima, la Citt\u00e0 della Scienza.<\/em>\u201d<br \/>Mi chiedo, se ora io apostrofassi Camillo Langone con gli epiteti che si merita sarei quasi certamente condannato per averlo ingiuriato. Ma perch\u00e9 lui pu\u00f2 insultare centinaia di lavoratori, inneggiare a un attentato di stampo camorristico, propagandare la pi\u00f9 becera ignoranza scientifica senza avere conseguenze? <br \/>\u00c8 libert\u00e0 di stampa questa? <br \/>Si lo so, cadiamo nel solito dilemma se in democrazia sia giusto o meno tollerare gli intolleranti, alla fine del discorso sempre li si va a sbattere. Tuttavia la situazione \u00e8 questa, in Italia Camillo Langone pu\u00f2 diffondere ignoranza, inneggiare a un attentato senza avere conseguenze; noi tutt&#8217;al pi\u00f9 possiamo rimarcare che Camillo Langone fa rima con.. melone.<\/p>\n<p><strong>Alessandro Chiometti<\/strong><\/p>\n","protected":false},"excerpt":{"rendered":"<p>Mentre scorro i post di facebook non faccio caso subito a quelle tre parole, ci sono le ultime esternazioni di Grillo, i funerali di Chavez, la nuova condanna per Berlusconi&#8230; poi mi ricapitano sotto gli occhi: \u201cdovevano bruciarla prima\u201d. Ma chi o che cosa?<\/p>\n","protected":false},"author":7,"featured_media":0,"comment_status":"closed","ping_status":"closed","sticky":false,"template":"","format":"standard","meta":{"footnotes":""},"categories":[238,232],"tags":[],"class_list":["post-11286","post","type-post","status-publish","format-standard","hentry","category-articoli","category-riflessioni-2"],"yoast_head":"<!-- This site is optimized with the Yoast SEO plugin v27.1.1 - https:\/\/yoast.com\/product\/yoast-seo-wordpress\/ -->\n<title>Dovevano bruciarla prima - Associazione Culturale Civilt\u00e0 Laica<\/title>\n<meta name=\"robots\" content=\"index, follow, max-snippet:-1, max-image-preview:large, max-video-preview:-1\" \/>\n<link rel=\"canonical\" href=\"https:\/\/www.civiltalaica.it\/cms\/dovevano-bruciarla-prima\/\" \/>\n<meta property=\"og:locale\" content=\"it_IT\" \/>\n<meta property=\"og:type\" content=\"article\" \/>\n<meta property=\"og:title\" content=\"Dovevano bruciarla prima - Associazione Culturale Civilt\u00e0 Laica\" \/>\n<meta property=\"og:description\" content=\"Mentre scorro i post di facebook non faccio caso subito a quelle tre parole, ci sono le ultime esternazioni di Grillo, i funerali di Chavez, la nuova condanna per Berlusconi&#8230; poi mi ricapitano sotto gli occhi: \u201cdovevano bruciarla prima\u201d. Ma chi o che cosa?\" \/>\n<meta property=\"og:url\" content=\"https:\/\/www.civiltalaica.it\/cms\/dovevano-bruciarla-prima\/\" \/>\n<meta property=\"og:site_name\" content=\"Associazione Culturale Civilt\u00e0 Laica\" \/>\n<meta property=\"article:publisher\" content=\"https:\/\/www.facebook.com\/civiltalaica\" \/>\n<meta property=\"article:published_time\" content=\"2013-03-07T15:28:34+00:00\" \/>\n<meta property=\"article:modified_time\" content=\"2013-03-07T15:34:26+00:00\" \/>\n<meta property=\"og:image\" content=\"http:\/\/www.civiltalaica.it\/cms\/wp-content\/uploads\/2013\/03\/camillolangone_6-200x300.jpg\" \/>\n<meta name=\"author\" content=\"alexjc\" \/>\n<meta name=\"twitter:card\" content=\"summary_large_image\" \/>\n<meta name=\"twitter:label1\" content=\"Scritto da\" \/>\n\t<meta name=\"twitter:data1\" content=\"alexjc\" \/>\n\t<meta name=\"twitter:label2\" content=\"Tempo di lettura stimato\" \/>\n\t<meta name=\"twitter:data2\" content=\"2 minuti\" \/>\n<script type=\"application\/ld+json\" class=\"yoast-schema-graph\">{\"@context\":\"https:\/\/schema.org\",\"@graph\":[{\"@type\":\"Article\",\"@id\":\"https:\/\/www.civiltalaica.it\/cms\/dovevano-bruciarla-prima\/#article\",\"isPartOf\":{\"@id\":\"https:\/\/www.civiltalaica.it\/cms\/dovevano-bruciarla-prima\/\"},\"author\":{\"name\":\"alexjc\",\"@id\":\"https:\/\/www.civiltalaica.it\/cms\/#\/schema\/person\/4efef56f866329a1e0943eb27336df1d\"},\"headline\":\"Dovevano bruciarla prima\",\"datePublished\":\"2013-03-07T15:28:34+00:00\",\"dateModified\":\"2013-03-07T15:34:26+00:00\",\"mainEntityOfPage\":{\"@id\":\"https:\/\/www.civiltalaica.it\/cms\/dovevano-bruciarla-prima\/\"},\"wordCount\":424,\"image\":{\"@id\":\"https:\/\/www.civiltalaica.it\/cms\/dovevano-bruciarla-prima\/#primaryimage\"},\"thumbnailUrl\":\"http:\/\/www.civiltalaica.it\/cms\/wp-content\/uploads\/2013\/03\/camillolangone_6-200x300.jpg\",\"articleSection\":[\"articoli\",\"riflessioni\"],\"inLanguage\":\"it-IT\"},{\"@type\":\"WebPage\",\"@id\":\"https:\/\/www.civiltalaica.it\/cms\/dovevano-bruciarla-prima\/\",\"url\":\"https:\/\/www.civiltalaica.it\/cms\/dovevano-bruciarla-prima\/\",\"name\":\"Dovevano bruciarla prima - Associazione Culturale Civilt\u00e0 Laica\",\"isPartOf\":{\"@id\":\"https:\/\/www.civiltalaica.it\/cms\/#website\"},\"primaryImageOfPage\":{\"@id\":\"https:\/\/www.civiltalaica.it\/cms\/dovevano-bruciarla-prima\/#primaryimage\"},\"image\":{\"@id\":\"https:\/\/www.civiltalaica.it\/cms\/dovevano-bruciarla-prima\/#primaryimage\"},\"thumbnailUrl\":\"http:\/\/www.civiltalaica.it\/cms\/wp-content\/uploads\/2013\/03\/camillolangone_6-200x300.jpg\",\"datePublished\":\"2013-03-07T15:28:34+00:00\",\"dateModified\":\"2013-03-07T15:34:26+00:00\",\"author\":{\"@id\":\"https:\/\/www.civiltalaica.it\/cms\/#\/schema\/person\/4efef56f866329a1e0943eb27336df1d\"},\"breadcrumb\":{\"@id\":\"https:\/\/www.civiltalaica.it\/cms\/dovevano-bruciarla-prima\/#breadcrumb\"},\"inLanguage\":\"it-IT\",\"potentialAction\":[{\"@type\":\"ReadAction\",\"target\":[\"https:\/\/www.civiltalaica.it\/cms\/dovevano-bruciarla-prima\/\"]}]},{\"@type\":\"ImageObject\",\"inLanguage\":\"it-IT\",\"@id\":\"https:\/\/www.civiltalaica.it\/cms\/dovevano-bruciarla-prima\/#primaryimage\",\"url\":\"http:\/\/www.civiltalaica.it\/cms\/wp-content\/uploads\/2013\/03\/camillolangone_6-200x300.jpg\",\"contentUrl\":\"http:\/\/www.civiltalaica.it\/cms\/wp-content\/uploads\/2013\/03\/camillolangone_6-200x300.jpg\"},{\"@type\":\"BreadcrumbList\",\"@id\":\"https:\/\/www.civiltalaica.it\/cms\/dovevano-bruciarla-prima\/#breadcrumb\",\"itemListElement\":[{\"@type\":\"ListItem\",\"position\":1,\"name\":\"Home\",\"item\":\"https:\/\/www.civiltalaica.it\/cms\/\"},{\"@type\":\"ListItem\",\"position\":2,\"name\":\"Dovevano bruciarla prima\"}]},{\"@type\":\"WebSite\",\"@id\":\"https:\/\/www.civiltalaica.it\/cms\/#website\",\"url\":\"https:\/\/www.civiltalaica.it\/cms\/\",\"name\":\"Associazione Culturale Civilt\u00e0 Laica\",\"description\":\"Per un movimento culturale volto a difendere la Laicit\u00e0 dello Stato.\",\"potentialAction\":[{\"@type\":\"SearchAction\",\"target\":{\"@type\":\"EntryPoint\",\"urlTemplate\":\"https:\/\/www.civiltalaica.it\/cms\/?s={search_term_string}\"},\"query-input\":{\"@type\":\"PropertyValueSpecification\",\"valueRequired\":true,\"valueName\":\"search_term_string\"}}],\"inLanguage\":\"it-IT\"},{\"@type\":\"Person\",\"@id\":\"https:\/\/www.civiltalaica.it\/cms\/#\/schema\/person\/4efef56f866329a1e0943eb27336df1d\",\"name\":\"alexjc\",\"url\":\"https:\/\/www.civiltalaica.it\/cms\/author\/alexjc\/\"}]}<\/script>\n<!-- \/ Yoast SEO plugin. -->","yoast_head_json":{"title":"Dovevano bruciarla prima - Associazione Culturale Civilt\u00e0 Laica","robots":{"index":"index","follow":"follow","max-snippet":"max-snippet:-1","max-image-preview":"max-image-preview:large","max-video-preview":"max-video-preview:-1"},"canonical":"https:\/\/www.civiltalaica.it\/cms\/dovevano-bruciarla-prima\/","og_locale":"it_IT","og_type":"article","og_title":"Dovevano bruciarla prima - Associazione Culturale Civilt\u00e0 Laica","og_description":"Mentre scorro i post di facebook non faccio caso subito a quelle tre parole, ci sono le ultime esternazioni di Grillo, i funerali di Chavez, la nuova condanna per Berlusconi&#8230; poi mi ricapitano sotto gli occhi: \u201cdovevano bruciarla prima\u201d. Ma chi o che cosa?","og_url":"https:\/\/www.civiltalaica.it\/cms\/dovevano-bruciarla-prima\/","og_site_name":"Associazione Culturale Civilt\u00e0 Laica","article_publisher":"https:\/\/www.facebook.com\/civiltalaica","article_published_time":"2013-03-07T15:28:34+00:00","article_modified_time":"2013-03-07T15:34:26+00:00","og_image":[{"url":"http:\/\/www.civiltalaica.it\/cms\/wp-content\/uploads\/2013\/03\/camillolangone_6-200x300.jpg","type":"","width":"","height":""}],"author":"alexjc","twitter_card":"summary_large_image","twitter_misc":{"Scritto da":"alexjc","Tempo di lettura stimato":"2 minuti"},"schema":{"@context":"https:\/\/schema.org","@graph":[{"@type":"Article","@id":"https:\/\/www.civiltalaica.it\/cms\/dovevano-bruciarla-prima\/#article","isPartOf":{"@id":"https:\/\/www.civiltalaica.it\/cms\/dovevano-bruciarla-prima\/"},"author":{"name":"alexjc","@id":"https:\/\/www.civiltalaica.it\/cms\/#\/schema\/person\/4efef56f866329a1e0943eb27336df1d"},"headline":"Dovevano bruciarla prima","datePublished":"2013-03-07T15:28:34+00:00","dateModified":"2013-03-07T15:34:26+00:00","mainEntityOfPage":{"@id":"https:\/\/www.civiltalaica.it\/cms\/dovevano-bruciarla-prima\/"},"wordCount":424,"image":{"@id":"https:\/\/www.civiltalaica.it\/cms\/dovevano-bruciarla-prima\/#primaryimage"},"thumbnailUrl":"http:\/\/www.civiltalaica.it\/cms\/wp-content\/uploads\/2013\/03\/camillolangone_6-200x300.jpg","articleSection":["articoli","riflessioni"],"inLanguage":"it-IT"},{"@type":"WebPage","@id":"https:\/\/www.civiltalaica.it\/cms\/dovevano-bruciarla-prima\/","url":"https:\/\/www.civiltalaica.it\/cms\/dovevano-bruciarla-prima\/","name":"Dovevano bruciarla prima - Associazione Culturale Civilt\u00e0 Laica","isPartOf":{"@id":"https:\/\/www.civiltalaica.it\/cms\/#website"},"primaryImageOfPage":{"@id":"https:\/\/www.civiltalaica.it\/cms\/dovevano-bruciarla-prima\/#primaryimage"},"image":{"@id":"https:\/\/www.civiltalaica.it\/cms\/dovevano-bruciarla-prima\/#primaryimage"},"thumbnailUrl":"http:\/\/www.civiltalaica.it\/cms\/wp-content\/uploads\/2013\/03\/camillolangone_6-200x300.jpg","datePublished":"2013-03-07T15:28:34+00:00","dateModified":"2013-03-07T15:34:26+00:00","author":{"@id":"https:\/\/www.civiltalaica.it\/cms\/#\/schema\/person\/4efef56f866329a1e0943eb27336df1d"},"breadcrumb":{"@id":"https:\/\/www.civiltalaica.it\/cms\/dovevano-bruciarla-prima\/#breadcrumb"},"inLanguage":"it-IT","potentialAction":[{"@type":"ReadAction","target":["https:\/\/www.civiltalaica.it\/cms\/dovevano-bruciarla-prima\/"]}]},{"@type":"ImageObject","inLanguage":"it-IT","@id":"https:\/\/www.civiltalaica.it\/cms\/dovevano-bruciarla-prima\/#primaryimage","url":"http:\/\/www.civiltalaica.it\/cms\/wp-content\/uploads\/2013\/03\/camillolangone_6-200x300.jpg","contentUrl":"http:\/\/www.civiltalaica.it\/cms\/wp-content\/uploads\/2013\/03\/camillolangone_6-200x300.jpg"},{"@type":"BreadcrumbList","@id":"https:\/\/www.civiltalaica.it\/cms\/dovevano-bruciarla-prima\/#breadcrumb","itemListElement":[{"@type":"ListItem","position":1,"name":"Home","item":"https:\/\/www.civiltalaica.it\/cms\/"},{"@type":"ListItem","position":2,"name":"Dovevano bruciarla prima"}]},{"@type":"WebSite","@id":"https:\/\/www.civiltalaica.it\/cms\/#website","url":"https:\/\/www.civiltalaica.it\/cms\/","name":"Associazione Culturale Civilt\u00e0 Laica","description":"Per un movimento culturale volto a difendere la Laicit\u00e0 dello Stato.","potentialAction":[{"@type":"SearchAction","target":{"@type":"EntryPoint","urlTemplate":"https:\/\/www.civiltalaica.it\/cms\/?s={search_term_string}"},"query-input":{"@type":"PropertyValueSpecification","valueRequired":true,"valueName":"search_term_string"}}],"inLanguage":"it-IT"},{"@type":"Person","@id":"https:\/\/www.civiltalaica.it\/cms\/#\/schema\/person\/4efef56f866329a1e0943eb27336df1d","name":"alexjc","url":"https:\/\/www.civiltalaica.it\/cms\/author\/alexjc\/"}]}},"_links":{"self":[{"href":"https:\/\/www.civiltalaica.it\/cms\/wp-json\/wp\/v2\/posts\/11286","targetHints":{"allow":["GET"]}}],"collection":[{"href":"https:\/\/www.civiltalaica.it\/cms\/wp-json\/wp\/v2\/posts"}],"about":[{"href":"https:\/\/www.civiltalaica.it\/cms\/wp-json\/wp\/v2\/types\/post"}],"author":[{"embeddable":true,"href":"https:\/\/www.civiltalaica.it\/cms\/wp-json\/wp\/v2\/users\/7"}],"replies":[{"embeddable":true,"href":"https:\/\/www.civiltalaica.it\/cms\/wp-json\/wp\/v2\/comments?post=11286"}],"version-history":[{"count":0,"href":"https:\/\/www.civiltalaica.it\/cms\/wp-json\/wp\/v2\/posts\/11286\/revisions"}],"wp:attachment":[{"href":"https:\/\/www.civiltalaica.it\/cms\/wp-json\/wp\/v2\/media?parent=11286"}],"wp:term":[{"taxonomy":"category","embeddable":true,"href":"https:\/\/www.civiltalaica.it\/cms\/wp-json\/wp\/v2\/categories?post=11286"},{"taxonomy":"post_tag","embeddable":true,"href":"https:\/\/www.civiltalaica.it\/cms\/wp-json\/wp\/v2\/tags?post=11286"}],"curies":[{"name":"wp","href":"https:\/\/api.w.org\/{rel}","templated":true}]}}