{"id":11242,"date":"2013-02-20T18:34:51","date_gmt":"2013-02-20T18:34:51","guid":{"rendered":"http:\/\/www.civiltalaica.it\/cms\/?p=11242"},"modified":"2013-02-20T21:43:28","modified_gmt":"2013-02-20T21:43:28","slug":"elezioni-politiche-2013-ultimi-affanni","status":"publish","type":"post","link":"https:\/\/www.civiltalaica.it\/cms\/elezioni-politiche-2013-ultimi-affanni\/","title":{"rendered":"Elezioni politiche 2013, ultimi affanni"},"content":{"rendered":"<p>Forza e coraggio ragazzi, siamo arrivati alla fine. Da Venerd\u00ec sera arriver\u00e0 il silenzio pre-elettorale a stendere un velo pietoso su una delle campagne elettorali pi\u00f9 anonime che la storia ricordi.\u00a0Cadranno facilmente nel dimenticatoio nei prossimi giorni tutte le promesse elettorali, insieme alla gustosa scena, che \u00e8 gi\u00e0 diventata leggenda urbana, di una vecchietta che dicono sia andata alle poste con la lettera di Berlusconi a chiedere i soldi dell\u2019Imu e se n\u2019\u00e8 andata convinta che le poste sono comuniste e quindi stanno boicottando il cavaliere.<!--more--><\/p>\n<p><a href=\"http:\/\/www.civiltalaica.it\/cms\/wp-content\/uploads\/2013\/02\/angelino-alfano-e-silvio-berlusconi-nelle-televendite.jpg\"><img loading=\"lazy\" decoding=\"async\" class=\"alignleft size-medium wp-image-11243\" alt=\"angelino-alfano-e-silvio-berlusconi-nelle-televendite\" src=\"http:\/\/www.civiltalaica.it\/cms\/wp-content\/uploads\/2013\/02\/angelino-alfano-e-silvio-berlusconi-nelle-televendite-300x238.jpg\" width=\"300\" height=\"238\" srcset=\"https:\/\/www.civiltalaica.it\/cms\/wp-content\/uploads\/2013\/02\/angelino-alfano-e-silvio-berlusconi-nelle-televendite-300x238.jpg 300w, https:\/\/www.civiltalaica.it\/cms\/wp-content\/uploads\/2013\/02\/angelino-alfano-e-silvio-berlusconi-nelle-televendite.jpg 625w\" sizes=\"auto, (max-width: 300px) 100vw, 300px\" \/><\/a>Alcune lezioni questa campagna elettorale le ha comunque date e non sono di poco conto.<\/p>\n<p>Prima di tutto, il senatore a vita Mario Monti avrebbe fatto meglio a seguire i consigli di Napolitano, e di tutti i componenti del suo ex governo, di tirarsi da parte e lasciare gli altri a massacrarsi in campagna elettorale, tanto per lui il posto come superministro sarebbe stato assicurato. Avendo invece partecipato al gioco al massacro della campagna elettorale e probabilmente raccapezzando un magrissimo consenso sar\u00e0 costretto a star fuori dai giochi o comunque a recitare una parte minore di quella che avrebbe potuto avere.<\/p>\n<p>Il Pd che avrebbe vinto a mani basse le elezioni poco pi\u00f9 di un anno fa, sarebbe bastato andare al voto dopo la caduta di Berlusconi, ha il fiato corto e i sondaggi, nonostante l\u2019alleanza con Sel di Vendola, hanno visto assottigliarsi la distanza dall\u2019asse Pdl-Lega che sappiamo essere sempre sottostimato da questo tipo di valutazioni.<\/p>\n<p>Qualunque cosa si possa dire di Grillo e del suo Movimento cinque stelle (sarebbe curioso che vincesse la camera solo per verificare se il Beppe resisterebbe alla tentazione di fare il premier) ha dimostrato che lo spazio per costruire un movimento popolare alternativo ai due schieramenti maggiori c\u2019era tutto. Gli ultimi sondaggi lo davano al 15%, su quelli non ufficiali di questi giorni sembra sia al 20% e che potrebbe puntare ad insidiare il secondo posto. Il tutto rifiutandosi sempre di rispondere alle domande e ignorando le voci sempre pi\u00f9 numerose della mancanza di democrazia al suo interno. La discesa in campo di personaggi come Celentano e Fo al suo fianco potrebbero assicurargli altri voti, forse non sufficienti per la vittoria finale ma che comunque saranno importanti.<\/p>\n<p>Chi ha molto da riflettere sul boom dei grillini \u00e8 come al solito la sinistra radicale. Se nel 2008 dopo la batosta elettorale che l\u2019ha costretta fuori dal parlamento avesse impiegato il tempo davanti a proporre e costruire una vera alternativa invece che fare da spalla al Pd nelle giunte locali oggi, probabilmente, sarebbe lei ad essere accreditata di sondaggi a doppie cifre e non il M5S. Ma siamo certi che neanche questa lezione servir\u00e0 a far ragionare la litigiosa combriccola di Ferrero, Diliberto &amp; Co, forse Ingroia riuscir\u00e0 ad entrare in parlamento ma \u00e8 difficile scommettere sulla tenuta della sua coalizione a lungo termine.<\/p>\n<p>A proposito di scommesse, le quote di William Hill vedono praticamente certo il futuro di Pierluigi Bersani come primo ministro (1\/5), Berlusconi \u00e8 dato distantissimo addirittura 6\/1, ma comunque meglio di Monti (8\/1) e di Grillo (50\/1), evidentemente i sondaggi recenti che hanno a disposizione (in Italia nascosti non si sa in base a quale principio di garanzia) devono essere abbastanza chiari.<\/p>\n<p>Personalmente, conoscendo la proverbiale propensione degli elettori di Berlusconi a non dichiarare il loro voto ed anzi a dissimulare esprimendo simpatia per altri candidati riteniamo che le sue possibilit\u00e0 siano sottostimate. In particolare pensiamo che molti presunti elettori di Grillo siano in realt\u00e0 elettori di Berlusconi che si vergognano (giustamente) della loro scelta.<\/p>\n<p>Azzardiamo anche noi una previsione, se poi faremo una brutta figura non sar\u00e0 certo un dramma, la sfida fra l\u2019asse Pd-Sel e quello Pdl-Lega si decider\u00e0 sul fil di lana, se dobbiamo esprimerci in forchette come \u00e8 doveroso fare sotto elezioni, daremmo una forchetta del 30-34% per entrambi. Monti 8-10%, Grillo 13-17%, Ingroia 3-5%.<\/p>\n<p>Buon week end di passione.<\/p>\n<p>&nbsp;<\/p>\n<p><b>Alessandro Chiometti<\/b><\/p>\n","protected":false},"excerpt":{"rendered":"<p>Forza e coraggio ragazzi, siamo arrivati alla fine. Da Venerd\u00ec sera arriver\u00e0 il silenzio pre-elettorale a stendere un velo pietoso su una delle campagne elettorali pi\u00f9 anonime che la storia ricordi.\u00a0Cadranno facilmente nel dimenticatoio nei prossimi giorni tutte le promesse elettorali, insieme alla gustosa scena, che \u00e8 gi\u00e0 diventata leggenda urbana, di una vecchietta che [&hellip;]<\/p>\n","protected":false},"author":7,"featured_media":0,"comment_status":"closed","ping_status":"closed","sticky":false,"template":"","format":"standard","meta":{"footnotes":""},"categories":[238,230],"tags":[79,151,51,1199],"class_list":["post-11242","post","type-post","status-publish","format-standard","hentry","category-articoli","category-attualita","tag-alessandro-chiometti","tag-elezioni","tag-politica","tag-sondaggi"],"yoast_head":"<!-- This site is optimized with the Yoast SEO plugin v27.1.1 - https:\/\/yoast.com\/product\/yoast-seo-wordpress\/ -->\n<title>Elezioni politiche 2013, ultimi affanni - Associazione Culturale Civilt\u00e0 Laica<\/title>\n<meta name=\"robots\" content=\"index, follow, max-snippet:-1, max-image-preview:large, max-video-preview:-1\" \/>\n<link rel=\"canonical\" href=\"https:\/\/www.civiltalaica.it\/cms\/elezioni-politiche-2013-ultimi-affanni\/\" \/>\n<meta property=\"og:locale\" content=\"it_IT\" \/>\n<meta property=\"og:type\" content=\"article\" \/>\n<meta property=\"og:title\" content=\"Elezioni politiche 2013, ultimi affanni - Associazione Culturale Civilt\u00e0 Laica\" \/>\n<meta property=\"og:description\" content=\"Forza e coraggio ragazzi, siamo arrivati alla fine. Da Venerd\u00ec sera arriver\u00e0 il silenzio pre-elettorale a stendere un velo pietoso su una delle campagne elettorali pi\u00f9 anonime che la storia ricordi.\u00a0Cadranno facilmente nel dimenticatoio nei prossimi giorni tutte le promesse elettorali, insieme alla gustosa scena, che \u00e8 gi\u00e0 diventata leggenda urbana, di una vecchietta che [&hellip;]\" \/>\n<meta property=\"og:url\" content=\"https:\/\/www.civiltalaica.it\/cms\/elezioni-politiche-2013-ultimi-affanni\/\" \/>\n<meta property=\"og:site_name\" content=\"Associazione Culturale Civilt\u00e0 Laica\" \/>\n<meta property=\"article:publisher\" content=\"https:\/\/www.facebook.com\/civiltalaica\" \/>\n<meta property=\"article:published_time\" content=\"2013-02-20T18:34:51+00:00\" \/>\n<meta property=\"article:modified_time\" content=\"2013-02-20T21:43:28+00:00\" \/>\n<meta property=\"og:image\" content=\"http:\/\/www.civiltalaica.it\/cms\/wp-content\/uploads\/2013\/02\/angelino-alfano-e-silvio-berlusconi-nelle-televendite-300x238.jpg\" \/>\n<meta name=\"author\" content=\"alexjc\" \/>\n<meta name=\"twitter:card\" content=\"summary_large_image\" \/>\n<meta name=\"twitter:label1\" content=\"Scritto da\" \/>\n\t<meta name=\"twitter:data1\" content=\"alexjc\" \/>\n\t<meta name=\"twitter:label2\" content=\"Tempo di lettura stimato\" \/>\n\t<meta name=\"twitter:data2\" content=\"3 minuti\" \/>\n<script type=\"application\/ld+json\" class=\"yoast-schema-graph\">{\"@context\":\"https:\/\/schema.org\",\"@graph\":[{\"@type\":\"Article\",\"@id\":\"https:\/\/www.civiltalaica.it\/cms\/elezioni-politiche-2013-ultimi-affanni\/#article\",\"isPartOf\":{\"@id\":\"https:\/\/www.civiltalaica.it\/cms\/elezioni-politiche-2013-ultimi-affanni\/\"},\"author\":{\"name\":\"alexjc\",\"@id\":\"https:\/\/www.civiltalaica.it\/cms\/#\/schema\/person\/4efef56f866329a1e0943eb27336df1d\"},\"headline\":\"Elezioni politiche 2013, ultimi affanni\",\"datePublished\":\"2013-02-20T18:34:51+00:00\",\"dateModified\":\"2013-02-20T21:43:28+00:00\",\"mainEntityOfPage\":{\"@id\":\"https:\/\/www.civiltalaica.it\/cms\/elezioni-politiche-2013-ultimi-affanni\/\"},\"wordCount\":652,\"image\":{\"@id\":\"https:\/\/www.civiltalaica.it\/cms\/elezioni-politiche-2013-ultimi-affanni\/#primaryimage\"},\"thumbnailUrl\":\"http:\/\/www.civiltalaica.it\/cms\/wp-content\/uploads\/2013\/02\/angelino-alfano-e-silvio-berlusconi-nelle-televendite-300x238.jpg\",\"keywords\":[\"alessandro chiometti\",\"elezioni\",\"Politica\",\"sondaggi\"],\"articleSection\":[\"articoli\",\"attualit\u00e0\"],\"inLanguage\":\"it-IT\"},{\"@type\":\"WebPage\",\"@id\":\"https:\/\/www.civiltalaica.it\/cms\/elezioni-politiche-2013-ultimi-affanni\/\",\"url\":\"https:\/\/www.civiltalaica.it\/cms\/elezioni-politiche-2013-ultimi-affanni\/\",\"name\":\"Elezioni politiche 2013, ultimi affanni - Associazione Culturale Civilt\u00e0 Laica\",\"isPartOf\":{\"@id\":\"https:\/\/www.civiltalaica.it\/cms\/#website\"},\"primaryImageOfPage\":{\"@id\":\"https:\/\/www.civiltalaica.it\/cms\/elezioni-politiche-2013-ultimi-affanni\/#primaryimage\"},\"image\":{\"@id\":\"https:\/\/www.civiltalaica.it\/cms\/elezioni-politiche-2013-ultimi-affanni\/#primaryimage\"},\"thumbnailUrl\":\"http:\/\/www.civiltalaica.it\/cms\/wp-content\/uploads\/2013\/02\/angelino-alfano-e-silvio-berlusconi-nelle-televendite-300x238.jpg\",\"datePublished\":\"2013-02-20T18:34:51+00:00\",\"dateModified\":\"2013-02-20T21:43:28+00:00\",\"author\":{\"@id\":\"https:\/\/www.civiltalaica.it\/cms\/#\/schema\/person\/4efef56f866329a1e0943eb27336df1d\"},\"breadcrumb\":{\"@id\":\"https:\/\/www.civiltalaica.it\/cms\/elezioni-politiche-2013-ultimi-affanni\/#breadcrumb\"},\"inLanguage\":\"it-IT\",\"potentialAction\":[{\"@type\":\"ReadAction\",\"target\":[\"https:\/\/www.civiltalaica.it\/cms\/elezioni-politiche-2013-ultimi-affanni\/\"]}]},{\"@type\":\"ImageObject\",\"inLanguage\":\"it-IT\",\"@id\":\"https:\/\/www.civiltalaica.it\/cms\/elezioni-politiche-2013-ultimi-affanni\/#primaryimage\",\"url\":\"http:\/\/www.civiltalaica.it\/cms\/wp-content\/uploads\/2013\/02\/angelino-alfano-e-silvio-berlusconi-nelle-televendite-300x238.jpg\",\"contentUrl\":\"http:\/\/www.civiltalaica.it\/cms\/wp-content\/uploads\/2013\/02\/angelino-alfano-e-silvio-berlusconi-nelle-televendite-300x238.jpg\"},{\"@type\":\"BreadcrumbList\",\"@id\":\"https:\/\/www.civiltalaica.it\/cms\/elezioni-politiche-2013-ultimi-affanni\/#breadcrumb\",\"itemListElement\":[{\"@type\":\"ListItem\",\"position\":1,\"name\":\"Home\",\"item\":\"https:\/\/www.civiltalaica.it\/cms\/\"},{\"@type\":\"ListItem\",\"position\":2,\"name\":\"Elezioni politiche 2013, ultimi affanni\"}]},{\"@type\":\"WebSite\",\"@id\":\"https:\/\/www.civiltalaica.it\/cms\/#website\",\"url\":\"https:\/\/www.civiltalaica.it\/cms\/\",\"name\":\"Associazione Culturale Civilt\u00e0 Laica\",\"description\":\"Per un movimento culturale volto a difendere la Laicit\u00e0 dello Stato.\",\"potentialAction\":[{\"@type\":\"SearchAction\",\"target\":{\"@type\":\"EntryPoint\",\"urlTemplate\":\"https:\/\/www.civiltalaica.it\/cms\/?s={search_term_string}\"},\"query-input\":{\"@type\":\"PropertyValueSpecification\",\"valueRequired\":true,\"valueName\":\"search_term_string\"}}],\"inLanguage\":\"it-IT\"},{\"@type\":\"Person\",\"@id\":\"https:\/\/www.civiltalaica.it\/cms\/#\/schema\/person\/4efef56f866329a1e0943eb27336df1d\",\"name\":\"alexjc\",\"url\":\"https:\/\/www.civiltalaica.it\/cms\/author\/alexjc\/\"}]}<\/script>\n<!-- \/ Yoast SEO plugin. -->","yoast_head_json":{"title":"Elezioni politiche 2013, ultimi affanni - Associazione Culturale Civilt\u00e0 Laica","robots":{"index":"index","follow":"follow","max-snippet":"max-snippet:-1","max-image-preview":"max-image-preview:large","max-video-preview":"max-video-preview:-1"},"canonical":"https:\/\/www.civiltalaica.it\/cms\/elezioni-politiche-2013-ultimi-affanni\/","og_locale":"it_IT","og_type":"article","og_title":"Elezioni politiche 2013, ultimi affanni - Associazione Culturale Civilt\u00e0 Laica","og_description":"Forza e coraggio ragazzi, siamo arrivati alla fine. Da Venerd\u00ec sera arriver\u00e0 il silenzio pre-elettorale a stendere un velo pietoso su una delle campagne elettorali pi\u00f9 anonime che la storia ricordi.\u00a0Cadranno facilmente nel dimenticatoio nei prossimi giorni tutte le promesse elettorali, insieme alla gustosa scena, che \u00e8 gi\u00e0 diventata leggenda urbana, di una vecchietta che [&hellip;]","og_url":"https:\/\/www.civiltalaica.it\/cms\/elezioni-politiche-2013-ultimi-affanni\/","og_site_name":"Associazione Culturale Civilt\u00e0 Laica","article_publisher":"https:\/\/www.facebook.com\/civiltalaica","article_published_time":"2013-02-20T18:34:51+00:00","article_modified_time":"2013-02-20T21:43:28+00:00","og_image":[{"url":"http:\/\/www.civiltalaica.it\/cms\/wp-content\/uploads\/2013\/02\/angelino-alfano-e-silvio-berlusconi-nelle-televendite-300x238.jpg","type":"","width":"","height":""}],"author":"alexjc","twitter_card":"summary_large_image","twitter_misc":{"Scritto da":"alexjc","Tempo di lettura stimato":"3 minuti"},"schema":{"@context":"https:\/\/schema.org","@graph":[{"@type":"Article","@id":"https:\/\/www.civiltalaica.it\/cms\/elezioni-politiche-2013-ultimi-affanni\/#article","isPartOf":{"@id":"https:\/\/www.civiltalaica.it\/cms\/elezioni-politiche-2013-ultimi-affanni\/"},"author":{"name":"alexjc","@id":"https:\/\/www.civiltalaica.it\/cms\/#\/schema\/person\/4efef56f866329a1e0943eb27336df1d"},"headline":"Elezioni politiche 2013, ultimi affanni","datePublished":"2013-02-20T18:34:51+00:00","dateModified":"2013-02-20T21:43:28+00:00","mainEntityOfPage":{"@id":"https:\/\/www.civiltalaica.it\/cms\/elezioni-politiche-2013-ultimi-affanni\/"},"wordCount":652,"image":{"@id":"https:\/\/www.civiltalaica.it\/cms\/elezioni-politiche-2013-ultimi-affanni\/#primaryimage"},"thumbnailUrl":"http:\/\/www.civiltalaica.it\/cms\/wp-content\/uploads\/2013\/02\/angelino-alfano-e-silvio-berlusconi-nelle-televendite-300x238.jpg","keywords":["alessandro chiometti","elezioni","Politica","sondaggi"],"articleSection":["articoli","attualit\u00e0"],"inLanguage":"it-IT"},{"@type":"WebPage","@id":"https:\/\/www.civiltalaica.it\/cms\/elezioni-politiche-2013-ultimi-affanni\/","url":"https:\/\/www.civiltalaica.it\/cms\/elezioni-politiche-2013-ultimi-affanni\/","name":"Elezioni politiche 2013, ultimi affanni - Associazione Culturale Civilt\u00e0 Laica","isPartOf":{"@id":"https:\/\/www.civiltalaica.it\/cms\/#website"},"primaryImageOfPage":{"@id":"https:\/\/www.civiltalaica.it\/cms\/elezioni-politiche-2013-ultimi-affanni\/#primaryimage"},"image":{"@id":"https:\/\/www.civiltalaica.it\/cms\/elezioni-politiche-2013-ultimi-affanni\/#primaryimage"},"thumbnailUrl":"http:\/\/www.civiltalaica.it\/cms\/wp-content\/uploads\/2013\/02\/angelino-alfano-e-silvio-berlusconi-nelle-televendite-300x238.jpg","datePublished":"2013-02-20T18:34:51+00:00","dateModified":"2013-02-20T21:43:28+00:00","author":{"@id":"https:\/\/www.civiltalaica.it\/cms\/#\/schema\/person\/4efef56f866329a1e0943eb27336df1d"},"breadcrumb":{"@id":"https:\/\/www.civiltalaica.it\/cms\/elezioni-politiche-2013-ultimi-affanni\/#breadcrumb"},"inLanguage":"it-IT","potentialAction":[{"@type":"ReadAction","target":["https:\/\/www.civiltalaica.it\/cms\/elezioni-politiche-2013-ultimi-affanni\/"]}]},{"@type":"ImageObject","inLanguage":"it-IT","@id":"https:\/\/www.civiltalaica.it\/cms\/elezioni-politiche-2013-ultimi-affanni\/#primaryimage","url":"http:\/\/www.civiltalaica.it\/cms\/wp-content\/uploads\/2013\/02\/angelino-alfano-e-silvio-berlusconi-nelle-televendite-300x238.jpg","contentUrl":"http:\/\/www.civiltalaica.it\/cms\/wp-content\/uploads\/2013\/02\/angelino-alfano-e-silvio-berlusconi-nelle-televendite-300x238.jpg"},{"@type":"BreadcrumbList","@id":"https:\/\/www.civiltalaica.it\/cms\/elezioni-politiche-2013-ultimi-affanni\/#breadcrumb","itemListElement":[{"@type":"ListItem","position":1,"name":"Home","item":"https:\/\/www.civiltalaica.it\/cms\/"},{"@type":"ListItem","position":2,"name":"Elezioni politiche 2013, ultimi affanni"}]},{"@type":"WebSite","@id":"https:\/\/www.civiltalaica.it\/cms\/#website","url":"https:\/\/www.civiltalaica.it\/cms\/","name":"Associazione Culturale Civilt\u00e0 Laica","description":"Per un movimento culturale volto a difendere la Laicit\u00e0 dello Stato.","potentialAction":[{"@type":"SearchAction","target":{"@type":"EntryPoint","urlTemplate":"https:\/\/www.civiltalaica.it\/cms\/?s={search_term_string}"},"query-input":{"@type":"PropertyValueSpecification","valueRequired":true,"valueName":"search_term_string"}}],"inLanguage":"it-IT"},{"@type":"Person","@id":"https:\/\/www.civiltalaica.it\/cms\/#\/schema\/person\/4efef56f866329a1e0943eb27336df1d","name":"alexjc","url":"https:\/\/www.civiltalaica.it\/cms\/author\/alexjc\/"}]}},"_links":{"self":[{"href":"https:\/\/www.civiltalaica.it\/cms\/wp-json\/wp\/v2\/posts\/11242","targetHints":{"allow":["GET"]}}],"collection":[{"href":"https:\/\/www.civiltalaica.it\/cms\/wp-json\/wp\/v2\/posts"}],"about":[{"href":"https:\/\/www.civiltalaica.it\/cms\/wp-json\/wp\/v2\/types\/post"}],"author":[{"embeddable":true,"href":"https:\/\/www.civiltalaica.it\/cms\/wp-json\/wp\/v2\/users\/7"}],"replies":[{"embeddable":true,"href":"https:\/\/www.civiltalaica.it\/cms\/wp-json\/wp\/v2\/comments?post=11242"}],"version-history":[{"count":0,"href":"https:\/\/www.civiltalaica.it\/cms\/wp-json\/wp\/v2\/posts\/11242\/revisions"}],"wp:attachment":[{"href":"https:\/\/www.civiltalaica.it\/cms\/wp-json\/wp\/v2\/media?parent=11242"}],"wp:term":[{"taxonomy":"category","embeddable":true,"href":"https:\/\/www.civiltalaica.it\/cms\/wp-json\/wp\/v2\/categories?post=11242"},{"taxonomy":"post_tag","embeddable":true,"href":"https:\/\/www.civiltalaica.it\/cms\/wp-json\/wp\/v2\/tags?post=11242"}],"curies":[{"name":"wp","href":"https:\/\/api.w.org\/{rel}","templated":true}]}}