{"id":11231,"date":"2013-02-17T18:30:34","date_gmt":"2013-02-17T18:30:34","guid":{"rendered":"http:\/\/www.civiltalaica.it\/cms\/?p=11231"},"modified":"2013-02-17T18:30:34","modified_gmt":"2013-02-17T18:30:34","slug":"giordano-bruno-17-febbraio-1600-17-febbraio-2013","status":"publish","type":"post","link":"https:\/\/www.civiltalaica.it\/cms\/giordano-bruno-17-febbraio-1600-17-febbraio-2013\/","title":{"rendered":"GIORDANO BRUNO: 17 FEBBRAIO 1600 \u2013 17 FEBBRAIO 2013"},"content":{"rendered":"<p><a href=\"http:\/\/www.civiltalaica.it\/cms\/wp-content\/uploads\/2013\/02\/giordano-bruno.jpg\"><img loading=\"lazy\" decoding=\"async\" class=\"alignleft size-thumbnail wp-image-11232\" alt=\"giordano-bruno\" src=\"http:\/\/www.civiltalaica.it\/cms\/wp-content\/uploads\/2013\/02\/giordano-bruno-150x150.jpg\" width=\"150\" height=\"150\" \/><\/a>L\u20198 Febbraio 1600, dinanzi ai Cardinali inquisitori ed ai consultori Benedetto Mandina, Francesco Pietrasanta e Pietro Millini, \u00e8 costretto ad ascoltare inginocchiato la sentenza di condanna a morte per rogo; si alza e ai giudici indirizza la storica frase:<br \/>\u00a0\u201cMaiori forsan cum timore sententiam in me fertis quam ego accidia\u201d\/<br \/>\u201cForse tremate pi\u00f9 voi nel pronunciare questa sentenza che io nell\u2019ascoltarla\u201d.<\/p>\n<p>Dopo aver rifiutato i conforti religiosi e il Crocefisso, il 17 Febbraio, con la lingua in giova &#8211; serrata da una morsa perch\u00e9 non possa parlare &#8211; viene condotto in piazza Campo de\u2019 Fiori, denudato, legato a un palo e arso vivo.<br \/>Le sue ceneri saranno gettate nel Tevere.<!--more--><\/p>\n<p>&nbsp;<\/p>\n<p>In questo Febbraio 2013, il Papato \u00e8 scosso da una delle crisi pi\u00f9 devastanti della Sua Storia.<br \/>Feroci contrasti interni, originati da enormi interessi economici e da una bramosia di potere sconfinata, pressioni internazionali tedesche e statunitensi hanno condotto all\u2019inaudito ed all\u2019impensabile nella Storia contemporanea : le dimissioni del Papa.<br \/>E non di Pontefice qualsiasi bens\u00ec di quello che, negli ultimi 35 anni, \u00e8 stato la mente e la punta di lancia della Gerarchia pi\u00f9 reazionaria del XX e del XXI secolo, che puntava sullo sradicamento di ogni sia pur timida innovazione ed alla stroncatura di ogni sia pur flebile voce di dissenso, pensando che solo il ritorno ad una concezione ed ad una prassi integralista avrebbe ricondotto il Cattolicesimo ai fasti del Tempo che fu.<br \/>Assistiamo, cos\u00ec, ad un \u00a0naufragio epocale.<\/p>\n<p>E, sulla\u00a0 Decadenza di quello che fu uno dei pi\u00f9 longevi e potenti Imperi della Storia, sovranamente olimpico,\u00a0 sorride Giordano Bruno.<\/p>\n","protected":false},"excerpt":{"rendered":"<p>L\u20198 Febbraio 1600, dinanzi ai Cardinali inquisitori ed ai consultori Benedetto Mandina, Francesco Pietrasanta e Pietro Millini, \u00e8 costretto ad ascoltare inginocchiato la sentenza di condanna a morte per rogo; si alza e ai giudici indirizza la storica frase:\u00a0\u201cMaiori forsan cum timore sententiam in me fertis quam ego accidia\u201d\/\u201cForse tremate pi\u00f9 voi nel pronunciare questa [&hellip;]<\/p>\n","protected":false},"author":7,"featured_media":0,"comment_status":"closed","ping_status":"closed","sticky":false,"template":"","format":"standard","meta":{"footnotes":""},"categories":[238,228],"tags":[213,87],"class_list":["post-11231","post","type-post","status-publish","format-standard","hentry","category-articoli","category-blog","tag-giordano-bruno","tag-valerio-bruschini"],"yoast_head":"<!-- This site is optimized with the Yoast SEO plugin v27.1.1 - https:\/\/yoast.com\/product\/yoast-seo-wordpress\/ -->\n<title>GIORDANO BRUNO: 17 FEBBRAIO 1600 \u2013 17 FEBBRAIO 2013 - Associazione Culturale Civilt\u00e0 Laica<\/title>\n<meta name=\"robots\" content=\"index, follow, max-snippet:-1, max-image-preview:large, max-video-preview:-1\" \/>\n<link rel=\"canonical\" href=\"https:\/\/www.civiltalaica.it\/cms\/giordano-bruno-17-febbraio-1600-17-febbraio-2013\/\" \/>\n<meta property=\"og:locale\" content=\"it_IT\" \/>\n<meta property=\"og:type\" content=\"article\" \/>\n<meta property=\"og:title\" content=\"GIORDANO BRUNO: 17 FEBBRAIO 1600 \u2013 17 FEBBRAIO 2013 - Associazione Culturale Civilt\u00e0 Laica\" \/>\n<meta property=\"og:description\" content=\"L\u20198 Febbraio 1600, dinanzi ai Cardinali inquisitori ed ai consultori Benedetto Mandina, Francesco Pietrasanta e Pietro Millini, \u00e8 costretto ad ascoltare inginocchiato la sentenza di condanna a morte per rogo; si alza e ai giudici indirizza la storica frase:\u00a0\u201cMaiori forsan cum timore sententiam in me fertis quam ego accidia\u201d\/\u201cForse tremate pi\u00f9 voi nel pronunciare questa [&hellip;]\" \/>\n<meta property=\"og:url\" content=\"https:\/\/www.civiltalaica.it\/cms\/giordano-bruno-17-febbraio-1600-17-febbraio-2013\/\" \/>\n<meta property=\"og:site_name\" content=\"Associazione Culturale Civilt\u00e0 Laica\" \/>\n<meta property=\"article:publisher\" content=\"https:\/\/www.facebook.com\/civiltalaica\" \/>\n<meta property=\"article:published_time\" content=\"2013-02-17T18:30:34+00:00\" \/>\n<meta property=\"og:image\" content=\"http:\/\/www.civiltalaica.it\/cms\/wp-content\/uploads\/2013\/02\/giordano-bruno-150x150.jpg\" \/>\n<meta name=\"author\" content=\"alexjc\" \/>\n<meta name=\"twitter:card\" content=\"summary_large_image\" \/>\n<meta name=\"twitter:label1\" content=\"Scritto da\" \/>\n\t<meta name=\"twitter:data1\" content=\"alexjc\" \/>\n\t<meta name=\"twitter:label2\" content=\"Tempo di lettura stimato\" \/>\n\t<meta name=\"twitter:data2\" content=\"1 minuto\" \/>\n<script type=\"application\/ld+json\" class=\"yoast-schema-graph\">{\"@context\":\"https:\/\/schema.org\",\"@graph\":[{\"@type\":\"Article\",\"@id\":\"https:\/\/www.civiltalaica.it\/cms\/giordano-bruno-17-febbraio-1600-17-febbraio-2013\/#article\",\"isPartOf\":{\"@id\":\"https:\/\/www.civiltalaica.it\/cms\/giordano-bruno-17-febbraio-1600-17-febbraio-2013\/\"},\"author\":{\"name\":\"alexjc\",\"@id\":\"https:\/\/www.civiltalaica.it\/cms\/#\/schema\/person\/4efef56f866329a1e0943eb27336df1d\"},\"headline\":\"GIORDANO BRUNO: 17 FEBBRAIO 1600 \u2013 17 FEBBRAIO 2013\",\"datePublished\":\"2013-02-17T18:30:34+00:00\",\"mainEntityOfPage\":{\"@id\":\"https:\/\/www.civiltalaica.it\/cms\/giordano-bruno-17-febbraio-1600-17-febbraio-2013\/\"},\"wordCount\":263,\"image\":{\"@id\":\"https:\/\/www.civiltalaica.it\/cms\/giordano-bruno-17-febbraio-1600-17-febbraio-2013\/#primaryimage\"},\"thumbnailUrl\":\"http:\/\/www.civiltalaica.it\/cms\/wp-content\/uploads\/2013\/02\/giordano-bruno-150x150.jpg\",\"keywords\":[\"giordano bruno\",\"valerio bruschini\"],\"articleSection\":[\"articoli\",\"blog\"],\"inLanguage\":\"it-IT\"},{\"@type\":\"WebPage\",\"@id\":\"https:\/\/www.civiltalaica.it\/cms\/giordano-bruno-17-febbraio-1600-17-febbraio-2013\/\",\"url\":\"https:\/\/www.civiltalaica.it\/cms\/giordano-bruno-17-febbraio-1600-17-febbraio-2013\/\",\"name\":\"GIORDANO BRUNO: 17 FEBBRAIO 1600 \u2013 17 FEBBRAIO 2013 - Associazione Culturale Civilt\u00e0 Laica\",\"isPartOf\":{\"@id\":\"https:\/\/www.civiltalaica.it\/cms\/#website\"},\"primaryImageOfPage\":{\"@id\":\"https:\/\/www.civiltalaica.it\/cms\/giordano-bruno-17-febbraio-1600-17-febbraio-2013\/#primaryimage\"},\"image\":{\"@id\":\"https:\/\/www.civiltalaica.it\/cms\/giordano-bruno-17-febbraio-1600-17-febbraio-2013\/#primaryimage\"},\"thumbnailUrl\":\"http:\/\/www.civiltalaica.it\/cms\/wp-content\/uploads\/2013\/02\/giordano-bruno-150x150.jpg\",\"datePublished\":\"2013-02-17T18:30:34+00:00\",\"author\":{\"@id\":\"https:\/\/www.civiltalaica.it\/cms\/#\/schema\/person\/4efef56f866329a1e0943eb27336df1d\"},\"breadcrumb\":{\"@id\":\"https:\/\/www.civiltalaica.it\/cms\/giordano-bruno-17-febbraio-1600-17-febbraio-2013\/#breadcrumb\"},\"inLanguage\":\"it-IT\",\"potentialAction\":[{\"@type\":\"ReadAction\",\"target\":[\"https:\/\/www.civiltalaica.it\/cms\/giordano-bruno-17-febbraio-1600-17-febbraio-2013\/\"]}]},{\"@type\":\"ImageObject\",\"inLanguage\":\"it-IT\",\"@id\":\"https:\/\/www.civiltalaica.it\/cms\/giordano-bruno-17-febbraio-1600-17-febbraio-2013\/#primaryimage\",\"url\":\"http:\/\/www.civiltalaica.it\/cms\/wp-content\/uploads\/2013\/02\/giordano-bruno-150x150.jpg\",\"contentUrl\":\"http:\/\/www.civiltalaica.it\/cms\/wp-content\/uploads\/2013\/02\/giordano-bruno-150x150.jpg\"},{\"@type\":\"BreadcrumbList\",\"@id\":\"https:\/\/www.civiltalaica.it\/cms\/giordano-bruno-17-febbraio-1600-17-febbraio-2013\/#breadcrumb\",\"itemListElement\":[{\"@type\":\"ListItem\",\"position\":1,\"name\":\"Home\",\"item\":\"https:\/\/www.civiltalaica.it\/cms\/\"},{\"@type\":\"ListItem\",\"position\":2,\"name\":\"GIORDANO BRUNO: 17 FEBBRAIO 1600 \u2013 17 FEBBRAIO 2013\"}]},{\"@type\":\"WebSite\",\"@id\":\"https:\/\/www.civiltalaica.it\/cms\/#website\",\"url\":\"https:\/\/www.civiltalaica.it\/cms\/\",\"name\":\"Associazione Culturale Civilt\u00e0 Laica\",\"description\":\"Per un movimento culturale volto a difendere la Laicit\u00e0 dello Stato.\",\"potentialAction\":[{\"@type\":\"SearchAction\",\"target\":{\"@type\":\"EntryPoint\",\"urlTemplate\":\"https:\/\/www.civiltalaica.it\/cms\/?s={search_term_string}\"},\"query-input\":{\"@type\":\"PropertyValueSpecification\",\"valueRequired\":true,\"valueName\":\"search_term_string\"}}],\"inLanguage\":\"it-IT\"},{\"@type\":\"Person\",\"@id\":\"https:\/\/www.civiltalaica.it\/cms\/#\/schema\/person\/4efef56f866329a1e0943eb27336df1d\",\"name\":\"alexjc\",\"url\":\"https:\/\/www.civiltalaica.it\/cms\/author\/alexjc\/\"}]}<\/script>\n<!-- \/ Yoast SEO plugin. -->","yoast_head_json":{"title":"GIORDANO BRUNO: 17 FEBBRAIO 1600 \u2013 17 FEBBRAIO 2013 - Associazione Culturale Civilt\u00e0 Laica","robots":{"index":"index","follow":"follow","max-snippet":"max-snippet:-1","max-image-preview":"max-image-preview:large","max-video-preview":"max-video-preview:-1"},"canonical":"https:\/\/www.civiltalaica.it\/cms\/giordano-bruno-17-febbraio-1600-17-febbraio-2013\/","og_locale":"it_IT","og_type":"article","og_title":"GIORDANO BRUNO: 17 FEBBRAIO 1600 \u2013 17 FEBBRAIO 2013 - Associazione Culturale Civilt\u00e0 Laica","og_description":"L\u20198 Febbraio 1600, dinanzi ai Cardinali inquisitori ed ai consultori Benedetto Mandina, Francesco Pietrasanta e Pietro Millini, \u00e8 costretto ad ascoltare inginocchiato la sentenza di condanna a morte per rogo; si alza e ai giudici indirizza la storica frase:\u00a0\u201cMaiori forsan cum timore sententiam in me fertis quam ego accidia\u201d\/\u201cForse tremate pi\u00f9 voi nel pronunciare questa [&hellip;]","og_url":"https:\/\/www.civiltalaica.it\/cms\/giordano-bruno-17-febbraio-1600-17-febbraio-2013\/","og_site_name":"Associazione Culturale Civilt\u00e0 Laica","article_publisher":"https:\/\/www.facebook.com\/civiltalaica","article_published_time":"2013-02-17T18:30:34+00:00","og_image":[{"url":"http:\/\/www.civiltalaica.it\/cms\/wp-content\/uploads\/2013\/02\/giordano-bruno-150x150.jpg","type":"","width":"","height":""}],"author":"alexjc","twitter_card":"summary_large_image","twitter_misc":{"Scritto da":"alexjc","Tempo di lettura stimato":"1 minuto"},"schema":{"@context":"https:\/\/schema.org","@graph":[{"@type":"Article","@id":"https:\/\/www.civiltalaica.it\/cms\/giordano-bruno-17-febbraio-1600-17-febbraio-2013\/#article","isPartOf":{"@id":"https:\/\/www.civiltalaica.it\/cms\/giordano-bruno-17-febbraio-1600-17-febbraio-2013\/"},"author":{"name":"alexjc","@id":"https:\/\/www.civiltalaica.it\/cms\/#\/schema\/person\/4efef56f866329a1e0943eb27336df1d"},"headline":"GIORDANO BRUNO: 17 FEBBRAIO 1600 \u2013 17 FEBBRAIO 2013","datePublished":"2013-02-17T18:30:34+00:00","mainEntityOfPage":{"@id":"https:\/\/www.civiltalaica.it\/cms\/giordano-bruno-17-febbraio-1600-17-febbraio-2013\/"},"wordCount":263,"image":{"@id":"https:\/\/www.civiltalaica.it\/cms\/giordano-bruno-17-febbraio-1600-17-febbraio-2013\/#primaryimage"},"thumbnailUrl":"http:\/\/www.civiltalaica.it\/cms\/wp-content\/uploads\/2013\/02\/giordano-bruno-150x150.jpg","keywords":["giordano bruno","valerio bruschini"],"articleSection":["articoli","blog"],"inLanguage":"it-IT"},{"@type":"WebPage","@id":"https:\/\/www.civiltalaica.it\/cms\/giordano-bruno-17-febbraio-1600-17-febbraio-2013\/","url":"https:\/\/www.civiltalaica.it\/cms\/giordano-bruno-17-febbraio-1600-17-febbraio-2013\/","name":"GIORDANO BRUNO: 17 FEBBRAIO 1600 \u2013 17 FEBBRAIO 2013 - Associazione Culturale Civilt\u00e0 Laica","isPartOf":{"@id":"https:\/\/www.civiltalaica.it\/cms\/#website"},"primaryImageOfPage":{"@id":"https:\/\/www.civiltalaica.it\/cms\/giordano-bruno-17-febbraio-1600-17-febbraio-2013\/#primaryimage"},"image":{"@id":"https:\/\/www.civiltalaica.it\/cms\/giordano-bruno-17-febbraio-1600-17-febbraio-2013\/#primaryimage"},"thumbnailUrl":"http:\/\/www.civiltalaica.it\/cms\/wp-content\/uploads\/2013\/02\/giordano-bruno-150x150.jpg","datePublished":"2013-02-17T18:30:34+00:00","author":{"@id":"https:\/\/www.civiltalaica.it\/cms\/#\/schema\/person\/4efef56f866329a1e0943eb27336df1d"},"breadcrumb":{"@id":"https:\/\/www.civiltalaica.it\/cms\/giordano-bruno-17-febbraio-1600-17-febbraio-2013\/#breadcrumb"},"inLanguage":"it-IT","potentialAction":[{"@type":"ReadAction","target":["https:\/\/www.civiltalaica.it\/cms\/giordano-bruno-17-febbraio-1600-17-febbraio-2013\/"]}]},{"@type":"ImageObject","inLanguage":"it-IT","@id":"https:\/\/www.civiltalaica.it\/cms\/giordano-bruno-17-febbraio-1600-17-febbraio-2013\/#primaryimage","url":"http:\/\/www.civiltalaica.it\/cms\/wp-content\/uploads\/2013\/02\/giordano-bruno-150x150.jpg","contentUrl":"http:\/\/www.civiltalaica.it\/cms\/wp-content\/uploads\/2013\/02\/giordano-bruno-150x150.jpg"},{"@type":"BreadcrumbList","@id":"https:\/\/www.civiltalaica.it\/cms\/giordano-bruno-17-febbraio-1600-17-febbraio-2013\/#breadcrumb","itemListElement":[{"@type":"ListItem","position":1,"name":"Home","item":"https:\/\/www.civiltalaica.it\/cms\/"},{"@type":"ListItem","position":2,"name":"GIORDANO BRUNO: 17 FEBBRAIO 1600 \u2013 17 FEBBRAIO 2013"}]},{"@type":"WebSite","@id":"https:\/\/www.civiltalaica.it\/cms\/#website","url":"https:\/\/www.civiltalaica.it\/cms\/","name":"Associazione Culturale Civilt\u00e0 Laica","description":"Per un movimento culturale volto a difendere la Laicit\u00e0 dello Stato.","potentialAction":[{"@type":"SearchAction","target":{"@type":"EntryPoint","urlTemplate":"https:\/\/www.civiltalaica.it\/cms\/?s={search_term_string}"},"query-input":{"@type":"PropertyValueSpecification","valueRequired":true,"valueName":"search_term_string"}}],"inLanguage":"it-IT"},{"@type":"Person","@id":"https:\/\/www.civiltalaica.it\/cms\/#\/schema\/person\/4efef56f866329a1e0943eb27336df1d","name":"alexjc","url":"https:\/\/www.civiltalaica.it\/cms\/author\/alexjc\/"}]}},"_links":{"self":[{"href":"https:\/\/www.civiltalaica.it\/cms\/wp-json\/wp\/v2\/posts\/11231","targetHints":{"allow":["GET"]}}],"collection":[{"href":"https:\/\/www.civiltalaica.it\/cms\/wp-json\/wp\/v2\/posts"}],"about":[{"href":"https:\/\/www.civiltalaica.it\/cms\/wp-json\/wp\/v2\/types\/post"}],"author":[{"embeddable":true,"href":"https:\/\/www.civiltalaica.it\/cms\/wp-json\/wp\/v2\/users\/7"}],"replies":[{"embeddable":true,"href":"https:\/\/www.civiltalaica.it\/cms\/wp-json\/wp\/v2\/comments?post=11231"}],"version-history":[{"count":0,"href":"https:\/\/www.civiltalaica.it\/cms\/wp-json\/wp\/v2\/posts\/11231\/revisions"}],"wp:attachment":[{"href":"https:\/\/www.civiltalaica.it\/cms\/wp-json\/wp\/v2\/media?parent=11231"}],"wp:term":[{"taxonomy":"category","embeddable":true,"href":"https:\/\/www.civiltalaica.it\/cms\/wp-json\/wp\/v2\/categories?post=11231"},{"taxonomy":"post_tag","embeddable":true,"href":"https:\/\/www.civiltalaica.it\/cms\/wp-json\/wp\/v2\/tags?post=11231"}],"curies":[{"name":"wp","href":"https:\/\/api.w.org\/{rel}","templated":true}]}}