{"id":11219,"date":"2013-02-11T19:57:10","date_gmt":"2013-02-11T19:57:10","guid":{"rendered":"http:\/\/www.civiltalaica.it\/cms\/?p=11219"},"modified":"2013-02-13T17:10:27","modified_gmt":"2013-02-13T17:10:27","slug":"buon-compleanno-darwin-ancora","status":"publish","type":"post","link":"https:\/\/www.civiltalaica.it\/cms\/buon-compleanno-darwin-ancora\/","title":{"rendered":"Buon compleanno Darwin, ancora!"},"content":{"rendered":"<p>E cosi sono 204 gli anniversari della nascita di Darwin, 154 sono gli anni passati dalla pubblicazione de \u201cL&#8217;origine della specie\u201d, 131 gli anni dall&#8217;organizzazione dei primi incontri di divulgazioni scientifica chiamati \u201cDarwin Day\u201d .<br \/>Parlando di numeri pi\u00f9 modesti Civilt\u00e0 Laica organizza a Terni per la nona volta il Darwin Day locale, in collaborazione con il circolo dell&#8217;Uaar.<!--more--><a href=\"http:\/\/www.civiltalaica.it\/cms\/wp-content\/uploads\/2013\/02\/dday13.jpg\"><img loading=\"lazy\" decoding=\"async\" class=\"alignleft size-medium wp-image-11220\" alt=\"dday13\" src=\"http:\/\/www.civiltalaica.it\/cms\/wp-content\/uploads\/2013\/02\/dday13-212x300.jpg\" width=\"212\" height=\"300\" srcset=\"https:\/\/www.civiltalaica.it\/cms\/wp-content\/uploads\/2013\/02\/dday13-212x300.jpg 212w, https:\/\/www.civiltalaica.it\/cms\/wp-content\/uploads\/2013\/02\/dday13.jpg 590w\" sizes=\"auto, (max-width: 212px) 100vw, 212px\" \/><\/a> L&#8217;appuntamento \u00e8 per Sabato 23 Febbraio all&#8217;auditorium di Palazzo Primavera alle ore 16.00, Guido Chiesura presenter\u00e0 il suo libro \u201c<em>Darwin e il baobab<\/em>\u201d introdotto da Giangi Poli.<br \/>In questi anni di faticosa ma gratificante azione per diffondere la conoscenza dell&#8217;evoluzione biologica abbiamo ricevuto critiche e obiezioni molto variegate: qualcuno ci ha detto che non avevamo dato spazio alle prove secondo cui gli alieni sono intervenuti sui Sumeri per correggere il loro Dna; qualcuno \u00e8 venuto alle conferenze per informarci che i nuovi studi dicono che il pianeta Terra \u00e8 molto pi\u00f9 giovane quindi l&#8217;evoluzione biologica non ha avuto il tempo per avvenire; qualcuno ha tenuto ad informarci che l&#8217;evoluzione non spiega l&#8217;origine della vita quindi celebrare Darwin \u00e8 inutile; qualcuno ha scritto sul nostro blog per chiederci come spiegavamo l&#8217;assenza dell&#8217;anello mancante; qualcuno ha detto che dovevamo smetterla di dare un taglio laicista alle nostre iniziative; qualcuno ci ha informato che era Lamarck ad avere ragione e non Darwin.<br \/>L&#8217;osservazione pi\u00f9 interessante ce l&#8217;ha fatta chi ha chiesto perch\u00e9 facevamo incontri per divulgare cose note a tutti, ovvero ci hanno chiesto perch\u00e9 organizzavamo incontri per divulgare (e difendere) l&#8217;evoluzione biologica quando questa \u00e8 accettata da tutti, compresi i cattolici.<br \/>Effettivamente sappiamo tutti che almeno i due ultimi presidenti della Pontificia accademia delle scienze, Cabibbo e Arber, sono convinti evoluzionisti e che la Chiesa Cattolica a differenza di quella Anglicana non ha mai condannato apertamente Darwin e L&#8217;origine della specie, probabilmente perch\u00e9 nella sua storia un \u201ccaso Galileo\u201d basta e avanza.<br \/>Dovremmo quindi considerare conclusa la querelle e celebrare la vittoria di Darwin sui dogmatismi religiosi? Non ci sembra davvero il caso.<br \/>Tralasciando l&#8217;ignoranza scientifica nel nostro paese, cosa che basterebbe a giustificare non un Darwin Day l&#8217;anno ma uno a settimana (se ne avessimo le forze), l&#8217;impressione \u00e8 che siamo ben distanti dall&#8217;accettazione pacifica della realt\u00e0 dell&#8217;evoluzione biologica.<br \/>Senza continuare a dar pubblicit\u00e0 a individui che hanno fatto della disinformazione e della mistificazione il loro lavoro, ricordiamo solo che l&#8217;attivit\u00e0 dei movimenti creazionisti (o dei fautori del disegno intelligente come amano farsi chiamare ora) \u00e8 viva e vegeta non solo in rete. Spesso questa attivit\u00e0 \u00e8 portata avanti da persone che dichiarano di non essere creazionisti e che vogliono solo dimostrare che \u201cDarwin ha sbagliato\u201d, ma per fare questo usano tutti i pi\u00f9 classici clich\u00e9 del creazionismo. Inoltre queste persone inoltre ci tengono spesso a dire che sono atee e che con la chiesa non hanno niente a che fare, per\u00f2 poi sui loro blog ci sono link che rimandano a tutti i siti pi\u00f9 clericalisti e medioevalisti del web.<br \/>Per dare un idea della situazione basta aprire il sito del Corriere della Sera che oggi (11 febbbraio) ha osato riservare un breve articolo all&#8217;Evolution Day (ovvero l&#8217;evoluzione del Darwin Day) di Milano, risultato? Commento numero uno: <em>Volete farmi credere che c&#8217;\u00e8 ancora gente che crede alla congettura darwinista?! Residuati bellici di marxismo che inquinano il mondo.<\/em> <br \/>Commento numero due: <em>Darwin ha solo offerto una spiegazione non sostanziata da prove scientifiche &#8211; e nemmeno da attendibili reperti fossili, perch\u00e8 all&#8217;archeologia fossile il darwinismo \u00e8 appeso per dimostrare le varie fasi del processo evolutivo delle varie speci. Darwini ha prodotto al massimo un mito creativo senza creatore, roba da menti dogmatiche (ebbene s\u00ec dogmi! come quelli della Santissima Inquisizone) come lo scienziato demagogo, ateo, neo-inquisitore Richard Dawkins. Bref, Darwin \u00e8 stato ed \u00e8, visto la mostra &#8216;fighetta&#8217; di cui parlate nell&#8217;articolo, il grimaldello per introdurre il dogmatismo anti-religioso dentro l&#8217;accademia e il mondo scientifico mondiale in generale. Stiamo ancora attendendo la dimostrazione, che spetta ai darwinisti di professione, di un percorso fossile coerente e senza buchi di ere intere che dal brodo primordiale ha condotto, ad esempio, al manifestarsi della rivoluzionaria specie umana. Darwin, come ha ricordato C. S. Lewis, non ha scoperto nuovi fatti, n\u00e8 ha addotto prove alle proprie supposizioni, e i suoi accoliti da un secolo a questa parte si sono alambiccati il cervello, inondando di pregiudizi il mondo scientifico e la biologia in particolare, per convincersi che Darwin sia vero perch\u00e9 plausibile. Ma questa non \u00e8 scienza, \u00e8 ideologia.<\/em><br \/>Come si vede troppo ancora c&#8217;\u00e8 da lavorare perch\u00e9 queste esibizioni di ignoranza siano cancellate dalla nostra cultura. Certo, non possiamo pretendere che tutti accettino serenamente l&#8217;evidenza dei fatti scientifici, ci saranno sempre persone la cui irrazionalit\u00e0 \u00e8 troppo radicata. Tuttavia la nostra attivit\u00e0, e quella di tutti coloro che organizzano le giornate di divulgazione scientifica, \u00e8 ancora necessaria per contrasta il diffondersi dell&#8217;irrazionalit\u00e0. <br \/>Non sappiamo per quanto tempo sar\u00e0 ancora necessario organizzare i Darwin Day, ma siamo certi che quando l&#8217;evoluzione biologica sar\u00e0 completamente accettata come il fatto che la Terra gira intorno al Sole ci sar\u00e0 da divulgare (e difendere) qualche nuova scoperta scientifica.<\/p>\n<p><strong>Alessandro Chiometti<\/strong><\/p>\n","protected":false},"excerpt":{"rendered":"<p>E cosi sono 204 gli anniversari della nascita di Darwin, 154 sono gli anni passati dalla pubblicazione de \u201cL&#8217;origine della specie\u201d, 131 gli anni dall&#8217;organizzazione dei primi incontri di divulgazioni scientifica chiamati \u201cDarwin Day\u201d .Parlando di numeri pi\u00f9 modesti Civilt\u00e0 Laica organizza a Terni per la nona volta il Darwin Day locale, in collaborazione con [&hellip;]<\/p>\n","protected":false},"author":7,"featured_media":0,"comment_status":"closed","ping_status":"closed","sticky":false,"template":"","format":"standard","meta":{"footnotes":""},"categories":[238,233],"tags":[79,519,409,583,507],"class_list":["post-11219","post","type-post","status-publish","format-standard","hentry","category-articoli","category-filosofia-2","tag-alessandro-chiometti","tag-creazionismo","tag-darwin","tag-darwin-day","tag-evoluzione-biologica"],"yoast_head":"<!-- This site is optimized with the Yoast SEO plugin v27.1.1 - https:\/\/yoast.com\/product\/yoast-seo-wordpress\/ -->\n<title>Buon compleanno Darwin, ancora! - Associazione Culturale Civilt\u00e0 Laica<\/title>\n<meta name=\"robots\" content=\"index, follow, max-snippet:-1, max-image-preview:large, max-video-preview:-1\" \/>\n<link rel=\"canonical\" href=\"https:\/\/www.civiltalaica.it\/cms\/buon-compleanno-darwin-ancora\/\" \/>\n<meta property=\"og:locale\" content=\"it_IT\" \/>\n<meta property=\"og:type\" content=\"article\" \/>\n<meta property=\"og:title\" content=\"Buon compleanno Darwin, ancora! - Associazione Culturale Civilt\u00e0 Laica\" \/>\n<meta property=\"og:description\" content=\"E cosi sono 204 gli anniversari della nascita di Darwin, 154 sono gli anni passati dalla pubblicazione de \u201cL&#8217;origine della specie\u201d, 131 gli anni dall&#8217;organizzazione dei primi incontri di divulgazioni scientifica chiamati \u201cDarwin Day\u201d .Parlando di numeri pi\u00f9 modesti Civilt\u00e0 Laica organizza a Terni per la nona volta il Darwin Day locale, in collaborazione con [&hellip;]\" \/>\n<meta property=\"og:url\" content=\"https:\/\/www.civiltalaica.it\/cms\/buon-compleanno-darwin-ancora\/\" \/>\n<meta property=\"og:site_name\" content=\"Associazione Culturale Civilt\u00e0 Laica\" \/>\n<meta property=\"article:publisher\" content=\"https:\/\/www.facebook.com\/civiltalaica\" \/>\n<meta property=\"article:published_time\" content=\"2013-02-11T19:57:10+00:00\" \/>\n<meta property=\"article:modified_time\" content=\"2013-02-13T17:10:27+00:00\" \/>\n<meta property=\"og:image\" content=\"http:\/\/www.civiltalaica.it\/cms\/wp-content\/uploads\/2013\/02\/dday13-212x300.jpg\" \/>\n<meta name=\"author\" content=\"alexjc\" \/>\n<meta name=\"twitter:card\" content=\"summary_large_image\" \/>\n<meta name=\"twitter:label1\" content=\"Scritto da\" \/>\n\t<meta name=\"twitter:data1\" content=\"alexjc\" \/>\n\t<meta name=\"twitter:label2\" content=\"Tempo di lettura stimato\" \/>\n\t<meta name=\"twitter:data2\" content=\"4 minuti\" \/>\n<script type=\"application\/ld+json\" class=\"yoast-schema-graph\">{\"@context\":\"https:\/\/schema.org\",\"@graph\":[{\"@type\":\"Article\",\"@id\":\"https:\/\/www.civiltalaica.it\/cms\/buon-compleanno-darwin-ancora\/#article\",\"isPartOf\":{\"@id\":\"https:\/\/www.civiltalaica.it\/cms\/buon-compleanno-darwin-ancora\/\"},\"author\":{\"name\":\"alexjc\",\"@id\":\"https:\/\/www.civiltalaica.it\/cms\/#\/schema\/person\/4efef56f866329a1e0943eb27336df1d\"},\"headline\":\"Buon compleanno Darwin, ancora!\",\"datePublished\":\"2013-02-11T19:57:10+00:00\",\"dateModified\":\"2013-02-13T17:10:27+00:00\",\"mainEntityOfPage\":{\"@id\":\"https:\/\/www.civiltalaica.it\/cms\/buon-compleanno-darwin-ancora\/\"},\"wordCount\":831,\"image\":{\"@id\":\"https:\/\/www.civiltalaica.it\/cms\/buon-compleanno-darwin-ancora\/#primaryimage\"},\"thumbnailUrl\":\"http:\/\/www.civiltalaica.it\/cms\/wp-content\/uploads\/2013\/02\/dday13-212x300.jpg\",\"keywords\":[\"alessandro chiometti\",\"creazionismo\",\"darwin\",\"darwin day\",\"evoluzione biologica\"],\"articleSection\":[\"articoli\",\"filosofia e scienza\"],\"inLanguage\":\"it-IT\"},{\"@type\":\"WebPage\",\"@id\":\"https:\/\/www.civiltalaica.it\/cms\/buon-compleanno-darwin-ancora\/\",\"url\":\"https:\/\/www.civiltalaica.it\/cms\/buon-compleanno-darwin-ancora\/\",\"name\":\"Buon compleanno Darwin, ancora! - Associazione Culturale Civilt\u00e0 Laica\",\"isPartOf\":{\"@id\":\"https:\/\/www.civiltalaica.it\/cms\/#website\"},\"primaryImageOfPage\":{\"@id\":\"https:\/\/www.civiltalaica.it\/cms\/buon-compleanno-darwin-ancora\/#primaryimage\"},\"image\":{\"@id\":\"https:\/\/www.civiltalaica.it\/cms\/buon-compleanno-darwin-ancora\/#primaryimage\"},\"thumbnailUrl\":\"http:\/\/www.civiltalaica.it\/cms\/wp-content\/uploads\/2013\/02\/dday13-212x300.jpg\",\"datePublished\":\"2013-02-11T19:57:10+00:00\",\"dateModified\":\"2013-02-13T17:10:27+00:00\",\"author\":{\"@id\":\"https:\/\/www.civiltalaica.it\/cms\/#\/schema\/person\/4efef56f866329a1e0943eb27336df1d\"},\"breadcrumb\":{\"@id\":\"https:\/\/www.civiltalaica.it\/cms\/buon-compleanno-darwin-ancora\/#breadcrumb\"},\"inLanguage\":\"it-IT\",\"potentialAction\":[{\"@type\":\"ReadAction\",\"target\":[\"https:\/\/www.civiltalaica.it\/cms\/buon-compleanno-darwin-ancora\/\"]}]},{\"@type\":\"ImageObject\",\"inLanguage\":\"it-IT\",\"@id\":\"https:\/\/www.civiltalaica.it\/cms\/buon-compleanno-darwin-ancora\/#primaryimage\",\"url\":\"http:\/\/www.civiltalaica.it\/cms\/wp-content\/uploads\/2013\/02\/dday13-212x300.jpg\",\"contentUrl\":\"http:\/\/www.civiltalaica.it\/cms\/wp-content\/uploads\/2013\/02\/dday13-212x300.jpg\"},{\"@type\":\"BreadcrumbList\",\"@id\":\"https:\/\/www.civiltalaica.it\/cms\/buon-compleanno-darwin-ancora\/#breadcrumb\",\"itemListElement\":[{\"@type\":\"ListItem\",\"position\":1,\"name\":\"Home\",\"item\":\"https:\/\/www.civiltalaica.it\/cms\/\"},{\"@type\":\"ListItem\",\"position\":2,\"name\":\"Buon compleanno Darwin, ancora!\"}]},{\"@type\":\"WebSite\",\"@id\":\"https:\/\/www.civiltalaica.it\/cms\/#website\",\"url\":\"https:\/\/www.civiltalaica.it\/cms\/\",\"name\":\"Associazione Culturale Civilt\u00e0 Laica\",\"description\":\"Per un movimento culturale volto a difendere la Laicit\u00e0 dello Stato.\",\"potentialAction\":[{\"@type\":\"SearchAction\",\"target\":{\"@type\":\"EntryPoint\",\"urlTemplate\":\"https:\/\/www.civiltalaica.it\/cms\/?s={search_term_string}\"},\"query-input\":{\"@type\":\"PropertyValueSpecification\",\"valueRequired\":true,\"valueName\":\"search_term_string\"}}],\"inLanguage\":\"it-IT\"},{\"@type\":\"Person\",\"@id\":\"https:\/\/www.civiltalaica.it\/cms\/#\/schema\/person\/4efef56f866329a1e0943eb27336df1d\",\"name\":\"alexjc\",\"url\":\"https:\/\/www.civiltalaica.it\/cms\/author\/alexjc\/\"}]}<\/script>\n<!-- \/ Yoast SEO plugin. -->","yoast_head_json":{"title":"Buon compleanno Darwin, ancora! - Associazione Culturale Civilt\u00e0 Laica","robots":{"index":"index","follow":"follow","max-snippet":"max-snippet:-1","max-image-preview":"max-image-preview:large","max-video-preview":"max-video-preview:-1"},"canonical":"https:\/\/www.civiltalaica.it\/cms\/buon-compleanno-darwin-ancora\/","og_locale":"it_IT","og_type":"article","og_title":"Buon compleanno Darwin, ancora! - Associazione Culturale Civilt\u00e0 Laica","og_description":"E cosi sono 204 gli anniversari della nascita di Darwin, 154 sono gli anni passati dalla pubblicazione de \u201cL&#8217;origine della specie\u201d, 131 gli anni dall&#8217;organizzazione dei primi incontri di divulgazioni scientifica chiamati \u201cDarwin Day\u201d .Parlando di numeri pi\u00f9 modesti Civilt\u00e0 Laica organizza a Terni per la nona volta il Darwin Day locale, in collaborazione con [&hellip;]","og_url":"https:\/\/www.civiltalaica.it\/cms\/buon-compleanno-darwin-ancora\/","og_site_name":"Associazione Culturale Civilt\u00e0 Laica","article_publisher":"https:\/\/www.facebook.com\/civiltalaica","article_published_time":"2013-02-11T19:57:10+00:00","article_modified_time":"2013-02-13T17:10:27+00:00","og_image":[{"url":"http:\/\/www.civiltalaica.it\/cms\/wp-content\/uploads\/2013\/02\/dday13-212x300.jpg","type":"","width":"","height":""}],"author":"alexjc","twitter_card":"summary_large_image","twitter_misc":{"Scritto da":"alexjc","Tempo di lettura stimato":"4 minuti"},"schema":{"@context":"https:\/\/schema.org","@graph":[{"@type":"Article","@id":"https:\/\/www.civiltalaica.it\/cms\/buon-compleanno-darwin-ancora\/#article","isPartOf":{"@id":"https:\/\/www.civiltalaica.it\/cms\/buon-compleanno-darwin-ancora\/"},"author":{"name":"alexjc","@id":"https:\/\/www.civiltalaica.it\/cms\/#\/schema\/person\/4efef56f866329a1e0943eb27336df1d"},"headline":"Buon compleanno Darwin, ancora!","datePublished":"2013-02-11T19:57:10+00:00","dateModified":"2013-02-13T17:10:27+00:00","mainEntityOfPage":{"@id":"https:\/\/www.civiltalaica.it\/cms\/buon-compleanno-darwin-ancora\/"},"wordCount":831,"image":{"@id":"https:\/\/www.civiltalaica.it\/cms\/buon-compleanno-darwin-ancora\/#primaryimage"},"thumbnailUrl":"http:\/\/www.civiltalaica.it\/cms\/wp-content\/uploads\/2013\/02\/dday13-212x300.jpg","keywords":["alessandro chiometti","creazionismo","darwin","darwin day","evoluzione biologica"],"articleSection":["articoli","filosofia e scienza"],"inLanguage":"it-IT"},{"@type":"WebPage","@id":"https:\/\/www.civiltalaica.it\/cms\/buon-compleanno-darwin-ancora\/","url":"https:\/\/www.civiltalaica.it\/cms\/buon-compleanno-darwin-ancora\/","name":"Buon compleanno Darwin, ancora! - Associazione Culturale Civilt\u00e0 Laica","isPartOf":{"@id":"https:\/\/www.civiltalaica.it\/cms\/#website"},"primaryImageOfPage":{"@id":"https:\/\/www.civiltalaica.it\/cms\/buon-compleanno-darwin-ancora\/#primaryimage"},"image":{"@id":"https:\/\/www.civiltalaica.it\/cms\/buon-compleanno-darwin-ancora\/#primaryimage"},"thumbnailUrl":"http:\/\/www.civiltalaica.it\/cms\/wp-content\/uploads\/2013\/02\/dday13-212x300.jpg","datePublished":"2013-02-11T19:57:10+00:00","dateModified":"2013-02-13T17:10:27+00:00","author":{"@id":"https:\/\/www.civiltalaica.it\/cms\/#\/schema\/person\/4efef56f866329a1e0943eb27336df1d"},"breadcrumb":{"@id":"https:\/\/www.civiltalaica.it\/cms\/buon-compleanno-darwin-ancora\/#breadcrumb"},"inLanguage":"it-IT","potentialAction":[{"@type":"ReadAction","target":["https:\/\/www.civiltalaica.it\/cms\/buon-compleanno-darwin-ancora\/"]}]},{"@type":"ImageObject","inLanguage":"it-IT","@id":"https:\/\/www.civiltalaica.it\/cms\/buon-compleanno-darwin-ancora\/#primaryimage","url":"http:\/\/www.civiltalaica.it\/cms\/wp-content\/uploads\/2013\/02\/dday13-212x300.jpg","contentUrl":"http:\/\/www.civiltalaica.it\/cms\/wp-content\/uploads\/2013\/02\/dday13-212x300.jpg"},{"@type":"BreadcrumbList","@id":"https:\/\/www.civiltalaica.it\/cms\/buon-compleanno-darwin-ancora\/#breadcrumb","itemListElement":[{"@type":"ListItem","position":1,"name":"Home","item":"https:\/\/www.civiltalaica.it\/cms\/"},{"@type":"ListItem","position":2,"name":"Buon compleanno Darwin, ancora!"}]},{"@type":"WebSite","@id":"https:\/\/www.civiltalaica.it\/cms\/#website","url":"https:\/\/www.civiltalaica.it\/cms\/","name":"Associazione Culturale Civilt\u00e0 Laica","description":"Per un movimento culturale volto a difendere la Laicit\u00e0 dello Stato.","potentialAction":[{"@type":"SearchAction","target":{"@type":"EntryPoint","urlTemplate":"https:\/\/www.civiltalaica.it\/cms\/?s={search_term_string}"},"query-input":{"@type":"PropertyValueSpecification","valueRequired":true,"valueName":"search_term_string"}}],"inLanguage":"it-IT"},{"@type":"Person","@id":"https:\/\/www.civiltalaica.it\/cms\/#\/schema\/person\/4efef56f866329a1e0943eb27336df1d","name":"alexjc","url":"https:\/\/www.civiltalaica.it\/cms\/author\/alexjc\/"}]}},"_links":{"self":[{"href":"https:\/\/www.civiltalaica.it\/cms\/wp-json\/wp\/v2\/posts\/11219","targetHints":{"allow":["GET"]}}],"collection":[{"href":"https:\/\/www.civiltalaica.it\/cms\/wp-json\/wp\/v2\/posts"}],"about":[{"href":"https:\/\/www.civiltalaica.it\/cms\/wp-json\/wp\/v2\/types\/post"}],"author":[{"embeddable":true,"href":"https:\/\/www.civiltalaica.it\/cms\/wp-json\/wp\/v2\/users\/7"}],"replies":[{"embeddable":true,"href":"https:\/\/www.civiltalaica.it\/cms\/wp-json\/wp\/v2\/comments?post=11219"}],"version-history":[{"count":0,"href":"https:\/\/www.civiltalaica.it\/cms\/wp-json\/wp\/v2\/posts\/11219\/revisions"}],"wp:attachment":[{"href":"https:\/\/www.civiltalaica.it\/cms\/wp-json\/wp\/v2\/media?parent=11219"}],"wp:term":[{"taxonomy":"category","embeddable":true,"href":"https:\/\/www.civiltalaica.it\/cms\/wp-json\/wp\/v2\/categories?post=11219"},{"taxonomy":"post_tag","embeddable":true,"href":"https:\/\/www.civiltalaica.it\/cms\/wp-json\/wp\/v2\/tags?post=11219"}],"curies":[{"name":"wp","href":"https:\/\/api.w.org\/{rel}","templated":true}]}}