{"id":11194,"date":"2013-02-10T17:06:21","date_gmt":"2013-02-10T17:06:21","guid":{"rendered":"http:\/\/www.civiltalaica.it\/cms\/?p=11194"},"modified":"2013-02-10T17:06:22","modified_gmt":"2013-02-10T17:06:22","slug":"i-candidati-rispondono","status":"publish","type":"post","link":"https:\/\/www.civiltalaica.it\/cms\/i-candidati-rispondono\/","title":{"rendered":"I candidati rispondono?"},"content":{"rendered":"<p><a href=\"http:\/\/www.civiltalaica.it\/cms\/index.php\/i-candidati-rispondono.html\/img_7235_elezioni\" rel=\"attachment wp-att-11195\"><img loading=\"lazy\" decoding=\"async\" class=\"alignleft size-thumbnail wp-image-11195\" alt=\"img_7235_elezioni\" src=\"http:\/\/www.civiltalaica.it\/cms\/wp-content\/uploads\/2013\/02\/img_7235_elezioni-150x150.jpg\" width=\"150\" height=\"150\" \/><\/a>La nostra iniziativa di porre alcune tematiche inerenti la laicit\u00e0 dello stato ai candidati che si presentano nel collegio elettorale della regione Umbria ha incontrato una buona accoglienza da parte di alcuni e il totale disinteresse da parte di altri.<\/p>\n<p>Ricordiamo che i partiti politici chiamati a rispondere sono stati: Pd, Sel. Rivoluzione Civile e Movimento Cinque Stelle, degli altri riteniamo di conoscere sufficientemente bene il loro pensiero.<\/p>\n<p>Ricordiamo anche le tematiche proposte: biotestamento, eutanasia, costi della chiesa, scuola pubblica e privata, coppie di fatto, matrimonio omosessuale, adozioni per i single, divorzio breve, difesa e applicazione della legge 194.<!--more--><\/p>\n<p>Le mail mandate ai nostri contatti interni a ciascuno dei quattro partiti suddetti sono state tutte ricevute e hanno avuto effetti diversi a seconda del partito in oggetto.<\/p>\n<p>Da parte del Pd e del M5S la risposta \u00e8 stata (attualmente) un assoluto silenzio. Dobbiamo quindi prendere atto che per queste forze politiche la laicit\u00e0 non \u00e8 un argomento di cui parlare, per avere risposte per il Pd dobbiamo attenerci alle due righe striminzite del suo programma che parlano di diritti civili, mentre per il M5S neanche quello che \u00e8 evidentemente un argomento tab\u00f9 per i candidati marchiati Casaleggio.<\/p>\n<p>Ad aggravare le cose per il Pd c&#8217;\u00e8 anche da segnalare il tentativo di un nostro amico di porre direttamente queste tematiche all&#8217;incontro pubblico con i candidati che \u00e8 stato bruscamente zittito con l&#8217;accusa di voler tenere un comizio.<\/p>\n<p>Sia Rivoluzione Civile che Sel hanno invece accolto molto positivamente il nostro tentativo di interloquire e ci hanno invitato ufficialmente alla presentazione dei loro candidati per porgli direttamente le questioni.<\/p>\n<p>In entrambe le occasioni le risposte da parte loro sono state confortanti, nel senso che sono tutti coscienti del fatto che l&#8217;Italia ha uno spread di diritti civili con il resto dell&#8217;Europa da colmare al pi\u00f9 presto e praticamente in tutte le tematiche da noi proposte sono concordi con la nostra posizione laica.<\/p>\n<p>Sia Rc che Sel ci hanno promesso risposte scritte che appena arriveranno pubblicheremo, come del resto faremo se arriveranno segnali di vita da parte dei candidati grillini e piddini.<\/p>\n<p>Non possiamo certo per\u00f2 non sottolineare come, su queste tematiche, ci sia una certa affinit\u00e0 tra il partito accreditato dai sondaggi della maggioranza relativa e il suo acerrimo nemico che vorrebbe spazzarlo via. Ironia? Stesso acume politico? Stessa paura di perdere i voti cattolici? Agli elettori l&#8217;ardua sentenza.<\/p>\n<p><strong>Alessandro Chiometti<\/strong><\/p>\n","protected":false},"excerpt":{"rendered":"<p>La nostra iniziativa di porre alcune tematiche inerenti la laicit\u00e0 dello stato ai candidati che si presentano nel collegio elettorale della regione Umbria ha incontrato una buona accoglienza da parte di alcuni e il totale disinteresse da parte di altri. Ricordiamo che i partiti politici chiamati a rispondere sono stati: Pd, Sel. Rivoluzione Civile e [&hellip;]<\/p>\n","protected":false},"author":7,"featured_media":0,"comment_status":"closed","ping_status":"closed","sticky":false,"template":"","format":"standard","meta":{"footnotes":""},"categories":[238,228],"tags":[79,151,250,51],"class_list":["post-11194","post","type-post","status-publish","format-standard","hentry","category-articoli","category-blog","tag-alessandro-chiometti","tag-elezioni","tag-laicita","tag-politica"],"yoast_head":"<!-- This site is optimized with the Yoast SEO plugin v27.1.1 - https:\/\/yoast.com\/product\/yoast-seo-wordpress\/ -->\n<title>I candidati rispondono? - Associazione Culturale Civilt\u00e0 Laica<\/title>\n<meta name=\"robots\" content=\"index, follow, max-snippet:-1, max-image-preview:large, max-video-preview:-1\" \/>\n<link rel=\"canonical\" href=\"https:\/\/www.civiltalaica.it\/cms\/i-candidati-rispondono\/\" \/>\n<meta property=\"og:locale\" content=\"it_IT\" \/>\n<meta property=\"og:type\" content=\"article\" \/>\n<meta property=\"og:title\" content=\"I candidati rispondono? - Associazione Culturale Civilt\u00e0 Laica\" \/>\n<meta property=\"og:description\" content=\"La nostra iniziativa di porre alcune tematiche inerenti la laicit\u00e0 dello stato ai candidati che si presentano nel collegio elettorale della regione Umbria ha incontrato una buona accoglienza da parte di alcuni e il totale disinteresse da parte di altri. Ricordiamo che i partiti politici chiamati a rispondere sono stati: Pd, Sel. Rivoluzione Civile e [&hellip;]\" \/>\n<meta property=\"og:url\" content=\"https:\/\/www.civiltalaica.it\/cms\/i-candidati-rispondono\/\" \/>\n<meta property=\"og:site_name\" content=\"Associazione Culturale Civilt\u00e0 Laica\" \/>\n<meta property=\"article:publisher\" content=\"https:\/\/www.facebook.com\/civiltalaica\" \/>\n<meta property=\"article:published_time\" content=\"2013-02-10T17:06:21+00:00\" \/>\n<meta property=\"article:modified_time\" content=\"2013-02-10T17:06:22+00:00\" \/>\n<meta property=\"og:image\" content=\"http:\/\/www.civiltalaica.it\/cms\/wp-content\/uploads\/2013\/02\/img_7235_elezioni-150x150.jpg\" \/>\n<meta name=\"author\" content=\"alexjc\" \/>\n<meta name=\"twitter:card\" content=\"summary_large_image\" \/>\n<meta name=\"twitter:label1\" content=\"Scritto da\" \/>\n\t<meta name=\"twitter:data1\" content=\"alexjc\" \/>\n\t<meta name=\"twitter:label2\" content=\"Tempo di lettura stimato\" \/>\n\t<meta name=\"twitter:data2\" content=\"2 minuti\" \/>\n<script type=\"application\/ld+json\" class=\"yoast-schema-graph\">{\"@context\":\"https:\/\/schema.org\",\"@graph\":[{\"@type\":\"Article\",\"@id\":\"https:\/\/www.civiltalaica.it\/cms\/i-candidati-rispondono\/#article\",\"isPartOf\":{\"@id\":\"https:\/\/www.civiltalaica.it\/cms\/i-candidati-rispondono\/\"},\"author\":{\"name\":\"alexjc\",\"@id\":\"https:\/\/www.civiltalaica.it\/cms\/#\/schema\/person\/4efef56f866329a1e0943eb27336df1d\"},\"headline\":\"I candidati rispondono?\",\"datePublished\":\"2013-02-10T17:06:21+00:00\",\"dateModified\":\"2013-02-10T17:06:22+00:00\",\"mainEntityOfPage\":{\"@id\":\"https:\/\/www.civiltalaica.it\/cms\/i-candidati-rispondono\/\"},\"wordCount\":398,\"image\":{\"@id\":\"https:\/\/www.civiltalaica.it\/cms\/i-candidati-rispondono\/#primaryimage\"},\"thumbnailUrl\":\"http:\/\/www.civiltalaica.it\/cms\/wp-content\/uploads\/2013\/02\/img_7235_elezioni-150x150.jpg\",\"keywords\":[\"alessandro chiometti\",\"elezioni\",\"laicit\u00e0\",\"Politica\"],\"articleSection\":[\"articoli\",\"blog\"],\"inLanguage\":\"it-IT\"},{\"@type\":\"WebPage\",\"@id\":\"https:\/\/www.civiltalaica.it\/cms\/i-candidati-rispondono\/\",\"url\":\"https:\/\/www.civiltalaica.it\/cms\/i-candidati-rispondono\/\",\"name\":\"I candidati rispondono? - Associazione Culturale Civilt\u00e0 Laica\",\"isPartOf\":{\"@id\":\"https:\/\/www.civiltalaica.it\/cms\/#website\"},\"primaryImageOfPage\":{\"@id\":\"https:\/\/www.civiltalaica.it\/cms\/i-candidati-rispondono\/#primaryimage\"},\"image\":{\"@id\":\"https:\/\/www.civiltalaica.it\/cms\/i-candidati-rispondono\/#primaryimage\"},\"thumbnailUrl\":\"http:\/\/www.civiltalaica.it\/cms\/wp-content\/uploads\/2013\/02\/img_7235_elezioni-150x150.jpg\",\"datePublished\":\"2013-02-10T17:06:21+00:00\",\"dateModified\":\"2013-02-10T17:06:22+00:00\",\"author\":{\"@id\":\"https:\/\/www.civiltalaica.it\/cms\/#\/schema\/person\/4efef56f866329a1e0943eb27336df1d\"},\"breadcrumb\":{\"@id\":\"https:\/\/www.civiltalaica.it\/cms\/i-candidati-rispondono\/#breadcrumb\"},\"inLanguage\":\"it-IT\",\"potentialAction\":[{\"@type\":\"ReadAction\",\"target\":[\"https:\/\/www.civiltalaica.it\/cms\/i-candidati-rispondono\/\"]}]},{\"@type\":\"ImageObject\",\"inLanguage\":\"it-IT\",\"@id\":\"https:\/\/www.civiltalaica.it\/cms\/i-candidati-rispondono\/#primaryimage\",\"url\":\"http:\/\/www.civiltalaica.it\/cms\/wp-content\/uploads\/2013\/02\/img_7235_elezioni-150x150.jpg\",\"contentUrl\":\"http:\/\/www.civiltalaica.it\/cms\/wp-content\/uploads\/2013\/02\/img_7235_elezioni-150x150.jpg\"},{\"@type\":\"BreadcrumbList\",\"@id\":\"https:\/\/www.civiltalaica.it\/cms\/i-candidati-rispondono\/#breadcrumb\",\"itemListElement\":[{\"@type\":\"ListItem\",\"position\":1,\"name\":\"Home\",\"item\":\"https:\/\/www.civiltalaica.it\/cms\/\"},{\"@type\":\"ListItem\",\"position\":2,\"name\":\"I candidati rispondono?\"}]},{\"@type\":\"WebSite\",\"@id\":\"https:\/\/www.civiltalaica.it\/cms\/#website\",\"url\":\"https:\/\/www.civiltalaica.it\/cms\/\",\"name\":\"Associazione Culturale Civilt\u00e0 Laica\",\"description\":\"Per un movimento culturale volto a difendere la Laicit\u00e0 dello Stato.\",\"potentialAction\":[{\"@type\":\"SearchAction\",\"target\":{\"@type\":\"EntryPoint\",\"urlTemplate\":\"https:\/\/www.civiltalaica.it\/cms\/?s={search_term_string}\"},\"query-input\":{\"@type\":\"PropertyValueSpecification\",\"valueRequired\":true,\"valueName\":\"search_term_string\"}}],\"inLanguage\":\"it-IT\"},{\"@type\":\"Person\",\"@id\":\"https:\/\/www.civiltalaica.it\/cms\/#\/schema\/person\/4efef56f866329a1e0943eb27336df1d\",\"name\":\"alexjc\",\"url\":\"https:\/\/www.civiltalaica.it\/cms\/author\/alexjc\/\"}]}<\/script>\n<!-- \/ Yoast SEO plugin. -->","yoast_head_json":{"title":"I candidati rispondono? - Associazione Culturale Civilt\u00e0 Laica","robots":{"index":"index","follow":"follow","max-snippet":"max-snippet:-1","max-image-preview":"max-image-preview:large","max-video-preview":"max-video-preview:-1"},"canonical":"https:\/\/www.civiltalaica.it\/cms\/i-candidati-rispondono\/","og_locale":"it_IT","og_type":"article","og_title":"I candidati rispondono? - Associazione Culturale Civilt\u00e0 Laica","og_description":"La nostra iniziativa di porre alcune tematiche inerenti la laicit\u00e0 dello stato ai candidati che si presentano nel collegio elettorale della regione Umbria ha incontrato una buona accoglienza da parte di alcuni e il totale disinteresse da parte di altri. Ricordiamo che i partiti politici chiamati a rispondere sono stati: Pd, Sel. Rivoluzione Civile e [&hellip;]","og_url":"https:\/\/www.civiltalaica.it\/cms\/i-candidati-rispondono\/","og_site_name":"Associazione Culturale Civilt\u00e0 Laica","article_publisher":"https:\/\/www.facebook.com\/civiltalaica","article_published_time":"2013-02-10T17:06:21+00:00","article_modified_time":"2013-02-10T17:06:22+00:00","og_image":[{"url":"http:\/\/www.civiltalaica.it\/cms\/wp-content\/uploads\/2013\/02\/img_7235_elezioni-150x150.jpg","type":"","width":"","height":""}],"author":"alexjc","twitter_card":"summary_large_image","twitter_misc":{"Scritto da":"alexjc","Tempo di lettura stimato":"2 minuti"},"schema":{"@context":"https:\/\/schema.org","@graph":[{"@type":"Article","@id":"https:\/\/www.civiltalaica.it\/cms\/i-candidati-rispondono\/#article","isPartOf":{"@id":"https:\/\/www.civiltalaica.it\/cms\/i-candidati-rispondono\/"},"author":{"name":"alexjc","@id":"https:\/\/www.civiltalaica.it\/cms\/#\/schema\/person\/4efef56f866329a1e0943eb27336df1d"},"headline":"I candidati rispondono?","datePublished":"2013-02-10T17:06:21+00:00","dateModified":"2013-02-10T17:06:22+00:00","mainEntityOfPage":{"@id":"https:\/\/www.civiltalaica.it\/cms\/i-candidati-rispondono\/"},"wordCount":398,"image":{"@id":"https:\/\/www.civiltalaica.it\/cms\/i-candidati-rispondono\/#primaryimage"},"thumbnailUrl":"http:\/\/www.civiltalaica.it\/cms\/wp-content\/uploads\/2013\/02\/img_7235_elezioni-150x150.jpg","keywords":["alessandro chiometti","elezioni","laicit\u00e0","Politica"],"articleSection":["articoli","blog"],"inLanguage":"it-IT"},{"@type":"WebPage","@id":"https:\/\/www.civiltalaica.it\/cms\/i-candidati-rispondono\/","url":"https:\/\/www.civiltalaica.it\/cms\/i-candidati-rispondono\/","name":"I candidati rispondono? - Associazione Culturale Civilt\u00e0 Laica","isPartOf":{"@id":"https:\/\/www.civiltalaica.it\/cms\/#website"},"primaryImageOfPage":{"@id":"https:\/\/www.civiltalaica.it\/cms\/i-candidati-rispondono\/#primaryimage"},"image":{"@id":"https:\/\/www.civiltalaica.it\/cms\/i-candidati-rispondono\/#primaryimage"},"thumbnailUrl":"http:\/\/www.civiltalaica.it\/cms\/wp-content\/uploads\/2013\/02\/img_7235_elezioni-150x150.jpg","datePublished":"2013-02-10T17:06:21+00:00","dateModified":"2013-02-10T17:06:22+00:00","author":{"@id":"https:\/\/www.civiltalaica.it\/cms\/#\/schema\/person\/4efef56f866329a1e0943eb27336df1d"},"breadcrumb":{"@id":"https:\/\/www.civiltalaica.it\/cms\/i-candidati-rispondono\/#breadcrumb"},"inLanguage":"it-IT","potentialAction":[{"@type":"ReadAction","target":["https:\/\/www.civiltalaica.it\/cms\/i-candidati-rispondono\/"]}]},{"@type":"ImageObject","inLanguage":"it-IT","@id":"https:\/\/www.civiltalaica.it\/cms\/i-candidati-rispondono\/#primaryimage","url":"http:\/\/www.civiltalaica.it\/cms\/wp-content\/uploads\/2013\/02\/img_7235_elezioni-150x150.jpg","contentUrl":"http:\/\/www.civiltalaica.it\/cms\/wp-content\/uploads\/2013\/02\/img_7235_elezioni-150x150.jpg"},{"@type":"BreadcrumbList","@id":"https:\/\/www.civiltalaica.it\/cms\/i-candidati-rispondono\/#breadcrumb","itemListElement":[{"@type":"ListItem","position":1,"name":"Home","item":"https:\/\/www.civiltalaica.it\/cms\/"},{"@type":"ListItem","position":2,"name":"I candidati rispondono?"}]},{"@type":"WebSite","@id":"https:\/\/www.civiltalaica.it\/cms\/#website","url":"https:\/\/www.civiltalaica.it\/cms\/","name":"Associazione Culturale Civilt\u00e0 Laica","description":"Per un movimento culturale volto a difendere la Laicit\u00e0 dello Stato.","potentialAction":[{"@type":"SearchAction","target":{"@type":"EntryPoint","urlTemplate":"https:\/\/www.civiltalaica.it\/cms\/?s={search_term_string}"},"query-input":{"@type":"PropertyValueSpecification","valueRequired":true,"valueName":"search_term_string"}}],"inLanguage":"it-IT"},{"@type":"Person","@id":"https:\/\/www.civiltalaica.it\/cms\/#\/schema\/person\/4efef56f866329a1e0943eb27336df1d","name":"alexjc","url":"https:\/\/www.civiltalaica.it\/cms\/author\/alexjc\/"}]}},"_links":{"self":[{"href":"https:\/\/www.civiltalaica.it\/cms\/wp-json\/wp\/v2\/posts\/11194","targetHints":{"allow":["GET"]}}],"collection":[{"href":"https:\/\/www.civiltalaica.it\/cms\/wp-json\/wp\/v2\/posts"}],"about":[{"href":"https:\/\/www.civiltalaica.it\/cms\/wp-json\/wp\/v2\/types\/post"}],"author":[{"embeddable":true,"href":"https:\/\/www.civiltalaica.it\/cms\/wp-json\/wp\/v2\/users\/7"}],"replies":[{"embeddable":true,"href":"https:\/\/www.civiltalaica.it\/cms\/wp-json\/wp\/v2\/comments?post=11194"}],"version-history":[{"count":0,"href":"https:\/\/www.civiltalaica.it\/cms\/wp-json\/wp\/v2\/posts\/11194\/revisions"}],"wp:attachment":[{"href":"https:\/\/www.civiltalaica.it\/cms\/wp-json\/wp\/v2\/media?parent=11194"}],"wp:term":[{"taxonomy":"category","embeddable":true,"href":"https:\/\/www.civiltalaica.it\/cms\/wp-json\/wp\/v2\/categories?post=11194"},{"taxonomy":"post_tag","embeddable":true,"href":"https:\/\/www.civiltalaica.it\/cms\/wp-json\/wp\/v2\/tags?post=11194"}],"curies":[{"name":"wp","href":"https:\/\/api.w.org\/{rel}","templated":true}]}}