{"id":11176,"date":"2013-02-05T17:39:56","date_gmt":"2013-02-05T17:39:56","guid":{"rendered":"http:\/\/www.civiltalaica.it\/cms\/?p=11176"},"modified":"2013-02-05T18:19:21","modified_gmt":"2013-02-05T18:19:21","slug":"inizio-raccolta-firme-per-la-sala-del-commiato-unoccasione-persa-per-il-comune-di-terni","status":"publish","type":"post","link":"https:\/\/www.civiltalaica.it\/cms\/inizio-raccolta-firme-per-la-sala-del-commiato-unoccasione-persa-per-il-comune-di-terni\/","title":{"rendered":"Inizio raccolta firme per la sala del commiato, un&#8217;occasione persa per il Comune di Terni"},"content":{"rendered":"<p>L&#8217;inizio della raccolta firme per richiedere al Comune di Terni di istituire una sala del commiato laico \u00e8 cominciata con un ritmo vertiginoso.<!--more--><\/p>\n<p><a href=\"http:\/\/www.civiltalaica.it\/cms\/index.php\/conferenza-stampa.html\/volasalacomm\" rel=\"attachment wp-att-11138\"><img loading=\"lazy\" decoding=\"async\" class=\"alignleft size-medium wp-image-11138\" alt=\"volasalacomm\" src=\"http:\/\/www.civiltalaica.it\/cms\/wp-content\/uploads\/2013\/01\/volasalacomm-214x300.jpg\" width=\"214\" height=\"300\" srcset=\"https:\/\/www.civiltalaica.it\/cms\/wp-content\/uploads\/2013\/01\/volasalacomm-214x300.jpg 214w, https:\/\/www.civiltalaica.it\/cms\/wp-content\/uploads\/2013\/01\/volasalacomm-731x1024.jpg 731w, https:\/\/www.civiltalaica.it\/cms\/wp-content\/uploads\/2013\/01\/volasalacomm.jpg 901w\" sizes=\"auto, (max-width: 214px) 100vw, 214px\" \/><\/a>In una sola mattinata, per altro non certo baciata dal sole, le firme raccolte sono state oltre 50, cosa che unita all&#8217;impegno e al supporto che diverse persone si sono impegnate a darci ci fa pensare che supereremo facilmente l&#8217;obiettivo minimo che ci eravamo dati di raccogliere almeno qualche centinaio di firme. A che numero arriveremo \u00e8 difficile prevederlo ma di sicuro l&#8217;effetto che questa iniziativa ha avuto sulle persone \u00e8 stato ottimo. Molti dei firmatari si sono dichiarati cattolici convinti e non capiscono come sia possibile che il comune di Terni da dieci anni sia sordo a una richiesta del genere. Anzi per essere precisi la domanda pi\u00f9 comune che ci hanno fatto \u00e8 stata &#8220;ma A Terni per avere una cosa del genere \u00e8 necessario raccogliere le firme?&#8221;.<\/p>\n<p>Come avevamo preannunciato al vicesindaco Libero Paci se si fosse dovuti arrivare a tanto il Comune di Terni non ci avrebbe fatto una bella figura, ma tant&#8217;\u00e8&#8230; evidentemente alle pessime figure ci sono abituati. Tra qualche mese vedremo cosa saranno capaci di fare in consiglio comunale di fronte a una petizione popolare sottoscritta da tanti cittadini.<\/p>\n","protected":false},"excerpt":{"rendered":"<p>L&#8217;inizio della raccolta firme per richiedere al Comune di Terni di istituire una sala del commiato laico \u00e8 cominciata con un ritmo vertiginoso.<\/p>\n","protected":false},"author":7,"featured_media":0,"comment_status":"closed","ping_status":"closed","sticky":false,"template":"","format":"standard","meta":{"footnotes":""},"categories":[238,235],"tags":[],"class_list":["post-11176","post","type-post","status-publish","format-standard","hentry","category-articoli","category-andata"],"yoast_head":"<!-- This site is optimized with the Yoast SEO plugin v27.1.1 - https:\/\/yoast.com\/product\/yoast-seo-wordpress\/ -->\n<title>Inizio raccolta firme per la sala del commiato, un&#039;occasione persa per il Comune di Terni - Associazione Culturale Civilt\u00e0 Laica<\/title>\n<meta name=\"robots\" content=\"index, follow, max-snippet:-1, max-image-preview:large, max-video-preview:-1\" \/>\n<link rel=\"canonical\" href=\"https:\/\/www.civiltalaica.it\/cms\/inizio-raccolta-firme-per-la-sala-del-commiato-unoccasione-persa-per-il-comune-di-terni\/\" \/>\n<meta property=\"og:locale\" content=\"it_IT\" \/>\n<meta property=\"og:type\" content=\"article\" \/>\n<meta property=\"og:title\" content=\"Inizio raccolta firme per la sala del commiato, un&#039;occasione persa per il Comune di Terni - Associazione Culturale Civilt\u00e0 Laica\" \/>\n<meta property=\"og:description\" content=\"L&#8217;inizio della raccolta firme per richiedere al Comune di Terni di istituire una sala del commiato laico \u00e8 cominciata con un ritmo vertiginoso.\" \/>\n<meta property=\"og:url\" content=\"https:\/\/www.civiltalaica.it\/cms\/inizio-raccolta-firme-per-la-sala-del-commiato-unoccasione-persa-per-il-comune-di-terni\/\" \/>\n<meta property=\"og:site_name\" content=\"Associazione Culturale Civilt\u00e0 Laica\" \/>\n<meta property=\"article:publisher\" content=\"https:\/\/www.facebook.com\/civiltalaica\" \/>\n<meta property=\"article:published_time\" content=\"2013-02-05T17:39:56+00:00\" \/>\n<meta property=\"article:modified_time\" content=\"2013-02-05T18:19:21+00:00\" \/>\n<meta property=\"og:image\" content=\"http:\/\/www.civiltalaica.it\/cms\/wp-content\/uploads\/2013\/01\/volasalacomm-214x300.jpg\" \/>\n<meta name=\"author\" content=\"alexjc\" \/>\n<meta name=\"twitter:card\" content=\"summary_large_image\" \/>\n<meta name=\"twitter:label1\" content=\"Scritto da\" \/>\n\t<meta name=\"twitter:data1\" content=\"alexjc\" \/>\n\t<meta name=\"twitter:label2\" content=\"Tempo di lettura stimato\" \/>\n\t<meta name=\"twitter:data2\" content=\"1 minuto\" \/>\n<script type=\"application\/ld+json\" class=\"yoast-schema-graph\">{\"@context\":\"https:\/\/schema.org\",\"@graph\":[{\"@type\":\"Article\",\"@id\":\"https:\/\/www.civiltalaica.it\/cms\/inizio-raccolta-firme-per-la-sala-del-commiato-unoccasione-persa-per-il-comune-di-terni\/#article\",\"isPartOf\":{\"@id\":\"https:\/\/www.civiltalaica.it\/cms\/inizio-raccolta-firme-per-la-sala-del-commiato-unoccasione-persa-per-il-comune-di-terni\/\"},\"author\":{\"name\":\"alexjc\",\"@id\":\"https:\/\/www.civiltalaica.it\/cms\/#\/schema\/person\/4efef56f866329a1e0943eb27336df1d\"},\"headline\":\"Inizio raccolta firme per la sala del commiato, un&#8217;occasione persa per il Comune di Terni\",\"datePublished\":\"2013-02-05T17:39:56+00:00\",\"dateModified\":\"2013-02-05T18:19:21+00:00\",\"mainEntityOfPage\":{\"@id\":\"https:\/\/www.civiltalaica.it\/cms\/inizio-raccolta-firme-per-la-sala-del-commiato-unoccasione-persa-per-il-comune-di-terni\/\"},\"wordCount\":218,\"image\":{\"@id\":\"https:\/\/www.civiltalaica.it\/cms\/inizio-raccolta-firme-per-la-sala-del-commiato-unoccasione-persa-per-il-comune-di-terni\/#primaryimage\"},\"thumbnailUrl\":\"http:\/\/www.civiltalaica.it\/cms\/wp-content\/uploads\/2013\/01\/volasalacomm-214x300.jpg\",\"articleSection\":[\"articoli\",\"come \u00e8 andata?\"],\"inLanguage\":\"it-IT\"},{\"@type\":\"WebPage\",\"@id\":\"https:\/\/www.civiltalaica.it\/cms\/inizio-raccolta-firme-per-la-sala-del-commiato-unoccasione-persa-per-il-comune-di-terni\/\",\"url\":\"https:\/\/www.civiltalaica.it\/cms\/inizio-raccolta-firme-per-la-sala-del-commiato-unoccasione-persa-per-il-comune-di-terni\/\",\"name\":\"Inizio raccolta firme per la sala del commiato, un'occasione persa per il Comune di Terni - Associazione Culturale Civilt\u00e0 Laica\",\"isPartOf\":{\"@id\":\"https:\/\/www.civiltalaica.it\/cms\/#website\"},\"primaryImageOfPage\":{\"@id\":\"https:\/\/www.civiltalaica.it\/cms\/inizio-raccolta-firme-per-la-sala-del-commiato-unoccasione-persa-per-il-comune-di-terni\/#primaryimage\"},\"image\":{\"@id\":\"https:\/\/www.civiltalaica.it\/cms\/inizio-raccolta-firme-per-la-sala-del-commiato-unoccasione-persa-per-il-comune-di-terni\/#primaryimage\"},\"thumbnailUrl\":\"http:\/\/www.civiltalaica.it\/cms\/wp-content\/uploads\/2013\/01\/volasalacomm-214x300.jpg\",\"datePublished\":\"2013-02-05T17:39:56+00:00\",\"dateModified\":\"2013-02-05T18:19:21+00:00\",\"author\":{\"@id\":\"https:\/\/www.civiltalaica.it\/cms\/#\/schema\/person\/4efef56f866329a1e0943eb27336df1d\"},\"breadcrumb\":{\"@id\":\"https:\/\/www.civiltalaica.it\/cms\/inizio-raccolta-firme-per-la-sala-del-commiato-unoccasione-persa-per-il-comune-di-terni\/#breadcrumb\"},\"inLanguage\":\"it-IT\",\"potentialAction\":[{\"@type\":\"ReadAction\",\"target\":[\"https:\/\/www.civiltalaica.it\/cms\/inizio-raccolta-firme-per-la-sala-del-commiato-unoccasione-persa-per-il-comune-di-terni\/\"]}]},{\"@type\":\"ImageObject\",\"inLanguage\":\"it-IT\",\"@id\":\"https:\/\/www.civiltalaica.it\/cms\/inizio-raccolta-firme-per-la-sala-del-commiato-unoccasione-persa-per-il-comune-di-terni\/#primaryimage\",\"url\":\"http:\/\/www.civiltalaica.it\/cms\/wp-content\/uploads\/2013\/01\/volasalacomm-214x300.jpg\",\"contentUrl\":\"http:\/\/www.civiltalaica.it\/cms\/wp-content\/uploads\/2013\/01\/volasalacomm-214x300.jpg\"},{\"@type\":\"BreadcrumbList\",\"@id\":\"https:\/\/www.civiltalaica.it\/cms\/inizio-raccolta-firme-per-la-sala-del-commiato-unoccasione-persa-per-il-comune-di-terni\/#breadcrumb\",\"itemListElement\":[{\"@type\":\"ListItem\",\"position\":1,\"name\":\"Home\",\"item\":\"https:\/\/www.civiltalaica.it\/cms\/\"},{\"@type\":\"ListItem\",\"position\":2,\"name\":\"Inizio raccolta firme per la sala del commiato, un&#8217;occasione persa per il Comune di Terni\"}]},{\"@type\":\"WebSite\",\"@id\":\"https:\/\/www.civiltalaica.it\/cms\/#website\",\"url\":\"https:\/\/www.civiltalaica.it\/cms\/\",\"name\":\"Associazione Culturale Civilt\u00e0 Laica\",\"description\":\"Per un movimento culturale volto a difendere la Laicit\u00e0 dello Stato.\",\"potentialAction\":[{\"@type\":\"SearchAction\",\"target\":{\"@type\":\"EntryPoint\",\"urlTemplate\":\"https:\/\/www.civiltalaica.it\/cms\/?s={search_term_string}\"},\"query-input\":{\"@type\":\"PropertyValueSpecification\",\"valueRequired\":true,\"valueName\":\"search_term_string\"}}],\"inLanguage\":\"it-IT\"},{\"@type\":\"Person\",\"@id\":\"https:\/\/www.civiltalaica.it\/cms\/#\/schema\/person\/4efef56f866329a1e0943eb27336df1d\",\"name\":\"alexjc\",\"url\":\"https:\/\/www.civiltalaica.it\/cms\/author\/alexjc\/\"}]}<\/script>\n<!-- \/ Yoast SEO plugin. -->","yoast_head_json":{"title":"Inizio raccolta firme per la sala del commiato, un'occasione persa per il Comune di Terni - Associazione Culturale Civilt\u00e0 Laica","robots":{"index":"index","follow":"follow","max-snippet":"max-snippet:-1","max-image-preview":"max-image-preview:large","max-video-preview":"max-video-preview:-1"},"canonical":"https:\/\/www.civiltalaica.it\/cms\/inizio-raccolta-firme-per-la-sala-del-commiato-unoccasione-persa-per-il-comune-di-terni\/","og_locale":"it_IT","og_type":"article","og_title":"Inizio raccolta firme per la sala del commiato, un'occasione persa per il Comune di Terni - Associazione Culturale Civilt\u00e0 Laica","og_description":"L&#8217;inizio della raccolta firme per richiedere al Comune di Terni di istituire una sala del commiato laico \u00e8 cominciata con un ritmo vertiginoso.","og_url":"https:\/\/www.civiltalaica.it\/cms\/inizio-raccolta-firme-per-la-sala-del-commiato-unoccasione-persa-per-il-comune-di-terni\/","og_site_name":"Associazione Culturale Civilt\u00e0 Laica","article_publisher":"https:\/\/www.facebook.com\/civiltalaica","article_published_time":"2013-02-05T17:39:56+00:00","article_modified_time":"2013-02-05T18:19:21+00:00","og_image":[{"url":"http:\/\/www.civiltalaica.it\/cms\/wp-content\/uploads\/2013\/01\/volasalacomm-214x300.jpg","type":"","width":"","height":""}],"author":"alexjc","twitter_card":"summary_large_image","twitter_misc":{"Scritto da":"alexjc","Tempo di lettura stimato":"1 minuto"},"schema":{"@context":"https:\/\/schema.org","@graph":[{"@type":"Article","@id":"https:\/\/www.civiltalaica.it\/cms\/inizio-raccolta-firme-per-la-sala-del-commiato-unoccasione-persa-per-il-comune-di-terni\/#article","isPartOf":{"@id":"https:\/\/www.civiltalaica.it\/cms\/inizio-raccolta-firme-per-la-sala-del-commiato-unoccasione-persa-per-il-comune-di-terni\/"},"author":{"name":"alexjc","@id":"https:\/\/www.civiltalaica.it\/cms\/#\/schema\/person\/4efef56f866329a1e0943eb27336df1d"},"headline":"Inizio raccolta firme per la sala del commiato, un&#8217;occasione persa per il Comune di Terni","datePublished":"2013-02-05T17:39:56+00:00","dateModified":"2013-02-05T18:19:21+00:00","mainEntityOfPage":{"@id":"https:\/\/www.civiltalaica.it\/cms\/inizio-raccolta-firme-per-la-sala-del-commiato-unoccasione-persa-per-il-comune-di-terni\/"},"wordCount":218,"image":{"@id":"https:\/\/www.civiltalaica.it\/cms\/inizio-raccolta-firme-per-la-sala-del-commiato-unoccasione-persa-per-il-comune-di-terni\/#primaryimage"},"thumbnailUrl":"http:\/\/www.civiltalaica.it\/cms\/wp-content\/uploads\/2013\/01\/volasalacomm-214x300.jpg","articleSection":["articoli","come \u00e8 andata?"],"inLanguage":"it-IT"},{"@type":"WebPage","@id":"https:\/\/www.civiltalaica.it\/cms\/inizio-raccolta-firme-per-la-sala-del-commiato-unoccasione-persa-per-il-comune-di-terni\/","url":"https:\/\/www.civiltalaica.it\/cms\/inizio-raccolta-firme-per-la-sala-del-commiato-unoccasione-persa-per-il-comune-di-terni\/","name":"Inizio raccolta firme per la sala del commiato, un'occasione persa per il Comune di Terni - Associazione Culturale Civilt\u00e0 Laica","isPartOf":{"@id":"https:\/\/www.civiltalaica.it\/cms\/#website"},"primaryImageOfPage":{"@id":"https:\/\/www.civiltalaica.it\/cms\/inizio-raccolta-firme-per-la-sala-del-commiato-unoccasione-persa-per-il-comune-di-terni\/#primaryimage"},"image":{"@id":"https:\/\/www.civiltalaica.it\/cms\/inizio-raccolta-firme-per-la-sala-del-commiato-unoccasione-persa-per-il-comune-di-terni\/#primaryimage"},"thumbnailUrl":"http:\/\/www.civiltalaica.it\/cms\/wp-content\/uploads\/2013\/01\/volasalacomm-214x300.jpg","datePublished":"2013-02-05T17:39:56+00:00","dateModified":"2013-02-05T18:19:21+00:00","author":{"@id":"https:\/\/www.civiltalaica.it\/cms\/#\/schema\/person\/4efef56f866329a1e0943eb27336df1d"},"breadcrumb":{"@id":"https:\/\/www.civiltalaica.it\/cms\/inizio-raccolta-firme-per-la-sala-del-commiato-unoccasione-persa-per-il-comune-di-terni\/#breadcrumb"},"inLanguage":"it-IT","potentialAction":[{"@type":"ReadAction","target":["https:\/\/www.civiltalaica.it\/cms\/inizio-raccolta-firme-per-la-sala-del-commiato-unoccasione-persa-per-il-comune-di-terni\/"]}]},{"@type":"ImageObject","inLanguage":"it-IT","@id":"https:\/\/www.civiltalaica.it\/cms\/inizio-raccolta-firme-per-la-sala-del-commiato-unoccasione-persa-per-il-comune-di-terni\/#primaryimage","url":"http:\/\/www.civiltalaica.it\/cms\/wp-content\/uploads\/2013\/01\/volasalacomm-214x300.jpg","contentUrl":"http:\/\/www.civiltalaica.it\/cms\/wp-content\/uploads\/2013\/01\/volasalacomm-214x300.jpg"},{"@type":"BreadcrumbList","@id":"https:\/\/www.civiltalaica.it\/cms\/inizio-raccolta-firme-per-la-sala-del-commiato-unoccasione-persa-per-il-comune-di-terni\/#breadcrumb","itemListElement":[{"@type":"ListItem","position":1,"name":"Home","item":"https:\/\/www.civiltalaica.it\/cms\/"},{"@type":"ListItem","position":2,"name":"Inizio raccolta firme per la sala del commiato, un&#8217;occasione persa per il Comune di Terni"}]},{"@type":"WebSite","@id":"https:\/\/www.civiltalaica.it\/cms\/#website","url":"https:\/\/www.civiltalaica.it\/cms\/","name":"Associazione Culturale Civilt\u00e0 Laica","description":"Per un movimento culturale volto a difendere la Laicit\u00e0 dello Stato.","potentialAction":[{"@type":"SearchAction","target":{"@type":"EntryPoint","urlTemplate":"https:\/\/www.civiltalaica.it\/cms\/?s={search_term_string}"},"query-input":{"@type":"PropertyValueSpecification","valueRequired":true,"valueName":"search_term_string"}}],"inLanguage":"it-IT"},{"@type":"Person","@id":"https:\/\/www.civiltalaica.it\/cms\/#\/schema\/person\/4efef56f866329a1e0943eb27336df1d","name":"alexjc","url":"https:\/\/www.civiltalaica.it\/cms\/author\/alexjc\/"}]}},"_links":{"self":[{"href":"https:\/\/www.civiltalaica.it\/cms\/wp-json\/wp\/v2\/posts\/11176","targetHints":{"allow":["GET"]}}],"collection":[{"href":"https:\/\/www.civiltalaica.it\/cms\/wp-json\/wp\/v2\/posts"}],"about":[{"href":"https:\/\/www.civiltalaica.it\/cms\/wp-json\/wp\/v2\/types\/post"}],"author":[{"embeddable":true,"href":"https:\/\/www.civiltalaica.it\/cms\/wp-json\/wp\/v2\/users\/7"}],"replies":[{"embeddable":true,"href":"https:\/\/www.civiltalaica.it\/cms\/wp-json\/wp\/v2\/comments?post=11176"}],"version-history":[{"count":0,"href":"https:\/\/www.civiltalaica.it\/cms\/wp-json\/wp\/v2\/posts\/11176\/revisions"}],"wp:attachment":[{"href":"https:\/\/www.civiltalaica.it\/cms\/wp-json\/wp\/v2\/media?parent=11176"}],"wp:term":[{"taxonomy":"category","embeddable":true,"href":"https:\/\/www.civiltalaica.it\/cms\/wp-json\/wp\/v2\/categories?post=11176"},{"taxonomy":"post_tag","embeddable":true,"href":"https:\/\/www.civiltalaica.it\/cms\/wp-json\/wp\/v2\/tags?post=11176"}],"curies":[{"name":"wp","href":"https:\/\/api.w.org\/{rel}","templated":true}]}}