{"id":11159,"date":"2013-01-30T18:21:41","date_gmt":"2013-01-30T18:21:41","guid":{"rendered":"http:\/\/www.civiltalaica.it\/cms\/?p=11159"},"modified":"2013-01-30T18:21:41","modified_gmt":"2013-01-30T18:21:41","slug":"aaa-confronto-con-i-candidati-cercasi","status":"publish","type":"post","link":"https:\/\/www.civiltalaica.it\/cms\/aaa-confronto-con-i-candidati-cercasi\/","title":{"rendered":"AAA confronto con i candidati cercasi"},"content":{"rendered":"<div><em><a href=\"http:\/\/www.civiltalaica.it\/cms\/index.php\/aaa-confronto-con-i-candidati-cercasi.html\/elezioni_urna1\" rel=\"attachment wp-att-11160\"><img loading=\"lazy\" decoding=\"async\" class=\"alignleft size-thumbnail wp-image-11160\" alt=\"elezioni_urna1\" src=\"http:\/\/www.civiltalaica.it\/cms\/wp-content\/uploads\/2013\/01\/elezioni_urna1-150x150.jpg\" width=\"150\" height=\"150\" \/><\/a>Ieri ho partecipato alla presentazione dei candidati del PD avvenuta presso l&#8217;Hotel Michelangelo mentre stamattina ho partecipato a quella della Rivoluzione Civile di Ingroia presso la sala conciliare del Comune. L&#8217;intento era quello di interrogare i candidati dei due schieramenti sulla loro &#8220;confidenza&#8221; con i temi della laicit\u00e0 delle istituzioni e sulle loro intenzioni di sostegno o meno delle nostre iniziative e delle nostre proposte.<!--more--><\/em><\/div>\n<div><em>Debbo rilevare una diversa accoglienza da parte dei due schieramenti: di freddezza da parte dei candidati PD che mi hanno &#8221; concesso&#8221; la parola solo con fastidio e dopo mie reiterate e insistite richieste e che non hanno voluto affrontare i temi n\u00e8 darmi uno straccio di risposta ma piuttosto un deciso invito a smetterla avendo chiuso la loro presentazione con il solo intervento dei singoli candidati non avendo previsto per nessuno la possibilit\u00e0 di interloquire. Uno spettacolo ed un&#8217;esperienza desolante.<\/em><\/div>\n<div><em>Molto diverso l&#8217;approccio con &#8220;Rivoluzione civile&#8221;: mi hanno permesso di parlare, hanno confrontato positivamente le nostre idee con le loro e documentato che le nostre aspettative fanno parte del programma politico del movimento. Un&#8217;esperienza positiva e incoraggiante.<\/em><\/div>\n<div><em>La mia non deve essere assolutamente interpretata come propaganda politica: sto semplicemente esponendo i fatti. L&#8217;iniziativa \u00e8 stata presa in collaborazione ed accordo con Civilt\u00e0 Laica con l&#8217;intento di far conoscere e discutere i nostri temi e accertare quale fosse l&#8217;accoglienza e l&#8217;interesse che per questi temi ha la politica attiva.<\/em><\/div>\n<div><em>Un caro ateo saluto<\/em><\/div>\n<div>\u00a0<\/div>\n<div><em><strong>Eraldo Giulianelli<\/strong><\/em><\/div>\n<div>\u00a0<\/div>\n<div>Ringraziando Eraldo per il contributo preannunciamo ai nostri lettori che sono state mandate delle mail ai rappresentanti locali dei seguenti partiti: PD, Sel, Rivoluzione Civile, Movimento Cinque Stelle; con l&#8217;invito a costoro di farci sapere le opinioni dei candidati in questo distretto elettorale sulle seguenti tematiche laiche.\u00a0<\/div>\n<div>\n<div>1) Testamento Biologico \/ Eutanasia<\/div>\n<div>2) Costi della chiesa (come recuperare 6 mld di euro annui di costo pubblico della chiesa)<\/div>\n<div>3) Fecondazione assistita (legge 40)<\/div>\n<div>4) Scuola pubblica \/ privata<\/div>\n<div>5) Difesa e applicazione della legge 194 sull&#8217;aborto<\/div>\n<div>6) Divorzio breve<\/div>\n<div>7) coppie di fatto\/matrimonio omosessuale<\/div>\n<div>8) adozioni per i single<\/div>\n<div>Abbiamo dato tempo per rispondere fino all&#8217;11 Febbraio, dopo di che tireremo le somme sulla laicit\u00e0 dei candidati.\u00a0<\/div>\n<div>Prima che chiediate &#8220;perch\u00e9 solo a quei partiti&#8221; anticipiamo la risposta dicendo che il resto del panorama politico (Pdl, Lega, Udc) ha gi\u00e0 espresso in modo chiaro e netto le sue posizioni quindi non ha senso stare a ripetere domande di cui sappiamo gi\u00e0 la risposta.<\/div>\n<div>\u00a0<\/div>\n<div>\u00a0<\/div>\n<\/div>\n","protected":false},"excerpt":{"rendered":"<p>Ieri ho partecipato alla presentazione dei candidati del PD avvenuta presso l&#8217;Hotel Michelangelo mentre stamattina ho partecipato a quella della Rivoluzione Civile di Ingroia presso la sala conciliare del Comune. L&#8217;intento era quello di interrogare i candidati dei due schieramenti sulla loro &#8220;confidenza&#8221; con i temi della laicit\u00e0 delle istituzioni e sulle loro intenzioni di [&hellip;]<\/p>\n","protected":false},"author":7,"featured_media":0,"comment_status":"closed","ping_status":"closed","sticky":false,"template":"","format":"standard","meta":{"footnotes":""},"categories":[238,228],"tags":[151,732,51],"class_list":["post-11159","post","type-post","status-publish","format-standard","hentry","category-articoli","category-blog","tag-elezioni","tag-eraldo-giulianelli","tag-politica"],"yoast_head":"<!-- This site is optimized with the Yoast SEO plugin v27.1.1 - https:\/\/yoast.com\/product\/yoast-seo-wordpress\/ -->\n<title>AAA confronto con i candidati cercasi - Associazione Culturale Civilt\u00e0 Laica<\/title>\n<meta name=\"robots\" content=\"index, follow, max-snippet:-1, max-image-preview:large, max-video-preview:-1\" \/>\n<link rel=\"canonical\" href=\"https:\/\/www.civiltalaica.it\/cms\/aaa-confronto-con-i-candidati-cercasi\/\" \/>\n<meta property=\"og:locale\" content=\"it_IT\" \/>\n<meta property=\"og:type\" content=\"article\" \/>\n<meta property=\"og:title\" content=\"AAA confronto con i candidati cercasi - Associazione Culturale Civilt\u00e0 Laica\" \/>\n<meta property=\"og:description\" content=\"Ieri ho partecipato alla presentazione dei candidati del PD avvenuta presso l&#8217;Hotel Michelangelo mentre stamattina ho partecipato a quella della Rivoluzione Civile di Ingroia presso la sala conciliare del Comune. L&#8217;intento era quello di interrogare i candidati dei due schieramenti sulla loro &#8220;confidenza&#8221; con i temi della laicit\u00e0 delle istituzioni e sulle loro intenzioni di [&hellip;]\" \/>\n<meta property=\"og:url\" content=\"https:\/\/www.civiltalaica.it\/cms\/aaa-confronto-con-i-candidati-cercasi\/\" \/>\n<meta property=\"og:site_name\" content=\"Associazione Culturale Civilt\u00e0 Laica\" \/>\n<meta property=\"article:publisher\" content=\"https:\/\/www.facebook.com\/civiltalaica\" \/>\n<meta property=\"article:published_time\" content=\"2013-01-30T18:21:41+00:00\" \/>\n<meta property=\"og:image\" content=\"http:\/\/www.civiltalaica.it\/cms\/wp-content\/uploads\/2013\/01\/elezioni_urna1-150x150.jpg\" \/>\n<meta name=\"author\" content=\"alexjc\" \/>\n<meta name=\"twitter:card\" content=\"summary_large_image\" \/>\n<meta name=\"twitter:label1\" content=\"Scritto da\" \/>\n\t<meta name=\"twitter:data1\" content=\"alexjc\" \/>\n\t<meta name=\"twitter:label2\" content=\"Tempo di lettura stimato\" \/>\n\t<meta name=\"twitter:data2\" content=\"2 minuti\" \/>\n<script type=\"application\/ld+json\" class=\"yoast-schema-graph\">{\"@context\":\"https:\/\/schema.org\",\"@graph\":[{\"@type\":\"Article\",\"@id\":\"https:\/\/www.civiltalaica.it\/cms\/aaa-confronto-con-i-candidati-cercasi\/#article\",\"isPartOf\":{\"@id\":\"https:\/\/www.civiltalaica.it\/cms\/aaa-confronto-con-i-candidati-cercasi\/\"},\"author\":{\"name\":\"alexjc\",\"@id\":\"https:\/\/www.civiltalaica.it\/cms\/#\/schema\/person\/4efef56f866329a1e0943eb27336df1d\"},\"headline\":\"AAA confronto con i candidati cercasi\",\"datePublished\":\"2013-01-30T18:21:41+00:00\",\"mainEntityOfPage\":{\"@id\":\"https:\/\/www.civiltalaica.it\/cms\/aaa-confronto-con-i-candidati-cercasi\/\"},\"wordCount\":395,\"image\":{\"@id\":\"https:\/\/www.civiltalaica.it\/cms\/aaa-confronto-con-i-candidati-cercasi\/#primaryimage\"},\"thumbnailUrl\":\"http:\/\/www.civiltalaica.it\/cms\/wp-content\/uploads\/2013\/01\/elezioni_urna1-150x150.jpg\",\"keywords\":[\"elezioni\",\"eraldo giulianelli\",\"Politica\"],\"articleSection\":[\"articoli\",\"blog\"],\"inLanguage\":\"it-IT\"},{\"@type\":\"WebPage\",\"@id\":\"https:\/\/www.civiltalaica.it\/cms\/aaa-confronto-con-i-candidati-cercasi\/\",\"url\":\"https:\/\/www.civiltalaica.it\/cms\/aaa-confronto-con-i-candidati-cercasi\/\",\"name\":\"AAA confronto con i candidati cercasi - Associazione Culturale Civilt\u00e0 Laica\",\"isPartOf\":{\"@id\":\"https:\/\/www.civiltalaica.it\/cms\/#website\"},\"primaryImageOfPage\":{\"@id\":\"https:\/\/www.civiltalaica.it\/cms\/aaa-confronto-con-i-candidati-cercasi\/#primaryimage\"},\"image\":{\"@id\":\"https:\/\/www.civiltalaica.it\/cms\/aaa-confronto-con-i-candidati-cercasi\/#primaryimage\"},\"thumbnailUrl\":\"http:\/\/www.civiltalaica.it\/cms\/wp-content\/uploads\/2013\/01\/elezioni_urna1-150x150.jpg\",\"datePublished\":\"2013-01-30T18:21:41+00:00\",\"author\":{\"@id\":\"https:\/\/www.civiltalaica.it\/cms\/#\/schema\/person\/4efef56f866329a1e0943eb27336df1d\"},\"breadcrumb\":{\"@id\":\"https:\/\/www.civiltalaica.it\/cms\/aaa-confronto-con-i-candidati-cercasi\/#breadcrumb\"},\"inLanguage\":\"it-IT\",\"potentialAction\":[{\"@type\":\"ReadAction\",\"target\":[\"https:\/\/www.civiltalaica.it\/cms\/aaa-confronto-con-i-candidati-cercasi\/\"]}]},{\"@type\":\"ImageObject\",\"inLanguage\":\"it-IT\",\"@id\":\"https:\/\/www.civiltalaica.it\/cms\/aaa-confronto-con-i-candidati-cercasi\/#primaryimage\",\"url\":\"http:\/\/www.civiltalaica.it\/cms\/wp-content\/uploads\/2013\/01\/elezioni_urna1-150x150.jpg\",\"contentUrl\":\"http:\/\/www.civiltalaica.it\/cms\/wp-content\/uploads\/2013\/01\/elezioni_urna1-150x150.jpg\"},{\"@type\":\"BreadcrumbList\",\"@id\":\"https:\/\/www.civiltalaica.it\/cms\/aaa-confronto-con-i-candidati-cercasi\/#breadcrumb\",\"itemListElement\":[{\"@type\":\"ListItem\",\"position\":1,\"name\":\"Home\",\"item\":\"https:\/\/www.civiltalaica.it\/cms\/\"},{\"@type\":\"ListItem\",\"position\":2,\"name\":\"AAA confronto con i candidati cercasi\"}]},{\"@type\":\"WebSite\",\"@id\":\"https:\/\/www.civiltalaica.it\/cms\/#website\",\"url\":\"https:\/\/www.civiltalaica.it\/cms\/\",\"name\":\"Associazione Culturale Civilt\u00e0 Laica\",\"description\":\"Per un movimento culturale volto a difendere la Laicit\u00e0 dello Stato.\",\"potentialAction\":[{\"@type\":\"SearchAction\",\"target\":{\"@type\":\"EntryPoint\",\"urlTemplate\":\"https:\/\/www.civiltalaica.it\/cms\/?s={search_term_string}\"},\"query-input\":{\"@type\":\"PropertyValueSpecification\",\"valueRequired\":true,\"valueName\":\"search_term_string\"}}],\"inLanguage\":\"it-IT\"},{\"@type\":\"Person\",\"@id\":\"https:\/\/www.civiltalaica.it\/cms\/#\/schema\/person\/4efef56f866329a1e0943eb27336df1d\",\"name\":\"alexjc\",\"url\":\"https:\/\/www.civiltalaica.it\/cms\/author\/alexjc\/\"}]}<\/script>\n<!-- \/ Yoast SEO plugin. -->","yoast_head_json":{"title":"AAA confronto con i candidati cercasi - Associazione Culturale Civilt\u00e0 Laica","robots":{"index":"index","follow":"follow","max-snippet":"max-snippet:-1","max-image-preview":"max-image-preview:large","max-video-preview":"max-video-preview:-1"},"canonical":"https:\/\/www.civiltalaica.it\/cms\/aaa-confronto-con-i-candidati-cercasi\/","og_locale":"it_IT","og_type":"article","og_title":"AAA confronto con i candidati cercasi - Associazione Culturale Civilt\u00e0 Laica","og_description":"Ieri ho partecipato alla presentazione dei candidati del PD avvenuta presso l&#8217;Hotel Michelangelo mentre stamattina ho partecipato a quella della Rivoluzione Civile di Ingroia presso la sala conciliare del Comune. L&#8217;intento era quello di interrogare i candidati dei due schieramenti sulla loro &#8220;confidenza&#8221; con i temi della laicit\u00e0 delle istituzioni e sulle loro intenzioni di [&hellip;]","og_url":"https:\/\/www.civiltalaica.it\/cms\/aaa-confronto-con-i-candidati-cercasi\/","og_site_name":"Associazione Culturale Civilt\u00e0 Laica","article_publisher":"https:\/\/www.facebook.com\/civiltalaica","article_published_time":"2013-01-30T18:21:41+00:00","og_image":[{"url":"http:\/\/www.civiltalaica.it\/cms\/wp-content\/uploads\/2013\/01\/elezioni_urna1-150x150.jpg","type":"","width":"","height":""}],"author":"alexjc","twitter_card":"summary_large_image","twitter_misc":{"Scritto da":"alexjc","Tempo di lettura stimato":"2 minuti"},"schema":{"@context":"https:\/\/schema.org","@graph":[{"@type":"Article","@id":"https:\/\/www.civiltalaica.it\/cms\/aaa-confronto-con-i-candidati-cercasi\/#article","isPartOf":{"@id":"https:\/\/www.civiltalaica.it\/cms\/aaa-confronto-con-i-candidati-cercasi\/"},"author":{"name":"alexjc","@id":"https:\/\/www.civiltalaica.it\/cms\/#\/schema\/person\/4efef56f866329a1e0943eb27336df1d"},"headline":"AAA confronto con i candidati cercasi","datePublished":"2013-01-30T18:21:41+00:00","mainEntityOfPage":{"@id":"https:\/\/www.civiltalaica.it\/cms\/aaa-confronto-con-i-candidati-cercasi\/"},"wordCount":395,"image":{"@id":"https:\/\/www.civiltalaica.it\/cms\/aaa-confronto-con-i-candidati-cercasi\/#primaryimage"},"thumbnailUrl":"http:\/\/www.civiltalaica.it\/cms\/wp-content\/uploads\/2013\/01\/elezioni_urna1-150x150.jpg","keywords":["elezioni","eraldo giulianelli","Politica"],"articleSection":["articoli","blog"],"inLanguage":"it-IT"},{"@type":"WebPage","@id":"https:\/\/www.civiltalaica.it\/cms\/aaa-confronto-con-i-candidati-cercasi\/","url":"https:\/\/www.civiltalaica.it\/cms\/aaa-confronto-con-i-candidati-cercasi\/","name":"AAA confronto con i candidati cercasi - Associazione Culturale Civilt\u00e0 Laica","isPartOf":{"@id":"https:\/\/www.civiltalaica.it\/cms\/#website"},"primaryImageOfPage":{"@id":"https:\/\/www.civiltalaica.it\/cms\/aaa-confronto-con-i-candidati-cercasi\/#primaryimage"},"image":{"@id":"https:\/\/www.civiltalaica.it\/cms\/aaa-confronto-con-i-candidati-cercasi\/#primaryimage"},"thumbnailUrl":"http:\/\/www.civiltalaica.it\/cms\/wp-content\/uploads\/2013\/01\/elezioni_urna1-150x150.jpg","datePublished":"2013-01-30T18:21:41+00:00","author":{"@id":"https:\/\/www.civiltalaica.it\/cms\/#\/schema\/person\/4efef56f866329a1e0943eb27336df1d"},"breadcrumb":{"@id":"https:\/\/www.civiltalaica.it\/cms\/aaa-confronto-con-i-candidati-cercasi\/#breadcrumb"},"inLanguage":"it-IT","potentialAction":[{"@type":"ReadAction","target":["https:\/\/www.civiltalaica.it\/cms\/aaa-confronto-con-i-candidati-cercasi\/"]}]},{"@type":"ImageObject","inLanguage":"it-IT","@id":"https:\/\/www.civiltalaica.it\/cms\/aaa-confronto-con-i-candidati-cercasi\/#primaryimage","url":"http:\/\/www.civiltalaica.it\/cms\/wp-content\/uploads\/2013\/01\/elezioni_urna1-150x150.jpg","contentUrl":"http:\/\/www.civiltalaica.it\/cms\/wp-content\/uploads\/2013\/01\/elezioni_urna1-150x150.jpg"},{"@type":"BreadcrumbList","@id":"https:\/\/www.civiltalaica.it\/cms\/aaa-confronto-con-i-candidati-cercasi\/#breadcrumb","itemListElement":[{"@type":"ListItem","position":1,"name":"Home","item":"https:\/\/www.civiltalaica.it\/cms\/"},{"@type":"ListItem","position":2,"name":"AAA confronto con i candidati cercasi"}]},{"@type":"WebSite","@id":"https:\/\/www.civiltalaica.it\/cms\/#website","url":"https:\/\/www.civiltalaica.it\/cms\/","name":"Associazione Culturale Civilt\u00e0 Laica","description":"Per un movimento culturale volto a difendere la Laicit\u00e0 dello Stato.","potentialAction":[{"@type":"SearchAction","target":{"@type":"EntryPoint","urlTemplate":"https:\/\/www.civiltalaica.it\/cms\/?s={search_term_string}"},"query-input":{"@type":"PropertyValueSpecification","valueRequired":true,"valueName":"search_term_string"}}],"inLanguage":"it-IT"},{"@type":"Person","@id":"https:\/\/www.civiltalaica.it\/cms\/#\/schema\/person\/4efef56f866329a1e0943eb27336df1d","name":"alexjc","url":"https:\/\/www.civiltalaica.it\/cms\/author\/alexjc\/"}]}},"_links":{"self":[{"href":"https:\/\/www.civiltalaica.it\/cms\/wp-json\/wp\/v2\/posts\/11159","targetHints":{"allow":["GET"]}}],"collection":[{"href":"https:\/\/www.civiltalaica.it\/cms\/wp-json\/wp\/v2\/posts"}],"about":[{"href":"https:\/\/www.civiltalaica.it\/cms\/wp-json\/wp\/v2\/types\/post"}],"author":[{"embeddable":true,"href":"https:\/\/www.civiltalaica.it\/cms\/wp-json\/wp\/v2\/users\/7"}],"replies":[{"embeddable":true,"href":"https:\/\/www.civiltalaica.it\/cms\/wp-json\/wp\/v2\/comments?post=11159"}],"version-history":[{"count":0,"href":"https:\/\/www.civiltalaica.it\/cms\/wp-json\/wp\/v2\/posts\/11159\/revisions"}],"wp:attachment":[{"href":"https:\/\/www.civiltalaica.it\/cms\/wp-json\/wp\/v2\/media?parent=11159"}],"wp:term":[{"taxonomy":"category","embeddable":true,"href":"https:\/\/www.civiltalaica.it\/cms\/wp-json\/wp\/v2\/categories?post=11159"},{"taxonomy":"post_tag","embeddable":true,"href":"https:\/\/www.civiltalaica.it\/cms\/wp-json\/wp\/v2\/tags?post=11159"}],"curies":[{"name":"wp","href":"https:\/\/api.w.org\/{rel}","templated":true}]}}