{"id":11107,"date":"2013-01-21T14:08:09","date_gmt":"2013-01-21T14:08:09","guid":{"rendered":"http:\/\/www.civiltalaica.it\/cms\/?p=11107"},"modified":"2013-01-21T14:08:10","modified_gmt":"2013-01-21T14:08:10","slug":"la-laicita-ai-tempi-di-monti-chi-lha-vista","status":"publish","type":"post","link":"https:\/\/www.civiltalaica.it\/cms\/la-laicita-ai-tempi-di-monti-chi-lha-vista\/","title":{"rendered":"La laicit\u00e0 ai tempi di Monti: chi l\u2019ha vista?"},"content":{"rendered":"<p>Si accende la campagna elettorale, si discute di tutto, o quasi, eccetto che della &#8220;laicit\u00e0&#8221;, la grande assente. Assente gi\u00e0 negli atti e nei fatti del governo tecnico, e ora nell&#8217;Agenda della &#8220;Lista civica-Per Monti&#8221; e in quasi tutti gli altri programmi elettorali. Assenza che testimonia, in controluce, la presenza tuttora ingombrante dello Stato\/Chiesa vaticano nella vita pubblica del nostro paese, un paese sovrano ma ancora dimezzato. <!--more--><a href=\"http:\/\/www.civiltalaica.it\/cms\/index.php\/la-laicita-ai-tempi-di-monti-chi-lha-vista.html\/spiraglio-di-luce\" rel=\"attachment wp-att-11108\"><img loading=\"lazy\" decoding=\"async\" class=\"alignleft size-medium wp-image-11108\" alt=\"spiraglio di luce\" src=\"http:\/\/www.civiltalaica.it\/cms\/wp-content\/uploads\/2013\/01\/spiraglio-di-luce-300x199.jpg\" width=\"300\" height=\"199\" srcset=\"https:\/\/www.civiltalaica.it\/cms\/wp-content\/uploads\/2013\/01\/spiraglio-di-luce-300x199.jpg 300w, https:\/\/www.civiltalaica.it\/cms\/wp-content\/uploads\/2013\/01\/spiraglio-di-luce-1024x681.jpg 1024w, https:\/\/www.civiltalaica.it\/cms\/wp-content\/uploads\/2013\/01\/spiraglio-di-luce.jpg 2048w\" sizes=\"auto, (max-width: 300px) 100vw, 300px\" \/><\/a>Non c&#8217;\u00e8 stato finora, per quanto mi risulta, ma sarei felice di essere contraddetto, un giornalista influente, uno che sia uno, della rai-tv o della carta stampata, che nei suoi interventi, articoli, interviste o talk show, a meno di qualche sporadico spunto, abbia posto nella sua centralit\u00e0 il tema della laicit\u00e0 dello Stato. Affrontare tale tema significa isolarsi, perdere lettori, audience, o, per i partiti, i voti cattolici? Se continua a prevalere questa (il)logica, l&#8217;Italia rimarr\u00e0 senza speranza in coda nella classifica dei paesi pi\u00f9 civilizzati, con rischio retrocessione.\u00a0<br \/>Nell&#8217;Agenda Monti \u00e8 introvabile persino la parola. &#8220;Chi l&#8217;ha vista?&#8221; Anche il termine &#8220;democrazia&#8221; compare una sola volta, di sfuggita: una &#8220;foglia di fico&#8221;. Infatti, se non c&#8217;\u00e8 laicit\u00e0 non c&#8217;\u00e8 democrazia. Eh s\u00ec, perch\u00e9 democrazia, al di l\u00e0 delle tipiche strutture istituzionali che la distinguono dall&#8217;autocrazia, \u00e8 garanzia del pluralismo e dei diritti civili (autonomia e legittime differenze di condizioni, idee, scelte di vita o di morte). Eppure quella di Monti si chiama &#8220;Lista civica&#8221;. E come pu\u00f2 essere civica (da\u00a0<i>civis\u00a0<\/i>= cittadino) una lista che non rispetta i diritti di ogni cittadino che cattolico non sia?\u00a0<\/p>\n<p>Il programma elettorale di Monti riflette le politiche del suo governo tecnico. Che non \u00e8 solo &#8220;tecnico-bancario&#8221;. Per il suo ossequio ai precetti &#8220;non-negoziabili&#8221; delle gerarchie cattoliche e vaticane, qualcuno l&#8217;ha giustamente definito anche &#8220;tecnico-clericale&#8221;. Tale appare infatti, sotto l&#8217;aspetto politico-legislativo, sia per ci\u00f2 che non ha fatto (contro l&#8217;omofobia, o per la revisione dell&#8217;8 per mille e dell&#8217;insegnamento della religione cattolica nelle scuole pubbliche, o sulla questione delle unioni civili, o sulla contraccezione e il fine vita, e cos\u00ec via enumerando). Sia per ci\u00f2 che ha fatto (l&#8217;aumento del finanziamento pubblico alle scuole private cattoliche, o il ricorso governativo contro la bocciatura europea della legge 40) o avrebbe dovuto fare (per es., su pressione dell&#8217;Ue, l&#8217;imposizione dell&#8217;Imu, rimasta in sospeso, sui beni immobili della Chiesa con destinazione commerciale, o un sostanzioso e doveroso aumento dei fondi statali per la scuola pubblica).\u00a0<\/p>\n<p>Intervistato da SkyTg24, Monti ha finalmente svelato il mistero della sua strana (anche per sua moglie) telefonata in chiesa, nella basilica di S. Pietro. No, all&#8217;altro telefonino non c&#8217;era il Padreterno n\u00e9 il Santo Padre (che fa lo stesso), come qualche malevolo ateo ha ipotizzato. Era soltanto impegnato a completare la lista dei &#8220;candidati&#8221; a difendere nel prossimo Parlamento la sua Agenda clerical-bancaria. E quale posto e momento simbolicamente migliore, per farlo, della basilica pietrina e in attesa dell&#8217;imminente messa del papa? Tutto torna! Tanto che il Prof. non ha tardato a spiegare in tv alcuni dettagli, si fa per dire!, del suo programma, come: \u00abLa famiglia \u00e8 fatta da uomo e donna\u00bb. Quindi no alle unioni civili tra gay! Potete immaginare gli applausi clerical-casinari (nelle sedi dell&#8217;Udc o nei palazzi vaticani, non cambia).\u00a0<br \/>Povero Fini, che a suo rischio e pericolo, espulso dal mini-despota, dopo averlo benservito per 17 anni (&#8220;Che fai, mi cacci?&#8221;), si proponeva, nel 2010, la costruzione di una destra finalmente democratica, laica ed europea! Propositi velleitari, naufragati miseramente nelle millenarie acque sante d&#8217;Oltretevere! Ma Fini, con inaudita, eroica coerenza, come prima con l&#8217;Udc, nella lista Monti ci sta. Si dovr\u00e0 tirare a campa&#8217; o no?\u00a0<\/p>\n<p>Non parliamo del Pdl, ora e sempre sotto il Padrone, una volta, ora non pi\u00f9, l&#8217;Unto del Signore. Chiesa e Vaticano, dopo aver dato per quasi vent&#8217;anni il loro appoggio ad personam al nostro Salvatore d&#8217;Arcore, ora lo dirottano sul sobrio, pio e devoto Super-Mario della Compostela. Che ingrati! &#8220;Dopo tutto quello che ho fatto per loro!&#8221;, \u00e8 stato l&#8217;amaro commento del Cainanetto, a suo tempo, e per lungo tempo, benedetto da Benedetto, e di lui fervente &#8220;baciamani&#8221; nonch\u00e9 fedele esecutore legislativo in bioeticis. Ma non si disperi! &#8220;Loro&#8221; (nel nome del Padre, quello Santo in Vaticano) sono pronti, all&#8217;occorrenza, a (ri)cambiar stampella. Quante ne hanno (ri)usate in due mila anni di storia? Chiunque sia, Franco o Pinochet, Craxi o Andreotti, Monti o B., tutti ok! Purch\u00e9 si governi pro Ecclesiam. Tutto il resto poco o nulla conta, soprattutto se si tratta di singoli o famiglie comuni, inesistenti, senza voce e senza diritti di fronte all&#8217;Assoluto pseudo-hegeliano del loro Potere mondano.\u00a0<\/p>\n<p>Sul Pd, per carit\u00e0 di dio!, \u00e8 il caso di dirlo, meglio non dilungarsi. Un Partito schizoide, diviso tra, da un lato, una laicit\u00e0 che non c&#8217;\u00e8, o che \u00e8 ridotta a un pietoso, impotente vagito, fatta di promesse abbozzate e abbandonate (chi non ricorda la diabolica battuta di Bertone: &#8220;Dico o non dico? Non dico Dico&#8221;?), e dall&#8217;altro un&#8217;accettazione supina, disarmata delle politiche filo-clericali, o comunque la rinuncia pregiudiziale a combatterle. In fondo, come la passata esperienza dimostra, l&#8217;alleanza post-elettorale col &#8220;sacro&#8221; Monti pu\u00f2 essere fatta solo all&#8217;insegna della doppia difesa di banche e Vaticano. E che tutto il resto, laicit\u00e0 compresa, vada pure in malora!\u00a0<\/p>\n<p>Di Grillo null&#8217;altro da dire che della laicit\u00e0 se ne impipa (parola che non guasta nel linguaggio di un comico). E che cos&#8217;\u00e8, un Ufo? Altri sono gli obiettivi! Nel suo programma elettorale, come in quello di Monti, assente, tranne uno striminzito accenno alla scuola pubblica, ogni riferimento ai temi bollenti della laicit\u00e0 (separazione tra Stato e Chiesa, bioetica e &#8220;valori non-negoziabili&#8221;, l&#8217;ombra degli artigli ecclesiastici e ciellini sulla sanit\u00e0 pubblica, e cos\u00ec via). Se l&#8217;intero M5S, anche nelle realt\u00e0 locali (dove per\u00f2 sembra, per es. a Torino, volersene distaccare), sta alle imperiose direttive nazionali grilline, Chiesa e Vaticano possono dormire sonni tranquilli.\u00a0<\/p>\n<p>Diverso il programma della lista &#8220;Rivoluzione civile-Ingroia&#8221;, che ha un intero paragrafo dedicato alla &#8220;laicit\u00e0 dello Stato e alla difesa della libert\u00e0 e dei diritti civili&#8221; (no all&#8217;omofobia, al razzismo contro gli immigrati, alle discriminazioni di sesso e di genere, s\u00ec alle unioni civili e all&#8217;autodeterminazione personale, in merito, si intende, all&#8217;aborto terapeutico, al fine vita, all&#8217;uso dei contraccettivi, ecc.).\u00a0<br \/>Una sfida insolita, nell&#8217;Italia d&#8217;oggi. Chiss\u00e0!\u00a0<\/p>\n<p><b>Michele Martelli &#8211; <a href=\"http:\/\/temi.repubblica.it\/micromega-online\/la-laicita-ai-tempi-di-monti-chi-l%E2%80%99ha-vista\/\">MicroMega on line<\/a><\/b><\/p>\n","protected":false},"excerpt":{"rendered":"<p>Si accende la campagna elettorale, si discute di tutto, o quasi, eccetto che della &#8220;laicit\u00e0&#8221;, la grande assente. Assente gi\u00e0 negli atti e nei fatti del governo tecnico, e ora nell&#8217;Agenda della &#8220;Lista civica-Per Monti&#8221; e in quasi tutti gli altri programmi elettorali. Assenza che testimonia, in controluce, la presenza tuttora ingombrante dello Stato\/Chiesa vaticano [&hellip;]<\/p>\n","protected":false},"author":7,"featured_media":0,"comment_status":"closed","ping_status":"closed","sticky":false,"template":"","format":"standard","meta":{"footnotes":""},"categories":[238,232],"tags":[154,250,1182,51],"class_list":["post-11107","post","type-post","status-publish","format-standard","hentry","category-articoli","category-riflessioni-2","tag-elezioni-politiche","tag-laicita","tag-michele-martelli","tag-politica"],"yoast_head":"<!-- This site is optimized with the Yoast SEO plugin v27.1.1 - https:\/\/yoast.com\/product\/yoast-seo-wordpress\/ -->\n<title>La laicit\u00e0 ai tempi di Monti: chi l\u2019ha vista? - Associazione Culturale Civilt\u00e0 Laica<\/title>\n<meta name=\"robots\" content=\"index, follow, max-snippet:-1, max-image-preview:large, max-video-preview:-1\" \/>\n<link rel=\"canonical\" href=\"https:\/\/www.civiltalaica.it\/cms\/la-laicita-ai-tempi-di-monti-chi-lha-vista\/\" \/>\n<meta property=\"og:locale\" content=\"it_IT\" \/>\n<meta property=\"og:type\" content=\"article\" \/>\n<meta property=\"og:title\" content=\"La laicit\u00e0 ai tempi di Monti: chi l\u2019ha vista? - Associazione Culturale Civilt\u00e0 Laica\" \/>\n<meta property=\"og:description\" content=\"Si accende la campagna elettorale, si discute di tutto, o quasi, eccetto che della &#8220;laicit\u00e0&#8221;, la grande assente. Assente gi\u00e0 negli atti e nei fatti del governo tecnico, e ora nell&#8217;Agenda della &#8220;Lista civica-Per Monti&#8221; e in quasi tutti gli altri programmi elettorali. Assenza che testimonia, in controluce, la presenza tuttora ingombrante dello Stato\/Chiesa vaticano [&hellip;]\" \/>\n<meta property=\"og:url\" content=\"https:\/\/www.civiltalaica.it\/cms\/la-laicita-ai-tempi-di-monti-chi-lha-vista\/\" \/>\n<meta property=\"og:site_name\" content=\"Associazione Culturale Civilt\u00e0 Laica\" \/>\n<meta property=\"article:publisher\" content=\"https:\/\/www.facebook.com\/civiltalaica\" \/>\n<meta property=\"article:published_time\" content=\"2013-01-21T14:08:09+00:00\" \/>\n<meta property=\"article:modified_time\" content=\"2013-01-21T14:08:10+00:00\" \/>\n<meta property=\"og:image\" content=\"http:\/\/www.civiltalaica.it\/cms\/wp-content\/uploads\/2013\/01\/spiraglio-di-luce-300x199.jpg\" \/>\n<meta name=\"author\" content=\"alexjc\" \/>\n<meta name=\"twitter:card\" content=\"summary_large_image\" \/>\n<meta name=\"twitter:label1\" content=\"Scritto da\" \/>\n\t<meta name=\"twitter:data1\" content=\"alexjc\" \/>\n\t<meta name=\"twitter:label2\" content=\"Tempo di lettura stimato\" \/>\n\t<meta name=\"twitter:data2\" content=\"5 minuti\" \/>\n<script type=\"application\/ld+json\" class=\"yoast-schema-graph\">{\"@context\":\"https:\/\/schema.org\",\"@graph\":[{\"@type\":\"Article\",\"@id\":\"https:\/\/www.civiltalaica.it\/cms\/la-laicita-ai-tempi-di-monti-chi-lha-vista\/#article\",\"isPartOf\":{\"@id\":\"https:\/\/www.civiltalaica.it\/cms\/la-laicita-ai-tempi-di-monti-chi-lha-vista\/\"},\"author\":{\"name\":\"alexjc\",\"@id\":\"https:\/\/www.civiltalaica.it\/cms\/#\/schema\/person\/4efef56f866329a1e0943eb27336df1d\"},\"headline\":\"La laicit\u00e0 ai tempi di Monti: chi l\u2019ha vista?\",\"datePublished\":\"2013-01-21T14:08:09+00:00\",\"dateModified\":\"2013-01-21T14:08:10+00:00\",\"mainEntityOfPage\":{\"@id\":\"https:\/\/www.civiltalaica.it\/cms\/la-laicita-ai-tempi-di-monti-chi-lha-vista\/\"},\"wordCount\":1044,\"image\":{\"@id\":\"https:\/\/www.civiltalaica.it\/cms\/la-laicita-ai-tempi-di-monti-chi-lha-vista\/#primaryimage\"},\"thumbnailUrl\":\"http:\/\/www.civiltalaica.it\/cms\/wp-content\/uploads\/2013\/01\/spiraglio-di-luce-300x199.jpg\",\"keywords\":[\"elezioni politiche\",\"laicit\u00e0\",\"michele martelli\",\"Politica\"],\"articleSection\":[\"articoli\",\"riflessioni\"],\"inLanguage\":\"it-IT\"},{\"@type\":\"WebPage\",\"@id\":\"https:\/\/www.civiltalaica.it\/cms\/la-laicita-ai-tempi-di-monti-chi-lha-vista\/\",\"url\":\"https:\/\/www.civiltalaica.it\/cms\/la-laicita-ai-tempi-di-monti-chi-lha-vista\/\",\"name\":\"La laicit\u00e0 ai tempi di Monti: chi l\u2019ha vista? - Associazione Culturale Civilt\u00e0 Laica\",\"isPartOf\":{\"@id\":\"https:\/\/www.civiltalaica.it\/cms\/#website\"},\"primaryImageOfPage\":{\"@id\":\"https:\/\/www.civiltalaica.it\/cms\/la-laicita-ai-tempi-di-monti-chi-lha-vista\/#primaryimage\"},\"image\":{\"@id\":\"https:\/\/www.civiltalaica.it\/cms\/la-laicita-ai-tempi-di-monti-chi-lha-vista\/#primaryimage\"},\"thumbnailUrl\":\"http:\/\/www.civiltalaica.it\/cms\/wp-content\/uploads\/2013\/01\/spiraglio-di-luce-300x199.jpg\",\"datePublished\":\"2013-01-21T14:08:09+00:00\",\"dateModified\":\"2013-01-21T14:08:10+00:00\",\"author\":{\"@id\":\"https:\/\/www.civiltalaica.it\/cms\/#\/schema\/person\/4efef56f866329a1e0943eb27336df1d\"},\"breadcrumb\":{\"@id\":\"https:\/\/www.civiltalaica.it\/cms\/la-laicita-ai-tempi-di-monti-chi-lha-vista\/#breadcrumb\"},\"inLanguage\":\"it-IT\",\"potentialAction\":[{\"@type\":\"ReadAction\",\"target\":[\"https:\/\/www.civiltalaica.it\/cms\/la-laicita-ai-tempi-di-monti-chi-lha-vista\/\"]}]},{\"@type\":\"ImageObject\",\"inLanguage\":\"it-IT\",\"@id\":\"https:\/\/www.civiltalaica.it\/cms\/la-laicita-ai-tempi-di-monti-chi-lha-vista\/#primaryimage\",\"url\":\"http:\/\/www.civiltalaica.it\/cms\/wp-content\/uploads\/2013\/01\/spiraglio-di-luce-300x199.jpg\",\"contentUrl\":\"http:\/\/www.civiltalaica.it\/cms\/wp-content\/uploads\/2013\/01\/spiraglio-di-luce-300x199.jpg\"},{\"@type\":\"BreadcrumbList\",\"@id\":\"https:\/\/www.civiltalaica.it\/cms\/la-laicita-ai-tempi-di-monti-chi-lha-vista\/#breadcrumb\",\"itemListElement\":[{\"@type\":\"ListItem\",\"position\":1,\"name\":\"Home\",\"item\":\"https:\/\/www.civiltalaica.it\/cms\/\"},{\"@type\":\"ListItem\",\"position\":2,\"name\":\"La laicit\u00e0 ai tempi di Monti: chi l\u2019ha vista?\"}]},{\"@type\":\"WebSite\",\"@id\":\"https:\/\/www.civiltalaica.it\/cms\/#website\",\"url\":\"https:\/\/www.civiltalaica.it\/cms\/\",\"name\":\"Associazione Culturale Civilt\u00e0 Laica\",\"description\":\"Per un movimento culturale volto a difendere la Laicit\u00e0 dello Stato.\",\"potentialAction\":[{\"@type\":\"SearchAction\",\"target\":{\"@type\":\"EntryPoint\",\"urlTemplate\":\"https:\/\/www.civiltalaica.it\/cms\/?s={search_term_string}\"},\"query-input\":{\"@type\":\"PropertyValueSpecification\",\"valueRequired\":true,\"valueName\":\"search_term_string\"}}],\"inLanguage\":\"it-IT\"},{\"@type\":\"Person\",\"@id\":\"https:\/\/www.civiltalaica.it\/cms\/#\/schema\/person\/4efef56f866329a1e0943eb27336df1d\",\"name\":\"alexjc\",\"url\":\"https:\/\/www.civiltalaica.it\/cms\/author\/alexjc\/\"}]}<\/script>\n<!-- \/ Yoast SEO plugin. -->","yoast_head_json":{"title":"La laicit\u00e0 ai tempi di Monti: chi l\u2019ha vista? - Associazione Culturale Civilt\u00e0 Laica","robots":{"index":"index","follow":"follow","max-snippet":"max-snippet:-1","max-image-preview":"max-image-preview:large","max-video-preview":"max-video-preview:-1"},"canonical":"https:\/\/www.civiltalaica.it\/cms\/la-laicita-ai-tempi-di-monti-chi-lha-vista\/","og_locale":"it_IT","og_type":"article","og_title":"La laicit\u00e0 ai tempi di Monti: chi l\u2019ha vista? - Associazione Culturale Civilt\u00e0 Laica","og_description":"Si accende la campagna elettorale, si discute di tutto, o quasi, eccetto che della &#8220;laicit\u00e0&#8221;, la grande assente. Assente gi\u00e0 negli atti e nei fatti del governo tecnico, e ora nell&#8217;Agenda della &#8220;Lista civica-Per Monti&#8221; e in quasi tutti gli altri programmi elettorali. Assenza che testimonia, in controluce, la presenza tuttora ingombrante dello Stato\/Chiesa vaticano [&hellip;]","og_url":"https:\/\/www.civiltalaica.it\/cms\/la-laicita-ai-tempi-di-monti-chi-lha-vista\/","og_site_name":"Associazione Culturale Civilt\u00e0 Laica","article_publisher":"https:\/\/www.facebook.com\/civiltalaica","article_published_time":"2013-01-21T14:08:09+00:00","article_modified_time":"2013-01-21T14:08:10+00:00","og_image":[{"url":"http:\/\/www.civiltalaica.it\/cms\/wp-content\/uploads\/2013\/01\/spiraglio-di-luce-300x199.jpg","type":"","width":"","height":""}],"author":"alexjc","twitter_card":"summary_large_image","twitter_misc":{"Scritto da":"alexjc","Tempo di lettura stimato":"5 minuti"},"schema":{"@context":"https:\/\/schema.org","@graph":[{"@type":"Article","@id":"https:\/\/www.civiltalaica.it\/cms\/la-laicita-ai-tempi-di-monti-chi-lha-vista\/#article","isPartOf":{"@id":"https:\/\/www.civiltalaica.it\/cms\/la-laicita-ai-tempi-di-monti-chi-lha-vista\/"},"author":{"name":"alexjc","@id":"https:\/\/www.civiltalaica.it\/cms\/#\/schema\/person\/4efef56f866329a1e0943eb27336df1d"},"headline":"La laicit\u00e0 ai tempi di Monti: chi l\u2019ha vista?","datePublished":"2013-01-21T14:08:09+00:00","dateModified":"2013-01-21T14:08:10+00:00","mainEntityOfPage":{"@id":"https:\/\/www.civiltalaica.it\/cms\/la-laicita-ai-tempi-di-monti-chi-lha-vista\/"},"wordCount":1044,"image":{"@id":"https:\/\/www.civiltalaica.it\/cms\/la-laicita-ai-tempi-di-monti-chi-lha-vista\/#primaryimage"},"thumbnailUrl":"http:\/\/www.civiltalaica.it\/cms\/wp-content\/uploads\/2013\/01\/spiraglio-di-luce-300x199.jpg","keywords":["elezioni politiche","laicit\u00e0","michele martelli","Politica"],"articleSection":["articoli","riflessioni"],"inLanguage":"it-IT"},{"@type":"WebPage","@id":"https:\/\/www.civiltalaica.it\/cms\/la-laicita-ai-tempi-di-monti-chi-lha-vista\/","url":"https:\/\/www.civiltalaica.it\/cms\/la-laicita-ai-tempi-di-monti-chi-lha-vista\/","name":"La laicit\u00e0 ai tempi di Monti: chi l\u2019ha vista? - Associazione Culturale Civilt\u00e0 Laica","isPartOf":{"@id":"https:\/\/www.civiltalaica.it\/cms\/#website"},"primaryImageOfPage":{"@id":"https:\/\/www.civiltalaica.it\/cms\/la-laicita-ai-tempi-di-monti-chi-lha-vista\/#primaryimage"},"image":{"@id":"https:\/\/www.civiltalaica.it\/cms\/la-laicita-ai-tempi-di-monti-chi-lha-vista\/#primaryimage"},"thumbnailUrl":"http:\/\/www.civiltalaica.it\/cms\/wp-content\/uploads\/2013\/01\/spiraglio-di-luce-300x199.jpg","datePublished":"2013-01-21T14:08:09+00:00","dateModified":"2013-01-21T14:08:10+00:00","author":{"@id":"https:\/\/www.civiltalaica.it\/cms\/#\/schema\/person\/4efef56f866329a1e0943eb27336df1d"},"breadcrumb":{"@id":"https:\/\/www.civiltalaica.it\/cms\/la-laicita-ai-tempi-di-monti-chi-lha-vista\/#breadcrumb"},"inLanguage":"it-IT","potentialAction":[{"@type":"ReadAction","target":["https:\/\/www.civiltalaica.it\/cms\/la-laicita-ai-tempi-di-monti-chi-lha-vista\/"]}]},{"@type":"ImageObject","inLanguage":"it-IT","@id":"https:\/\/www.civiltalaica.it\/cms\/la-laicita-ai-tempi-di-monti-chi-lha-vista\/#primaryimage","url":"http:\/\/www.civiltalaica.it\/cms\/wp-content\/uploads\/2013\/01\/spiraglio-di-luce-300x199.jpg","contentUrl":"http:\/\/www.civiltalaica.it\/cms\/wp-content\/uploads\/2013\/01\/spiraglio-di-luce-300x199.jpg"},{"@type":"BreadcrumbList","@id":"https:\/\/www.civiltalaica.it\/cms\/la-laicita-ai-tempi-di-monti-chi-lha-vista\/#breadcrumb","itemListElement":[{"@type":"ListItem","position":1,"name":"Home","item":"https:\/\/www.civiltalaica.it\/cms\/"},{"@type":"ListItem","position":2,"name":"La laicit\u00e0 ai tempi di Monti: chi l\u2019ha vista?"}]},{"@type":"WebSite","@id":"https:\/\/www.civiltalaica.it\/cms\/#website","url":"https:\/\/www.civiltalaica.it\/cms\/","name":"Associazione Culturale Civilt\u00e0 Laica","description":"Per un movimento culturale volto a difendere la Laicit\u00e0 dello Stato.","potentialAction":[{"@type":"SearchAction","target":{"@type":"EntryPoint","urlTemplate":"https:\/\/www.civiltalaica.it\/cms\/?s={search_term_string}"},"query-input":{"@type":"PropertyValueSpecification","valueRequired":true,"valueName":"search_term_string"}}],"inLanguage":"it-IT"},{"@type":"Person","@id":"https:\/\/www.civiltalaica.it\/cms\/#\/schema\/person\/4efef56f866329a1e0943eb27336df1d","name":"alexjc","url":"https:\/\/www.civiltalaica.it\/cms\/author\/alexjc\/"}]}},"_links":{"self":[{"href":"https:\/\/www.civiltalaica.it\/cms\/wp-json\/wp\/v2\/posts\/11107","targetHints":{"allow":["GET"]}}],"collection":[{"href":"https:\/\/www.civiltalaica.it\/cms\/wp-json\/wp\/v2\/posts"}],"about":[{"href":"https:\/\/www.civiltalaica.it\/cms\/wp-json\/wp\/v2\/types\/post"}],"author":[{"embeddable":true,"href":"https:\/\/www.civiltalaica.it\/cms\/wp-json\/wp\/v2\/users\/7"}],"replies":[{"embeddable":true,"href":"https:\/\/www.civiltalaica.it\/cms\/wp-json\/wp\/v2\/comments?post=11107"}],"version-history":[{"count":0,"href":"https:\/\/www.civiltalaica.it\/cms\/wp-json\/wp\/v2\/posts\/11107\/revisions"}],"wp:attachment":[{"href":"https:\/\/www.civiltalaica.it\/cms\/wp-json\/wp\/v2\/media?parent=11107"}],"wp:term":[{"taxonomy":"category","embeddable":true,"href":"https:\/\/www.civiltalaica.it\/cms\/wp-json\/wp\/v2\/categories?post=11107"},{"taxonomy":"post_tag","embeddable":true,"href":"https:\/\/www.civiltalaica.it\/cms\/wp-json\/wp\/v2\/tags?post=11107"}],"curies":[{"name":"wp","href":"https:\/\/api.w.org\/{rel}","templated":true}]}}