{"id":11008,"date":"2012-12-04T16:34:52","date_gmt":"2012-12-04T16:34:52","guid":{"rendered":"http:\/\/www.civiltalaica.it\/cms\/?p=11008"},"modified":"2012-12-04T16:34:52","modified_gmt":"2012-12-04T16:34:52","slug":"clero-in-crisi-alcune-cifre","status":"publish","type":"post","link":"https:\/\/www.civiltalaica.it\/cms\/clero-in-crisi-alcune-cifre\/","title":{"rendered":"CLERO IN CRISI: ALCUNE CIFRE"},"content":{"rendered":"<p>1) Pure in questo Autunno del 2012, \u00e8 uscito il \u201c Calendario di effemeridi anticlericali \u201c 2013 [1], giunto alla sua ventiduesima edizione e la cui vendita \u00e8 opera, essenzialmente, delle persone di buona volont\u00e0, che ritengono sia di fare cosa buona e giusta, sia che \u00e8 loro dovere e fonte di salvezza il diffondere la buona novella laica.<!--more--><a href=\"http:\/\/www.civiltalaica.it\/cms\/wp-content\/uploads\/2012\/12\/calendario-2012.jpg\"><img loading=\"lazy\" decoding=\"async\" class=\"alignleft size-medium wp-image-11009\" title=\"calendario 2012\" src=\"http:\/\/www.civiltalaica.it\/cms\/wp-content\/uploads\/2012\/12\/calendario-2012-209x300.jpg\" alt=\"\" width=\"209\" height=\"300\" srcset=\"https:\/\/www.civiltalaica.it\/cms\/wp-content\/uploads\/2012\/12\/calendario-2012-209x300.jpg 209w, https:\/\/www.civiltalaica.it\/cms\/wp-content\/uploads\/2012\/12\/calendario-2012-713x1024.jpg 713w, https:\/\/www.civiltalaica.it\/cms\/wp-content\/uploads\/2012\/12\/calendario-2012.jpg 949w\" sizes=\"auto, (max-width: 209px) 100vw, 209px\" \/><\/a><br \/>Il criterio ispiratore \u00e8, cos\u00ec, delineato dall\u2019autore:<br \/>\u201c Per ogni giorno dell\u2019anno \u00e8 stato pazientemente ricercato un misfatto avvenuto realmente in quello stesso giorno e nell\u2019anno indicato a fianco, cui segue una succinta descrizione\u201d [2].<br \/>Dalla rubrica \u201c Vittorie anticlericali \u201d traiamo alcuni dati particolarmente significativi e che lasciano ben sperare riguardo alla rottura della cappa clericale, che ancora opprime, in maniera sconosciuta agli altri Stati europei, il nostro Paese.<\/p>\n<p>2) Decremento dei matrimoni religiosi: a Torino sono dimezzati in vent\u2019anni, a Venezia sono superati da quelli civili.<br \/>A Roma i Battesimi sono calati dall\u201980% dei bambini nati nell\u2019Urbe vent\u2019anni fa a solo il 60% nel 2010.<br \/>Calano anche Cresime e Comunioni del 20% negli ultimi 10 anni.<br \/>Frati e monaci sono calati da 4.947 nel 1991 a 2.988 nel 2009.<br \/>I sacerdoti diocesani sono diminuiti da 41.627 nel 1978 a 33.409 nel 2006.<br \/>Il 23% dei bambini italiani nascono fuori dal matrimonio religioso.<br \/>Nel Triveneto, coloro che si dichiarano cattolici sono calati dal 90% al 75% ed i matrimoni religiosi sono stati superati da quelli civili: 51% a 49%.<br \/>In Lombardia la frequenza alla Messa \u00e8 scesa del 5,6% in 15 anni.<\/p>\n<p>3) La Cassazione ha riconosciuto validi ai fini pensionistici anche gli anni di insegnamento dell\u2019Ora Alternativa a quella di Religione.<br \/>La Cassazione ha condannato l\u2019Universit\u00e0 Pontificia a pagare la tassa sulla spazzatura, poich\u00e9 sono esenti solo gli edifici destinati al culto.<br \/>A Roma \u00e8 saltata la spesa per un mega presepe al Senato, prima ordinato e poi disdetto a causa della crisi economica.<\/p>\n<p>All\u2019estero, le cose vanno pure peggio.<\/p>\n<p>4) In Austria , continua la defezione dei fedeli dalla Chiesa cattolica; rimangono 5,4 milioni di Cattolici ufficiali su 8,4 milioni di abitanti.<br \/>In Belgio, \u00e8 stato tolto ogni riferimento a Dio nella legge dello Scout, che ora \u00e8 accettabile anche dai non credenti.<br \/>Nelle scuole, l\u2019ora di Religione cattolica \u00e8 stata superata sia dal corso di Islam, sia da quello di Morale laica.<br \/>in Canada, cresce la percentuale dei non credenti: solo il 42% degli intervistati in un sondaggio ritiene la religione importante nella propria vita.<br \/>In Germania, solo un Tedesco su tre crede in una vita dopo la morte.<br \/>Per la prima volta, i Cattolici perdono la maggioranza assoluta in Baviera.<br \/>In Irlanda, lo scrittore Colm Tobin dichiara che :<br \/>\u201c Qui anche il Cattolicesimo \u00e8 finito\u201d.<br \/>Lo Stato chiude l\u2019ambasciata presso la Santa Sede.<br \/>A Malta, storico \u201c s\u00ec \u201c al divorzio: era l\u2019unico Paese dell\u2019Unione Europea a bandirlo.<br \/>In Polonia, non \u00e8 passata la proibizione dell\u2019aborto.<br \/>Nel Regno Unito, un\u2019inchiesta mostra un crollo nell\u2019appartenenza religiosa: met\u00e0 della popolazione non professa alcun culto.<br \/>Nella Repubblica Ceca, vi \u00e8 un tracollo dell\u2019appartenenza religiosa: solo il 21% della popolazione ha una fede religiosa.<br \/>Negli Stati Uniti, un sondaggio Gallup conferma che i non credenti sono in crescita, circa il 15%; Obama non ringrazia Dio in un importante discorso per la festa del Ringraziamento.<br \/>Il 10% degli Statunitensi adulti ha lasciato la tradizionale religione di famiglia.<br \/>La Corte d\u2019Appello federale ha bocciato una grande Croce eretta sul Monte Soledad in California.<br \/>Amen.<\/p>\n<p><strong>Valerio Bruschini &#8211;<a href=\"http:\/\/www.valeriobruschini.info\/?p=833\"> La Terra di Nessuno<\/a><\/strong><\/p>\n<p>NOTE<br \/>[1] Pierino Marazzani, Calendario di effemeridi anticlericali 2013, Edizioni La Fiaccola, Ragusa.<br \/>[2] Ibidem.<\/p>\n<p><em>NdR chi vuole copie del calendario anticlericale pu\u00f2 contattarci a info[at]civiltalaica.it<\/em><\/p>\n","protected":false},"excerpt":{"rendered":"<p>1) Pure in questo Autunno del 2012, \u00e8 uscito il \u201c Calendario di effemeridi anticlericali \u201c 2013 [1], giunto alla sua ventiduesima edizione e la cui vendita \u00e8 opera, essenzialmente, delle persone di buona volont\u00e0, che ritengono sia di fare cosa buona e giusta, sia che \u00e8 loro dovere e fonte di salvezza il diffondere [&hellip;]<\/p>\n","protected":false},"author":7,"featured_media":0,"comment_status":"closed","ping_status":"closed","sticky":false,"template":"","format":"standard","meta":{"footnotes":""},"categories":[238,232],"tags":[],"class_list":["post-11008","post","type-post","status-publish","format-standard","hentry","category-articoli","category-riflessioni-2"],"yoast_head":"<!-- This site is optimized with the Yoast SEO plugin v27.1.1 - https:\/\/yoast.com\/product\/yoast-seo-wordpress\/ -->\n<title>CLERO IN CRISI: ALCUNE CIFRE - Associazione Culturale Civilt\u00e0 Laica<\/title>\n<meta name=\"robots\" content=\"index, follow, max-snippet:-1, max-image-preview:large, max-video-preview:-1\" \/>\n<link rel=\"canonical\" href=\"https:\/\/www.civiltalaica.it\/cms\/clero-in-crisi-alcune-cifre\/\" \/>\n<meta property=\"og:locale\" content=\"it_IT\" \/>\n<meta property=\"og:type\" content=\"article\" \/>\n<meta property=\"og:title\" content=\"CLERO IN CRISI: ALCUNE CIFRE - Associazione Culturale Civilt\u00e0 Laica\" \/>\n<meta property=\"og:description\" content=\"1) Pure in questo Autunno del 2012, \u00e8 uscito il \u201c Calendario di effemeridi anticlericali \u201c 2013 [1], giunto alla sua ventiduesima edizione e la cui vendita \u00e8 opera, essenzialmente, delle persone di buona volont\u00e0, che ritengono sia di fare cosa buona e giusta, sia che \u00e8 loro dovere e fonte di salvezza il diffondere [&hellip;]\" \/>\n<meta property=\"og:url\" content=\"https:\/\/www.civiltalaica.it\/cms\/clero-in-crisi-alcune-cifre\/\" \/>\n<meta property=\"og:site_name\" content=\"Associazione Culturale Civilt\u00e0 Laica\" \/>\n<meta property=\"article:publisher\" content=\"https:\/\/www.facebook.com\/civiltalaica\" \/>\n<meta property=\"article:published_time\" content=\"2012-12-04T16:34:52+00:00\" \/>\n<meta property=\"og:image\" content=\"http:\/\/www.civiltalaica.it\/cms\/wp-content\/uploads\/2012\/12\/calendario-2012-209x300.jpg\" \/>\n<meta name=\"author\" content=\"alexjc\" \/>\n<meta name=\"twitter:card\" content=\"summary_large_image\" \/>\n<meta name=\"twitter:label1\" content=\"Scritto da\" \/>\n\t<meta name=\"twitter:data1\" content=\"alexjc\" \/>\n\t<meta name=\"twitter:label2\" content=\"Tempo di lettura stimato\" \/>\n\t<meta name=\"twitter:data2\" content=\"3 minuti\" \/>\n<script type=\"application\/ld+json\" class=\"yoast-schema-graph\">{\"@context\":\"https:\/\/schema.org\",\"@graph\":[{\"@type\":\"Article\",\"@id\":\"https:\/\/www.civiltalaica.it\/cms\/clero-in-crisi-alcune-cifre\/#article\",\"isPartOf\":{\"@id\":\"https:\/\/www.civiltalaica.it\/cms\/clero-in-crisi-alcune-cifre\/\"},\"author\":{\"name\":\"alexjc\",\"@id\":\"https:\/\/www.civiltalaica.it\/cms\/#\/schema\/person\/4efef56f866329a1e0943eb27336df1d\"},\"headline\":\"CLERO IN CRISI: ALCUNE CIFRE\",\"datePublished\":\"2012-12-04T16:34:52+00:00\",\"mainEntityOfPage\":{\"@id\":\"https:\/\/www.civiltalaica.it\/cms\/clero-in-crisi-alcune-cifre\/\"},\"wordCount\":573,\"image\":{\"@id\":\"https:\/\/www.civiltalaica.it\/cms\/clero-in-crisi-alcune-cifre\/#primaryimage\"},\"thumbnailUrl\":\"http:\/\/www.civiltalaica.it\/cms\/wp-content\/uploads\/2012\/12\/calendario-2012-209x300.jpg\",\"articleSection\":[\"articoli\",\"riflessioni\"],\"inLanguage\":\"it-IT\"},{\"@type\":\"WebPage\",\"@id\":\"https:\/\/www.civiltalaica.it\/cms\/clero-in-crisi-alcune-cifre\/\",\"url\":\"https:\/\/www.civiltalaica.it\/cms\/clero-in-crisi-alcune-cifre\/\",\"name\":\"CLERO IN CRISI: ALCUNE CIFRE - Associazione Culturale Civilt\u00e0 Laica\",\"isPartOf\":{\"@id\":\"https:\/\/www.civiltalaica.it\/cms\/#website\"},\"primaryImageOfPage\":{\"@id\":\"https:\/\/www.civiltalaica.it\/cms\/clero-in-crisi-alcune-cifre\/#primaryimage\"},\"image\":{\"@id\":\"https:\/\/www.civiltalaica.it\/cms\/clero-in-crisi-alcune-cifre\/#primaryimage\"},\"thumbnailUrl\":\"http:\/\/www.civiltalaica.it\/cms\/wp-content\/uploads\/2012\/12\/calendario-2012-209x300.jpg\",\"datePublished\":\"2012-12-04T16:34:52+00:00\",\"author\":{\"@id\":\"https:\/\/www.civiltalaica.it\/cms\/#\/schema\/person\/4efef56f866329a1e0943eb27336df1d\"},\"breadcrumb\":{\"@id\":\"https:\/\/www.civiltalaica.it\/cms\/clero-in-crisi-alcune-cifre\/#breadcrumb\"},\"inLanguage\":\"it-IT\",\"potentialAction\":[{\"@type\":\"ReadAction\",\"target\":[\"https:\/\/www.civiltalaica.it\/cms\/clero-in-crisi-alcune-cifre\/\"]}]},{\"@type\":\"ImageObject\",\"inLanguage\":\"it-IT\",\"@id\":\"https:\/\/www.civiltalaica.it\/cms\/clero-in-crisi-alcune-cifre\/#primaryimage\",\"url\":\"http:\/\/www.civiltalaica.it\/cms\/wp-content\/uploads\/2012\/12\/calendario-2012-209x300.jpg\",\"contentUrl\":\"http:\/\/www.civiltalaica.it\/cms\/wp-content\/uploads\/2012\/12\/calendario-2012-209x300.jpg\"},{\"@type\":\"BreadcrumbList\",\"@id\":\"https:\/\/www.civiltalaica.it\/cms\/clero-in-crisi-alcune-cifre\/#breadcrumb\",\"itemListElement\":[{\"@type\":\"ListItem\",\"position\":1,\"name\":\"Home\",\"item\":\"https:\/\/www.civiltalaica.it\/cms\/\"},{\"@type\":\"ListItem\",\"position\":2,\"name\":\"CLERO IN CRISI: ALCUNE CIFRE\"}]},{\"@type\":\"WebSite\",\"@id\":\"https:\/\/www.civiltalaica.it\/cms\/#website\",\"url\":\"https:\/\/www.civiltalaica.it\/cms\/\",\"name\":\"Associazione Culturale Civilt\u00e0 Laica\",\"description\":\"Per un movimento culturale volto a difendere la Laicit\u00e0 dello Stato.\",\"potentialAction\":[{\"@type\":\"SearchAction\",\"target\":{\"@type\":\"EntryPoint\",\"urlTemplate\":\"https:\/\/www.civiltalaica.it\/cms\/?s={search_term_string}\"},\"query-input\":{\"@type\":\"PropertyValueSpecification\",\"valueRequired\":true,\"valueName\":\"search_term_string\"}}],\"inLanguage\":\"it-IT\"},{\"@type\":\"Person\",\"@id\":\"https:\/\/www.civiltalaica.it\/cms\/#\/schema\/person\/4efef56f866329a1e0943eb27336df1d\",\"name\":\"alexjc\",\"url\":\"https:\/\/www.civiltalaica.it\/cms\/author\/alexjc\/\"}]}<\/script>\n<!-- \/ Yoast SEO plugin. -->","yoast_head_json":{"title":"CLERO IN CRISI: ALCUNE CIFRE - Associazione Culturale Civilt\u00e0 Laica","robots":{"index":"index","follow":"follow","max-snippet":"max-snippet:-1","max-image-preview":"max-image-preview:large","max-video-preview":"max-video-preview:-1"},"canonical":"https:\/\/www.civiltalaica.it\/cms\/clero-in-crisi-alcune-cifre\/","og_locale":"it_IT","og_type":"article","og_title":"CLERO IN CRISI: ALCUNE CIFRE - Associazione Culturale Civilt\u00e0 Laica","og_description":"1) Pure in questo Autunno del 2012, \u00e8 uscito il \u201c Calendario di effemeridi anticlericali \u201c 2013 [1], giunto alla sua ventiduesima edizione e la cui vendita \u00e8 opera, essenzialmente, delle persone di buona volont\u00e0, che ritengono sia di fare cosa buona e giusta, sia che \u00e8 loro dovere e fonte di salvezza il diffondere [&hellip;]","og_url":"https:\/\/www.civiltalaica.it\/cms\/clero-in-crisi-alcune-cifre\/","og_site_name":"Associazione Culturale Civilt\u00e0 Laica","article_publisher":"https:\/\/www.facebook.com\/civiltalaica","article_published_time":"2012-12-04T16:34:52+00:00","og_image":[{"url":"http:\/\/www.civiltalaica.it\/cms\/wp-content\/uploads\/2012\/12\/calendario-2012-209x300.jpg","type":"","width":"","height":""}],"author":"alexjc","twitter_card":"summary_large_image","twitter_misc":{"Scritto da":"alexjc","Tempo di lettura stimato":"3 minuti"},"schema":{"@context":"https:\/\/schema.org","@graph":[{"@type":"Article","@id":"https:\/\/www.civiltalaica.it\/cms\/clero-in-crisi-alcune-cifre\/#article","isPartOf":{"@id":"https:\/\/www.civiltalaica.it\/cms\/clero-in-crisi-alcune-cifre\/"},"author":{"name":"alexjc","@id":"https:\/\/www.civiltalaica.it\/cms\/#\/schema\/person\/4efef56f866329a1e0943eb27336df1d"},"headline":"CLERO IN CRISI: ALCUNE CIFRE","datePublished":"2012-12-04T16:34:52+00:00","mainEntityOfPage":{"@id":"https:\/\/www.civiltalaica.it\/cms\/clero-in-crisi-alcune-cifre\/"},"wordCount":573,"image":{"@id":"https:\/\/www.civiltalaica.it\/cms\/clero-in-crisi-alcune-cifre\/#primaryimage"},"thumbnailUrl":"http:\/\/www.civiltalaica.it\/cms\/wp-content\/uploads\/2012\/12\/calendario-2012-209x300.jpg","articleSection":["articoli","riflessioni"],"inLanguage":"it-IT"},{"@type":"WebPage","@id":"https:\/\/www.civiltalaica.it\/cms\/clero-in-crisi-alcune-cifre\/","url":"https:\/\/www.civiltalaica.it\/cms\/clero-in-crisi-alcune-cifre\/","name":"CLERO IN CRISI: ALCUNE CIFRE - Associazione Culturale Civilt\u00e0 Laica","isPartOf":{"@id":"https:\/\/www.civiltalaica.it\/cms\/#website"},"primaryImageOfPage":{"@id":"https:\/\/www.civiltalaica.it\/cms\/clero-in-crisi-alcune-cifre\/#primaryimage"},"image":{"@id":"https:\/\/www.civiltalaica.it\/cms\/clero-in-crisi-alcune-cifre\/#primaryimage"},"thumbnailUrl":"http:\/\/www.civiltalaica.it\/cms\/wp-content\/uploads\/2012\/12\/calendario-2012-209x300.jpg","datePublished":"2012-12-04T16:34:52+00:00","author":{"@id":"https:\/\/www.civiltalaica.it\/cms\/#\/schema\/person\/4efef56f866329a1e0943eb27336df1d"},"breadcrumb":{"@id":"https:\/\/www.civiltalaica.it\/cms\/clero-in-crisi-alcune-cifre\/#breadcrumb"},"inLanguage":"it-IT","potentialAction":[{"@type":"ReadAction","target":["https:\/\/www.civiltalaica.it\/cms\/clero-in-crisi-alcune-cifre\/"]}]},{"@type":"ImageObject","inLanguage":"it-IT","@id":"https:\/\/www.civiltalaica.it\/cms\/clero-in-crisi-alcune-cifre\/#primaryimage","url":"http:\/\/www.civiltalaica.it\/cms\/wp-content\/uploads\/2012\/12\/calendario-2012-209x300.jpg","contentUrl":"http:\/\/www.civiltalaica.it\/cms\/wp-content\/uploads\/2012\/12\/calendario-2012-209x300.jpg"},{"@type":"BreadcrumbList","@id":"https:\/\/www.civiltalaica.it\/cms\/clero-in-crisi-alcune-cifre\/#breadcrumb","itemListElement":[{"@type":"ListItem","position":1,"name":"Home","item":"https:\/\/www.civiltalaica.it\/cms\/"},{"@type":"ListItem","position":2,"name":"CLERO IN CRISI: ALCUNE CIFRE"}]},{"@type":"WebSite","@id":"https:\/\/www.civiltalaica.it\/cms\/#website","url":"https:\/\/www.civiltalaica.it\/cms\/","name":"Associazione Culturale Civilt\u00e0 Laica","description":"Per un movimento culturale volto a difendere la Laicit\u00e0 dello Stato.","potentialAction":[{"@type":"SearchAction","target":{"@type":"EntryPoint","urlTemplate":"https:\/\/www.civiltalaica.it\/cms\/?s={search_term_string}"},"query-input":{"@type":"PropertyValueSpecification","valueRequired":true,"valueName":"search_term_string"}}],"inLanguage":"it-IT"},{"@type":"Person","@id":"https:\/\/www.civiltalaica.it\/cms\/#\/schema\/person\/4efef56f866329a1e0943eb27336df1d","name":"alexjc","url":"https:\/\/www.civiltalaica.it\/cms\/author\/alexjc\/"}]}},"_links":{"self":[{"href":"https:\/\/www.civiltalaica.it\/cms\/wp-json\/wp\/v2\/posts\/11008","targetHints":{"allow":["GET"]}}],"collection":[{"href":"https:\/\/www.civiltalaica.it\/cms\/wp-json\/wp\/v2\/posts"}],"about":[{"href":"https:\/\/www.civiltalaica.it\/cms\/wp-json\/wp\/v2\/types\/post"}],"author":[{"embeddable":true,"href":"https:\/\/www.civiltalaica.it\/cms\/wp-json\/wp\/v2\/users\/7"}],"replies":[{"embeddable":true,"href":"https:\/\/www.civiltalaica.it\/cms\/wp-json\/wp\/v2\/comments?post=11008"}],"version-history":[{"count":0,"href":"https:\/\/www.civiltalaica.it\/cms\/wp-json\/wp\/v2\/posts\/11008\/revisions"}],"wp:attachment":[{"href":"https:\/\/www.civiltalaica.it\/cms\/wp-json\/wp\/v2\/media?parent=11008"}],"wp:term":[{"taxonomy":"category","embeddable":true,"href":"https:\/\/www.civiltalaica.it\/cms\/wp-json\/wp\/v2\/categories?post=11008"},{"taxonomy":"post_tag","embeddable":true,"href":"https:\/\/www.civiltalaica.it\/cms\/wp-json\/wp\/v2\/tags?post=11008"}],"curies":[{"name":"wp","href":"https:\/\/api.w.org\/{rel}","templated":true}]}}