{"id":10984,"date":"2012-11-21T18:03:52","date_gmt":"2012-11-21T18:03:52","guid":{"rendered":"http:\/\/www.civiltalaica.it\/cms\/?p=10984"},"modified":"2012-11-21T18:03:52","modified_gmt":"2012-11-21T18:03:52","slug":"argo","status":"publish","type":"post","link":"https:\/\/www.civiltalaica.it\/cms\/argo\/","title":{"rendered":"Argo"},"content":{"rendered":"<p>La magia del cinema \u00e8 tale che ci si pu\u00f2 ritrovare da un momento all&#8217;altro a tifare per un agente della Cia dimenticando per un paio d&#8217;ore il Cile, il Guatemala, Gladio, il Nicaragua, il Laos e la baia dei porci.\u00a0<em>Argo<\/em>, occorre dirlo, \u00e8 un film onesto (per quel che ne pu\u00f2 sapere un comune mortale); prima di iniziare a raccontare dell&#8217;odio iraniano nei confronti degli Usa e degli americani, spiega correttamente il perch\u00e9 di quest&#8217;odio.<!--more--><a href=\"http:\/\/www.civiltalaica.it\/cms\/wp-content\/uploads\/2012\/11\/argo-poster-header.jpeg\"><img loading=\"lazy\" decoding=\"async\" class=\"alignleft size-medium wp-image-10985\" title=\"argo-poster-header\" src=\"http:\/\/www.civiltalaica.it\/cms\/wp-content\/uploads\/2012\/11\/argo-poster-header-300x210.jpeg\" alt=\"\" width=\"300\" height=\"210\" srcset=\"https:\/\/www.civiltalaica.it\/cms\/wp-content\/uploads\/2012\/11\/argo-poster-header-300x210.jpeg 300w, https:\/\/www.civiltalaica.it\/cms\/wp-content\/uploads\/2012\/11\/argo-poster-header.jpeg 680w\" sizes=\"auto, (max-width: 300px) 100vw, 300px\" \/><\/a> Infatti i primi cinque minuti del film parlano della deposizione (1953) del governo democraticamente eletto di Mossadegh che aveva commesso il grave torto, dal punto di vista americano, di nazionalizzare le immense risorse petrolifere dell&#8217;Iran. La seguente restaurazione del regime dello sci\u00e0 port\u00f2 a un periodo di terrore in cui oltre 7000 attivisti islamici e marxisti furono torturati e uccisi. La rivoluzione del 1979 che abbatt\u00e9 lo sci\u00e0 non poteva vedere di buon occhio gli Usa e quest&#8217;odio culmin\u00f2 con l&#8217;assalto all&#8217;ambasciata statunitense e la cattura di 52 ostaggi americani che rimasero prigionieri delle &#8220;guardie della rivoluzione&#8221; per oltre un anno. A questa cattura scamparono sei persone del corpo diplomatico dell&#8217;ambasciata Usa che riuscirono ad uscire e ad arrivare alla casa dell&#8217;ambasciatore canadese.<\/p>\n<p>Qui inizia la vera storia oggetto del film diretto da Ben Affleck, che interpreta anche il ruolo del protagonista principale, ovvero l&#8217;agente segreto Tony Mendez che organizz\u00f2 la missione per riportare a casa i sei &#8220;ospiti&#8221; dell&#8217;ambasciatore canadese. L&#8217;idea geniale di Mendez, che pu\u00f2 oggi apparire strampalata mentre realt\u00e0 funzion\u00f2 alla perfezione, fu quella di spacciare i sei per una troupe cinematografica canadese che voleva girare un film di fantascienza per il quale servivano scenari desertici (per capirne la credibilit\u00e0 occorre ricordare che nel 1977 c&#8217;era stato il successo planetario di Star Wars).<br \/>Ovviamente per far risultare il tutto credibile occorreva che il film, o per meglio dire il suo progetto, esistesse veramente e cos\u00ec con l&#8217;aiuto di John Chambers (truccatore premio oscar interpretato da John Goodman) e di Lester Siegel (produttore di Hollywood interpretato da Alan Arkin) l&#8217;agenzia riesce a mettere in piedi una copertura credibile. Mendez deve entrare in Iran per istruire i sei sulle loro identit\u00e0 e portare con s\u00e9 tutto l&#8217;occorrente per far apparire la storia credibile alle guardie della rivoluzione, nonostante le reticenze iniziali di alcuni degli &#8220;ospiti&#8221; riesce a portare tutti a casa per un lieto fine che poteva essere atteso solo da chi ricordava gli eventi reali di quegli anni.<\/p>\n<p>Il film si regge sulla duplice bravura di Ben Affleck, come attore e come regista che sa dare un ritmo coinvolgente alla storia e tenere in tensione lo spettatore; per\u00f2 il disagio di trovarsi a tifare per il buon fine di un&#8217;operazione della Cia \u00e8 forte. Lungi da noi riproporre simpatie filo-islamiste in chiave anti-americana (cosa di cui si macchi\u00f2 parte della sinistra europea in quel periodo), \u00e8 per\u00f2 difficile ignorare che l&#8217;organizzazione che ha salvato queste sei persone \u00e8 la stessa che ha compiuto alcuni delle peggiori carognate che si possono ricordare nel dopoguerra. Bisogna forse solo prendere atto che, come sempre accade, le dicotomie bene\/male funzionano solo nei film mentre nella realt\u00e0 le cose sono sempre molto pi\u00f9 sfumate e confuse.<\/p>\n<p><strong>J. Mnemonic<\/strong><\/p>\n","protected":false},"excerpt":{"rendered":"<p>La magia del cinema \u00e8 tale che ci si pu\u00f2 ritrovare da un momento all&#8217;altro a tifare per un agente della Cia dimenticando per un paio d&#8217;ore il Cile, il Guatemala, Gladio, il Nicaragua, il Laos e la baia dei porci.\u00a0Argo, occorre dirlo, \u00e8 un film onesto (per quel che ne pu\u00f2 sapere un comune [&hellip;]<\/p>\n","protected":false},"author":7,"featured_media":0,"comment_status":"closed","ping_status":"closed","sticky":false,"template":"","format":"standard","meta":{"footnotes":""},"categories":[238,231],"tags":[1145,1146,305,72,71],"class_list":["post-10984","post","type-post","status-publish","format-standard","hentry","category-articoli","category-recensioni","tag-argo","tag-ben-affleck","tag-cia","tag-iran","tag-j-mnemonic"],"yoast_head":"<!-- This site is optimized with the Yoast SEO plugin v27.1.1 - https:\/\/yoast.com\/product\/yoast-seo-wordpress\/ -->\n<title>Argo - Associazione Culturale Civilt\u00e0 Laica<\/title>\n<meta name=\"robots\" content=\"index, follow, max-snippet:-1, max-image-preview:large, max-video-preview:-1\" \/>\n<link rel=\"canonical\" href=\"https:\/\/www.civiltalaica.it\/cms\/argo\/\" \/>\n<meta property=\"og:locale\" content=\"it_IT\" \/>\n<meta property=\"og:type\" content=\"article\" \/>\n<meta property=\"og:title\" content=\"Argo - Associazione Culturale Civilt\u00e0 Laica\" \/>\n<meta property=\"og:description\" content=\"La magia del cinema \u00e8 tale che ci si pu\u00f2 ritrovare da un momento all&#8217;altro a tifare per un agente della Cia dimenticando per un paio d&#8217;ore il Cile, il Guatemala, Gladio, il Nicaragua, il Laos e la baia dei porci.\u00a0Argo, occorre dirlo, \u00e8 un film onesto (per quel che ne pu\u00f2 sapere un comune [&hellip;]\" \/>\n<meta property=\"og:url\" content=\"https:\/\/www.civiltalaica.it\/cms\/argo\/\" \/>\n<meta property=\"og:site_name\" content=\"Associazione Culturale Civilt\u00e0 Laica\" \/>\n<meta property=\"article:publisher\" content=\"https:\/\/www.facebook.com\/civiltalaica\" \/>\n<meta property=\"article:published_time\" content=\"2012-11-21T18:03:52+00:00\" \/>\n<meta property=\"og:image\" content=\"http:\/\/www.civiltalaica.it\/cms\/wp-content\/uploads\/2012\/11\/argo-poster-header-300x210.jpeg\" \/>\n<meta name=\"author\" content=\"alexjc\" \/>\n<meta name=\"twitter:card\" content=\"summary_large_image\" \/>\n<meta name=\"twitter:label1\" content=\"Scritto da\" \/>\n\t<meta name=\"twitter:data1\" content=\"alexjc\" \/>\n\t<meta name=\"twitter:label2\" content=\"Tempo di lettura stimato\" \/>\n\t<meta name=\"twitter:data2\" content=\"3 minuti\" \/>\n<script type=\"application\/ld+json\" class=\"yoast-schema-graph\">{\"@context\":\"https:\/\/schema.org\",\"@graph\":[{\"@type\":\"Article\",\"@id\":\"https:\/\/www.civiltalaica.it\/cms\/argo\/#article\",\"isPartOf\":{\"@id\":\"https:\/\/www.civiltalaica.it\/cms\/argo\/\"},\"author\":{\"name\":\"alexjc\",\"@id\":\"https:\/\/www.civiltalaica.it\/cms\/#\/schema\/person\/4efef56f866329a1e0943eb27336df1d\"},\"headline\":\"Argo\",\"datePublished\":\"2012-11-21T18:03:52+00:00\",\"mainEntityOfPage\":{\"@id\":\"https:\/\/www.civiltalaica.it\/cms\/argo\/\"},\"wordCount\":524,\"image\":{\"@id\":\"https:\/\/www.civiltalaica.it\/cms\/argo\/#primaryimage\"},\"thumbnailUrl\":\"http:\/\/www.civiltalaica.it\/cms\/wp-content\/uploads\/2012\/11\/argo-poster-header-300x210.jpeg\",\"keywords\":[\"argo\",\"ben affleck\",\"cia\",\"iran\",\"j mnemonic\"],\"articleSection\":[\"articoli\",\"recensioni\"],\"inLanguage\":\"it-IT\"},{\"@type\":\"WebPage\",\"@id\":\"https:\/\/www.civiltalaica.it\/cms\/argo\/\",\"url\":\"https:\/\/www.civiltalaica.it\/cms\/argo\/\",\"name\":\"Argo - Associazione Culturale Civilt\u00e0 Laica\",\"isPartOf\":{\"@id\":\"https:\/\/www.civiltalaica.it\/cms\/#website\"},\"primaryImageOfPage\":{\"@id\":\"https:\/\/www.civiltalaica.it\/cms\/argo\/#primaryimage\"},\"image\":{\"@id\":\"https:\/\/www.civiltalaica.it\/cms\/argo\/#primaryimage\"},\"thumbnailUrl\":\"http:\/\/www.civiltalaica.it\/cms\/wp-content\/uploads\/2012\/11\/argo-poster-header-300x210.jpeg\",\"datePublished\":\"2012-11-21T18:03:52+00:00\",\"author\":{\"@id\":\"https:\/\/www.civiltalaica.it\/cms\/#\/schema\/person\/4efef56f866329a1e0943eb27336df1d\"},\"breadcrumb\":{\"@id\":\"https:\/\/www.civiltalaica.it\/cms\/argo\/#breadcrumb\"},\"inLanguage\":\"it-IT\",\"potentialAction\":[{\"@type\":\"ReadAction\",\"target\":[\"https:\/\/www.civiltalaica.it\/cms\/argo\/\"]}]},{\"@type\":\"ImageObject\",\"inLanguage\":\"it-IT\",\"@id\":\"https:\/\/www.civiltalaica.it\/cms\/argo\/#primaryimage\",\"url\":\"http:\/\/www.civiltalaica.it\/cms\/wp-content\/uploads\/2012\/11\/argo-poster-header-300x210.jpeg\",\"contentUrl\":\"http:\/\/www.civiltalaica.it\/cms\/wp-content\/uploads\/2012\/11\/argo-poster-header-300x210.jpeg\"},{\"@type\":\"BreadcrumbList\",\"@id\":\"https:\/\/www.civiltalaica.it\/cms\/argo\/#breadcrumb\",\"itemListElement\":[{\"@type\":\"ListItem\",\"position\":1,\"name\":\"Home\",\"item\":\"https:\/\/www.civiltalaica.it\/cms\/\"},{\"@type\":\"ListItem\",\"position\":2,\"name\":\"Argo\"}]},{\"@type\":\"WebSite\",\"@id\":\"https:\/\/www.civiltalaica.it\/cms\/#website\",\"url\":\"https:\/\/www.civiltalaica.it\/cms\/\",\"name\":\"Associazione Culturale Civilt\u00e0 Laica\",\"description\":\"Per un movimento culturale volto a difendere la Laicit\u00e0 dello Stato.\",\"potentialAction\":[{\"@type\":\"SearchAction\",\"target\":{\"@type\":\"EntryPoint\",\"urlTemplate\":\"https:\/\/www.civiltalaica.it\/cms\/?s={search_term_string}\"},\"query-input\":{\"@type\":\"PropertyValueSpecification\",\"valueRequired\":true,\"valueName\":\"search_term_string\"}}],\"inLanguage\":\"it-IT\"},{\"@type\":\"Person\",\"@id\":\"https:\/\/www.civiltalaica.it\/cms\/#\/schema\/person\/4efef56f866329a1e0943eb27336df1d\",\"name\":\"alexjc\",\"url\":\"https:\/\/www.civiltalaica.it\/cms\/author\/alexjc\/\"}]}<\/script>\n<!-- \/ Yoast SEO plugin. -->","yoast_head_json":{"title":"Argo - Associazione Culturale Civilt\u00e0 Laica","robots":{"index":"index","follow":"follow","max-snippet":"max-snippet:-1","max-image-preview":"max-image-preview:large","max-video-preview":"max-video-preview:-1"},"canonical":"https:\/\/www.civiltalaica.it\/cms\/argo\/","og_locale":"it_IT","og_type":"article","og_title":"Argo - Associazione Culturale Civilt\u00e0 Laica","og_description":"La magia del cinema \u00e8 tale che ci si pu\u00f2 ritrovare da un momento all&#8217;altro a tifare per un agente della Cia dimenticando per un paio d&#8217;ore il Cile, il Guatemala, Gladio, il Nicaragua, il Laos e la baia dei porci.\u00a0Argo, occorre dirlo, \u00e8 un film onesto (per quel che ne pu\u00f2 sapere un comune [&hellip;]","og_url":"https:\/\/www.civiltalaica.it\/cms\/argo\/","og_site_name":"Associazione Culturale Civilt\u00e0 Laica","article_publisher":"https:\/\/www.facebook.com\/civiltalaica","article_published_time":"2012-11-21T18:03:52+00:00","og_image":[{"url":"http:\/\/www.civiltalaica.it\/cms\/wp-content\/uploads\/2012\/11\/argo-poster-header-300x210.jpeg","type":"","width":"","height":""}],"author":"alexjc","twitter_card":"summary_large_image","twitter_misc":{"Scritto da":"alexjc","Tempo di lettura stimato":"3 minuti"},"schema":{"@context":"https:\/\/schema.org","@graph":[{"@type":"Article","@id":"https:\/\/www.civiltalaica.it\/cms\/argo\/#article","isPartOf":{"@id":"https:\/\/www.civiltalaica.it\/cms\/argo\/"},"author":{"name":"alexjc","@id":"https:\/\/www.civiltalaica.it\/cms\/#\/schema\/person\/4efef56f866329a1e0943eb27336df1d"},"headline":"Argo","datePublished":"2012-11-21T18:03:52+00:00","mainEntityOfPage":{"@id":"https:\/\/www.civiltalaica.it\/cms\/argo\/"},"wordCount":524,"image":{"@id":"https:\/\/www.civiltalaica.it\/cms\/argo\/#primaryimage"},"thumbnailUrl":"http:\/\/www.civiltalaica.it\/cms\/wp-content\/uploads\/2012\/11\/argo-poster-header-300x210.jpeg","keywords":["argo","ben affleck","cia","iran","j mnemonic"],"articleSection":["articoli","recensioni"],"inLanguage":"it-IT"},{"@type":"WebPage","@id":"https:\/\/www.civiltalaica.it\/cms\/argo\/","url":"https:\/\/www.civiltalaica.it\/cms\/argo\/","name":"Argo - Associazione Culturale Civilt\u00e0 Laica","isPartOf":{"@id":"https:\/\/www.civiltalaica.it\/cms\/#website"},"primaryImageOfPage":{"@id":"https:\/\/www.civiltalaica.it\/cms\/argo\/#primaryimage"},"image":{"@id":"https:\/\/www.civiltalaica.it\/cms\/argo\/#primaryimage"},"thumbnailUrl":"http:\/\/www.civiltalaica.it\/cms\/wp-content\/uploads\/2012\/11\/argo-poster-header-300x210.jpeg","datePublished":"2012-11-21T18:03:52+00:00","author":{"@id":"https:\/\/www.civiltalaica.it\/cms\/#\/schema\/person\/4efef56f866329a1e0943eb27336df1d"},"breadcrumb":{"@id":"https:\/\/www.civiltalaica.it\/cms\/argo\/#breadcrumb"},"inLanguage":"it-IT","potentialAction":[{"@type":"ReadAction","target":["https:\/\/www.civiltalaica.it\/cms\/argo\/"]}]},{"@type":"ImageObject","inLanguage":"it-IT","@id":"https:\/\/www.civiltalaica.it\/cms\/argo\/#primaryimage","url":"http:\/\/www.civiltalaica.it\/cms\/wp-content\/uploads\/2012\/11\/argo-poster-header-300x210.jpeg","contentUrl":"http:\/\/www.civiltalaica.it\/cms\/wp-content\/uploads\/2012\/11\/argo-poster-header-300x210.jpeg"},{"@type":"BreadcrumbList","@id":"https:\/\/www.civiltalaica.it\/cms\/argo\/#breadcrumb","itemListElement":[{"@type":"ListItem","position":1,"name":"Home","item":"https:\/\/www.civiltalaica.it\/cms\/"},{"@type":"ListItem","position":2,"name":"Argo"}]},{"@type":"WebSite","@id":"https:\/\/www.civiltalaica.it\/cms\/#website","url":"https:\/\/www.civiltalaica.it\/cms\/","name":"Associazione Culturale Civilt\u00e0 Laica","description":"Per un movimento culturale volto a difendere la Laicit\u00e0 dello Stato.","potentialAction":[{"@type":"SearchAction","target":{"@type":"EntryPoint","urlTemplate":"https:\/\/www.civiltalaica.it\/cms\/?s={search_term_string}"},"query-input":{"@type":"PropertyValueSpecification","valueRequired":true,"valueName":"search_term_string"}}],"inLanguage":"it-IT"},{"@type":"Person","@id":"https:\/\/www.civiltalaica.it\/cms\/#\/schema\/person\/4efef56f866329a1e0943eb27336df1d","name":"alexjc","url":"https:\/\/www.civiltalaica.it\/cms\/author\/alexjc\/"}]}},"_links":{"self":[{"href":"https:\/\/www.civiltalaica.it\/cms\/wp-json\/wp\/v2\/posts\/10984","targetHints":{"allow":["GET"]}}],"collection":[{"href":"https:\/\/www.civiltalaica.it\/cms\/wp-json\/wp\/v2\/posts"}],"about":[{"href":"https:\/\/www.civiltalaica.it\/cms\/wp-json\/wp\/v2\/types\/post"}],"author":[{"embeddable":true,"href":"https:\/\/www.civiltalaica.it\/cms\/wp-json\/wp\/v2\/users\/7"}],"replies":[{"embeddable":true,"href":"https:\/\/www.civiltalaica.it\/cms\/wp-json\/wp\/v2\/comments?post=10984"}],"version-history":[{"count":0,"href":"https:\/\/www.civiltalaica.it\/cms\/wp-json\/wp\/v2\/posts\/10984\/revisions"}],"wp:attachment":[{"href":"https:\/\/www.civiltalaica.it\/cms\/wp-json\/wp\/v2\/media?parent=10984"}],"wp:term":[{"taxonomy":"category","embeddable":true,"href":"https:\/\/www.civiltalaica.it\/cms\/wp-json\/wp\/v2\/categories?post=10984"},{"taxonomy":"post_tag","embeddable":true,"href":"https:\/\/www.civiltalaica.it\/cms\/wp-json\/wp\/v2\/tags?post=10984"}],"curies":[{"name":"wp","href":"https:\/\/api.w.org\/{rel}","templated":true}]}}