{"id":10969,"date":"2012-11-19T15:14:05","date_gmt":"2012-11-19T15:14:05","guid":{"rendered":"http:\/\/www.civiltalaica.it\/cms\/?p=10969"},"modified":"2012-11-19T16:12:29","modified_gmt":"2012-11-19T16:12:29","slug":"il-buon-medico-non-obietta","status":"publish","type":"post","link":"https:\/\/www.civiltalaica.it\/cms\/il-buon-medico-non-obietta\/","title":{"rendered":"Il buon medico non obietta"},"content":{"rendered":"<p><a href=\"http:\/\/www.civiltalaica.it\/cms\/index.php\/10895.html\">La sala rossa di Palazzo Gazzoli era gremita di gente<\/a>; persone di tutte le et\u00e0 con una grande affluenza, e questa \u00e8 una novit\u00e0, di giovani. Un segno che questi temi non sono solo appannaggio di uno sparuto gruppo di veterofemministe o di attivisti nostalgici della laicit\u00e0, ma stanno raggiungendo le nuove generazioni&#8230;<!--more--><a href=\"http:\/\/www.civiltalaica.it\/cms\/wp-content\/uploads\/2012\/11\/odcsito1.jpg\"><img loading=\"lazy\" decoding=\"async\" class=\"alignleft size-medium wp-image-10970\" title=\"odcsito1\" src=\"http:\/\/www.civiltalaica.it\/cms\/wp-content\/uploads\/2012\/11\/odcsito1-300x225.jpg\" alt=\"\" width=\"300\" height=\"225\" srcset=\"https:\/\/www.civiltalaica.it\/cms\/wp-content\/uploads\/2012\/11\/odcsito1-300x225.jpg 300w, https:\/\/www.civiltalaica.it\/cms\/wp-content\/uploads\/2012\/11\/odcsito1.jpg 960w\" sizes=\"auto, (max-width: 300px) 100vw, 300px\" \/><\/a>quelle, dopo tutto, maggiormente interessate all\u2019obiezione di coscienza, all\u2019aborto, alla contraccezione nonch\u00e9 le pi\u00f9 condizionate nella loro libert\u00e0 di autodeterminazione da leggi liberticide basate su un\u2019etica che di \u201ccattolico\u201d, cio\u00e8 universale, ha davvero poco.<br \/>\nTanti gli ospiti invitati sul palco e, seconda novit\u00e0, si \u00e8 data voce sia ai tecnici \u2013 ginecologi o chirurghi che applicano nella quotidianit\u00e0 la legge 194 sull\u2019interruzione volontaria di gravidanza \u2013 sia ai politici, le figure che possono dare risposte pratiche ai problemi sollevati da chi opera nel settore. Un momento raro e inusuale di confronto teso a guardare l\u2019obiezione di coscienza nelle sue varie sfaccettature.<br \/>\nPerch\u00e9 obiettare \u00e8 davvero un diritto del medico? E soprattutto, un presunto diritto di una categoria professionale pu\u00f2 inficiare un altro diritto riconosciuto dalla legge, che \u00e8 quello della donna di non portare a termine una gravidanza? Gi\u00e0, perch\u00e9 in Italia l\u2019obiezione di coscienza viene professata da quasi il 70 per cento dei ginecologi e quasi il 45 per cento degli anestesisti. Con risultati variabili da regione a regione (siamo sopra all\u201980 per cento in Sicilia, Basilicata, Molise, Campania) e intere strutture ospedaliere che chiudono il servizio per la mancanza di medici non obiettori.<br \/>\nLa legge 194, riconoscendo il diritto del medico all\u2019obiezione di coscienza, delega alle Regioni al controllo dell\u2019applicazione del servizio, ma non specifica i modi n\u00e9 le contromisure da adottare nei numerosi casi di inadempienza, quelli, per intenderci, che costringono le donne a cambiare citt\u00e0 se non addirittura regione per poter abortire.<br \/>\nMa gli strumenti di controllo e gestione ci sarebbero e sta alla politica definirli: mobilit\u00e0 del personale, assunzioni mirate, decurtazione dello stipendio degli obiettori i quali, a parit\u00e0 di guadagno, lavorano meno dei colleghi non obiettori sui quali \u201cscaricano\u201d parte delle loro mansioni.<br \/>\nE allora ben vengano momenti di confronto come questi, che servono a informare i cittadini tramite le testimonianze dirette di chi lavora nel settore e contemporaneamente offrono la relativa visione politica di quelle forze che magari tra pochi mesi siederanno sugli scranni parlamentari e saranno chiamate a legiferare.<br \/>\nDa parte mia, non posso che ringraziare Civilt\u00e0 Laica, l\u2019Uaar e Terni Donne per essere stata invitata a moderare un dibattito non certo facile ma molto istruttivo in un periodo in cui i diritti, e non solo quello di abortire, sembrano un \u201cdi cui\u201d della democrazia quando invece ne definiscono la stessa solidit\u00e0.<\/p>\n<p><strong>Cecilia M. Calamani<\/strong><\/p>\n<p><a href=\"http:\/\/www.civiltalaica.it\/cms\/wp-content\/uploads\/2012\/11\/odcsito2.jpg\"><img loading=\"lazy\" decoding=\"async\" class=\"alignleft size-medium wp-image-10971\" title=\"odcsito2\" src=\"http:\/\/www.civiltalaica.it\/cms\/wp-content\/uploads\/2012\/11\/odcsito2-300x225.jpg\" alt=\"\" width=\"300\" height=\"225\" srcset=\"https:\/\/www.civiltalaica.it\/cms\/wp-content\/uploads\/2012\/11\/odcsito2-300x225.jpg 300w, https:\/\/www.civiltalaica.it\/cms\/wp-content\/uploads\/2012\/11\/odcsito2.jpg 960w\" sizes=\"auto, (max-width: 300px) 100vw, 300px\" \/><\/a><\/p>\n","protected":false},"excerpt":{"rendered":"<p>La sala rossa di Palazzo Gazzoli era gremita di gente; persone di tutte le et\u00e0 con una grande affluenza, e questa \u00e8 una novit\u00e0, di giovani. Un segno che questi temi non sono solo appannaggio di uno sparuto gruppo di veterofemministe o di attivisti nostalgici della laicit\u00e0, ma stanno raggiungendo le nuove generazioni&#8230;<\/p>\n","protected":false},"author":7,"featured_media":0,"comment_status":"closed","ping_status":"closed","sticky":false,"template":"","format":"standard","meta":{"footnotes":""},"categories":[238,235],"tags":[924,196,75,176],"class_list":["post-10969","post","type-post","status-publish","format-standard","hentry","category-articoli","category-andata","tag-924","tag-aborto","tag-cecilia-calamani","tag-obiezione-di-coscienza"],"yoast_head":"<!-- This site is optimized with the Yoast SEO plugin v27.1.1 - https:\/\/yoast.com\/product\/yoast-seo-wordpress\/ -->\n<title>Il buon medico non obietta - Associazione Culturale Civilt\u00e0 Laica<\/title>\n<meta name=\"robots\" content=\"index, follow, max-snippet:-1, max-image-preview:large, max-video-preview:-1\" \/>\n<link rel=\"canonical\" href=\"https:\/\/www.civiltalaica.it\/cms\/il-buon-medico-non-obietta\/\" \/>\n<meta property=\"og:locale\" content=\"it_IT\" \/>\n<meta property=\"og:type\" content=\"article\" \/>\n<meta property=\"og:title\" content=\"Il buon medico non obietta - Associazione Culturale Civilt\u00e0 Laica\" \/>\n<meta property=\"og:description\" content=\"La sala rossa di Palazzo Gazzoli era gremita di gente; persone di tutte le et\u00e0 con una grande affluenza, e questa \u00e8 una novit\u00e0, di giovani. Un segno che questi temi non sono solo appannaggio di uno sparuto gruppo di veterofemministe o di attivisti nostalgici della laicit\u00e0, ma stanno raggiungendo le nuove generazioni&#8230;\" \/>\n<meta property=\"og:url\" content=\"https:\/\/www.civiltalaica.it\/cms\/il-buon-medico-non-obietta\/\" \/>\n<meta property=\"og:site_name\" content=\"Associazione Culturale Civilt\u00e0 Laica\" \/>\n<meta property=\"article:publisher\" content=\"https:\/\/www.facebook.com\/civiltalaica\" \/>\n<meta property=\"article:published_time\" content=\"2012-11-19T15:14:05+00:00\" \/>\n<meta property=\"article:modified_time\" content=\"2012-11-19T16:12:29+00:00\" \/>\n<meta property=\"og:image\" content=\"http:\/\/www.civiltalaica.it\/cms\/wp-content\/uploads\/2012\/11\/odcsito1-300x225.jpg\" \/>\n<meta name=\"author\" content=\"alexjc\" \/>\n<meta name=\"twitter:card\" content=\"summary_large_image\" \/>\n<meta name=\"twitter:label1\" content=\"Scritto da\" \/>\n\t<meta name=\"twitter:data1\" content=\"alexjc\" \/>\n\t<meta name=\"twitter:label2\" content=\"Tempo di lettura stimato\" \/>\n\t<meta name=\"twitter:data2\" content=\"2 minuti\" \/>\n<script type=\"application\/ld+json\" class=\"yoast-schema-graph\">{\"@context\":\"https:\/\/schema.org\",\"@graph\":[{\"@type\":\"Article\",\"@id\":\"https:\/\/www.civiltalaica.it\/cms\/il-buon-medico-non-obietta\/#article\",\"isPartOf\":{\"@id\":\"https:\/\/www.civiltalaica.it\/cms\/il-buon-medico-non-obietta\/\"},\"author\":{\"name\":\"alexjc\",\"@id\":\"https:\/\/www.civiltalaica.it\/cms\/#\/schema\/person\/4efef56f866329a1e0943eb27336df1d\"},\"headline\":\"Il buon medico non obietta\",\"datePublished\":\"2012-11-19T15:14:05+00:00\",\"dateModified\":\"2012-11-19T16:12:29+00:00\",\"mainEntityOfPage\":{\"@id\":\"https:\/\/www.civiltalaica.it\/cms\/il-buon-medico-non-obietta\/\"},\"wordCount\":450,\"image\":{\"@id\":\"https:\/\/www.civiltalaica.it\/cms\/il-buon-medico-non-obietta\/#primaryimage\"},\"thumbnailUrl\":\"http:\/\/www.civiltalaica.it\/cms\/wp-content\/uploads\/2012\/11\/odcsito1-300x225.jpg\",\"keywords\":[\"194\",\"aborto\",\"cecilia calamani\",\"obiezione di coscienza\"],\"articleSection\":[\"articoli\",\"come \u00e8 andata?\"],\"inLanguage\":\"it-IT\"},{\"@type\":\"WebPage\",\"@id\":\"https:\/\/www.civiltalaica.it\/cms\/il-buon-medico-non-obietta\/\",\"url\":\"https:\/\/www.civiltalaica.it\/cms\/il-buon-medico-non-obietta\/\",\"name\":\"Il buon medico non obietta - Associazione Culturale Civilt\u00e0 Laica\",\"isPartOf\":{\"@id\":\"https:\/\/www.civiltalaica.it\/cms\/#website\"},\"primaryImageOfPage\":{\"@id\":\"https:\/\/www.civiltalaica.it\/cms\/il-buon-medico-non-obietta\/#primaryimage\"},\"image\":{\"@id\":\"https:\/\/www.civiltalaica.it\/cms\/il-buon-medico-non-obietta\/#primaryimage\"},\"thumbnailUrl\":\"http:\/\/www.civiltalaica.it\/cms\/wp-content\/uploads\/2012\/11\/odcsito1-300x225.jpg\",\"datePublished\":\"2012-11-19T15:14:05+00:00\",\"dateModified\":\"2012-11-19T16:12:29+00:00\",\"author\":{\"@id\":\"https:\/\/www.civiltalaica.it\/cms\/#\/schema\/person\/4efef56f866329a1e0943eb27336df1d\"},\"breadcrumb\":{\"@id\":\"https:\/\/www.civiltalaica.it\/cms\/il-buon-medico-non-obietta\/#breadcrumb\"},\"inLanguage\":\"it-IT\",\"potentialAction\":[{\"@type\":\"ReadAction\",\"target\":[\"https:\/\/www.civiltalaica.it\/cms\/il-buon-medico-non-obietta\/\"]}]},{\"@type\":\"ImageObject\",\"inLanguage\":\"it-IT\",\"@id\":\"https:\/\/www.civiltalaica.it\/cms\/il-buon-medico-non-obietta\/#primaryimage\",\"url\":\"http:\/\/www.civiltalaica.it\/cms\/wp-content\/uploads\/2012\/11\/odcsito1-300x225.jpg\",\"contentUrl\":\"http:\/\/www.civiltalaica.it\/cms\/wp-content\/uploads\/2012\/11\/odcsito1-300x225.jpg\"},{\"@type\":\"BreadcrumbList\",\"@id\":\"https:\/\/www.civiltalaica.it\/cms\/il-buon-medico-non-obietta\/#breadcrumb\",\"itemListElement\":[{\"@type\":\"ListItem\",\"position\":1,\"name\":\"Home\",\"item\":\"https:\/\/www.civiltalaica.it\/cms\/\"},{\"@type\":\"ListItem\",\"position\":2,\"name\":\"Il buon medico non obietta\"}]},{\"@type\":\"WebSite\",\"@id\":\"https:\/\/www.civiltalaica.it\/cms\/#website\",\"url\":\"https:\/\/www.civiltalaica.it\/cms\/\",\"name\":\"Associazione Culturale Civilt\u00e0 Laica\",\"description\":\"Per un movimento culturale volto a difendere la Laicit\u00e0 dello Stato.\",\"potentialAction\":[{\"@type\":\"SearchAction\",\"target\":{\"@type\":\"EntryPoint\",\"urlTemplate\":\"https:\/\/www.civiltalaica.it\/cms\/?s={search_term_string}\"},\"query-input\":{\"@type\":\"PropertyValueSpecification\",\"valueRequired\":true,\"valueName\":\"search_term_string\"}}],\"inLanguage\":\"it-IT\"},{\"@type\":\"Person\",\"@id\":\"https:\/\/www.civiltalaica.it\/cms\/#\/schema\/person\/4efef56f866329a1e0943eb27336df1d\",\"name\":\"alexjc\",\"url\":\"https:\/\/www.civiltalaica.it\/cms\/author\/alexjc\/\"}]}<\/script>\n<!-- \/ Yoast SEO plugin. -->","yoast_head_json":{"title":"Il buon medico non obietta - Associazione Culturale Civilt\u00e0 Laica","robots":{"index":"index","follow":"follow","max-snippet":"max-snippet:-1","max-image-preview":"max-image-preview:large","max-video-preview":"max-video-preview:-1"},"canonical":"https:\/\/www.civiltalaica.it\/cms\/il-buon-medico-non-obietta\/","og_locale":"it_IT","og_type":"article","og_title":"Il buon medico non obietta - Associazione Culturale Civilt\u00e0 Laica","og_description":"La sala rossa di Palazzo Gazzoli era gremita di gente; persone di tutte le et\u00e0 con una grande affluenza, e questa \u00e8 una novit\u00e0, di giovani. Un segno che questi temi non sono solo appannaggio di uno sparuto gruppo di veterofemministe o di attivisti nostalgici della laicit\u00e0, ma stanno raggiungendo le nuove generazioni&#8230;","og_url":"https:\/\/www.civiltalaica.it\/cms\/il-buon-medico-non-obietta\/","og_site_name":"Associazione Culturale Civilt\u00e0 Laica","article_publisher":"https:\/\/www.facebook.com\/civiltalaica","article_published_time":"2012-11-19T15:14:05+00:00","article_modified_time":"2012-11-19T16:12:29+00:00","og_image":[{"url":"http:\/\/www.civiltalaica.it\/cms\/wp-content\/uploads\/2012\/11\/odcsito1-300x225.jpg","type":"","width":"","height":""}],"author":"alexjc","twitter_card":"summary_large_image","twitter_misc":{"Scritto da":"alexjc","Tempo di lettura stimato":"2 minuti"},"schema":{"@context":"https:\/\/schema.org","@graph":[{"@type":"Article","@id":"https:\/\/www.civiltalaica.it\/cms\/il-buon-medico-non-obietta\/#article","isPartOf":{"@id":"https:\/\/www.civiltalaica.it\/cms\/il-buon-medico-non-obietta\/"},"author":{"name":"alexjc","@id":"https:\/\/www.civiltalaica.it\/cms\/#\/schema\/person\/4efef56f866329a1e0943eb27336df1d"},"headline":"Il buon medico non obietta","datePublished":"2012-11-19T15:14:05+00:00","dateModified":"2012-11-19T16:12:29+00:00","mainEntityOfPage":{"@id":"https:\/\/www.civiltalaica.it\/cms\/il-buon-medico-non-obietta\/"},"wordCount":450,"image":{"@id":"https:\/\/www.civiltalaica.it\/cms\/il-buon-medico-non-obietta\/#primaryimage"},"thumbnailUrl":"http:\/\/www.civiltalaica.it\/cms\/wp-content\/uploads\/2012\/11\/odcsito1-300x225.jpg","keywords":["194","aborto","cecilia calamani","obiezione di coscienza"],"articleSection":["articoli","come \u00e8 andata?"],"inLanguage":"it-IT"},{"@type":"WebPage","@id":"https:\/\/www.civiltalaica.it\/cms\/il-buon-medico-non-obietta\/","url":"https:\/\/www.civiltalaica.it\/cms\/il-buon-medico-non-obietta\/","name":"Il buon medico non obietta - Associazione Culturale Civilt\u00e0 Laica","isPartOf":{"@id":"https:\/\/www.civiltalaica.it\/cms\/#website"},"primaryImageOfPage":{"@id":"https:\/\/www.civiltalaica.it\/cms\/il-buon-medico-non-obietta\/#primaryimage"},"image":{"@id":"https:\/\/www.civiltalaica.it\/cms\/il-buon-medico-non-obietta\/#primaryimage"},"thumbnailUrl":"http:\/\/www.civiltalaica.it\/cms\/wp-content\/uploads\/2012\/11\/odcsito1-300x225.jpg","datePublished":"2012-11-19T15:14:05+00:00","dateModified":"2012-11-19T16:12:29+00:00","author":{"@id":"https:\/\/www.civiltalaica.it\/cms\/#\/schema\/person\/4efef56f866329a1e0943eb27336df1d"},"breadcrumb":{"@id":"https:\/\/www.civiltalaica.it\/cms\/il-buon-medico-non-obietta\/#breadcrumb"},"inLanguage":"it-IT","potentialAction":[{"@type":"ReadAction","target":["https:\/\/www.civiltalaica.it\/cms\/il-buon-medico-non-obietta\/"]}]},{"@type":"ImageObject","inLanguage":"it-IT","@id":"https:\/\/www.civiltalaica.it\/cms\/il-buon-medico-non-obietta\/#primaryimage","url":"http:\/\/www.civiltalaica.it\/cms\/wp-content\/uploads\/2012\/11\/odcsito1-300x225.jpg","contentUrl":"http:\/\/www.civiltalaica.it\/cms\/wp-content\/uploads\/2012\/11\/odcsito1-300x225.jpg"},{"@type":"BreadcrumbList","@id":"https:\/\/www.civiltalaica.it\/cms\/il-buon-medico-non-obietta\/#breadcrumb","itemListElement":[{"@type":"ListItem","position":1,"name":"Home","item":"https:\/\/www.civiltalaica.it\/cms\/"},{"@type":"ListItem","position":2,"name":"Il buon medico non obietta"}]},{"@type":"WebSite","@id":"https:\/\/www.civiltalaica.it\/cms\/#website","url":"https:\/\/www.civiltalaica.it\/cms\/","name":"Associazione Culturale Civilt\u00e0 Laica","description":"Per un movimento culturale volto a difendere la Laicit\u00e0 dello Stato.","potentialAction":[{"@type":"SearchAction","target":{"@type":"EntryPoint","urlTemplate":"https:\/\/www.civiltalaica.it\/cms\/?s={search_term_string}"},"query-input":{"@type":"PropertyValueSpecification","valueRequired":true,"valueName":"search_term_string"}}],"inLanguage":"it-IT"},{"@type":"Person","@id":"https:\/\/www.civiltalaica.it\/cms\/#\/schema\/person\/4efef56f866329a1e0943eb27336df1d","name":"alexjc","url":"https:\/\/www.civiltalaica.it\/cms\/author\/alexjc\/"}]}},"_links":{"self":[{"href":"https:\/\/www.civiltalaica.it\/cms\/wp-json\/wp\/v2\/posts\/10969","targetHints":{"allow":["GET"]}}],"collection":[{"href":"https:\/\/www.civiltalaica.it\/cms\/wp-json\/wp\/v2\/posts"}],"about":[{"href":"https:\/\/www.civiltalaica.it\/cms\/wp-json\/wp\/v2\/types\/post"}],"author":[{"embeddable":true,"href":"https:\/\/www.civiltalaica.it\/cms\/wp-json\/wp\/v2\/users\/7"}],"replies":[{"embeddable":true,"href":"https:\/\/www.civiltalaica.it\/cms\/wp-json\/wp\/v2\/comments?post=10969"}],"version-history":[{"count":0,"href":"https:\/\/www.civiltalaica.it\/cms\/wp-json\/wp\/v2\/posts\/10969\/revisions"}],"wp:attachment":[{"href":"https:\/\/www.civiltalaica.it\/cms\/wp-json\/wp\/v2\/media?parent=10969"}],"wp:term":[{"taxonomy":"category","embeddable":true,"href":"https:\/\/www.civiltalaica.it\/cms\/wp-json\/wp\/v2\/categories?post=10969"},{"taxonomy":"post_tag","embeddable":true,"href":"https:\/\/www.civiltalaica.it\/cms\/wp-json\/wp\/v2\/tags?post=10969"}],"curies":[{"name":"wp","href":"https:\/\/api.w.org\/{rel}","templated":true}]}}