{"id":10921,"date":"2012-10-27T17:22:40","date_gmt":"2012-10-27T17:22:40","guid":{"rendered":"http:\/\/www.civiltalaica.it\/cms\/?p=10921"},"modified":"2012-10-27T17:22:40","modified_gmt":"2012-10-27T17:22:40","slug":"telmo-pievani-levoluzione-umana-una-storia-imprevedibile","status":"publish","type":"post","link":"https:\/\/www.civiltalaica.it\/cms\/telmo-pievani-levoluzione-umana-una-storia-imprevedibile\/","title":{"rendered":"Telmo Pievani: l&#8217;evoluzione umana, una storia  imprevedibile"},"content":{"rendered":"<p>Conferenza di Telmo Pievani da noi ospitato a Gennaio 2010, questa \u00e8 una sintesi per chi \u00e8 interessato al video completo pu\u00f2 contattarci ad info[at]civiltalaica.it\u00a0<!--more--><\/p>\n<p>&nbsp;<\/p>\n<p><iframe loading=\"lazy\" src=\"http:\/\/www.youtube.com\/embed\/dkAkVPwbtrU\" frameborder=\"0\" width=\"420\" height=\"315\"><\/iframe><\/p>\n","protected":false},"excerpt":{"rendered":"<p>Conferenza di Telmo Pievani da noi ospitato a Gennaio 2010, questa \u00e8 una sintesi per chi \u00e8 interessato al video completo pu\u00f2 contattarci ad info[at]civiltalaica.it\u00a0<\/p>\n","protected":false},"author":7,"featured_media":0,"comment_status":"closed","ping_status":"closed","sticky":false,"template":"","format":"standard","meta":{"footnotes":""},"categories":[238,235],"tags":[],"class_list":["post-10921","post","type-post","status-publish","format-standard","hentry","category-articoli","category-andata"],"yoast_head":"<!-- This site is optimized with the Yoast SEO plugin v27.1.1 - https:\/\/yoast.com\/product\/yoast-seo-wordpress\/ -->\n<title>Telmo Pievani: l&#039;evoluzione umana, una storia imprevedibile - Associazione Culturale Civilt\u00e0 Laica<\/title>\n<meta name=\"robots\" content=\"index, follow, max-snippet:-1, max-image-preview:large, max-video-preview:-1\" \/>\n<link rel=\"canonical\" href=\"https:\/\/www.civiltalaica.it\/cms\/telmo-pievani-levoluzione-umana-una-storia-imprevedibile\/\" \/>\n<meta property=\"og:locale\" content=\"it_IT\" \/>\n<meta property=\"og:type\" content=\"article\" \/>\n<meta property=\"og:title\" content=\"Telmo Pievani: l&#039;evoluzione umana, una storia imprevedibile - Associazione Culturale Civilt\u00e0 Laica\" \/>\n<meta property=\"og:description\" content=\"Conferenza di Telmo Pievani da noi ospitato a Gennaio 2010, questa \u00e8 una sintesi per chi \u00e8 interessato al video completo pu\u00f2 contattarci ad info[at]civiltalaica.it\u00a0\" \/>\n<meta property=\"og:url\" content=\"https:\/\/www.civiltalaica.it\/cms\/telmo-pievani-levoluzione-umana-una-storia-imprevedibile\/\" \/>\n<meta property=\"og:site_name\" content=\"Associazione Culturale Civilt\u00e0 Laica\" \/>\n<meta property=\"article:publisher\" content=\"https:\/\/www.facebook.com\/civiltalaica\" \/>\n<meta property=\"article:published_time\" content=\"2012-10-27T17:22:40+00:00\" \/>\n<meta property=\"og:image\" content=\"https:\/\/www.civiltalaica.it\/cms\/wp-content\/uploads\/2017\/06\/logo-cl.png\" \/>\n\t<meta property=\"og:image:width\" content=\"400\" \/>\n\t<meta property=\"og:image:height\" content=\"180\" \/>\n\t<meta property=\"og:image:type\" content=\"image\/png\" \/>\n<meta name=\"author\" content=\"alexjc\" \/>\n<meta name=\"twitter:card\" content=\"summary_large_image\" \/>\n<meta name=\"twitter:label1\" content=\"Scritto da\" \/>\n\t<meta name=\"twitter:data1\" content=\"alexjc\" \/>\n<script type=\"application\/ld+json\" class=\"yoast-schema-graph\">{\"@context\":\"https:\/\/schema.org\",\"@graph\":[{\"@type\":\"Article\",\"@id\":\"https:\/\/www.civiltalaica.it\/cms\/telmo-pievani-levoluzione-umana-una-storia-imprevedibile\/#article\",\"isPartOf\":{\"@id\":\"https:\/\/www.civiltalaica.it\/cms\/telmo-pievani-levoluzione-umana-una-storia-imprevedibile\/\"},\"author\":{\"name\":\"alexjc\",\"@id\":\"https:\/\/www.civiltalaica.it\/cms\/#\/schema\/person\/4efef56f866329a1e0943eb27336df1d\"},\"headline\":\"Telmo Pievani: l&#8217;evoluzione umana, una storia imprevedibile\",\"datePublished\":\"2012-10-27T17:22:40+00:00\",\"mainEntityOfPage\":{\"@id\":\"https:\/\/www.civiltalaica.it\/cms\/telmo-pievani-levoluzione-umana-una-storia-imprevedibile\/\"},\"wordCount\":33,\"articleSection\":[\"articoli\",\"come \u00e8 andata?\"],\"inLanguage\":\"it-IT\"},{\"@type\":\"WebPage\",\"@id\":\"https:\/\/www.civiltalaica.it\/cms\/telmo-pievani-levoluzione-umana-una-storia-imprevedibile\/\",\"url\":\"https:\/\/www.civiltalaica.it\/cms\/telmo-pievani-levoluzione-umana-una-storia-imprevedibile\/\",\"name\":\"Telmo Pievani: l'evoluzione umana, una storia imprevedibile - Associazione Culturale Civilt\u00e0 Laica\",\"isPartOf\":{\"@id\":\"https:\/\/www.civiltalaica.it\/cms\/#website\"},\"datePublished\":\"2012-10-27T17:22:40+00:00\",\"author\":{\"@id\":\"https:\/\/www.civiltalaica.it\/cms\/#\/schema\/person\/4efef56f866329a1e0943eb27336df1d\"},\"breadcrumb\":{\"@id\":\"https:\/\/www.civiltalaica.it\/cms\/telmo-pievani-levoluzione-umana-una-storia-imprevedibile\/#breadcrumb\"},\"inLanguage\":\"it-IT\",\"potentialAction\":[{\"@type\":\"ReadAction\",\"target\":[\"https:\/\/www.civiltalaica.it\/cms\/telmo-pievani-levoluzione-umana-una-storia-imprevedibile\/\"]}]},{\"@type\":\"BreadcrumbList\",\"@id\":\"https:\/\/www.civiltalaica.it\/cms\/telmo-pievani-levoluzione-umana-una-storia-imprevedibile\/#breadcrumb\",\"itemListElement\":[{\"@type\":\"ListItem\",\"position\":1,\"name\":\"Home\",\"item\":\"https:\/\/www.civiltalaica.it\/cms\/\"},{\"@type\":\"ListItem\",\"position\":2,\"name\":\"Telmo Pievani: l&#8217;evoluzione umana, una storia imprevedibile\"}]},{\"@type\":\"WebSite\",\"@id\":\"https:\/\/www.civiltalaica.it\/cms\/#website\",\"url\":\"https:\/\/www.civiltalaica.it\/cms\/\",\"name\":\"Associazione Culturale Civilt\u00e0 Laica\",\"description\":\"Per un movimento culturale volto a difendere la Laicit\u00e0 dello Stato.\",\"potentialAction\":[{\"@type\":\"SearchAction\",\"target\":{\"@type\":\"EntryPoint\",\"urlTemplate\":\"https:\/\/www.civiltalaica.it\/cms\/?s={search_term_string}\"},\"query-input\":{\"@type\":\"PropertyValueSpecification\",\"valueRequired\":true,\"valueName\":\"search_term_string\"}}],\"inLanguage\":\"it-IT\"},{\"@type\":\"Person\",\"@id\":\"https:\/\/www.civiltalaica.it\/cms\/#\/schema\/person\/4efef56f866329a1e0943eb27336df1d\",\"name\":\"alexjc\",\"url\":\"https:\/\/www.civiltalaica.it\/cms\/author\/alexjc\/\"}]}<\/script>\n<!-- \/ Yoast SEO plugin. -->","yoast_head_json":{"title":"Telmo Pievani: l'evoluzione umana, una storia imprevedibile - Associazione Culturale Civilt\u00e0 Laica","robots":{"index":"index","follow":"follow","max-snippet":"max-snippet:-1","max-image-preview":"max-image-preview:large","max-video-preview":"max-video-preview:-1"},"canonical":"https:\/\/www.civiltalaica.it\/cms\/telmo-pievani-levoluzione-umana-una-storia-imprevedibile\/","og_locale":"it_IT","og_type":"article","og_title":"Telmo Pievani: l'evoluzione umana, una storia imprevedibile - Associazione Culturale Civilt\u00e0 Laica","og_description":"Conferenza di Telmo Pievani da noi ospitato a Gennaio 2010, questa \u00e8 una sintesi per chi \u00e8 interessato al video completo pu\u00f2 contattarci ad info[at]civiltalaica.it\u00a0","og_url":"https:\/\/www.civiltalaica.it\/cms\/telmo-pievani-levoluzione-umana-una-storia-imprevedibile\/","og_site_name":"Associazione Culturale Civilt\u00e0 Laica","article_publisher":"https:\/\/www.facebook.com\/civiltalaica","article_published_time":"2012-10-27T17:22:40+00:00","og_image":[{"width":400,"height":180,"url":"https:\/\/www.civiltalaica.it\/cms\/wp-content\/uploads\/2017\/06\/logo-cl.png","type":"image\/png"}],"author":"alexjc","twitter_card":"summary_large_image","twitter_misc":{"Scritto da":"alexjc"},"schema":{"@context":"https:\/\/schema.org","@graph":[{"@type":"Article","@id":"https:\/\/www.civiltalaica.it\/cms\/telmo-pievani-levoluzione-umana-una-storia-imprevedibile\/#article","isPartOf":{"@id":"https:\/\/www.civiltalaica.it\/cms\/telmo-pievani-levoluzione-umana-una-storia-imprevedibile\/"},"author":{"name":"alexjc","@id":"https:\/\/www.civiltalaica.it\/cms\/#\/schema\/person\/4efef56f866329a1e0943eb27336df1d"},"headline":"Telmo Pievani: l&#8217;evoluzione umana, una storia imprevedibile","datePublished":"2012-10-27T17:22:40+00:00","mainEntityOfPage":{"@id":"https:\/\/www.civiltalaica.it\/cms\/telmo-pievani-levoluzione-umana-una-storia-imprevedibile\/"},"wordCount":33,"articleSection":["articoli","come \u00e8 andata?"],"inLanguage":"it-IT"},{"@type":"WebPage","@id":"https:\/\/www.civiltalaica.it\/cms\/telmo-pievani-levoluzione-umana-una-storia-imprevedibile\/","url":"https:\/\/www.civiltalaica.it\/cms\/telmo-pievani-levoluzione-umana-una-storia-imprevedibile\/","name":"Telmo Pievani: l'evoluzione umana, una storia imprevedibile - Associazione Culturale Civilt\u00e0 Laica","isPartOf":{"@id":"https:\/\/www.civiltalaica.it\/cms\/#website"},"datePublished":"2012-10-27T17:22:40+00:00","author":{"@id":"https:\/\/www.civiltalaica.it\/cms\/#\/schema\/person\/4efef56f866329a1e0943eb27336df1d"},"breadcrumb":{"@id":"https:\/\/www.civiltalaica.it\/cms\/telmo-pievani-levoluzione-umana-una-storia-imprevedibile\/#breadcrumb"},"inLanguage":"it-IT","potentialAction":[{"@type":"ReadAction","target":["https:\/\/www.civiltalaica.it\/cms\/telmo-pievani-levoluzione-umana-una-storia-imprevedibile\/"]}]},{"@type":"BreadcrumbList","@id":"https:\/\/www.civiltalaica.it\/cms\/telmo-pievani-levoluzione-umana-una-storia-imprevedibile\/#breadcrumb","itemListElement":[{"@type":"ListItem","position":1,"name":"Home","item":"https:\/\/www.civiltalaica.it\/cms\/"},{"@type":"ListItem","position":2,"name":"Telmo Pievani: l&#8217;evoluzione umana, una storia imprevedibile"}]},{"@type":"WebSite","@id":"https:\/\/www.civiltalaica.it\/cms\/#website","url":"https:\/\/www.civiltalaica.it\/cms\/","name":"Associazione Culturale Civilt\u00e0 Laica","description":"Per un movimento culturale volto a difendere la Laicit\u00e0 dello Stato.","potentialAction":[{"@type":"SearchAction","target":{"@type":"EntryPoint","urlTemplate":"https:\/\/www.civiltalaica.it\/cms\/?s={search_term_string}"},"query-input":{"@type":"PropertyValueSpecification","valueRequired":true,"valueName":"search_term_string"}}],"inLanguage":"it-IT"},{"@type":"Person","@id":"https:\/\/www.civiltalaica.it\/cms\/#\/schema\/person\/4efef56f866329a1e0943eb27336df1d","name":"alexjc","url":"https:\/\/www.civiltalaica.it\/cms\/author\/alexjc\/"}]}},"_links":{"self":[{"href":"https:\/\/www.civiltalaica.it\/cms\/wp-json\/wp\/v2\/posts\/10921","targetHints":{"allow":["GET"]}}],"collection":[{"href":"https:\/\/www.civiltalaica.it\/cms\/wp-json\/wp\/v2\/posts"}],"about":[{"href":"https:\/\/www.civiltalaica.it\/cms\/wp-json\/wp\/v2\/types\/post"}],"author":[{"embeddable":true,"href":"https:\/\/www.civiltalaica.it\/cms\/wp-json\/wp\/v2\/users\/7"}],"replies":[{"embeddable":true,"href":"https:\/\/www.civiltalaica.it\/cms\/wp-json\/wp\/v2\/comments?post=10921"}],"version-history":[{"count":0,"href":"https:\/\/www.civiltalaica.it\/cms\/wp-json\/wp\/v2\/posts\/10921\/revisions"}],"wp:attachment":[{"href":"https:\/\/www.civiltalaica.it\/cms\/wp-json\/wp\/v2\/media?parent=10921"}],"wp:term":[{"taxonomy":"category","embeddable":true,"href":"https:\/\/www.civiltalaica.it\/cms\/wp-json\/wp\/v2\/categories?post=10921"},{"taxonomy":"post_tag","embeddable":true,"href":"https:\/\/www.civiltalaica.it\/cms\/wp-json\/wp\/v2\/tags?post=10921"}],"curies":[{"name":"wp","href":"https:\/\/api.w.org\/{rel}","templated":true}]}}