{"id":10887,"date":"2012-10-10T17:04:58","date_gmt":"2012-10-10T17:04:58","guid":{"rendered":"http:\/\/www.civiltalaica.it\/cms\/?p=10887"},"modified":"2012-10-10T17:04:58","modified_gmt":"2012-10-10T17:04:58","slug":"italiani-e-cultura-verso-lincompatibilita","status":"publish","type":"post","link":"https:\/\/www.civiltalaica.it\/cms\/italiani-e-cultura-verso-lincompatibilita\/","title":{"rendered":"Italiani e cultura, verso l\u2019incompatibilit\u00e0?"},"content":{"rendered":"<p>Facile dare la colpa alla crisi economica globale, che sicuramente ha la sua parte di colpe, ma l\u2019ennesimo crollo di vendite di libri nel nostro paese non giunge certo inatteso.\u00a0I dati forniti dall\u2019Associazione Italiana Editori lasciano spazio a pochi dubbi, -8,7% di fatturato nonostante il calo del prezzo dei libri e 723mila sono gli italiani in meno che hanno comprato almeno un libro nel corso del 2011. <!--more--><a href=\"http:\/\/www.civiltalaica.it\/cms\/wp-content\/uploads\/2012\/10\/4-rid-ignoranza.jpg\"><img loading=\"lazy\" decoding=\"async\" class=\"alignleft size-medium wp-image-10888\" title=\"4-rid-ignoranza\" src=\"http:\/\/www.civiltalaica.it\/cms\/wp-content\/uploads\/2012\/10\/4-rid-ignoranza-300x279.jpg\" alt=\"\" width=\"300\" height=\"279\" srcset=\"https:\/\/www.civiltalaica.it\/cms\/wp-content\/uploads\/2012\/10\/4-rid-ignoranza-300x279.jpg 300w, https:\/\/www.civiltalaica.it\/cms\/wp-content\/uploads\/2012\/10\/4-rid-ignoranza.jpg 331w\" sizes=\"auto, (max-width: 300px) 100vw, 300px\" \/><\/a>In pratica appartiene a questa categoria solo il 45% della popolazione, percentuale che confrontata con il 61% degli spagnoli, il 70% dei Francesi, il 72% degli americani e l\u201982% dei tedeschi rende bene l\u2019idea di quale sia il livello di cultura medio del \u201cbel paese\u201d.<\/p>\n<p>Le colpe di questo sfacelo sono ovviamente molteplici, e gli stessi editori che estorcono le spese di pubblicazione all\u2019aspirante scrittore per poi mandare le copie al macero senza che queste abbiano venduto una copia (o tutt\u2019al pi\u00f9 poche decine) nel 90% dei casi evitando di investire in pubblicit\u00e0 e presentazioni del prodotto, non possono passare certo per santi devoti alla causa della cultura.<\/p>\n<p>Per il bene della nostra sanit\u00e0 mentale preferiamo non guardare le classifiche di vendita dei singoli libri per verificare cosa hanno letto gli italiani che hanno letto qualcosa, sappiamo gi\u00e0 che il moccismo \u00e8 dilagante non solo nel nostro paese (dopo aver visto i lucchetti sul ponte degli artisti a Parigi abbiamo perso ogni speranza per il futuro dell\u2019umanit\u00e0). Tuttavia questo \u00e8 un problema che si porr\u00e0 dopo, prima c\u2019\u00e8 il dato di fatto che la maggioranza degli italiani non legge neanche un libro l\u2019anno.<\/p>\n<p>A questi dati possiamo aggiungere quelli del cinema e del teatro il primo in calo dell\u20198% e il secondo del 3% nel 2011 rispetto al 2010.<\/p>\n<p>Tutta colpa della crisi dicevamo? Dipende dai punti di vista, ovviamente la riduzione dei consumi c\u2019\u00e8 stata in quasi tutti i settori, per\u00f2 sar\u00e0 un caso se uno dei pochi settori a registrare un vero e proprio boom \u00e8 quello dei giochi d\u2019azzardo? Nel primo semestre del 2011 il settore \u00e8 avanzato del 19% tout court, con punte di eccellenza come il +36% del gioco del lotto.<\/p>\n<p>Insomma gli italiani non hanno pi\u00f9 un euro eccetto quelli che si giocano nelle slot machine o sulle ruote che promettono miliardi.<\/p>\n<p>Si pu\u00f2 far finta di niente di fronte a questi numeri?<\/p>\n<p>O forse occorre ragionare sul fatto che un siamo un popolo che preferisce affidare le proprie sorti ai numeri suggeriti in sogno da San Gennaro piuttosto che ad informarsi e conoscere il mondo circostante?<\/p>\n<p>Di certo c\u2019\u00e8 ben poco da fare se recentemente anche un sindaco di centrosinistra di una ridente citt\u00e0 del centro Italia si \u00e8 vantato, ricevendo applausi durante un convegno della Cgil, di aver praticamente azzerato il bilancio della cultura del suo comune per evitare tagli pi\u00f9 pesanti al sociale. Ci chiediamo, c\u2019\u00e8 davvero bisogno di una laurea in sociologia per capire che azzerando la cultura entro brevi anni peggiorer\u00e0, e di molto, anche la condizione sociale degli abitanti di quella citt\u00e0?<\/p>\n<p>Se anche le parti pi\u00f9 progressiste di questo paese trattano la cultura come qualcosa di superfluo, potremo mai avere un futuro?<\/p>\n<p>Difficile, davvero difficile, ipotizzarlo oggi.<\/p>\n<p>&nbsp;<\/p>\n<p><strong>Alessandro Chiometti<\/strong><\/p>\n","protected":false},"excerpt":{"rendered":"<p>Facile dare la colpa alla crisi economica globale, che sicuramente ha la sua parte di colpe, ma l\u2019ennesimo crollo di vendite di libri nel nostro paese non giunge certo inatteso.\u00a0I dati forniti dall\u2019Associazione Italiana Editori lasciano spazio a pochi dubbi, -8,7% di fatturato nonostante il calo del prezzo dei libri e 723mila sono gli italiani [&hellip;]<\/p>\n","protected":false},"author":7,"featured_media":0,"comment_status":"closed","ping_status":"closed","sticky":false,"template":"","format":"standard","meta":{"footnotes":""},"categories":[238,232],"tags":[79,506,846,169,1449],"class_list":["post-10887","post","type-post","status-publish","format-standard","hentry","category-articoli","category-riflessioni-2","tag-alessandro-chiometti","tag-cultura","tag-ignoranza","tag-italia","tag-libri"],"yoast_head":"<!-- This site is optimized with the Yoast SEO plugin v27.1.1 - https:\/\/yoast.com\/product\/yoast-seo-wordpress\/ -->\n<title>Italiani e cultura, verso l\u2019incompatibilit\u00e0? - Associazione Culturale Civilt\u00e0 Laica<\/title>\n<meta name=\"robots\" content=\"index, follow, max-snippet:-1, max-image-preview:large, max-video-preview:-1\" \/>\n<link rel=\"canonical\" href=\"https:\/\/www.civiltalaica.it\/cms\/italiani-e-cultura-verso-lincompatibilita\/\" \/>\n<meta property=\"og:locale\" content=\"it_IT\" \/>\n<meta property=\"og:type\" content=\"article\" \/>\n<meta property=\"og:title\" content=\"Italiani e cultura, verso l\u2019incompatibilit\u00e0? - Associazione Culturale Civilt\u00e0 Laica\" \/>\n<meta property=\"og:description\" content=\"Facile dare la colpa alla crisi economica globale, che sicuramente ha la sua parte di colpe, ma l\u2019ennesimo crollo di vendite di libri nel nostro paese non giunge certo inatteso.\u00a0I dati forniti dall\u2019Associazione Italiana Editori lasciano spazio a pochi dubbi, -8,7% di fatturato nonostante il calo del prezzo dei libri e 723mila sono gli italiani [&hellip;]\" \/>\n<meta property=\"og:url\" content=\"https:\/\/www.civiltalaica.it\/cms\/italiani-e-cultura-verso-lincompatibilita\/\" \/>\n<meta property=\"og:site_name\" content=\"Associazione Culturale Civilt\u00e0 Laica\" \/>\n<meta property=\"article:publisher\" content=\"https:\/\/www.facebook.com\/civiltalaica\" \/>\n<meta property=\"article:published_time\" content=\"2012-10-10T17:04:58+00:00\" \/>\n<meta property=\"og:image\" content=\"http:\/\/www.civiltalaica.it\/cms\/wp-content\/uploads\/2012\/10\/4-rid-ignoranza-300x279.jpg\" \/>\n<meta name=\"author\" content=\"alexjc\" \/>\n<meta name=\"twitter:card\" content=\"summary_large_image\" \/>\n<meta name=\"twitter:label1\" content=\"Scritto da\" \/>\n\t<meta name=\"twitter:data1\" content=\"alexjc\" \/>\n\t<meta name=\"twitter:label2\" content=\"Tempo di lettura stimato\" \/>\n\t<meta name=\"twitter:data2\" content=\"3 minuti\" \/>\n<script type=\"application\/ld+json\" class=\"yoast-schema-graph\">{\"@context\":\"https:\/\/schema.org\",\"@graph\":[{\"@type\":\"Article\",\"@id\":\"https:\/\/www.civiltalaica.it\/cms\/italiani-e-cultura-verso-lincompatibilita\/#article\",\"isPartOf\":{\"@id\":\"https:\/\/www.civiltalaica.it\/cms\/italiani-e-cultura-verso-lincompatibilita\/\"},\"author\":{\"name\":\"alexjc\",\"@id\":\"https:\/\/www.civiltalaica.it\/cms\/#\/schema\/person\/4efef56f866329a1e0943eb27336df1d\"},\"headline\":\"Italiani e cultura, verso l\u2019incompatibilit\u00e0?\",\"datePublished\":\"2012-10-10T17:04:58+00:00\",\"mainEntityOfPage\":{\"@id\":\"https:\/\/www.civiltalaica.it\/cms\/italiani-e-cultura-verso-lincompatibilita\/\"},\"wordCount\":528,\"image\":{\"@id\":\"https:\/\/www.civiltalaica.it\/cms\/italiani-e-cultura-verso-lincompatibilita\/#primaryimage\"},\"thumbnailUrl\":\"http:\/\/www.civiltalaica.it\/cms\/wp-content\/uploads\/2012\/10\/4-rid-ignoranza-300x279.jpg\",\"keywords\":[\"alessandro chiometti\",\"cultura\",\"ignoranza\",\"italia\",\"Libri\"],\"articleSection\":[\"articoli\",\"riflessioni\"],\"inLanguage\":\"it-IT\"},{\"@type\":\"WebPage\",\"@id\":\"https:\/\/www.civiltalaica.it\/cms\/italiani-e-cultura-verso-lincompatibilita\/\",\"url\":\"https:\/\/www.civiltalaica.it\/cms\/italiani-e-cultura-verso-lincompatibilita\/\",\"name\":\"Italiani e cultura, verso l\u2019incompatibilit\u00e0? - Associazione Culturale Civilt\u00e0 Laica\",\"isPartOf\":{\"@id\":\"https:\/\/www.civiltalaica.it\/cms\/#website\"},\"primaryImageOfPage\":{\"@id\":\"https:\/\/www.civiltalaica.it\/cms\/italiani-e-cultura-verso-lincompatibilita\/#primaryimage\"},\"image\":{\"@id\":\"https:\/\/www.civiltalaica.it\/cms\/italiani-e-cultura-verso-lincompatibilita\/#primaryimage\"},\"thumbnailUrl\":\"http:\/\/www.civiltalaica.it\/cms\/wp-content\/uploads\/2012\/10\/4-rid-ignoranza-300x279.jpg\",\"datePublished\":\"2012-10-10T17:04:58+00:00\",\"author\":{\"@id\":\"https:\/\/www.civiltalaica.it\/cms\/#\/schema\/person\/4efef56f866329a1e0943eb27336df1d\"},\"breadcrumb\":{\"@id\":\"https:\/\/www.civiltalaica.it\/cms\/italiani-e-cultura-verso-lincompatibilita\/#breadcrumb\"},\"inLanguage\":\"it-IT\",\"potentialAction\":[{\"@type\":\"ReadAction\",\"target\":[\"https:\/\/www.civiltalaica.it\/cms\/italiani-e-cultura-verso-lincompatibilita\/\"]}]},{\"@type\":\"ImageObject\",\"inLanguage\":\"it-IT\",\"@id\":\"https:\/\/www.civiltalaica.it\/cms\/italiani-e-cultura-verso-lincompatibilita\/#primaryimage\",\"url\":\"http:\/\/www.civiltalaica.it\/cms\/wp-content\/uploads\/2012\/10\/4-rid-ignoranza-300x279.jpg\",\"contentUrl\":\"http:\/\/www.civiltalaica.it\/cms\/wp-content\/uploads\/2012\/10\/4-rid-ignoranza-300x279.jpg\"},{\"@type\":\"BreadcrumbList\",\"@id\":\"https:\/\/www.civiltalaica.it\/cms\/italiani-e-cultura-verso-lincompatibilita\/#breadcrumb\",\"itemListElement\":[{\"@type\":\"ListItem\",\"position\":1,\"name\":\"Home\",\"item\":\"https:\/\/www.civiltalaica.it\/cms\/\"},{\"@type\":\"ListItem\",\"position\":2,\"name\":\"Italiani e cultura, verso l\u2019incompatibilit\u00e0?\"}]},{\"@type\":\"WebSite\",\"@id\":\"https:\/\/www.civiltalaica.it\/cms\/#website\",\"url\":\"https:\/\/www.civiltalaica.it\/cms\/\",\"name\":\"Associazione Culturale Civilt\u00e0 Laica\",\"description\":\"Per un movimento culturale volto a difendere la Laicit\u00e0 dello Stato.\",\"potentialAction\":[{\"@type\":\"SearchAction\",\"target\":{\"@type\":\"EntryPoint\",\"urlTemplate\":\"https:\/\/www.civiltalaica.it\/cms\/?s={search_term_string}\"},\"query-input\":{\"@type\":\"PropertyValueSpecification\",\"valueRequired\":true,\"valueName\":\"search_term_string\"}}],\"inLanguage\":\"it-IT\"},{\"@type\":\"Person\",\"@id\":\"https:\/\/www.civiltalaica.it\/cms\/#\/schema\/person\/4efef56f866329a1e0943eb27336df1d\",\"name\":\"alexjc\",\"url\":\"https:\/\/www.civiltalaica.it\/cms\/author\/alexjc\/\"}]}<\/script>\n<!-- \/ Yoast SEO plugin. -->","yoast_head_json":{"title":"Italiani e cultura, verso l\u2019incompatibilit\u00e0? - Associazione Culturale Civilt\u00e0 Laica","robots":{"index":"index","follow":"follow","max-snippet":"max-snippet:-1","max-image-preview":"max-image-preview:large","max-video-preview":"max-video-preview:-1"},"canonical":"https:\/\/www.civiltalaica.it\/cms\/italiani-e-cultura-verso-lincompatibilita\/","og_locale":"it_IT","og_type":"article","og_title":"Italiani e cultura, verso l\u2019incompatibilit\u00e0? - Associazione Culturale Civilt\u00e0 Laica","og_description":"Facile dare la colpa alla crisi economica globale, che sicuramente ha la sua parte di colpe, ma l\u2019ennesimo crollo di vendite di libri nel nostro paese non giunge certo inatteso.\u00a0I dati forniti dall\u2019Associazione Italiana Editori lasciano spazio a pochi dubbi, -8,7% di fatturato nonostante il calo del prezzo dei libri e 723mila sono gli italiani [&hellip;]","og_url":"https:\/\/www.civiltalaica.it\/cms\/italiani-e-cultura-verso-lincompatibilita\/","og_site_name":"Associazione Culturale Civilt\u00e0 Laica","article_publisher":"https:\/\/www.facebook.com\/civiltalaica","article_published_time":"2012-10-10T17:04:58+00:00","og_image":[{"url":"http:\/\/www.civiltalaica.it\/cms\/wp-content\/uploads\/2012\/10\/4-rid-ignoranza-300x279.jpg","type":"","width":"","height":""}],"author":"alexjc","twitter_card":"summary_large_image","twitter_misc":{"Scritto da":"alexjc","Tempo di lettura stimato":"3 minuti"},"schema":{"@context":"https:\/\/schema.org","@graph":[{"@type":"Article","@id":"https:\/\/www.civiltalaica.it\/cms\/italiani-e-cultura-verso-lincompatibilita\/#article","isPartOf":{"@id":"https:\/\/www.civiltalaica.it\/cms\/italiani-e-cultura-verso-lincompatibilita\/"},"author":{"name":"alexjc","@id":"https:\/\/www.civiltalaica.it\/cms\/#\/schema\/person\/4efef56f866329a1e0943eb27336df1d"},"headline":"Italiani e cultura, verso l\u2019incompatibilit\u00e0?","datePublished":"2012-10-10T17:04:58+00:00","mainEntityOfPage":{"@id":"https:\/\/www.civiltalaica.it\/cms\/italiani-e-cultura-verso-lincompatibilita\/"},"wordCount":528,"image":{"@id":"https:\/\/www.civiltalaica.it\/cms\/italiani-e-cultura-verso-lincompatibilita\/#primaryimage"},"thumbnailUrl":"http:\/\/www.civiltalaica.it\/cms\/wp-content\/uploads\/2012\/10\/4-rid-ignoranza-300x279.jpg","keywords":["alessandro chiometti","cultura","ignoranza","italia","Libri"],"articleSection":["articoli","riflessioni"],"inLanguage":"it-IT"},{"@type":"WebPage","@id":"https:\/\/www.civiltalaica.it\/cms\/italiani-e-cultura-verso-lincompatibilita\/","url":"https:\/\/www.civiltalaica.it\/cms\/italiani-e-cultura-verso-lincompatibilita\/","name":"Italiani e cultura, verso l\u2019incompatibilit\u00e0? - Associazione Culturale Civilt\u00e0 Laica","isPartOf":{"@id":"https:\/\/www.civiltalaica.it\/cms\/#website"},"primaryImageOfPage":{"@id":"https:\/\/www.civiltalaica.it\/cms\/italiani-e-cultura-verso-lincompatibilita\/#primaryimage"},"image":{"@id":"https:\/\/www.civiltalaica.it\/cms\/italiani-e-cultura-verso-lincompatibilita\/#primaryimage"},"thumbnailUrl":"http:\/\/www.civiltalaica.it\/cms\/wp-content\/uploads\/2012\/10\/4-rid-ignoranza-300x279.jpg","datePublished":"2012-10-10T17:04:58+00:00","author":{"@id":"https:\/\/www.civiltalaica.it\/cms\/#\/schema\/person\/4efef56f866329a1e0943eb27336df1d"},"breadcrumb":{"@id":"https:\/\/www.civiltalaica.it\/cms\/italiani-e-cultura-verso-lincompatibilita\/#breadcrumb"},"inLanguage":"it-IT","potentialAction":[{"@type":"ReadAction","target":["https:\/\/www.civiltalaica.it\/cms\/italiani-e-cultura-verso-lincompatibilita\/"]}]},{"@type":"ImageObject","inLanguage":"it-IT","@id":"https:\/\/www.civiltalaica.it\/cms\/italiani-e-cultura-verso-lincompatibilita\/#primaryimage","url":"http:\/\/www.civiltalaica.it\/cms\/wp-content\/uploads\/2012\/10\/4-rid-ignoranza-300x279.jpg","contentUrl":"http:\/\/www.civiltalaica.it\/cms\/wp-content\/uploads\/2012\/10\/4-rid-ignoranza-300x279.jpg"},{"@type":"BreadcrumbList","@id":"https:\/\/www.civiltalaica.it\/cms\/italiani-e-cultura-verso-lincompatibilita\/#breadcrumb","itemListElement":[{"@type":"ListItem","position":1,"name":"Home","item":"https:\/\/www.civiltalaica.it\/cms\/"},{"@type":"ListItem","position":2,"name":"Italiani e cultura, verso l\u2019incompatibilit\u00e0?"}]},{"@type":"WebSite","@id":"https:\/\/www.civiltalaica.it\/cms\/#website","url":"https:\/\/www.civiltalaica.it\/cms\/","name":"Associazione Culturale Civilt\u00e0 Laica","description":"Per un movimento culturale volto a difendere la Laicit\u00e0 dello Stato.","potentialAction":[{"@type":"SearchAction","target":{"@type":"EntryPoint","urlTemplate":"https:\/\/www.civiltalaica.it\/cms\/?s={search_term_string}"},"query-input":{"@type":"PropertyValueSpecification","valueRequired":true,"valueName":"search_term_string"}}],"inLanguage":"it-IT"},{"@type":"Person","@id":"https:\/\/www.civiltalaica.it\/cms\/#\/schema\/person\/4efef56f866329a1e0943eb27336df1d","name":"alexjc","url":"https:\/\/www.civiltalaica.it\/cms\/author\/alexjc\/"}]}},"_links":{"self":[{"href":"https:\/\/www.civiltalaica.it\/cms\/wp-json\/wp\/v2\/posts\/10887","targetHints":{"allow":["GET"]}}],"collection":[{"href":"https:\/\/www.civiltalaica.it\/cms\/wp-json\/wp\/v2\/posts"}],"about":[{"href":"https:\/\/www.civiltalaica.it\/cms\/wp-json\/wp\/v2\/types\/post"}],"author":[{"embeddable":true,"href":"https:\/\/www.civiltalaica.it\/cms\/wp-json\/wp\/v2\/users\/7"}],"replies":[{"embeddable":true,"href":"https:\/\/www.civiltalaica.it\/cms\/wp-json\/wp\/v2\/comments?post=10887"}],"version-history":[{"count":0,"href":"https:\/\/www.civiltalaica.it\/cms\/wp-json\/wp\/v2\/posts\/10887\/revisions"}],"wp:attachment":[{"href":"https:\/\/www.civiltalaica.it\/cms\/wp-json\/wp\/v2\/media?parent=10887"}],"wp:term":[{"taxonomy":"category","embeddable":true,"href":"https:\/\/www.civiltalaica.it\/cms\/wp-json\/wp\/v2\/categories?post=10887"},{"taxonomy":"post_tag","embeddable":true,"href":"https:\/\/www.civiltalaica.it\/cms\/wp-json\/wp\/v2\/tags?post=10887"}],"curies":[{"name":"wp","href":"https:\/\/api.w.org\/{rel}","templated":true}]}}