{"id":10882,"date":"2012-10-08T20:50:35","date_gmt":"2012-10-08T20:50:35","guid":{"rendered":"http:\/\/www.civiltalaica.it\/cms\/?p=10882"},"modified":"2012-10-08T20:53:03","modified_gmt":"2012-10-08T20:53:03","slug":"napolitano-e-ravasi-vaneggiamenti-ad-assisi","status":"publish","type":"post","link":"https:\/\/www.civiltalaica.it\/cms\/napolitano-e-ravasi-vaneggiamenti-ad-assisi\/","title":{"rendered":"Napolitano e Ravasi: vaneggiamenti ad Assisi"},"content":{"rendered":"<p>Preceduto da un falso allarme bomba, venerd\u00ec il presidente della Repubblica Giorgio Napolitano ha fatto visita ad Assisi, dove si \u00e8 inaugurato (e sabato si \u00e8 concluso) l&#8217;appuntamento umbro col\u00a0<a href=\"http:\/\/cronachelaiche.globalist.it\/Detail_News_Display?ID=36204&amp;typeb=0&amp;Il-Cortile-dei-gentili-sbarca-ad-Assisi\" target=\"_blank\">Cortile dei gentili<\/a>. Un&#8217;edizione, secondo il cardinal Gianfranco Ravasi che la presiede, destinata a restare nella storia \u00abper la molteplicit\u00e0 degli interventi\u00bb e \u00abper la partecipazione e la ricchezza delle relazioni\u00bb. <!--more--><a href=\"http:\/\/www.civiltalaica.it\/cms\/wp-content\/uploads\/2012\/10\/duplex.jpg\"><img loading=\"lazy\" decoding=\"async\" class=\"alignleft size-medium wp-image-10883\" title=\"duplex\" src=\"http:\/\/www.civiltalaica.it\/cms\/wp-content\/uploads\/2012\/10\/duplex-300x199.jpg\" alt=\"\" width=\"300\" height=\"199\" srcset=\"https:\/\/www.civiltalaica.it\/cms\/wp-content\/uploads\/2012\/10\/duplex-300x199.jpg 300w, https:\/\/www.civiltalaica.it\/cms\/wp-content\/uploads\/2012\/10\/duplex.jpg 960w\" sizes=\"auto, (max-width: 300px) 100vw, 300px\" \/><\/a>La stampa riporta dell&#8217;incontro iniziale tenuto da Napolitano con monsignor Ravasi (moderato da Ferruccio de Bortoli), nel quale entrambi hanno esibito il consueto eloquio fumoso e vuoto di contenuti che caratterizza la vasta platea degli &#8216;atei devoti&#8217; e dei loro leader ecclesiali.<\/p>\n<p>Affermando che \u00ababbiamo bisogno in tutti campi di apertura, di reciproco ascolto e comprensione, di dialogo, di avvicinamento e unit\u00e0 nella diversit\u00e0. Abbiamo bisogno cio\u00e8 dello spirito di Assisi\u00bb (dimenticando quanto sia stato guardato con sospetto Francesco dalla Chiesa stessa, avendo smascherato la sua ipocrisia e incoerenza), il presidente ha detto no alle \u00abcontrapposizioni sterili e delegittimazioni reciproche che soffocano il nostro Paese e la nostra societ\u00e0\u00bb, no al muro contro muro tra chi rappresenta in questo paese i credenti e i non credenti (e chi li rappresenta, ci chiediamo noi?), soprattutto in tema di famiglia e valori morali. L&#8217;Italia deve ritrovare il valore essenziale del bene comune e dell&#8217;interesse generale \u00abche dovrebbe spingere a una larghissima assunzione di responsabilit\u00e0, ad ogni livello della societ\u00e0, in funzione dei cambiamenti divenuti indispensabili\u00bb. Il presidente nel suo esordio ha anche affermato di rappresentare in quella sede tutti gli italiani, credenti e non credenti.<\/p>\n<p>Da parte sua, il cardinale Ravasi ha espresso una forte consonanza sul concetto di &#8216;antropologia di base&#8217;, che sarebbe luogo d&#8217;incontro fra laici e cattolici: \u00abLe identit\u00e0 vanno affermate ma c&#8217;\u00e8 sempre una base comune che chiamiamo umanit\u00e0\u00bb. Bisogna \u00abritrovare le grandi domande sul senso della vita e della morte, sul dolore, sull&#8217;amore\u00bb. Sono queste, dice Ravasi, \u00able domande che debbono svegliare coscienze assopite\u00bb dal torpore delle coscienze. Facendo intendere che lui, ovviamente, ha tutte le risposte. Questo \u00e8 stato il controcanto di monsignor Ravasi, a sottolineare che questa \u00e8 l&#8217;unica cosa che gli interessa: parlare di aria fritta a chi vuole farsi abbindolare, mentre la sua Chiesa continua a opprimere chi non si adegua all&#8217;etica cattolica.<\/p>\n<p>Tutto questo ad evidenziare una volta di pi\u00f9 quanto sia davvero poca cosa il Cortile dei gentili, solo uno specchietto per le allodole messo in piedi da gente che puntualmente si rifiuta di osservare la realt\u00e0. In vista della tappa svedese della tournee del Cortile, a Stoccolma, Ravasi aveva messo in evidenza la \u00abdilagante secolarizzazione che ha investito un po&#8217; tutte le nazioni scandinave, ove la frequenza al culto \u00e8 ridotta a percentuali irrisorie e lo standard di vita e le concezioni dominanti sono del tutto spoglie di rimandi religiosi o trascendenti\u00bb. La &#8216;terra degli atei&#8217;, l&#8217;aveva definita: si \u00e8 chiesto per caso come mai proprio nelle nazioni pi\u00f9 secolarizzate del mondo lo stato sociale \u00e8 pi\u00f9 vicino alle esigenze reali della cittadinanza, a cominciare dalla tanto mitizzata famiglia eterosessuale? Come mai solo dove i cattolici hanno scarso peso nella politica e nella societ\u00e0 i diritti civili sono garantiti?<\/p>\n<p>Per quanto riguarda Napolitano: a parte il fatto che il presidente della Repubblica rappresenta gli italiani in quanto cittadini titolari di diritti (e doveri), non in quanto credenti o non credenti, ci chiediamo di quale paese parli, perch\u00e9 se parla dell&#8217;Italia ha sbagliato. Infatti, qui non c&#8217;\u00e8 contrapposizione reale, concreta, a parit\u00e0 di condizioni tra credenti e non credenti, ci sono solo i primi che &#8211; attraverso i loro rappresentanti nelle istituzioni &#8211; opprimono i secondi, negando loro diritti civili e libert\u00e0 individuali attraverso il potere legislativo ed esecutivo. Fa specie che la figura istituzionale del garante della Costituzione non si renda conto di come questa venga calpestata ogni giorno. Che ne \u00e8 stato, signor presidente, dell&#8217;articolo 3, quello che recita: \u00abTutti i cittadini hanno pari dignit\u00e0 sociale e sono eguali davanti alla legge, senza distinzione di sesso, di razza, di lingua, di religione, di opinioni politiche, di condizioni personali e sociali. \u00c8 compito della Repubblica rimuovere gli ostacoli di ordine economico e sociale, che, limitando di fatto la libert\u00e0 e l&#8217;eguaglianza dei cittadini, impediscono il pieno sviluppo della persona umana e l&#8217;effettiva partecipazione di tutti i lavoratori all&#8217;organizzazione politica, economica e sociale del Paese\u00bb?<\/p>\n<p>Intende fare qualcosa, il presidente della Repubblica, per mettere un freno alla deriva politico-ecclesiale che sta tentando con tutte le sue forze di trasformare una democrazia laica in uno stato etico?<\/p>\n<p><strong>Alessandro Baoli &#8211; <a href=\"http:\/\/cronachelaiche.globalist.it\/Detail_News_Display?ID=36822&amp;typeb=0&amp;Napolitano-e-Ravasi-vaneggiamenti-ad-Assisi-\">Cronache Laiche<\/a><\/strong><\/p>\n","protected":false},"excerpt":{"rendered":"<p>Preceduto da un falso allarme bomba, venerd\u00ec il presidente della Repubblica Giorgio Napolitano ha fatto visita ad Assisi, dove si \u00e8 inaugurato (e sabato si \u00e8 concluso) l&#8217;appuntamento umbro col\u00a0Cortile dei gentili. Un&#8217;edizione, secondo il cardinal Gianfranco Ravasi che la presiede, destinata a restare nella storia \u00abper la molteplicit\u00e0 degli interventi\u00bb e \u00abper la partecipazione [&hellip;]<\/p>\n","protected":false},"author":7,"featured_media":0,"comment_status":"closed","ping_status":"closed","sticky":false,"template":"","format":"standard","meta":{"footnotes":""},"categories":[238,230],"tags":[932,1121,529,1122],"class_list":["post-10882","post","type-post","status-publish","format-standard","hentry","category-articoli","category-attualita","tag-alessandro-baoli","tag-il-cortile-dei-gentili","tag-napolitano","tag-ravasi"],"yoast_head":"<!-- This site is optimized with the Yoast SEO plugin v27.1.1 - https:\/\/yoast.com\/product\/yoast-seo-wordpress\/ -->\n<title>Napolitano e Ravasi: vaneggiamenti ad Assisi - Associazione Culturale Civilt\u00e0 Laica<\/title>\n<meta name=\"robots\" content=\"index, follow, max-snippet:-1, max-image-preview:large, max-video-preview:-1\" \/>\n<link rel=\"canonical\" href=\"https:\/\/www.civiltalaica.it\/cms\/napolitano-e-ravasi-vaneggiamenti-ad-assisi\/\" \/>\n<meta property=\"og:locale\" content=\"it_IT\" \/>\n<meta property=\"og:type\" content=\"article\" \/>\n<meta property=\"og:title\" content=\"Napolitano e Ravasi: vaneggiamenti ad Assisi - Associazione Culturale Civilt\u00e0 Laica\" \/>\n<meta property=\"og:description\" content=\"Preceduto da un falso allarme bomba, venerd\u00ec il presidente della Repubblica Giorgio Napolitano ha fatto visita ad Assisi, dove si \u00e8 inaugurato (e sabato si \u00e8 concluso) l&#8217;appuntamento umbro col\u00a0Cortile dei gentili. Un&#8217;edizione, secondo il cardinal Gianfranco Ravasi che la presiede, destinata a restare nella storia \u00abper la molteplicit\u00e0 degli interventi\u00bb e \u00abper la partecipazione [&hellip;]\" \/>\n<meta property=\"og:url\" content=\"https:\/\/www.civiltalaica.it\/cms\/napolitano-e-ravasi-vaneggiamenti-ad-assisi\/\" \/>\n<meta property=\"og:site_name\" content=\"Associazione Culturale Civilt\u00e0 Laica\" \/>\n<meta property=\"article:publisher\" content=\"https:\/\/www.facebook.com\/civiltalaica\" \/>\n<meta property=\"article:published_time\" content=\"2012-10-08T20:50:35+00:00\" \/>\n<meta property=\"article:modified_time\" content=\"2012-10-08T20:53:03+00:00\" \/>\n<meta property=\"og:image\" content=\"http:\/\/www.civiltalaica.it\/cms\/wp-content\/uploads\/2012\/10\/duplex-300x199.jpg\" \/>\n<meta name=\"author\" content=\"alexjc\" \/>\n<meta name=\"twitter:card\" content=\"summary_large_image\" \/>\n<meta name=\"twitter:label1\" content=\"Scritto da\" \/>\n\t<meta name=\"twitter:data1\" content=\"alexjc\" \/>\n\t<meta name=\"twitter:label2\" content=\"Tempo di lettura stimato\" \/>\n\t<meta name=\"twitter:data2\" content=\"4 minuti\" \/>\n<script type=\"application\/ld+json\" class=\"yoast-schema-graph\">{\"@context\":\"https:\/\/schema.org\",\"@graph\":[{\"@type\":\"Article\",\"@id\":\"https:\/\/www.civiltalaica.it\/cms\/napolitano-e-ravasi-vaneggiamenti-ad-assisi\/#article\",\"isPartOf\":{\"@id\":\"https:\/\/www.civiltalaica.it\/cms\/napolitano-e-ravasi-vaneggiamenti-ad-assisi\/\"},\"author\":{\"name\":\"alexjc\",\"@id\":\"https:\/\/www.civiltalaica.it\/cms\/#\/schema\/person\/4efef56f866329a1e0943eb27336df1d\"},\"headline\":\"Napolitano e Ravasi: vaneggiamenti ad Assisi\",\"datePublished\":\"2012-10-08T20:50:35+00:00\",\"dateModified\":\"2012-10-08T20:53:03+00:00\",\"mainEntityOfPage\":{\"@id\":\"https:\/\/www.civiltalaica.it\/cms\/napolitano-e-ravasi-vaneggiamenti-ad-assisi\/\"},\"wordCount\":747,\"image\":{\"@id\":\"https:\/\/www.civiltalaica.it\/cms\/napolitano-e-ravasi-vaneggiamenti-ad-assisi\/#primaryimage\"},\"thumbnailUrl\":\"http:\/\/www.civiltalaica.it\/cms\/wp-content\/uploads\/2012\/10\/duplex-300x199.jpg\",\"keywords\":[\"alessandro baoli\",\"il cortile dei gentili\",\"napolitano\",\"ravasi\"],\"articleSection\":[\"articoli\",\"attualit\u00e0\"],\"inLanguage\":\"it-IT\"},{\"@type\":\"WebPage\",\"@id\":\"https:\/\/www.civiltalaica.it\/cms\/napolitano-e-ravasi-vaneggiamenti-ad-assisi\/\",\"url\":\"https:\/\/www.civiltalaica.it\/cms\/napolitano-e-ravasi-vaneggiamenti-ad-assisi\/\",\"name\":\"Napolitano e Ravasi: vaneggiamenti ad Assisi - Associazione Culturale Civilt\u00e0 Laica\",\"isPartOf\":{\"@id\":\"https:\/\/www.civiltalaica.it\/cms\/#website\"},\"primaryImageOfPage\":{\"@id\":\"https:\/\/www.civiltalaica.it\/cms\/napolitano-e-ravasi-vaneggiamenti-ad-assisi\/#primaryimage\"},\"image\":{\"@id\":\"https:\/\/www.civiltalaica.it\/cms\/napolitano-e-ravasi-vaneggiamenti-ad-assisi\/#primaryimage\"},\"thumbnailUrl\":\"http:\/\/www.civiltalaica.it\/cms\/wp-content\/uploads\/2012\/10\/duplex-300x199.jpg\",\"datePublished\":\"2012-10-08T20:50:35+00:00\",\"dateModified\":\"2012-10-08T20:53:03+00:00\",\"author\":{\"@id\":\"https:\/\/www.civiltalaica.it\/cms\/#\/schema\/person\/4efef56f866329a1e0943eb27336df1d\"},\"breadcrumb\":{\"@id\":\"https:\/\/www.civiltalaica.it\/cms\/napolitano-e-ravasi-vaneggiamenti-ad-assisi\/#breadcrumb\"},\"inLanguage\":\"it-IT\",\"potentialAction\":[{\"@type\":\"ReadAction\",\"target\":[\"https:\/\/www.civiltalaica.it\/cms\/napolitano-e-ravasi-vaneggiamenti-ad-assisi\/\"]}]},{\"@type\":\"ImageObject\",\"inLanguage\":\"it-IT\",\"@id\":\"https:\/\/www.civiltalaica.it\/cms\/napolitano-e-ravasi-vaneggiamenti-ad-assisi\/#primaryimage\",\"url\":\"http:\/\/www.civiltalaica.it\/cms\/wp-content\/uploads\/2012\/10\/duplex-300x199.jpg\",\"contentUrl\":\"http:\/\/www.civiltalaica.it\/cms\/wp-content\/uploads\/2012\/10\/duplex-300x199.jpg\"},{\"@type\":\"BreadcrumbList\",\"@id\":\"https:\/\/www.civiltalaica.it\/cms\/napolitano-e-ravasi-vaneggiamenti-ad-assisi\/#breadcrumb\",\"itemListElement\":[{\"@type\":\"ListItem\",\"position\":1,\"name\":\"Home\",\"item\":\"https:\/\/www.civiltalaica.it\/cms\/\"},{\"@type\":\"ListItem\",\"position\":2,\"name\":\"Napolitano e Ravasi: vaneggiamenti ad Assisi\"}]},{\"@type\":\"WebSite\",\"@id\":\"https:\/\/www.civiltalaica.it\/cms\/#website\",\"url\":\"https:\/\/www.civiltalaica.it\/cms\/\",\"name\":\"Associazione Culturale Civilt\u00e0 Laica\",\"description\":\"Per un movimento culturale volto a difendere la Laicit\u00e0 dello Stato.\",\"potentialAction\":[{\"@type\":\"SearchAction\",\"target\":{\"@type\":\"EntryPoint\",\"urlTemplate\":\"https:\/\/www.civiltalaica.it\/cms\/?s={search_term_string}\"},\"query-input\":{\"@type\":\"PropertyValueSpecification\",\"valueRequired\":true,\"valueName\":\"search_term_string\"}}],\"inLanguage\":\"it-IT\"},{\"@type\":\"Person\",\"@id\":\"https:\/\/www.civiltalaica.it\/cms\/#\/schema\/person\/4efef56f866329a1e0943eb27336df1d\",\"name\":\"alexjc\",\"url\":\"https:\/\/www.civiltalaica.it\/cms\/author\/alexjc\/\"}]}<\/script>\n<!-- \/ Yoast SEO plugin. -->","yoast_head_json":{"title":"Napolitano e Ravasi: vaneggiamenti ad Assisi - Associazione Culturale Civilt\u00e0 Laica","robots":{"index":"index","follow":"follow","max-snippet":"max-snippet:-1","max-image-preview":"max-image-preview:large","max-video-preview":"max-video-preview:-1"},"canonical":"https:\/\/www.civiltalaica.it\/cms\/napolitano-e-ravasi-vaneggiamenti-ad-assisi\/","og_locale":"it_IT","og_type":"article","og_title":"Napolitano e Ravasi: vaneggiamenti ad Assisi - Associazione Culturale Civilt\u00e0 Laica","og_description":"Preceduto da un falso allarme bomba, venerd\u00ec il presidente della Repubblica Giorgio Napolitano ha fatto visita ad Assisi, dove si \u00e8 inaugurato (e sabato si \u00e8 concluso) l&#8217;appuntamento umbro col\u00a0Cortile dei gentili. Un&#8217;edizione, secondo il cardinal Gianfranco Ravasi che la presiede, destinata a restare nella storia \u00abper la molteplicit\u00e0 degli interventi\u00bb e \u00abper la partecipazione [&hellip;]","og_url":"https:\/\/www.civiltalaica.it\/cms\/napolitano-e-ravasi-vaneggiamenti-ad-assisi\/","og_site_name":"Associazione Culturale Civilt\u00e0 Laica","article_publisher":"https:\/\/www.facebook.com\/civiltalaica","article_published_time":"2012-10-08T20:50:35+00:00","article_modified_time":"2012-10-08T20:53:03+00:00","og_image":[{"url":"http:\/\/www.civiltalaica.it\/cms\/wp-content\/uploads\/2012\/10\/duplex-300x199.jpg","type":"","width":"","height":""}],"author":"alexjc","twitter_card":"summary_large_image","twitter_misc":{"Scritto da":"alexjc","Tempo di lettura stimato":"4 minuti"},"schema":{"@context":"https:\/\/schema.org","@graph":[{"@type":"Article","@id":"https:\/\/www.civiltalaica.it\/cms\/napolitano-e-ravasi-vaneggiamenti-ad-assisi\/#article","isPartOf":{"@id":"https:\/\/www.civiltalaica.it\/cms\/napolitano-e-ravasi-vaneggiamenti-ad-assisi\/"},"author":{"name":"alexjc","@id":"https:\/\/www.civiltalaica.it\/cms\/#\/schema\/person\/4efef56f866329a1e0943eb27336df1d"},"headline":"Napolitano e Ravasi: vaneggiamenti ad Assisi","datePublished":"2012-10-08T20:50:35+00:00","dateModified":"2012-10-08T20:53:03+00:00","mainEntityOfPage":{"@id":"https:\/\/www.civiltalaica.it\/cms\/napolitano-e-ravasi-vaneggiamenti-ad-assisi\/"},"wordCount":747,"image":{"@id":"https:\/\/www.civiltalaica.it\/cms\/napolitano-e-ravasi-vaneggiamenti-ad-assisi\/#primaryimage"},"thumbnailUrl":"http:\/\/www.civiltalaica.it\/cms\/wp-content\/uploads\/2012\/10\/duplex-300x199.jpg","keywords":["alessandro baoli","il cortile dei gentili","napolitano","ravasi"],"articleSection":["articoli","attualit\u00e0"],"inLanguage":"it-IT"},{"@type":"WebPage","@id":"https:\/\/www.civiltalaica.it\/cms\/napolitano-e-ravasi-vaneggiamenti-ad-assisi\/","url":"https:\/\/www.civiltalaica.it\/cms\/napolitano-e-ravasi-vaneggiamenti-ad-assisi\/","name":"Napolitano e Ravasi: vaneggiamenti ad Assisi - Associazione Culturale Civilt\u00e0 Laica","isPartOf":{"@id":"https:\/\/www.civiltalaica.it\/cms\/#website"},"primaryImageOfPage":{"@id":"https:\/\/www.civiltalaica.it\/cms\/napolitano-e-ravasi-vaneggiamenti-ad-assisi\/#primaryimage"},"image":{"@id":"https:\/\/www.civiltalaica.it\/cms\/napolitano-e-ravasi-vaneggiamenti-ad-assisi\/#primaryimage"},"thumbnailUrl":"http:\/\/www.civiltalaica.it\/cms\/wp-content\/uploads\/2012\/10\/duplex-300x199.jpg","datePublished":"2012-10-08T20:50:35+00:00","dateModified":"2012-10-08T20:53:03+00:00","author":{"@id":"https:\/\/www.civiltalaica.it\/cms\/#\/schema\/person\/4efef56f866329a1e0943eb27336df1d"},"breadcrumb":{"@id":"https:\/\/www.civiltalaica.it\/cms\/napolitano-e-ravasi-vaneggiamenti-ad-assisi\/#breadcrumb"},"inLanguage":"it-IT","potentialAction":[{"@type":"ReadAction","target":["https:\/\/www.civiltalaica.it\/cms\/napolitano-e-ravasi-vaneggiamenti-ad-assisi\/"]}]},{"@type":"ImageObject","inLanguage":"it-IT","@id":"https:\/\/www.civiltalaica.it\/cms\/napolitano-e-ravasi-vaneggiamenti-ad-assisi\/#primaryimage","url":"http:\/\/www.civiltalaica.it\/cms\/wp-content\/uploads\/2012\/10\/duplex-300x199.jpg","contentUrl":"http:\/\/www.civiltalaica.it\/cms\/wp-content\/uploads\/2012\/10\/duplex-300x199.jpg"},{"@type":"BreadcrumbList","@id":"https:\/\/www.civiltalaica.it\/cms\/napolitano-e-ravasi-vaneggiamenti-ad-assisi\/#breadcrumb","itemListElement":[{"@type":"ListItem","position":1,"name":"Home","item":"https:\/\/www.civiltalaica.it\/cms\/"},{"@type":"ListItem","position":2,"name":"Napolitano e Ravasi: vaneggiamenti ad Assisi"}]},{"@type":"WebSite","@id":"https:\/\/www.civiltalaica.it\/cms\/#website","url":"https:\/\/www.civiltalaica.it\/cms\/","name":"Associazione Culturale Civilt\u00e0 Laica","description":"Per un movimento culturale volto a difendere la Laicit\u00e0 dello Stato.","potentialAction":[{"@type":"SearchAction","target":{"@type":"EntryPoint","urlTemplate":"https:\/\/www.civiltalaica.it\/cms\/?s={search_term_string}"},"query-input":{"@type":"PropertyValueSpecification","valueRequired":true,"valueName":"search_term_string"}}],"inLanguage":"it-IT"},{"@type":"Person","@id":"https:\/\/www.civiltalaica.it\/cms\/#\/schema\/person\/4efef56f866329a1e0943eb27336df1d","name":"alexjc","url":"https:\/\/www.civiltalaica.it\/cms\/author\/alexjc\/"}]}},"_links":{"self":[{"href":"https:\/\/www.civiltalaica.it\/cms\/wp-json\/wp\/v2\/posts\/10882","targetHints":{"allow":["GET"]}}],"collection":[{"href":"https:\/\/www.civiltalaica.it\/cms\/wp-json\/wp\/v2\/posts"}],"about":[{"href":"https:\/\/www.civiltalaica.it\/cms\/wp-json\/wp\/v2\/types\/post"}],"author":[{"embeddable":true,"href":"https:\/\/www.civiltalaica.it\/cms\/wp-json\/wp\/v2\/users\/7"}],"replies":[{"embeddable":true,"href":"https:\/\/www.civiltalaica.it\/cms\/wp-json\/wp\/v2\/comments?post=10882"}],"version-history":[{"count":0,"href":"https:\/\/www.civiltalaica.it\/cms\/wp-json\/wp\/v2\/posts\/10882\/revisions"}],"wp:attachment":[{"href":"https:\/\/www.civiltalaica.it\/cms\/wp-json\/wp\/v2\/media?parent=10882"}],"wp:term":[{"taxonomy":"category","embeddable":true,"href":"https:\/\/www.civiltalaica.it\/cms\/wp-json\/wp\/v2\/categories?post=10882"},{"taxonomy":"post_tag","embeddable":true,"href":"https:\/\/www.civiltalaica.it\/cms\/wp-json\/wp\/v2\/tags?post=10882"}],"curies":[{"name":"wp","href":"https:\/\/api.w.org\/{rel}","templated":true}]}}